{"id":1301,"date":"2020-11-07T13:44:44","date_gmt":"2020-11-07T16:44:44","guid":{"rendered":"https:\/\/www.blogsoestado.com\/ruypalhano\/?p=1301"},"modified":"2020-11-07T13:44:44","modified_gmt":"2020-11-07T16:44:44","slug":"o-transtorno-afetivo-bipolar-em-epoca-da-pandemia","status":"publish","type":"post","link":"https:\/\/www.blogsoestado.com\/ruypalhano\/2020\/11\/07\/o-transtorno-afetivo-bipolar-em-epoca-da-pandemia\/","title":{"rendered":"O Transtorno Afetivo Bipolar em \u00e9poca da pandemia"},"content":{"rendered":"\n<p><\/p>\n\n\n\n<p><strong>&nbsp;&nbsp;&nbsp;&nbsp;&nbsp;&nbsp;&nbsp;&nbsp;&nbsp;&nbsp;&nbsp; <\/strong>Dia 30 de abril deste ano, comemorou-se o <strong><em>Dia Mundial do Transtorno Bipolar<\/em><\/strong> (World Bipolar Day-WBD). A data, \u00e9 uma iniciativa de tr\u00eas grandes institui\u00e7\u00f5es internacionais que tratam desse assunto: a <strong><em>Asian Network of Bipolar Disorder (ANBD), a Funda\u00e7\u00e3o Internacional Bipolar (IBPF) e a Internacional Society for Bipolar Disorders (ISBD)<\/em><\/strong>. Comemora-se essa data desde 2014. E a ideia \u00e9 informar, esclarecer auxiliar as pessoas e profissionais sobre quest\u00f5es da biporidade.<\/p>\n\n\n\n<p>30 de abril \u00e9 uma homenagem \u00e0 <strong><em>Vincente Van Gogh<\/em><\/strong>, pois ao que se sabe, era portador do <strong><em>Transtorno Afetivo Bipolar<\/em><\/strong> (TAB). Semelhantemente, a outros transtornos mentais, esse transtorno, \u00e9 tamb\u00e9m descriminalizado e estigmatizados, fatos difucltam o manejo e o tratamento adequado dessa doen\u00e7a, bem como a reinser\u00e7\u00e3o social desses enfermos.<\/p>\n\n\n\n<p>Sua preval\u00eancia, segundo a Organiza\u00e7\u00e3o Mundial da Sa\u00fade \u2013 OMS, varia entre 1 e 2% % na popula\u00e7\u00e3o em geral, podendo atingir at\u00e9 5%, incluindo, crian\u00e7as e adolescentes. Est\u00e1 situado entre as 10 principais doen\u00e7as incapacitantes no mundo. Clinicamente, caracteriza-se por <strong><em>epis\u00f3dios depressivos<\/em><\/strong>, alternando-se com <strong><em>outros epis\u00f3dios de euforia<\/em><\/strong>, denominados de <strong><em>mania<\/em><\/strong>. Ambos os epis\u00f3dios ocorrem em diferentes momentos da vida desses enfermos com graus variados de gravidade cl\u00ednica. Diferentemente, dos altos e baixos que podem ocorrer, normalmente, no humor de algu\u00e9m, no seu dia a dia, as varia\u00e7\u00f5es psicopatol\u00f3gicas do humor, no <strong><em>Transtorno Afetivo Bipolar,<\/em><\/strong> s\u00e3o longas no tempo, s\u00e3o graves e podem evoluir de forma desfavor\u00e1vel.<\/p>\n\n\n\n<p>Essas fases ou epis\u00f3dios, ocasionam danos profundos na vida dessas pessoas em v\u00e1rios sentidos: cognitivo, afetivo-emocional, social, laboral, no pragmatismo e na fun\u00e7\u00e3o executiva, al\u00e9m de muitas outras \u00e1reas comportamentais.<\/p>\n\n\n\n<p>V\u00e1rios fatores colaboram para ocasionar o TAB, por isso mesmo, \u00e9 considerado um <strong><em>transtorno multifatorial<\/em><\/strong>. Um desses fatores mais relevantes \u00e9 a gen\u00e9tica, sabe-se que 50% dos portadores de TAB apresentam, pelo menos, um familiar afetado pela doen\u00e7a. Al\u00e9m do mais, filhos desses pacientes apresentam risco aumentado para desenvolverem a doen\u00e7a, quando comparados com a popula\u00e7\u00e3o geral.<\/p>\n\n\n\n<p>O TAB est\u00e1 muito relacionado a incapacita\u00e7\u00e3o laboral a mortalidade entre jovens e \u00e9 elevada as taxas de suic\u00eddio. Estima-se que at\u00e9 50% dos portadores tentam suic\u00eddio, ao menos uma vez na vida e 15% efetivamente o cometem.<\/p>\n\n\n\n<p>H\u00e1 muitos estudos que demonstram que h\u00e1 uma estreita rela\u00e7\u00e3o entre TB e outras enfermidades m\u00e9dicas como obesidade, diabetes, problemas cardiovasculares e doen\u00e7as autoimunes, sendo essas as mais frequentes. A associa\u00e7\u00e3o de TAB, com abuso de drogas e depend\u00eancia de \u00e1lcool, \u00e9 elevada, atinge 41% de dependentes de \u00e1lcool e 12% de dependentes de alguma outra droga il\u00edcita. Al\u00e9m do mais, agrava o curso cl\u00ednico da doen\u00e7a, o tratamento e o progn\u00f3stico, al\u00e9m de piorar a ades\u00e3o ao tratamento.<\/p>\n\n\n\n<p>O in\u00edcio dos sintomas pode ocorrer na inf\u00e2ncia e na adolesc\u00eancia, em fun\u00e7\u00e3o das carater\u00edsticas dessas idades, o quadro cl\u00ednico, o diagn\u00f3stico e o tratamento tornam-se mais dif\u00edceis e o comportamento suicida pode ocorrer em 25% dos adolescentes portadores de TAB.<\/p>\n\n\n\n<p>Essencialmente, a altern\u00e2ncia psicopatol\u00f3gica do humor, entre os <strong><em>epis\u00f3dios, depressivos e man\u00edacos<\/em><\/strong>, \u00e9 o que h\u00e1 de mais relevante no diagn\u00f3stico. Em muitos casos, o mesmo s\u00f3 ser\u00e1 feito depois de anos de evolu\u00e7\u00e3o e tratamento. Por exemplo, uma pessoa que tenha tido um epis\u00f3dio depressivo e receba o diagn\u00f3stico de depress\u00e3o unipolar e anos depois, apresente um epis\u00f3dio man\u00edaco ou hipoman\u00edaco, tem na verdade <strong><em>Transtorno Afetivo Bipolar<\/em><\/strong>, pois at\u00e9 que o outro epis\u00f3dio surgisse, n\u00e3o seria poss\u00edvel se saber o diagn\u00f3stico definitivo.<\/p>\n\n\n\n<p>Na fase de <strong><em>euforia (man\u00edaca)<\/em><\/strong>, predominam: energia excessiva, hiperatividade, inquieta\u00e7\u00e3o, humor elevado, euforia, irritabilidade, pensamento e fala, acelerados, aten\u00e7\u00e3o flutuante (distraibilidade), ins\u00f4nia, autoconfian\u00e7a exagerada, baixa autocr\u00edtica; gastos excessivos, aumento do impulso sexual, abuso de \u00e1lcool e outras drogas, agressividade e comportamento violento, irritabilidade exagerada, instabilidade emocional e desestabilidade ps\u00edquica e social.<\/p>\n\n\n\n<p>Na <strong><em>fase depressiva<\/em><\/strong>, predominam: tristeza persistente, desinteresse, apatia, retraimento social, ansiedade, desesperan\u00e7a, pessimismo, sentimento de culpa, remorso, arrependimento e de menos valia, sensa\u00e7\u00e3o de impot\u00eancia ou incapacidade sexual, perda do interesse ou prazer em atividades l\u00fadicas, diminui\u00e7\u00e3o da energia, queixas frequentes de fadiga, dificuldade na concentra\u00e7\u00e3o e na mem\u00f3ria, fala lenta, dificuldades em tomar decis\u00f5es, inquieta\u00e7\u00e3o, irritabilidade, dorme demais (hipersonia), ou n\u00e3o consegue dormir (ins\u00f4nia), falta de apetite com perda ou ganho excessivos, apatia, pensamentos suicidas e sensa\u00e7\u00e3o de desvalia.<\/p>\n\n\n\n<p>No bojo da pandemia, fala-se, atualmente, em 4\u00b0 onda de eventos, relacionados a pandemia e essa <strong><em>\u201cnova onda\u201d<\/em><\/strong> refere-se ao incremento de casos de doen\u00e7as mentais na popula\u00e7\u00e3o em geral. Tais informes j\u00e1 v\u00eam sendo largamente anunciados pela Organiza\u00e7\u00e3o Mundial da Sa\u00fade \u2013 OMS em seus informes e notas t\u00e9cnicas. Em raz\u00e3o disso, estamos chamando a aten\u00e7\u00e3o dos pr\u00f3prios enfermos, dos familiares e os \u00f3rg\u00e3os encarregados da sa\u00fade p\u00fablica para se precaverem e adotarem medidas profil\u00e1ticas antes que isso possa afetar, mais ainda, a popula\u00e7\u00e3o do mundo e do nosso pa\u00eds em particular.<\/p>\n\n\n\n<p>&nbsp; Portanto, permane\u00e7am, em seus tratamentos, fa\u00e7am uso regular dos seus medicamentos e mantenham-se fies \u00e0s suas prescri\u00e7\u00f5es. O pior momento para se ter uma crise psiqui\u00e1trica \u00e9 esse de agora, pelas restri\u00e7\u00f5es de servi\u00e7os psiqui\u00e1tricos, as dificuldades de acesso aos mesmos e na obten\u00e7\u00e3o dos medicamentos dessa \u00e1rea. portanto se cuidem. Caso seja necess\u00e1rio utilizar antivirais e outros f\u00e1rmacos para a <strong><em>Covid -19<\/em><\/strong>, fale com seu m\u00e9dico para orienta\u00e7\u00f5es.<\/p>\n","protected":false},"excerpt":{"rendered":"<p>&nbsp;&nbsp;&nbsp;&nbsp;&nbsp;&nbsp;&nbsp;&nbsp;&nbsp;&nbsp;&nbsp; Dia 30 de abril deste ano, comemorou-se o Dia Mundial do Transtorno Bipolar (World Bipolar Day-WBD). A data, \u00e9 [&hellip;]<\/p>\n","protected":false},"author":3,"featured_media":0,"comment_status":"open","ping_status":"open","sticky":false,"template":"","format":"standard","meta":{"site-sidebar-layout":"default","site-content-layout":"","ast-site-content-layout":"default","site-content-style":"default","site-sidebar-style":"default","ast-global-header-display":"","ast-banner-title-visibility":"","ast-main-header-display":"","ast-hfb-above-header-display":"","ast-hfb-below-header-display":"","ast-hfb-mobile-header-display":"","site-post-title":"","ast-breadcrumbs-content":"","ast-featured-img":"","footer-sml-layout":"","ast-disable-related-posts":"","theme-transparent-header-meta":"","adv-header-id-meta":"","stick-header-meta":"","header-above-stick-meta":"","header-main-stick-meta":"","header-below-stick-meta":"","astra-migrate-meta-layouts":"default","ast-page-background-enabled":"default","ast-page-background-meta":{"desktop":{"background-color":"var(--ast-global-color-5)","background-image":"","background-repeat":"repeat","background-position":"center center","background-size":"auto","background-attachment":"scroll","background-type":"","background-media":"","overlay-type":"","overlay-color":"","overlay-opacity":"","overlay-gradient":""},"tablet":{"background-color":"","background-image":"","background-repeat":"repeat","background-position":"center center","background-size":"auto","background-attachment":"scroll","background-type":"","background-media":"","overlay-type":"","overlay-color":"","overlay-opacity":"","overlay-gradient":""},"mobile":{"background-color":"","background-image":"","background-repeat":"repeat","background-position":"center center","background-size":"auto","background-attachment":"scroll","background-type":"","background-media":"","overlay-type":"","overlay-color":"","overlay-opacity":"","overlay-gradient":""}},"ast-content-background-meta":{"desktop":{"background-color":"var(--ast-global-color-4)","background-image":"","background-repeat":"repeat","background-position":"center center","background-size":"auto","background-attachment":"scroll","background-type":"","background-media":"","overlay-type":"","overlay-color":"","overlay-opacity":"","overlay-gradient":""},"tablet":{"background-color":"var(--ast-global-color-4)","background-image":"","background-repeat":"repeat","background-position":"center center","background-size":"auto","background-attachment":"scroll","background-type":"","background-media":"","overlay-type":"","overlay-color":"","overlay-opacity":"","overlay-gradient":""},"mobile":{"background-color":"var(--ast-global-color-4)","background-image":"","background-repeat":"repeat","background-position":"center center","background-size":"auto","background-attachment":"scroll","background-type":"","background-media":"","overlay-type":"","overlay-color":"","overlay-opacity":"","overlay-gradient":""}},"footnotes":""},"categories":[3,5,7,1],"tags":[],"class_list":["post-1301","post","type-post","status-publish","format-standard","hentry","category-comportamento","category-doenca-mental","category-saude-mental","category-sem-categoria"],"yoast_head":"<!-- This site is optimized with the Yoast SEO plugin v26.6 - https:\/\/yoast.com\/wordpress\/plugins\/seo\/ -->\n<title>O Transtorno Afetivo Bipolar em \u00e9poca da pandemia - Ruy Palhano<\/title>\n<meta name=\"robots\" content=\"index, follow, max-snippet:-1, max-image-preview:large, max-video-preview:-1\" \/>\n<link rel=\"canonical\" href=\"https:\/\/www.blogsoestado.com\/ruypalhano\/2020\/11\/07\/o-transtorno-afetivo-bipolar-em-epoca-da-pandemia\/\" \/>\n<meta property=\"og:locale\" content=\"pt_BR\" \/>\n<meta property=\"og:type\" content=\"article\" \/>\n<meta property=\"og:title\" content=\"O Transtorno Afetivo Bipolar em \u00e9poca da pandemia - Ruy Palhano\" \/>\n<meta property=\"og:description\" content=\"&nbsp;&nbsp;&nbsp;&nbsp;&nbsp;&nbsp;&nbsp;&nbsp;&nbsp;&nbsp;&nbsp; Dia 30 de abril deste ano, comemorou-se o Dia Mundial do Transtorno Bipolar (World Bipolar Day-WBD). A data, \u00e9 [&hellip;]\" \/>\n<meta property=\"og:url\" content=\"https:\/\/www.blogsoestado.com\/ruypalhano\/2020\/11\/07\/o-transtorno-afetivo-bipolar-em-epoca-da-pandemia\/\" \/>\n<meta property=\"og:site_name\" content=\"Ruy Palhano\" \/>\n<meta property=\"article:published_time\" content=\"2020-11-07T16:44:44+00:00\" \/>\n<meta name=\"author\" content=\"Ruy Palhano\" \/>\n<meta name=\"twitter:card\" content=\"summary_large_image\" \/>\n<meta name=\"twitter:label1\" content=\"Escrito por\" \/>\n\t<meta name=\"twitter:data1\" content=\"Ruy Palhano\" \/>\n\t<meta name=\"twitter:label2\" content=\"Est. tempo de leitura\" \/>\n\t<meta name=\"twitter:data2\" content=\"5 minutos\" \/>\n<script type=\"application\/ld+json\" class=\"yoast-schema-graph\">{\"@context\":\"https:\/\/schema.org\",\"@graph\":[{\"@type\":\"WebPage\",\"@id\":\"https:\/\/www.blogsoestado.com\/ruypalhano\/2020\/11\/07\/o-transtorno-afetivo-bipolar-em-epoca-da-pandemia\/\",\"url\":\"https:\/\/www.blogsoestado.com\/ruypalhano\/2020\/11\/07\/o-transtorno-afetivo-bipolar-em-epoca-da-pandemia\/\",\"name\":\"O Transtorno Afetivo Bipolar em \u00e9poca da pandemia - Ruy Palhano\",\"isPartOf\":{\"@id\":\"https:\/\/www.blogsoestado.com\/ruypalhano\/#website\"},\"datePublished\":\"2020-11-07T16:44:44+00:00\",\"author\":{\"@id\":\"https:\/\/www.blogsoestado.com\/ruypalhano\/#\/schema\/person\/ef49e08ec3e742dec1682f34674f2c84\"},\"breadcrumb\":{\"@id\":\"https:\/\/www.blogsoestado.com\/ruypalhano\/2020\/11\/07\/o-transtorno-afetivo-bipolar-em-epoca-da-pandemia\/#breadcrumb\"},\"inLanguage\":\"pt-BR\",\"potentialAction\":[{\"@type\":\"ReadAction\",\"target\":[\"https:\/\/www.blogsoestado.com\/ruypalhano\/2020\/11\/07\/o-transtorno-afetivo-bipolar-em-epoca-da-pandemia\/\"]}]},{\"@type\":\"BreadcrumbList\",\"@id\":\"https:\/\/www.blogsoestado.com\/ruypalhano\/2020\/11\/07\/o-transtorno-afetivo-bipolar-em-epoca-da-pandemia\/#breadcrumb\",\"itemListElement\":[{\"@type\":\"ListItem\",\"position\":1,\"name\":\"In\u00edcio\",\"item\":\"https:\/\/www.blogsoestado.com\/ruypalhano\/\"},{\"@type\":\"ListItem\",\"position\":2,\"name\":\"O Transtorno Afetivo Bipolar em \u00e9poca da pandemia\"}]},{\"@type\":\"WebSite\",\"@id\":\"https:\/\/www.blogsoestado.com\/ruypalhano\/#website\",\"url\":\"https:\/\/www.blogsoestado.com\/ruypalhano\/\",\"name\":\"Ruy Palhano\",\"description\":\"\",\"potentialAction\":[{\"@type\":\"SearchAction\",\"target\":{\"@type\":\"EntryPoint\",\"urlTemplate\":\"https:\/\/www.blogsoestado.com\/ruypalhano\/?s={search_term_string}\"},\"query-input\":{\"@type\":\"PropertyValueSpecification\",\"valueRequired\":true,\"valueName\":\"search_term_string\"}}],\"inLanguage\":\"pt-BR\"},{\"@type\":\"Person\",\"@id\":\"https:\/\/www.blogsoestado.com\/ruypalhano\/#\/schema\/person\/ef49e08ec3e742dec1682f34674f2c84\",\"name\":\"Ruy Palhano\",\"image\":{\"@type\":\"ImageObject\",\"inLanguage\":\"pt-BR\",\"@id\":\"https:\/\/www.blogsoestado.com\/ruypalhano\/#\/schema\/person\/image\/\",\"url\":\"https:\/\/secure.gravatar.com\/avatar\/d08170dc68d65048f069f40789786091e8b070aa02b0d2e514ddd0244c684a5a?s=96&d=mm&r=g\",\"contentUrl\":\"https:\/\/secure.gravatar.com\/avatar\/d08170dc68d65048f069f40789786091e8b070aa02b0d2e514ddd0244c684a5a?s=96&d=mm&r=g\",\"caption\":\"Ruy Palhano\"},\"url\":\"https:\/\/www.blogsoestado.com\/ruypalhano\/author\/ruypalhano\/\"}]}<\/script>\n<!-- \/ Yoast SEO plugin. -->","yoast_head_json":{"title":"O Transtorno Afetivo Bipolar em \u00e9poca da pandemia - Ruy Palhano","robots":{"index":"index","follow":"follow","max-snippet":"max-snippet:-1","max-image-preview":"max-image-preview:large","max-video-preview":"max-video-preview:-1"},"canonical":"https:\/\/www.blogsoestado.com\/ruypalhano\/2020\/11\/07\/o-transtorno-afetivo-bipolar-em-epoca-da-pandemia\/","og_locale":"pt_BR","og_type":"article","og_title":"O Transtorno Afetivo Bipolar em \u00e9poca da pandemia - Ruy Palhano","og_description":"&nbsp;&nbsp;&nbsp;&nbsp;&nbsp;&nbsp;&nbsp;&nbsp;&nbsp;&nbsp;&nbsp; Dia 30 de abril deste ano, comemorou-se o Dia Mundial do Transtorno Bipolar (World Bipolar Day-WBD). A data, \u00e9 [&hellip;]","og_url":"https:\/\/www.blogsoestado.com\/ruypalhano\/2020\/11\/07\/o-transtorno-afetivo-bipolar-em-epoca-da-pandemia\/","og_site_name":"Ruy Palhano","article_published_time":"2020-11-07T16:44:44+00:00","author":"Ruy Palhano","twitter_card":"summary_large_image","twitter_misc":{"Escrito por":"Ruy Palhano","Est. tempo de leitura":"5 minutos"},"schema":{"@context":"https:\/\/schema.org","@graph":[{"@type":"WebPage","@id":"https:\/\/www.blogsoestado.com\/ruypalhano\/2020\/11\/07\/o-transtorno-afetivo-bipolar-em-epoca-da-pandemia\/","url":"https:\/\/www.blogsoestado.com\/ruypalhano\/2020\/11\/07\/o-transtorno-afetivo-bipolar-em-epoca-da-pandemia\/","name":"O Transtorno Afetivo Bipolar em \u00e9poca da pandemia - Ruy Palhano","isPartOf":{"@id":"https:\/\/www.blogsoestado.com\/ruypalhano\/#website"},"datePublished":"2020-11-07T16:44:44+00:00","author":{"@id":"https:\/\/www.blogsoestado.com\/ruypalhano\/#\/schema\/person\/ef49e08ec3e742dec1682f34674f2c84"},"breadcrumb":{"@id":"https:\/\/www.blogsoestado.com\/ruypalhano\/2020\/11\/07\/o-transtorno-afetivo-bipolar-em-epoca-da-pandemia\/#breadcrumb"},"inLanguage":"pt-BR","potentialAction":[{"@type":"ReadAction","target":["https:\/\/www.blogsoestado.com\/ruypalhano\/2020\/11\/07\/o-transtorno-afetivo-bipolar-em-epoca-da-pandemia\/"]}]},{"@type":"BreadcrumbList","@id":"https:\/\/www.blogsoestado.com\/ruypalhano\/2020\/11\/07\/o-transtorno-afetivo-bipolar-em-epoca-da-pandemia\/#breadcrumb","itemListElement":[{"@type":"ListItem","position":1,"name":"In\u00edcio","item":"https:\/\/www.blogsoestado.com\/ruypalhano\/"},{"@type":"ListItem","position":2,"name":"O Transtorno Afetivo Bipolar em \u00e9poca da pandemia"}]},{"@type":"WebSite","@id":"https:\/\/www.blogsoestado.com\/ruypalhano\/#website","url":"https:\/\/www.blogsoestado.com\/ruypalhano\/","name":"Ruy Palhano","description":"","potentialAction":[{"@type":"SearchAction","target":{"@type":"EntryPoint","urlTemplate":"https:\/\/www.blogsoestado.com\/ruypalhano\/?s={search_term_string}"},"query-input":{"@type":"PropertyValueSpecification","valueRequired":true,"valueName":"search_term_string"}}],"inLanguage":"pt-BR"},{"@type":"Person","@id":"https:\/\/www.blogsoestado.com\/ruypalhano\/#\/schema\/person\/ef49e08ec3e742dec1682f34674f2c84","name":"Ruy Palhano","image":{"@type":"ImageObject","inLanguage":"pt-BR","@id":"https:\/\/www.blogsoestado.com\/ruypalhano\/#\/schema\/person\/image\/","url":"https:\/\/secure.gravatar.com\/avatar\/d08170dc68d65048f069f40789786091e8b070aa02b0d2e514ddd0244c684a5a?s=96&d=mm&r=g","contentUrl":"https:\/\/secure.gravatar.com\/avatar\/d08170dc68d65048f069f40789786091e8b070aa02b0d2e514ddd0244c684a5a?s=96&d=mm&r=g","caption":"Ruy Palhano"},"url":"https:\/\/www.blogsoestado.com\/ruypalhano\/author\/ruypalhano\/"}]}},"jetpack_featured_media_url":"","_links":{"self":[{"href":"https:\/\/www.blogsoestado.com\/ruypalhano\/wp-json\/wp\/v2\/posts\/1301","targetHints":{"allow":["GET"]}}],"collection":[{"href":"https:\/\/www.blogsoestado.com\/ruypalhano\/wp-json\/wp\/v2\/posts"}],"about":[{"href":"https:\/\/www.blogsoestado.com\/ruypalhano\/wp-json\/wp\/v2\/types\/post"}],"author":[{"embeddable":true,"href":"https:\/\/www.blogsoestado.com\/ruypalhano\/wp-json\/wp\/v2\/users\/3"}],"replies":[{"embeddable":true,"href":"https:\/\/www.blogsoestado.com\/ruypalhano\/wp-json\/wp\/v2\/comments?post=1301"}],"version-history":[{"count":0,"href":"https:\/\/www.blogsoestado.com\/ruypalhano\/wp-json\/wp\/v2\/posts\/1301\/revisions"}],"wp:attachment":[{"href":"https:\/\/www.blogsoestado.com\/ruypalhano\/wp-json\/wp\/v2\/media?parent=1301"}],"wp:term":[{"taxonomy":"category","embeddable":true,"href":"https:\/\/www.blogsoestado.com\/ruypalhano\/wp-json\/wp\/v2\/categories?post=1301"},{"taxonomy":"post_tag","embeddable":true,"href":"https:\/\/www.blogsoestado.com\/ruypalhano\/wp-json\/wp\/v2\/tags?post=1301"}],"curies":[{"name":"wp","href":"https:\/\/api.w.org\/{rel}","templated":true}]}}