{"id":1307,"date":"2020-12-04T15:47:32","date_gmt":"2020-12-04T18:47:32","guid":{"rendered":"https:\/\/www.blogsoestado.com\/ruypalhano\/?p=1307"},"modified":"2020-12-04T15:47:32","modified_gmt":"2020-12-04T18:47:32","slug":"o-panico-em-epoca-de-pandemia","status":"publish","type":"post","link":"https:\/\/www.blogsoestado.com\/ruypalhano\/2020\/12\/04\/o-panico-em-epoca-de-pandemia\/","title":{"rendered":"O P\u00e2nico em  \u00e9poca de pandemia"},"content":{"rendered":"\n<p><strong>\u00a0\u00a0\u00a0\u00a0\u00a0\u00a0\u00a0\u00a0\u00a0\u00a0\u00a0\u00a0\u00a0\u00a0\u00a0\u00a0\u00a0\u00a0\u00a0\u00a0\u00a0\u00a0\u00a0\u00a0<\/strong><\/p>\n\n\n\n<p class=\"has-text-align-center\">&nbsp;&nbsp;&nbsp;&nbsp;&nbsp;&nbsp;&nbsp;&nbsp;&nbsp;&nbsp;&nbsp;&nbsp;&nbsp;&nbsp;Pouco tempo depois que a OMS anunciou a pandemia da COVID 19, em abril deste ano, em maio passou-se a falar sobre as \u201condas\u201d que poderia ocorrer na dissemina\u00e7\u00e3o dessa doen\u00e7a. E, as ondas, nada mais seriam que as <strong><em>flutua\u00e7\u00f5es epidemiol\u00f3gicas<\/em><\/strong> que ocorreria no curso natural da pandemia.&nbsp; Destacava-se, quatro grandes \u201condas\u201d, sendo que a quarta onda, corresponderia ao incremento de doen\u00e7as emocionais, mentais e comportamentais que surgiriam no curso natural da pandemia.<\/p>\n\n\n\n<p>&nbsp;&nbsp;&nbsp;&nbsp;&nbsp;&nbsp;&nbsp;&nbsp;&nbsp;&nbsp;&nbsp;&nbsp;&nbsp; A OMS estava certa. De fato, o que houve foi um gigantesco incremento de ocorr\u00eancias psiqui\u00e1tricas, emocionais e comportamentais de diversos aspectos cl\u00ednicos e diagn\u00f3sticos que surgiram no curso da pandemia. Os transtornos de ansiedade s\u00e3o as ocorr\u00eancias mais frequentes no conjunto desses fatos, especialmente o transtorno de estresse p\u00f3s-traum\u00e1tico (TEPT), o transtorno de ansiedade generalizada (TAG), a s\u00edndrome do p\u00e2nico e outros transtornos mentais. Na sequ\u00eancia, houve o incremento de transtornos do humor, especialmente a depress\u00e3o, de bipolaridade e abuso de \u00e1lcool e de outras drogas. Al\u00e9m de todas essas ocorr\u00eancias n\u00e3o podemos deixar de destacar no espectro desses transtornos o aumento do n\u00famero de suic\u00eddios, de feminic\u00eddio, de viol\u00eancia dom\u00e9stica, de separa\u00e7\u00e3o conjugal e muitos outros problemas na \u00e1rea criminol\u00f3gica e social.<\/p>\n\n\n\n<p>&nbsp;&nbsp;&nbsp;&nbsp;&nbsp;&nbsp;&nbsp;&nbsp;&nbsp;&nbsp;&nbsp;&nbsp;&nbsp;&nbsp; Nesse artigo tratarei, especificamente, da s\u00edndrome, ou doen\u00e7a ou ainda transtorno do p\u00e2nico, uma condi\u00e7\u00e3o absolutamente desagrad\u00e1vel, amea\u00e7adora e angustiante que algumas pessoas apresentam na vida. Ressalta-se, que a palavra <strong><em>\u201cp\u00e2nico\u201d<\/em><\/strong> remonta da <strong><em>Gr\u00e9cia antiga<\/em><\/strong>, da figura mitol\u00f3gica do Deus Pan. Segundo a mitologia grega, Pan era um Deus extremamente feio (metade homem, metade cabra) vivia isolado entre as montanhas da Arc\u00e1dia (prov\u00edncia da Gr\u00e9cia antiga), para n\u00e3o ser visto pelas pessoas. Quando Pan aparecia em \u00c1gora (um local ou esp\u00e9cie de pra\u00e7a p\u00fablica) onde as pessoas se reuniam, elas ficavam horrorizadas, assustadas, desesperadas com a presen\u00e7a horripilante do Pan.&nbsp; Sentiam verdadeiro horror e pavor, e procuravam se afastar de l\u00e1 imediatamente, por isso o nome, p\u00e2nico.<\/p>\n\n\n\n<p>&nbsp;&nbsp;&nbsp;&nbsp;&nbsp;&nbsp;&nbsp;&nbsp;&nbsp;&nbsp;&nbsp;&nbsp;&nbsp;&nbsp;Nos \u00faltimos anos, in\u00fameros estudos e pesquisas tem sido desenvolvido, no mundo todo, com o intuito de se conhecer melhor a denominada <strong><em>\u201cS\u00edndrome do P\u00e2nico\u201d,<\/em><\/strong> tanto nos aspectos cl\u00ednicos, quanto os tratamentos psicol\u00f3gicos, biol\u00f3gicos ou psicossociais realizados para seu controle.<\/p>\n\n\n\n<p>&nbsp;&nbsp;&nbsp;&nbsp;&nbsp;&nbsp;&nbsp;&nbsp;&nbsp;&nbsp;&nbsp;&nbsp;&nbsp;&nbsp;&nbsp;Historicamente, desde Freud, j\u00e1 havia refer\u00eancias sobre essa doen\u00e7a. Na \u00e9poca ele analisava pessoas que apresentavam sintomatologia da <strong><em>doen\u00e7a de p\u00e2nico<\/em><\/strong>, muito embora, na ocasi\u00e3o, as descreviam como portadoras de <strong>\u201cataques de ansiedade\u201d,<\/strong> inclu\u00eddas na categoria das chamadas <strong><em>neuroses atuais.<\/em><\/strong> Em um desses casos, detectou um <strong><em>\u201cretorno de experi\u00eancia traum\u00e1tica relacionadas com algum acontecimento tr\u00e1gico do passado\u201d<\/em><\/strong>. Mas as teorias psicanal\u00edticas, mesmo depois de muito aperfei\u00e7oamento, esbarram em s\u00e9rias dificuldades para explicar por que os pacientes apresentam tais quadros cl\u00ednicos.<\/p>\n\n\n\n<p>&nbsp;&nbsp;&nbsp;&nbsp;&nbsp;&nbsp;&nbsp;&nbsp;&nbsp;&nbsp;&nbsp;&nbsp;&nbsp;&nbsp;&nbsp;&nbsp;Na atualidade, os mais importantes estudos sobre o Transtorno do P\u00e2nico ocorrem na \u00e1rea da Psiquiatria e da Neuroci\u00eancia, as quais explicam esse transtorno a partir de disfuncionalidade do sistema nervoso central- SNC, do ponto de vista, biol\u00f3gico e neuroqu\u00edmico. Haveria, por assim dizer, uma disfun\u00e7\u00e3o acentuada e espec\u00edfica na regula\u00e7\u00e3o da ansiedade, em \u00e1reas especiais desse sistema (septo, amigdala e hipocampo), levando a produ\u00e7\u00e3o dos sintomas hoje conhecidos que fazem parte da doen\u00e7a do P\u00e2nico.<\/p>\n\n\n\n<p>&nbsp;&nbsp;&nbsp;&nbsp;&nbsp;&nbsp;&nbsp;&nbsp;&nbsp;&nbsp;&nbsp;&nbsp;&nbsp;&nbsp;&nbsp;&nbsp;Outra \u00e1rea muito importante que abriu fabulosos caminhos para desvendar esse transtorno \u00e9 a psicofarmacologia cl\u00ednica, cap\u00edtulo da farmacologia que trata dos psicotr\u00f3picos, medicamentos largamente utilizados em psiquiatria e outras especialidades m\u00e9dicas.&nbsp;<\/p>\n\n\n\n<p>&nbsp;&nbsp;&nbsp;&nbsp;&nbsp;&nbsp;&nbsp;&nbsp;&nbsp;&nbsp;&nbsp;&nbsp;&nbsp;&nbsp;&nbsp;&nbsp;Outros avan\u00e7os, verificados nos \u00faltimos anos foi na psicoterapia desses pacientes. Entre as v\u00e1rias abordagens psicoter\u00e1picas, a mais recomendada atualmente a terapia cognitivo-comportamental \u2013 TCC. Os melhores resultados socorrem quando associamos essa terapia com a abordagem m\u00e9dica.<\/p>\n\n\n\n<p>&nbsp;&nbsp;&nbsp;&nbsp;&nbsp;&nbsp;&nbsp;&nbsp;&nbsp;&nbsp;&nbsp;&nbsp;Os ataques de P\u00e2nico (TP) ocorrem de forma s\u00fabita, repentina e inesperada, sem motivo aparente, sendo um estado de intensa ansiedade. Nesses momentos os pacientes se sentem apavorados, com um terr\u00edvel medo de morrer ou ficar \u201clouco\u201d. Esses ataques s\u00e3o acompanhados de sintomas f\u00edsicos, ps\u00edquicos e comportamentais, intensos e difusos. Os enfermos passam mal subitamente, independente de onde est\u00e3o ou o que est\u00e3o fazendo, e rapidamente atinge uma intensidade m\u00e1xima em poucos minutos, pois cada ataque, dura em m\u00e9dia entre 25 a 30 minutos e mesmo sem interven\u00e7\u00e3o m\u00e9dica, o ataque se encerra. Os sintomas f\u00edsicos e psicol\u00f3gicos est\u00e3o descritos abaixo. Outra particularidade, \u00e9 que, para se firmar o diagn\u00f3stico definitivo de Transtorno de P\u00e2nico (TP), esses ataques dever\u00e3o ocorrer no m\u00ednimo uma vez por semana associados aos outros requisitos, apontados acima. Eis, alguns dos seus sintomas:<\/p>\n\n\n\n<p>1) Falta de ar (dispneia) ou sensa\u00e7\u00e3o de asfixia<\/p>\n\n\n\n<p>2) Vertigem, sentimentos de instabilidade ou sensa\u00e7\u00e3o de desmaio<\/p>\n\n\n\n<p>3) Palpita\u00e7\u00f5es ou ritmo card\u00edaco acelerado (taquicardia)<\/p>\n\n\n\n<p>4) Tremor ou abalos<\/p>\n\n\n\n<p>5) Sudorese<\/p>\n\n\n\n<p>6) Sufocamento<\/p>\n\n\n\n<p>7) N\u00e1usea ou desconforto abdominal<\/p>\n\n\n\n<p>8) Despersonaliza\u00e7\u00e3o ou desrealiza\u00e7\u00e3o<\/p>\n\n\n\n<p>9) Anestesia ou formigamento (parestesias)<\/p>\n\n\n\n<p>10) Ondas de calor ou frio<\/p>\n\n\n\n<p>11) Dor ou desconforto no peito<\/p>\n\n\n\n<p>12) Medo de morrer<\/p>\n\n\n\n<p>13) Medo de enlouquecer ou cometer ato descontrolado.<\/p>\n\n\n\n<p>&nbsp;&nbsp;&nbsp;&nbsp;&nbsp;&nbsp;&nbsp;&nbsp;&nbsp;&nbsp; H\u00e1 Transtorno do P\u00e2nico com ou sem agorafobia, que \u00e9 um medo de estar em espa\u00e7os abertos ou no meio de multid\u00f5es. Agorafobia, muitas das vezes, \u00e9 consequ\u00eancia de sucessivos tratamentos malsucedidos ou mal orientados, ou por uso inadequado de medica\u00e7\u00f5es, ou pelo fato da pessoa n\u00e3o ter tido a oportunidade de procurar &nbsp; um especialista precocemente, antes mesmo da doen\u00e7a se tornar cr\u00f4nica.<\/p>\n\n\n\n<p>&nbsp;&nbsp;&nbsp;&nbsp;&nbsp;&nbsp;&nbsp;&nbsp;&nbsp;&nbsp;&nbsp;&nbsp; Vale a pena lembrar que, para o m\u00e9dico formular o diagn\u00f3stico de Transtorno do P\u00e2nico, faz-se necess\u00e1rio, a realiza\u00e7\u00e3o de exames cl\u00ednicos e laboratoriais, para saber se o paciente n\u00e3o \u00e9 portador de outras doen\u00e7as, que podem provocar tamb\u00e9m ataques agudos de ansiedade.<\/p>\n","protected":false},"excerpt":{"rendered":"<p>\u00a0\u00a0\u00a0\u00a0\u00a0\u00a0\u00a0\u00a0\u00a0\u00a0\u00a0\u00a0\u00a0\u00a0\u00a0\u00a0\u00a0\u00a0\u00a0\u00a0\u00a0\u00a0\u00a0\u00a0 &nbsp;&nbsp;&nbsp;&nbsp;&nbsp;&nbsp;&nbsp;&nbsp;&nbsp;&nbsp;&nbsp;&nbsp;&nbsp;&nbsp;Pouco tempo depois que a OMS anunciou a pandemia da COVID 19, em abril deste ano, em maio passou-se [&hellip;]<\/p>\n","protected":false},"author":3,"featured_media":0,"comment_status":"open","ping_status":"open","sticky":false,"template":"","format":"standard","meta":{"site-sidebar-layout":"default","site-content-layout":"","ast-site-content-layout":"default","site-content-style":"default","site-sidebar-style":"default","ast-global-header-display":"","ast-banner-title-visibility":"","ast-main-header-display":"","ast-hfb-above-header-display":"","ast-hfb-below-header-display":"","ast-hfb-mobile-header-display":"","site-post-title":"","ast-breadcrumbs-content":"","ast-featured-img":"","footer-sml-layout":"","ast-disable-related-posts":"","theme-transparent-header-meta":"","adv-header-id-meta":"","stick-header-meta":"","header-above-stick-meta":"","header-main-stick-meta":"","header-below-stick-meta":"","astra-migrate-meta-layouts":"default","ast-page-background-enabled":"default","ast-page-background-meta":{"desktop":{"background-color":"var(--ast-global-color-5)","background-image":"","background-repeat":"repeat","background-position":"center center","background-size":"auto","background-attachment":"scroll","background-type":"","background-media":"","overlay-type":"","overlay-color":"","overlay-opacity":"","overlay-gradient":""},"tablet":{"background-color":"","background-image":"","background-repeat":"repeat","background-position":"center center","background-size":"auto","background-attachment":"scroll","background-type":"","background-media":"","overlay-type":"","overlay-color":"","overlay-opacity":"","overlay-gradient":""},"mobile":{"background-color":"","background-image":"","background-repeat":"repeat","background-position":"center center","background-size":"auto","background-attachment":"scroll","background-type":"","background-media":"","overlay-type":"","overlay-color":"","overlay-opacity":"","overlay-gradient":""}},"ast-content-background-meta":{"desktop":{"background-color":"var(--ast-global-color-4)","background-image":"","background-repeat":"repeat","background-position":"center center","background-size":"auto","background-attachment":"scroll","background-type":"","background-media":"","overlay-type":"","overlay-color":"","overlay-opacity":"","overlay-gradient":""},"tablet":{"background-color":"var(--ast-global-color-4)","background-image":"","background-repeat":"repeat","background-position":"center center","background-size":"auto","background-attachment":"scroll","background-type":"","background-media":"","overlay-type":"","overlay-color":"","overlay-opacity":"","overlay-gradient":""},"mobile":{"background-color":"var(--ast-global-color-4)","background-image":"","background-repeat":"repeat","background-position":"center center","background-size":"auto","background-attachment":"scroll","background-type":"","background-media":"","overlay-type":"","overlay-color":"","overlay-opacity":"","overlay-gradient":""}},"footnotes":""},"categories":[1],"tags":[],"class_list":["post-1307","post","type-post","status-publish","format-standard","hentry","category-sem-categoria"],"yoast_head":"<!-- This site is optimized with the Yoast SEO plugin v26.6 - https:\/\/yoast.com\/wordpress\/plugins\/seo\/ -->\n<title>O P\u00e2nico em \u00e9poca de pandemia - Ruy Palhano<\/title>\n<meta name=\"robots\" content=\"index, follow, max-snippet:-1, max-image-preview:large, max-video-preview:-1\" \/>\n<link rel=\"canonical\" href=\"https:\/\/www.blogsoestado.com\/ruypalhano\/2020\/12\/04\/o-panico-em-epoca-de-pandemia\/\" \/>\n<meta property=\"og:locale\" content=\"pt_BR\" \/>\n<meta property=\"og:type\" content=\"article\" \/>\n<meta property=\"og:title\" content=\"O P\u00e2nico em \u00e9poca de pandemia - Ruy Palhano\" \/>\n<meta property=\"og:description\" content=\"\u00a0\u00a0\u00a0\u00a0\u00a0\u00a0\u00a0\u00a0\u00a0\u00a0\u00a0\u00a0\u00a0\u00a0\u00a0\u00a0\u00a0\u00a0\u00a0\u00a0\u00a0\u00a0\u00a0\u00a0 &nbsp;&nbsp;&nbsp;&nbsp;&nbsp;&nbsp;&nbsp;&nbsp;&nbsp;&nbsp;&nbsp;&nbsp;&nbsp;&nbsp;Pouco tempo depois que a OMS anunciou a pandemia da COVID 19, em abril deste ano, em maio passou-se [&hellip;]\" \/>\n<meta property=\"og:url\" content=\"https:\/\/www.blogsoestado.com\/ruypalhano\/2020\/12\/04\/o-panico-em-epoca-de-pandemia\/\" \/>\n<meta property=\"og:site_name\" content=\"Ruy Palhano\" \/>\n<meta property=\"article:published_time\" content=\"2020-12-04T18:47:32+00:00\" \/>\n<meta name=\"author\" content=\"Ruy Palhano\" \/>\n<meta name=\"twitter:card\" content=\"summary_large_image\" \/>\n<meta name=\"twitter:label1\" content=\"Escrito por\" \/>\n\t<meta name=\"twitter:data1\" content=\"Ruy Palhano\" \/>\n\t<meta name=\"twitter:label2\" content=\"Est. tempo de leitura\" \/>\n\t<meta name=\"twitter:data2\" content=\"6 minutos\" \/>\n<script type=\"application\/ld+json\" class=\"yoast-schema-graph\">{\"@context\":\"https:\/\/schema.org\",\"@graph\":[{\"@type\":\"WebPage\",\"@id\":\"https:\/\/www.blogsoestado.com\/ruypalhano\/2020\/12\/04\/o-panico-em-epoca-de-pandemia\/\",\"url\":\"https:\/\/www.blogsoestado.com\/ruypalhano\/2020\/12\/04\/o-panico-em-epoca-de-pandemia\/\",\"name\":\"O P\u00e2nico em \u00e9poca de pandemia - Ruy Palhano\",\"isPartOf\":{\"@id\":\"https:\/\/www.blogsoestado.com\/ruypalhano\/#website\"},\"datePublished\":\"2020-12-04T18:47:32+00:00\",\"author\":{\"@id\":\"https:\/\/www.blogsoestado.com\/ruypalhano\/#\/schema\/person\/ef49e08ec3e742dec1682f34674f2c84\"},\"breadcrumb\":{\"@id\":\"https:\/\/www.blogsoestado.com\/ruypalhano\/2020\/12\/04\/o-panico-em-epoca-de-pandemia\/#breadcrumb\"},\"inLanguage\":\"pt-BR\",\"potentialAction\":[{\"@type\":\"ReadAction\",\"target\":[\"https:\/\/www.blogsoestado.com\/ruypalhano\/2020\/12\/04\/o-panico-em-epoca-de-pandemia\/\"]}]},{\"@type\":\"BreadcrumbList\",\"@id\":\"https:\/\/www.blogsoestado.com\/ruypalhano\/2020\/12\/04\/o-panico-em-epoca-de-pandemia\/#breadcrumb\",\"itemListElement\":[{\"@type\":\"ListItem\",\"position\":1,\"name\":\"In\u00edcio\",\"item\":\"https:\/\/www.blogsoestado.com\/ruypalhano\/\"},{\"@type\":\"ListItem\",\"position\":2,\"name\":\"O P\u00e2nico em \u00e9poca de pandemia\"}]},{\"@type\":\"WebSite\",\"@id\":\"https:\/\/www.blogsoestado.com\/ruypalhano\/#website\",\"url\":\"https:\/\/www.blogsoestado.com\/ruypalhano\/\",\"name\":\"Ruy Palhano\",\"description\":\"\",\"potentialAction\":[{\"@type\":\"SearchAction\",\"target\":{\"@type\":\"EntryPoint\",\"urlTemplate\":\"https:\/\/www.blogsoestado.com\/ruypalhano\/?s={search_term_string}\"},\"query-input\":{\"@type\":\"PropertyValueSpecification\",\"valueRequired\":true,\"valueName\":\"search_term_string\"}}],\"inLanguage\":\"pt-BR\"},{\"@type\":\"Person\",\"@id\":\"https:\/\/www.blogsoestado.com\/ruypalhano\/#\/schema\/person\/ef49e08ec3e742dec1682f34674f2c84\",\"name\":\"Ruy Palhano\",\"image\":{\"@type\":\"ImageObject\",\"inLanguage\":\"pt-BR\",\"@id\":\"https:\/\/www.blogsoestado.com\/ruypalhano\/#\/schema\/person\/image\/\",\"url\":\"https:\/\/secure.gravatar.com\/avatar\/d08170dc68d65048f069f40789786091e8b070aa02b0d2e514ddd0244c684a5a?s=96&d=mm&r=g\",\"contentUrl\":\"https:\/\/secure.gravatar.com\/avatar\/d08170dc68d65048f069f40789786091e8b070aa02b0d2e514ddd0244c684a5a?s=96&d=mm&r=g\",\"caption\":\"Ruy Palhano\"},\"url\":\"https:\/\/www.blogsoestado.com\/ruypalhano\/author\/ruypalhano\/\"}]}<\/script>\n<!-- \/ Yoast SEO plugin. -->","yoast_head_json":{"title":"O P\u00e2nico em \u00e9poca de pandemia - Ruy Palhano","robots":{"index":"index","follow":"follow","max-snippet":"max-snippet:-1","max-image-preview":"max-image-preview:large","max-video-preview":"max-video-preview:-1"},"canonical":"https:\/\/www.blogsoestado.com\/ruypalhano\/2020\/12\/04\/o-panico-em-epoca-de-pandemia\/","og_locale":"pt_BR","og_type":"article","og_title":"O P\u00e2nico em \u00e9poca de pandemia - Ruy Palhano","og_description":"\u00a0\u00a0\u00a0\u00a0\u00a0\u00a0\u00a0\u00a0\u00a0\u00a0\u00a0\u00a0\u00a0\u00a0\u00a0\u00a0\u00a0\u00a0\u00a0\u00a0\u00a0\u00a0\u00a0\u00a0 &nbsp;&nbsp;&nbsp;&nbsp;&nbsp;&nbsp;&nbsp;&nbsp;&nbsp;&nbsp;&nbsp;&nbsp;&nbsp;&nbsp;Pouco tempo depois que a OMS anunciou a pandemia da COVID 19, em abril deste ano, em maio passou-se [&hellip;]","og_url":"https:\/\/www.blogsoestado.com\/ruypalhano\/2020\/12\/04\/o-panico-em-epoca-de-pandemia\/","og_site_name":"Ruy Palhano","article_published_time":"2020-12-04T18:47:32+00:00","author":"Ruy Palhano","twitter_card":"summary_large_image","twitter_misc":{"Escrito por":"Ruy Palhano","Est. tempo de leitura":"6 minutos"},"schema":{"@context":"https:\/\/schema.org","@graph":[{"@type":"WebPage","@id":"https:\/\/www.blogsoestado.com\/ruypalhano\/2020\/12\/04\/o-panico-em-epoca-de-pandemia\/","url":"https:\/\/www.blogsoestado.com\/ruypalhano\/2020\/12\/04\/o-panico-em-epoca-de-pandemia\/","name":"O P\u00e2nico em \u00e9poca de pandemia - Ruy Palhano","isPartOf":{"@id":"https:\/\/www.blogsoestado.com\/ruypalhano\/#website"},"datePublished":"2020-12-04T18:47:32+00:00","author":{"@id":"https:\/\/www.blogsoestado.com\/ruypalhano\/#\/schema\/person\/ef49e08ec3e742dec1682f34674f2c84"},"breadcrumb":{"@id":"https:\/\/www.blogsoestado.com\/ruypalhano\/2020\/12\/04\/o-panico-em-epoca-de-pandemia\/#breadcrumb"},"inLanguage":"pt-BR","potentialAction":[{"@type":"ReadAction","target":["https:\/\/www.blogsoestado.com\/ruypalhano\/2020\/12\/04\/o-panico-em-epoca-de-pandemia\/"]}]},{"@type":"BreadcrumbList","@id":"https:\/\/www.blogsoestado.com\/ruypalhano\/2020\/12\/04\/o-panico-em-epoca-de-pandemia\/#breadcrumb","itemListElement":[{"@type":"ListItem","position":1,"name":"In\u00edcio","item":"https:\/\/www.blogsoestado.com\/ruypalhano\/"},{"@type":"ListItem","position":2,"name":"O P\u00e2nico em \u00e9poca de pandemia"}]},{"@type":"WebSite","@id":"https:\/\/www.blogsoestado.com\/ruypalhano\/#website","url":"https:\/\/www.blogsoestado.com\/ruypalhano\/","name":"Ruy Palhano","description":"","potentialAction":[{"@type":"SearchAction","target":{"@type":"EntryPoint","urlTemplate":"https:\/\/www.blogsoestado.com\/ruypalhano\/?s={search_term_string}"},"query-input":{"@type":"PropertyValueSpecification","valueRequired":true,"valueName":"search_term_string"}}],"inLanguage":"pt-BR"},{"@type":"Person","@id":"https:\/\/www.blogsoestado.com\/ruypalhano\/#\/schema\/person\/ef49e08ec3e742dec1682f34674f2c84","name":"Ruy Palhano","image":{"@type":"ImageObject","inLanguage":"pt-BR","@id":"https:\/\/www.blogsoestado.com\/ruypalhano\/#\/schema\/person\/image\/","url":"https:\/\/secure.gravatar.com\/avatar\/d08170dc68d65048f069f40789786091e8b070aa02b0d2e514ddd0244c684a5a?s=96&d=mm&r=g","contentUrl":"https:\/\/secure.gravatar.com\/avatar\/d08170dc68d65048f069f40789786091e8b070aa02b0d2e514ddd0244c684a5a?s=96&d=mm&r=g","caption":"Ruy Palhano"},"url":"https:\/\/www.blogsoestado.com\/ruypalhano\/author\/ruypalhano\/"}]}},"jetpack_featured_media_url":"","_links":{"self":[{"href":"https:\/\/www.blogsoestado.com\/ruypalhano\/wp-json\/wp\/v2\/posts\/1307","targetHints":{"allow":["GET"]}}],"collection":[{"href":"https:\/\/www.blogsoestado.com\/ruypalhano\/wp-json\/wp\/v2\/posts"}],"about":[{"href":"https:\/\/www.blogsoestado.com\/ruypalhano\/wp-json\/wp\/v2\/types\/post"}],"author":[{"embeddable":true,"href":"https:\/\/www.blogsoestado.com\/ruypalhano\/wp-json\/wp\/v2\/users\/3"}],"replies":[{"embeddable":true,"href":"https:\/\/www.blogsoestado.com\/ruypalhano\/wp-json\/wp\/v2\/comments?post=1307"}],"version-history":[{"count":0,"href":"https:\/\/www.blogsoestado.com\/ruypalhano\/wp-json\/wp\/v2\/posts\/1307\/revisions"}],"wp:attachment":[{"href":"https:\/\/www.blogsoestado.com\/ruypalhano\/wp-json\/wp\/v2\/media?parent=1307"}],"wp:term":[{"taxonomy":"category","embeddable":true,"href":"https:\/\/www.blogsoestado.com\/ruypalhano\/wp-json\/wp\/v2\/categories?post=1307"},{"taxonomy":"post_tag","embeddable":true,"href":"https:\/\/www.blogsoestado.com\/ruypalhano\/wp-json\/wp\/v2\/tags?post=1307"}],"curies":[{"name":"wp","href":"https:\/\/api.w.org\/{rel}","templated":true}]}}