{"id":1318,"date":"2021-10-02T19:38:34","date_gmt":"2021-10-02T22:38:34","guid":{"rendered":"https:\/\/www.blogsoestado.com\/ruypalhano\/?p=1318"},"modified":"2021-10-02T19:38:34","modified_gmt":"2021-10-02T22:38:34","slug":"doenca-mental-nao-e-um-bicho-de-sete-cabecas","status":"publish","type":"post","link":"https:\/\/www.blogsoestado.com\/ruypalhano\/2021\/10\/02\/doenca-mental-nao-e-um-bicho-de-sete-cabecas\/","title":{"rendered":"Doen\u00e7a mental n\u00e3o \u00e9 um bicho de sete cabe\u00e7as"},"content":{"rendered":"\n<p>&nbsp;&nbsp;&nbsp;&nbsp;&nbsp;&nbsp;&nbsp;&nbsp;&nbsp;&nbsp;&nbsp; Maluquice, m\u00e9dico de doido, fulano \u00e9 louco, essas s\u00e3o, entre tantas outras, express\u00f5es preconceituosas sobre as doen\u00e7as e os doentes mentais. E, n\u00e3o \u00e9 de hoje que isso ocorre, h\u00e1 s\u00e9culos que convivemos com tais express\u00f5es pejorativas, as quais s\u00f3 trazem preju\u00edzos para os pr\u00f3prios pacientes, para seus familiares, para os psiquiatras e para todos que lidam com esses enfermos.<\/p>\n\n\n\n<p>&nbsp;&nbsp;&nbsp;&nbsp;&nbsp;&nbsp;&nbsp;&nbsp;&nbsp;&nbsp; Essas express\u00f5es escondem os tremendos preconceitos sociais que sempre houve e ainda h\u00e1 pairando sobre esses seguimentos de tal forma que o pre\u00e7o que se paga \u00e9 enorme. Como todos sabem, preconceitos s\u00e3o pr\u00e1ticas cru\u00e9is, massacrantes, utilizadas para discriminar, segregar algu\u00e9m ou um grupamento de pessoas. \u00c9 uma pr\u00e1tica discriminat\u00f3ria e uma viol\u00eancia inominada, qualquer que seja a sua forma de express\u00e3o, pois todos eles segregam, geram intoler\u00e2ncias, rejei\u00e7\u00f5es e rep\u00fadios.<\/p>\n\n\n\n<p>&nbsp;&nbsp;&nbsp;&nbsp;&nbsp;&nbsp;&nbsp;&nbsp;&nbsp;&nbsp; As atitudes preconceituosas se manifestam de diferentes maneiras: por gestos, atitudes, palavra, na escrita, no olhar e na forma de agir, etc. Todas essas formas v\u00e3o em um \u00fanico sentido, qual seja, o de marginalizar, criar estere\u00f3tipos sobre ao que ou a quem \u00e9 dirigido. O resultado final na vig\u00eancia de qualquer preconceito \u00e9 produzir sentimentos de hostilidade, implic\u00e2ncia e exclus\u00e3o, por isso mesmo, afastam as pessoas do conv\u00edvio pessoal, social ou familiar.<\/p>\n\n\n\n<p>&nbsp;&nbsp;&nbsp;&nbsp;&nbsp;&nbsp;&nbsp;&nbsp;&nbsp;&nbsp;&nbsp; Os preconceitos, s\u00e3o evidenciadas nas rela\u00e7\u00f5es humanas, pessoal e social os quais n\u00e3o permitirem que outros vejam os fatos como s\u00e3o. <em>Para Aur\u00e9lio, preconceitos s\u00e3o conceitos antecipados sem maiores pondera\u00e7\u00f5es ou conhecimentos dos fatos sobre os quais as pessoas s\u00e3o envolvidas. S\u00e3o ideias preconcebidas<\/em>. Pode tamb\u00e9m ser considerado um julgamento ou opini\u00e3o formada sem se levar em conta os fatos que os contestem. &nbsp;Para Voltaire (1694 &#8211; 1778), poeta, dramaturgo, historiador e fil\u00f3sofo iluminista franc\u00eas, dizia <strong><em>\u201cpreconceito \u00e9 opini\u00e3o sem conhecimento\u201d<\/em><\/strong>.<\/p>\n\n\n\n<p>&nbsp;&nbsp;&nbsp;&nbsp;&nbsp;&nbsp;&nbsp;&nbsp;&nbsp; Por outro lado, por conceito, entendemos que \u00e9 a representa\u00e7\u00e3o do objeto pelo pensamento por meio de suas carater\u00edsticas gerais. \u00c9 a a\u00e7\u00e3o de formular uma ideia por meio de palavras, \u00e9 definir, \u00e9 caracterizar. <strong><em>O conceito nos aproxima daquilo sobre o qual estamos tratando e o preconceito nos afasta<\/em><\/strong>. Tamb\u00e9m consideramos conceito como sendo uma concep\u00e7\u00e3o, uma ideia ou a caracteriza\u00e7\u00e3o de algo ou algu\u00e9m.<\/p>\n\n\n\n<p>&nbsp;&nbsp;&nbsp;&nbsp;&nbsp;&nbsp;&nbsp;&nbsp; Nos dias atuais, os movimentos pol\u00edticos, human\u00edsticos, sociais, institucionais, jur\u00eddicos e culturais est\u00e3o mais bem motivados para o enfrentamento dos preconceitos, em todos os sentidos. A luta \u00e9 ferrenha para desnudar-nos dessas pechas preconceituosas, que n\u00e3o nos levam a quaisquer lugares ao mesmo tempo n\u00e3o colaboram para as boas pr\u00e1ticas sociais e humanas. Por serem fen\u00f4menos hist\u00f3ricos, os preconceitos est\u00e3o incrustrados, psicol\u00f3gico e socialmente, em toda sociedade, por isso mesmo \u00e9 muito dif\u00edcil o seu enfrentamento.<\/p>\n\n\n\n<p>&nbsp;&nbsp;&nbsp;&nbsp;&nbsp;&nbsp;&nbsp;&nbsp;&nbsp;&nbsp;&nbsp;&nbsp;&nbsp; Albert Einstein (1879 &#8211; 1955) f\u00edsico e humanista alem\u00e3o, autor da teoria da relatividade, e Pr\u00eamio Nobel de F\u00edsica de 1921, reconhecendo as dificuldades de se demolir os preconceitos dizia: <strong><em>\u201cTriste \u00e9poca! \u00c9 mais f\u00e1cil desintegrar um \u00e1tomo do que um preconceito\u201d.<\/em><\/strong><\/p>\n\n\n\n<p>&nbsp;&nbsp;&nbsp;&nbsp;&nbsp;&nbsp;&nbsp;&nbsp;&nbsp;&nbsp; H\u00e1 v\u00e1rios tipos de preconceitos: de g\u00eanero (sexismo), de cor (racismo), de idade (crian\u00e7a, idoso), intoler\u00e2ncia religiosa, de nacionalidade (xenofobia), de condi\u00e7\u00e3o social e econ\u00f4mica, de enfermidades (ex. doen\u00e7a mental), culturais e de tudo que diga respeito ao estar do homem no mundo. Em qualquer das situa\u00e7\u00f5es, o legado principal \u00e9 a opress\u00e3o, a discrimina\u00e7\u00e3o, estereotipagem, a segrega\u00e7\u00e3o de pessoas ou grupos sociais v\u00edtimas dos mesmos. O processo de marginaliza\u00e7\u00e3o imposto pelos preconceitos \u00e9 algo abomin\u00e1vel e o sofrimento vivido por suas v\u00edtimas, \u00e9 atroz.&nbsp;<\/p>\n\n\n\n<p>&nbsp;&nbsp;&nbsp;&nbsp;&nbsp;&nbsp;&nbsp;&nbsp; Do ponto de vista m\u00e9dico, os preconceitos aplicados \u00e0s doen\u00e7as mentais, podem ser considerados os piores entre os que existem. Os doentes mentais foram atingidos, em cheio ao longo da hist\u00f3ria e os mesmos s\u00e3o seculares. As consequ\u00eancias foram enormes e ainda s\u00e3o at\u00e9 hoje, interferem, fortemente, nos tratamentos e na recupera\u00e7\u00e3o desses pacientes, nas rela\u00e7\u00f5es sociais (exclus\u00e3o), familiares, em pol\u00edticas p\u00fablicas, nas medidas de preven\u00e7\u00e3o dessas doen\u00e7as, na imagem social dos enfermos, em seus direitos civis e humanos, na acessibilidade a servi\u00e7os m\u00e9dicos especializados e em tudo mais, que giram em torno a esses transtornos.<\/p>\n\n\n\n<p>&nbsp;&nbsp;&nbsp;&nbsp;&nbsp;&nbsp;&nbsp;&nbsp;&nbsp;&nbsp;&nbsp; Paradoxalmente, nos \u00faltimos 30 anos avan\u00e7ou-se muito no manejo e entendimentos sobre essas doen\u00e7as. Houve uma verdadeira revolu\u00e7\u00e3o no pensamento psiqui\u00e1trico ou cient\u00edfico sobre essas doen\u00e7as em diferentes aspectos, fato que ajudou muito no enfrentamento desses preconceitos. Hoje, sabe-se bastante sobre as bases fisiopatol\u00f3gicas das doen\u00e7as mentais, fato que tamb\u00e9m aproximou a Psiquiatria das outras especialidades m\u00e9dicas, pois em todas essas doen\u00e7as, indistintamente, apresentam: uma fisiopatologia (causa), um quadro cl\u00ednico, uma evolu\u00e7\u00e3o (curso), um diagn\u00f3stico, um progn\u00f3stico e um tratamento, sem qualquer distin\u00e7\u00e3o entre as mesmas.<\/p>\n\n\n\n<p>&nbsp;&nbsp;&nbsp;&nbsp;&nbsp;&nbsp;&nbsp;&nbsp;&nbsp;&nbsp;&nbsp;&nbsp;&nbsp; O surgimento de modernos f\u00e1rmacos para o tratamento dessas enfermidades \u00e9 outro avan\u00e7o hist\u00f3rico na Psiquiatria moderna. Surgiram medicamentos, altamente eficazes no tratamento e na preven\u00e7\u00e3o dessas doen\u00e7as, possibilitando melhorias na recupera\u00e7\u00e3o e preven\u00e7\u00e3o de reca\u00edda nesses enfermos. O aperfei\u00e7oamento de t\u00e9cnicas em psicoterapia corresponde a outro aspecto, altamente evolutivo na pr\u00e1tica m\u00e9dica e psicol\u00f3gica. S\u00e3o recursos, indispens\u00e1veis do ponto de vista terap\u00eautico, que associados \u00e0s boas pr\u00e1ticas medicas, auxiliam milhares de enfermos no manejo de seus problemas emocionais e psiqui\u00e1tricos.<\/p>\n\n\n\n<p>&nbsp;&nbsp;&nbsp;&nbsp;&nbsp;&nbsp;&nbsp;&nbsp;&nbsp; Devido a todos esses avan\u00e7os, aperfei\u00e7oaram-se os crit\u00e9rios diagn\u00f3sticos dessas enfermidades, tornando-os mais fidedignos e seguros. Todos esses avan\u00e7os tem favorecido o enfrentamento dos preconceitos em Psiquiatria e em sa\u00fade mental.<\/p>\n\n\n\n<p>&nbsp;&nbsp;&nbsp;&nbsp;&nbsp;&nbsp;&nbsp;&nbsp;&nbsp;&nbsp; Temos no Brasil, uma das mais importantes campanhas contra os preconceitos aos portadores de transtornos e defici\u00eancias mentais, qual seja a PSICOFOBIA. Ela foi implementada pela Associa\u00e7\u00e3o Brasileira de Psiquiatria \u2013 ABP, em 2014. Hoje, a Psicofobia, internacionalizou-se e j\u00e1 existe uma legisla\u00e7\u00e3o federal que criminaliza qualquer pr\u00e1tica preconceituosa contra esses enfermos. \u00c9 preciso que o cidad\u00e3o, os familiares, os pr\u00f3prios doentes mentais, a classe m\u00e9dica e todos os profissionais da \u00e1rea, colaborem para assegurar melhores condi\u00e7\u00f5es de assist\u00eancia a esses enfermos.<\/p>\n","protected":false},"excerpt":{"rendered":"<p>&nbsp;&nbsp;&nbsp;&nbsp;&nbsp;&nbsp;&nbsp;&nbsp;&nbsp;&nbsp;&nbsp; Maluquice, m\u00e9dico de doido, fulano \u00e9 louco, essas s\u00e3o, entre tantas outras, express\u00f5es preconceituosas sobre as doen\u00e7as e os [&hellip;]<\/p>\n","protected":false},"author":3,"featured_media":0,"comment_status":"open","ping_status":"open","sticky":false,"template":"","format":"standard","meta":{"site-sidebar-layout":"default","site-content-layout":"","ast-site-content-layout":"default","site-content-style":"default","site-sidebar-style":"default","ast-global-header-display":"","ast-banner-title-visibility":"","ast-main-header-display":"","ast-hfb-above-header-display":"","ast-hfb-below-header-display":"","ast-hfb-mobile-header-display":"","site-post-title":"","ast-breadcrumbs-content":"","ast-featured-img":"","footer-sml-layout":"","ast-disable-related-posts":"","theme-transparent-header-meta":"","adv-header-id-meta":"","stick-header-meta":"","header-above-stick-meta":"","header-main-stick-meta":"","header-below-stick-meta":"","astra-migrate-meta-layouts":"default","ast-page-background-enabled":"default","ast-page-background-meta":{"desktop":{"background-color":"var(--ast-global-color-5)","background-image":"","background-repeat":"repeat","background-position":"center center","background-size":"auto","background-attachment":"scroll","background-type":"","background-media":"","overlay-type":"","overlay-color":"","overlay-opacity":"","overlay-gradient":""},"tablet":{"background-color":"","background-image":"","background-repeat":"repeat","background-position":"center center","background-size":"auto","background-attachment":"scroll","background-type":"","background-media":"","overlay-type":"","overlay-color":"","overlay-opacity":"","overlay-gradient":""},"mobile":{"background-color":"","background-image":"","background-repeat":"repeat","background-position":"center center","background-size":"auto","background-attachment":"scroll","background-type":"","background-media":"","overlay-type":"","overlay-color":"","overlay-opacity":"","overlay-gradient":""}},"ast-content-background-meta":{"desktop":{"background-color":"var(--ast-global-color-4)","background-image":"","background-repeat":"repeat","background-position":"center center","background-size":"auto","background-attachment":"scroll","background-type":"","background-media":"","overlay-type":"","overlay-color":"","overlay-opacity":"","overlay-gradient":""},"tablet":{"background-color":"var(--ast-global-color-4)","background-image":"","background-repeat":"repeat","background-position":"center center","background-size":"auto","background-attachment":"scroll","background-type":"","background-media":"","overlay-type":"","overlay-color":"","overlay-opacity":"","overlay-gradient":""},"mobile":{"background-color":"var(--ast-global-color-4)","background-image":"","background-repeat":"repeat","background-position":"center center","background-size":"auto","background-attachment":"scroll","background-type":"","background-media":"","overlay-type":"","overlay-color":"","overlay-opacity":"","overlay-gradient":""}},"footnotes":""},"categories":[1],"tags":[],"class_list":["post-1318","post","type-post","status-publish","format-standard","hentry","category-sem-categoria"],"yoast_head":"<!-- This site is optimized with the Yoast SEO plugin v26.6 - https:\/\/yoast.com\/wordpress\/plugins\/seo\/ -->\n<title>Doen\u00e7a mental n\u00e3o \u00e9 um bicho de sete cabe\u00e7as - Ruy Palhano<\/title>\n<meta name=\"robots\" content=\"index, follow, max-snippet:-1, max-image-preview:large, max-video-preview:-1\" \/>\n<link rel=\"canonical\" href=\"https:\/\/www.blogsoestado.com\/ruypalhano\/2021\/10\/02\/doenca-mental-nao-e-um-bicho-de-sete-cabecas\/\" \/>\n<meta property=\"og:locale\" content=\"pt_BR\" \/>\n<meta property=\"og:type\" content=\"article\" \/>\n<meta property=\"og:title\" content=\"Doen\u00e7a mental n\u00e3o \u00e9 um bicho de sete cabe\u00e7as - Ruy Palhano\" \/>\n<meta property=\"og:description\" content=\"&nbsp;&nbsp;&nbsp;&nbsp;&nbsp;&nbsp;&nbsp;&nbsp;&nbsp;&nbsp;&nbsp; Maluquice, m\u00e9dico de doido, fulano \u00e9 louco, essas s\u00e3o, entre tantas outras, express\u00f5es preconceituosas sobre as doen\u00e7as e os [&hellip;]\" \/>\n<meta property=\"og:url\" content=\"https:\/\/www.blogsoestado.com\/ruypalhano\/2021\/10\/02\/doenca-mental-nao-e-um-bicho-de-sete-cabecas\/\" \/>\n<meta property=\"og:site_name\" content=\"Ruy Palhano\" \/>\n<meta property=\"article:published_time\" content=\"2021-10-02T22:38:34+00:00\" \/>\n<meta name=\"author\" content=\"Ruy Palhano\" \/>\n<meta name=\"twitter:card\" content=\"summary_large_image\" \/>\n<meta name=\"twitter:label1\" content=\"Escrito por\" \/>\n\t<meta name=\"twitter:data1\" content=\"Ruy Palhano\" \/>\n\t<meta name=\"twitter:label2\" content=\"Est. tempo de leitura\" \/>\n\t<meta name=\"twitter:data2\" content=\"5 minutos\" \/>\n<script type=\"application\/ld+json\" class=\"yoast-schema-graph\">{\"@context\":\"https:\/\/schema.org\",\"@graph\":[{\"@type\":\"WebPage\",\"@id\":\"https:\/\/www.blogsoestado.com\/ruypalhano\/2021\/10\/02\/doenca-mental-nao-e-um-bicho-de-sete-cabecas\/\",\"url\":\"https:\/\/www.blogsoestado.com\/ruypalhano\/2021\/10\/02\/doenca-mental-nao-e-um-bicho-de-sete-cabecas\/\",\"name\":\"Doen\u00e7a mental n\u00e3o \u00e9 um bicho de sete cabe\u00e7as - Ruy Palhano\",\"isPartOf\":{\"@id\":\"https:\/\/www.blogsoestado.com\/ruypalhano\/#website\"},\"datePublished\":\"2021-10-02T22:38:34+00:00\",\"author\":{\"@id\":\"https:\/\/www.blogsoestado.com\/ruypalhano\/#\/schema\/person\/ef49e08ec3e742dec1682f34674f2c84\"},\"breadcrumb\":{\"@id\":\"https:\/\/www.blogsoestado.com\/ruypalhano\/2021\/10\/02\/doenca-mental-nao-e-um-bicho-de-sete-cabecas\/#breadcrumb\"},\"inLanguage\":\"pt-BR\",\"potentialAction\":[{\"@type\":\"ReadAction\",\"target\":[\"https:\/\/www.blogsoestado.com\/ruypalhano\/2021\/10\/02\/doenca-mental-nao-e-um-bicho-de-sete-cabecas\/\"]}]},{\"@type\":\"BreadcrumbList\",\"@id\":\"https:\/\/www.blogsoestado.com\/ruypalhano\/2021\/10\/02\/doenca-mental-nao-e-um-bicho-de-sete-cabecas\/#breadcrumb\",\"itemListElement\":[{\"@type\":\"ListItem\",\"position\":1,\"name\":\"In\u00edcio\",\"item\":\"https:\/\/www.blogsoestado.com\/ruypalhano\/\"},{\"@type\":\"ListItem\",\"position\":2,\"name\":\"Doen\u00e7a mental n\u00e3o \u00e9 um bicho de sete cabe\u00e7as\"}]},{\"@type\":\"WebSite\",\"@id\":\"https:\/\/www.blogsoestado.com\/ruypalhano\/#website\",\"url\":\"https:\/\/www.blogsoestado.com\/ruypalhano\/\",\"name\":\"Ruy Palhano\",\"description\":\"\",\"potentialAction\":[{\"@type\":\"SearchAction\",\"target\":{\"@type\":\"EntryPoint\",\"urlTemplate\":\"https:\/\/www.blogsoestado.com\/ruypalhano\/?s={search_term_string}\"},\"query-input\":{\"@type\":\"PropertyValueSpecification\",\"valueRequired\":true,\"valueName\":\"search_term_string\"}}],\"inLanguage\":\"pt-BR\"},{\"@type\":\"Person\",\"@id\":\"https:\/\/www.blogsoestado.com\/ruypalhano\/#\/schema\/person\/ef49e08ec3e742dec1682f34674f2c84\",\"name\":\"Ruy Palhano\",\"image\":{\"@type\":\"ImageObject\",\"inLanguage\":\"pt-BR\",\"@id\":\"https:\/\/www.blogsoestado.com\/ruypalhano\/#\/schema\/person\/image\/\",\"url\":\"https:\/\/secure.gravatar.com\/avatar\/d08170dc68d65048f069f40789786091e8b070aa02b0d2e514ddd0244c684a5a?s=96&d=mm&r=g\",\"contentUrl\":\"https:\/\/secure.gravatar.com\/avatar\/d08170dc68d65048f069f40789786091e8b070aa02b0d2e514ddd0244c684a5a?s=96&d=mm&r=g\",\"caption\":\"Ruy Palhano\"},\"url\":\"https:\/\/www.blogsoestado.com\/ruypalhano\/author\/ruypalhano\/\"}]}<\/script>\n<!-- \/ Yoast SEO plugin. -->","yoast_head_json":{"title":"Doen\u00e7a mental n\u00e3o \u00e9 um bicho de sete cabe\u00e7as - Ruy Palhano","robots":{"index":"index","follow":"follow","max-snippet":"max-snippet:-1","max-image-preview":"max-image-preview:large","max-video-preview":"max-video-preview:-1"},"canonical":"https:\/\/www.blogsoestado.com\/ruypalhano\/2021\/10\/02\/doenca-mental-nao-e-um-bicho-de-sete-cabecas\/","og_locale":"pt_BR","og_type":"article","og_title":"Doen\u00e7a mental n\u00e3o \u00e9 um bicho de sete cabe\u00e7as - Ruy Palhano","og_description":"&nbsp;&nbsp;&nbsp;&nbsp;&nbsp;&nbsp;&nbsp;&nbsp;&nbsp;&nbsp;&nbsp; Maluquice, m\u00e9dico de doido, fulano \u00e9 louco, essas s\u00e3o, entre tantas outras, express\u00f5es preconceituosas sobre as doen\u00e7as e os [&hellip;]","og_url":"https:\/\/www.blogsoestado.com\/ruypalhano\/2021\/10\/02\/doenca-mental-nao-e-um-bicho-de-sete-cabecas\/","og_site_name":"Ruy Palhano","article_published_time":"2021-10-02T22:38:34+00:00","author":"Ruy Palhano","twitter_card":"summary_large_image","twitter_misc":{"Escrito por":"Ruy Palhano","Est. tempo de leitura":"5 minutos"},"schema":{"@context":"https:\/\/schema.org","@graph":[{"@type":"WebPage","@id":"https:\/\/www.blogsoestado.com\/ruypalhano\/2021\/10\/02\/doenca-mental-nao-e-um-bicho-de-sete-cabecas\/","url":"https:\/\/www.blogsoestado.com\/ruypalhano\/2021\/10\/02\/doenca-mental-nao-e-um-bicho-de-sete-cabecas\/","name":"Doen\u00e7a mental n\u00e3o \u00e9 um bicho de sete cabe\u00e7as - Ruy Palhano","isPartOf":{"@id":"https:\/\/www.blogsoestado.com\/ruypalhano\/#website"},"datePublished":"2021-10-02T22:38:34+00:00","author":{"@id":"https:\/\/www.blogsoestado.com\/ruypalhano\/#\/schema\/person\/ef49e08ec3e742dec1682f34674f2c84"},"breadcrumb":{"@id":"https:\/\/www.blogsoestado.com\/ruypalhano\/2021\/10\/02\/doenca-mental-nao-e-um-bicho-de-sete-cabecas\/#breadcrumb"},"inLanguage":"pt-BR","potentialAction":[{"@type":"ReadAction","target":["https:\/\/www.blogsoestado.com\/ruypalhano\/2021\/10\/02\/doenca-mental-nao-e-um-bicho-de-sete-cabecas\/"]}]},{"@type":"BreadcrumbList","@id":"https:\/\/www.blogsoestado.com\/ruypalhano\/2021\/10\/02\/doenca-mental-nao-e-um-bicho-de-sete-cabecas\/#breadcrumb","itemListElement":[{"@type":"ListItem","position":1,"name":"In\u00edcio","item":"https:\/\/www.blogsoestado.com\/ruypalhano\/"},{"@type":"ListItem","position":2,"name":"Doen\u00e7a mental n\u00e3o \u00e9 um bicho de sete cabe\u00e7as"}]},{"@type":"WebSite","@id":"https:\/\/www.blogsoestado.com\/ruypalhano\/#website","url":"https:\/\/www.blogsoestado.com\/ruypalhano\/","name":"Ruy Palhano","description":"","potentialAction":[{"@type":"SearchAction","target":{"@type":"EntryPoint","urlTemplate":"https:\/\/www.blogsoestado.com\/ruypalhano\/?s={search_term_string}"},"query-input":{"@type":"PropertyValueSpecification","valueRequired":true,"valueName":"search_term_string"}}],"inLanguage":"pt-BR"},{"@type":"Person","@id":"https:\/\/www.blogsoestado.com\/ruypalhano\/#\/schema\/person\/ef49e08ec3e742dec1682f34674f2c84","name":"Ruy Palhano","image":{"@type":"ImageObject","inLanguage":"pt-BR","@id":"https:\/\/www.blogsoestado.com\/ruypalhano\/#\/schema\/person\/image\/","url":"https:\/\/secure.gravatar.com\/avatar\/d08170dc68d65048f069f40789786091e8b070aa02b0d2e514ddd0244c684a5a?s=96&d=mm&r=g","contentUrl":"https:\/\/secure.gravatar.com\/avatar\/d08170dc68d65048f069f40789786091e8b070aa02b0d2e514ddd0244c684a5a?s=96&d=mm&r=g","caption":"Ruy Palhano"},"url":"https:\/\/www.blogsoestado.com\/ruypalhano\/author\/ruypalhano\/"}]}},"jetpack_featured_media_url":"","_links":{"self":[{"href":"https:\/\/www.blogsoestado.com\/ruypalhano\/wp-json\/wp\/v2\/posts\/1318","targetHints":{"allow":["GET"]}}],"collection":[{"href":"https:\/\/www.blogsoestado.com\/ruypalhano\/wp-json\/wp\/v2\/posts"}],"about":[{"href":"https:\/\/www.blogsoestado.com\/ruypalhano\/wp-json\/wp\/v2\/types\/post"}],"author":[{"embeddable":true,"href":"https:\/\/www.blogsoestado.com\/ruypalhano\/wp-json\/wp\/v2\/users\/3"}],"replies":[{"embeddable":true,"href":"https:\/\/www.blogsoestado.com\/ruypalhano\/wp-json\/wp\/v2\/comments?post=1318"}],"version-history":[{"count":0,"href":"https:\/\/www.blogsoestado.com\/ruypalhano\/wp-json\/wp\/v2\/posts\/1318\/revisions"}],"wp:attachment":[{"href":"https:\/\/www.blogsoestado.com\/ruypalhano\/wp-json\/wp\/v2\/media?parent=1318"}],"wp:term":[{"taxonomy":"category","embeddable":true,"href":"https:\/\/www.blogsoestado.com\/ruypalhano\/wp-json\/wp\/v2\/categories?post=1318"},{"taxonomy":"post_tag","embeddable":true,"href":"https:\/\/www.blogsoestado.com\/ruypalhano\/wp-json\/wp\/v2\/tags?post=1318"}],"curies":[{"name":"wp","href":"https:\/\/api.w.org\/{rel}","templated":true}]}}