{"id":1332,"date":"2021-11-28T19:44:30","date_gmt":"2021-11-28T22:44:30","guid":{"rendered":"https:\/\/www.blogsoestado.com\/ruypalhano\/?p=1332"},"modified":"2021-11-28T19:44:30","modified_gmt":"2021-11-28T22:44:30","slug":"novos-paradigmas-o-cerebro-e-as-doencas-mentais","status":"publish","type":"post","link":"https:\/\/www.blogsoestado.com\/ruypalhano\/2021\/11\/28\/novos-paradigmas-o-cerebro-e-as-doencas-mentais\/","title":{"rendered":"Novos paradigmas, o c\u00e9rebro e as doen\u00e7as mentais"},"content":{"rendered":"\n<p><strong>&nbsp;&nbsp;&nbsp;&nbsp;&nbsp;&nbsp;&nbsp;&nbsp;&nbsp;&nbsp;&nbsp; <\/strong>A Psiquiatria, ao longo de sua hist\u00f3ria, sempre tentou localizar no c\u00e9rebro as origens das doen\u00e7as mentais ao ponto de, por muitos anos, esta especialidade ter sido designada como <strong><em>Neuropsiquiatria<\/em><\/strong>. As contribui\u00e7\u00f5es nesse sentido foram muitas, desde a possibilidade de identificar pontos no c\u00e9rebro respons\u00e1vel por esse ou aquele sintoma ou at\u00e9 mesmo explicar a totalidade das <strong><em>doen\u00e7as psiqui\u00e1tricas<\/em><\/strong>. Outras \u00e1reas do conhecimento, al\u00e9m da \u00e1rea medicina, propriamente dito, como a religi\u00e3o, a psicologia, a filosofia, a antropologia, trouxeram contribui\u00e7\u00f5es importantes no sentido de se explicar e se compreender as origens dessas doen\u00e7as.<\/p>\n\n\n\n<p>Na atualidade, com bases s\u00f3lidas nos atuais conhecimentos neurocient\u00edficos e baseadas em evid\u00eancias cl\u00ednicas e laboratoriais, descobriu-se que as doen\u00e7as mentais derivam de uma intricada rede de fatores, como os gen\u00e9ticos, a bioqu\u00edmica, a imunologia, a neurofisiologia, a neuroqu\u00edmica, o ambiente e as condi\u00e7\u00f5es sociais, que interligadas umas \u00e0s outras, colaboram para a express\u00e3o final do nosso equil\u00edbrio ou desequil\u00edbrio mental e emocional. Portanto, a sa\u00fade e a doen\u00e7a mental em \u00faltima an\u00e1lise decorrem do equil\u00edbrio desses distintos aspectos, relacionados aos comportamentos humanos.<\/p>\n\n\n\n<p>&nbsp;&nbsp;&nbsp;&nbsp;&nbsp;&nbsp;&nbsp;&nbsp;&nbsp;&nbsp;&nbsp; Portanto, qualquer fator que ocorra que seja suficientemente capaz de interceder com esse equil\u00edbrio din\u00e2mico ou disfuncionar essas atividades que se materializam no c\u00e9rebro, por menor que seja, s\u00e3o capazes de provocar respostas psicopatol\u00f3gicas ou transtornos psiqui\u00e1tricos e emocionais. H\u00e1, por outro lado, pessoas que herdam condi\u00e7\u00f5es geneticamente desfavor\u00e1veis, para o desenvolvimento de distintos tipos de doen\u00e7as mentais com gravidades vari\u00e1veis, s\u00e3o as chamadas <strong><em>doen\u00e7as mentais geneticamente determinadas<\/em><\/strong>. Por \u00faltimo, h\u00e1 um outro grupo de transtornos psiqui\u00e1tricos que s\u00e3o ocasionadas, predominantemente, por injun\u00e7\u00f5es sociais, ambientais e culturais, desfavor\u00e1veis, esses s\u00e3o designados de dist\u00farbios ou transtornos psicossociais.<\/p>\n\n\n\n<p>&nbsp;&nbsp;&nbsp;&nbsp;&nbsp;&nbsp;&nbsp;&nbsp;&nbsp;&nbsp;&nbsp; A vis\u00e3o atual, portanto, mostra que doen\u00e7a mental, seja qual for, nunca ser\u00e1 <strong><em>determinada por um \u00fanico fator<\/em><\/strong>, pois se originam de m\u00faltiplos fatores: ex\u00f3genos, end\u00f3genos, gen\u00e9ticos e\/ou ambientais sociais e culturais onde, em todas essas dimens\u00f5es, de forma isolada ou conjuntamente, exercer\u00e3o sua influ\u00eancia direta na origem dessas enfermidades.<\/p>\n\n\n\n<p>&nbsp;&nbsp;&nbsp;&nbsp;&nbsp;&nbsp;&nbsp;&nbsp;&nbsp;&nbsp;&nbsp; H\u00e1 um fato que devemos notar, nessa rede complexa de causas dessas doen\u00e7as, qual seja, em cada pessoa, portadora de uma doen\u00e7a mental, haver\u00e1 fatores preponderantes, uns sobre os outros em distintas propor\u00e7\u00f5es. Por exemplo, as doen\u00e7as psic\u00f3ticas, tais como esquizofrenia, transtorno afetivo-bipolar, os transtornos da personalidade, quadros delirantes e alucinat\u00f3rios e alguns tipos de sociopatias, as causas s\u00e3o, predominantemente gen\u00e9ticas, mesmo assim n\u00e3o se pode descartar a participa\u00e7\u00e3o de outros fatores, n\u00e3o gen\u00e9ticos, para o aparecimento de tais doen\u00e7as. &nbsp;Volto a dizer: <strong><em>n\u00e3o h\u00e1 uma causa \u00fanica que determine tais doen\u00e7as, v\u00e1rios fatores contribuem para seu aparecimento.<\/em><\/strong><\/p>\n\n\n\n<p><strong><em>&nbsp;&nbsp;&nbsp;&nbsp;&nbsp;&nbsp;&nbsp;&nbsp;&nbsp;&nbsp;&nbsp; <\/em><\/strong>Outras doen\u00e7as mentais, como os transtornos de ansiedade, S\u00edndrome de Burnout, Transtorno de Stress p\u00f3s-traum\u00e1tico e os diferentes tipos de stress, as depress\u00f5es situacionais, as angustias exist\u00eancias, que s\u00e3o bastante prevalentes na atualidade, s\u00e3o transtornos predominantemente situacionais, ambientais, sociais e culturais.<\/p>\n\n\n\n<p>&nbsp;&nbsp;&nbsp;&nbsp;&nbsp;&nbsp;&nbsp;&nbsp;&nbsp;&nbsp;&nbsp;&nbsp; Devido a isso, podemos afirmar com seguran\u00e7a, que a sociedade atual est\u00e1 enferma, mentalmente. As condi\u00e7\u00f5es gerais de vida da popula\u00e7\u00e3o, as inseguran\u00e7as porque passamos, as decep\u00e7\u00f5es na vida, a viol\u00eancia dom\u00e9stica, na cidade ou no campo, ou na vida urbana, o desamor, a falta de f\u00e9 e de compaix\u00e3o, os medos, a desconfian\u00e7a nas pessoas, tem favorecido para o surgimento de muitos problemas emocionais, psiqui\u00e1tricos e comportamentais, que tem como base esses conflitos pelos quais estamos passando nos dias atuais. E, a tend\u00eancia \u00e9 que esses transtornos se incrementem cada dia mais, por conta dos avan\u00e7os da tecnologia (redes sociais), a possibilidade de libera\u00e7\u00e3o de drogas (maconha e outras), as quest\u00f5es econ\u00f4micas e pol\u00edticas, as anomias do estilo de vida, etc. Todos esses indicadores conflitantes, de qualquer natureza: econ\u00f4micos, \u00e9ticos, pol\u00edticos e, sociais s\u00e3o fatores francamente desfavor\u00e1veis \u00e0 nossa sa\u00fade mental.<\/p>\n\n\n\n<p>&nbsp;&nbsp;&nbsp;&nbsp;&nbsp;&nbsp;&nbsp; Veja por exemplo, a quest\u00e3o do consumo de \u00e1lcool, tabaco e de outras drogas, que ocorre nos dias atuais. S\u00e3o condi\u00e7\u00f5es, absolutamente, insalubres que fatalmente colaboram para os \u00edndices assustadores de doentes mentais, suic\u00eddios, homic\u00eddios, feminic\u00eddios e muitas outras situa\u00e7\u00f5es negativas que vem ocorrendo na popula\u00e7\u00e3o em geral.<\/p>\n\n\n\n<p>&nbsp;&nbsp;&nbsp;&nbsp;&nbsp;&nbsp; &nbsp;Independentemente, de quais sejam os fatores predominantes, na etiopatogenia dessas enfermidades psiqui\u00e1tricas, h\u00e1 um denominador comum: <strong><em>eles se entrela\u00e7am e interagem uns com os outros para expressarem clinicamente a disfuncionalidade cerebral.<\/em><\/strong> O c\u00e9rebro \u00e9, portanto, a sede material dessas doen\u00e7as, pois \u00e9 l\u00e1 que se processa o desfeixe final, qui\u00e7\u00e1 inicial, desses transtornos. \u00c9 a partir do c\u00e9rebro que desenvolvemos nossa consci\u00eancia, nossos pensamentos, nossas emo\u00e7\u00f5es, nossos desejos, aspira\u00e7\u00f5es e julgamentos. A regula\u00e7\u00e3o e o equil\u00edbrio emocional, do humor da nossa mem\u00f3ria, do controle dos impulsos e das nossas rela\u00e7\u00f5es sociais dependem basicamente da atividade cerebral e das nossas rela\u00e7\u00f5es com os outros e com o mundo. Finalmente, o comportamento, personalidade, a percep\u00e7\u00e3o, a aten\u00e7\u00e3o, a cogni\u00e7\u00e3o e muitas outras fun\u00e7\u00f5es essenciais \u00e0 vida dependem da atividade do nosso c\u00e9rebro, ao ponto de. Em havendo disfun\u00e7\u00e3o do mesmo todas essas fun\u00e7\u00f5es e atividades se alterar\u00e3o.<\/p>\n\n\n\n<p>&nbsp;&nbsp;&nbsp;&nbsp;&nbsp;&nbsp;&nbsp;&nbsp;&nbsp;&nbsp; Por isso, \u00e9 que a cada dia se exorta a necessidade de protegermos e tratarmos nosso c\u00e9rebro com carinho, com zelo, oferecendo-lhe muitas atividades e exerc\u00edcios, sistem\u00e1ticos, pois s\u00f3 assim \u00e9 que iremos garantir nossa longevidade, nossa sa\u00fade f\u00edsica, mental e social. Semelhantemente, a outros \u00f3rg\u00e3os e sistemas biol\u00f3gicos humanos, o c\u00e9rebro tem que ser bem tratado, agredi-lo, sob qualquer forma, \u00e9 uma temeridade.<\/p>\n","protected":false},"excerpt":{"rendered":"<p>&nbsp;&nbsp;&nbsp;&nbsp;&nbsp;&nbsp;&nbsp;&nbsp;&nbsp;&nbsp;&nbsp; A Psiquiatria, ao longo de sua hist\u00f3ria, sempre tentou localizar no c\u00e9rebro as origens das doen\u00e7as mentais ao ponto [&hellip;]<\/p>\n","protected":false},"author":3,"featured_media":0,"comment_status":"open","ping_status":"open","sticky":false,"template":"","format":"standard","meta":{"site-sidebar-layout":"default","site-content-layout":"","ast-site-content-layout":"default","site-content-style":"default","site-sidebar-style":"default","ast-global-header-display":"","ast-banner-title-visibility":"","ast-main-header-display":"","ast-hfb-above-header-display":"","ast-hfb-below-header-display":"","ast-hfb-mobile-header-display":"","site-post-title":"","ast-breadcrumbs-content":"","ast-featured-img":"","footer-sml-layout":"","ast-disable-related-posts":"","theme-transparent-header-meta":"","adv-header-id-meta":"","stick-header-meta":"","header-above-stick-meta":"","header-main-stick-meta":"","header-below-stick-meta":"","astra-migrate-meta-layouts":"default","ast-page-background-enabled":"default","ast-page-background-meta":{"desktop":{"background-color":"var(--ast-global-color-5)","background-image":"","background-repeat":"repeat","background-position":"center center","background-size":"auto","background-attachment":"scroll","background-type":"","background-media":"","overlay-type":"","overlay-color":"","overlay-opacity":"","overlay-gradient":""},"tablet":{"background-color":"","background-image":"","background-repeat":"repeat","background-position":"center center","background-size":"auto","background-attachment":"scroll","background-type":"","background-media":"","overlay-type":"","overlay-color":"","overlay-opacity":"","overlay-gradient":""},"mobile":{"background-color":"","background-image":"","background-repeat":"repeat","background-position":"center center","background-size":"auto","background-attachment":"scroll","background-type":"","background-media":"","overlay-type":"","overlay-color":"","overlay-opacity":"","overlay-gradient":""}},"ast-content-background-meta":{"desktop":{"background-color":"var(--ast-global-color-4)","background-image":"","background-repeat":"repeat","background-position":"center center","background-size":"auto","background-attachment":"scroll","background-type":"","background-media":"","overlay-type":"","overlay-color":"","overlay-opacity":"","overlay-gradient":""},"tablet":{"background-color":"var(--ast-global-color-4)","background-image":"","background-repeat":"repeat","background-position":"center center","background-size":"auto","background-attachment":"scroll","background-type":"","background-media":"","overlay-type":"","overlay-color":"","overlay-opacity":"","overlay-gradient":""},"mobile":{"background-color":"var(--ast-global-color-4)","background-image":"","background-repeat":"repeat","background-position":"center center","background-size":"auto","background-attachment":"scroll","background-type":"","background-media":"","overlay-type":"","overlay-color":"","overlay-opacity":"","overlay-gradient":""}},"footnotes":""},"categories":[1],"tags":[],"class_list":["post-1332","post","type-post","status-publish","format-standard","hentry","category-sem-categoria"],"yoast_head":"<!-- This site is optimized with the Yoast SEO plugin v26.6 - https:\/\/yoast.com\/wordpress\/plugins\/seo\/ -->\n<title>Novos paradigmas, o c\u00e9rebro e as doen\u00e7as mentais - Ruy Palhano<\/title>\n<meta name=\"robots\" content=\"index, follow, max-snippet:-1, max-image-preview:large, max-video-preview:-1\" \/>\n<link rel=\"canonical\" href=\"https:\/\/www.blogsoestado.com\/ruypalhano\/2021\/11\/28\/novos-paradigmas-o-cerebro-e-as-doencas-mentais\/\" \/>\n<meta property=\"og:locale\" content=\"pt_BR\" \/>\n<meta property=\"og:type\" content=\"article\" \/>\n<meta property=\"og:title\" content=\"Novos paradigmas, o c\u00e9rebro e as doen\u00e7as mentais - Ruy Palhano\" \/>\n<meta property=\"og:description\" content=\"&nbsp;&nbsp;&nbsp;&nbsp;&nbsp;&nbsp;&nbsp;&nbsp;&nbsp;&nbsp;&nbsp; A Psiquiatria, ao longo de sua hist\u00f3ria, sempre tentou localizar no c\u00e9rebro as origens das doen\u00e7as mentais ao ponto [&hellip;]\" \/>\n<meta property=\"og:url\" content=\"https:\/\/www.blogsoestado.com\/ruypalhano\/2021\/11\/28\/novos-paradigmas-o-cerebro-e-as-doencas-mentais\/\" \/>\n<meta property=\"og:site_name\" content=\"Ruy Palhano\" \/>\n<meta property=\"article:published_time\" content=\"2021-11-28T22:44:30+00:00\" \/>\n<meta name=\"author\" content=\"Ruy Palhano\" \/>\n<meta name=\"twitter:card\" content=\"summary_large_image\" \/>\n<meta name=\"twitter:label1\" content=\"Escrito por\" \/>\n\t<meta name=\"twitter:data1\" content=\"Ruy Palhano\" \/>\n\t<meta name=\"twitter:label2\" content=\"Est. tempo de leitura\" \/>\n\t<meta name=\"twitter:data2\" content=\"4 minutos\" \/>\n<script type=\"application\/ld+json\" class=\"yoast-schema-graph\">{\"@context\":\"https:\/\/schema.org\",\"@graph\":[{\"@type\":\"WebPage\",\"@id\":\"https:\/\/www.blogsoestado.com\/ruypalhano\/2021\/11\/28\/novos-paradigmas-o-cerebro-e-as-doencas-mentais\/\",\"url\":\"https:\/\/www.blogsoestado.com\/ruypalhano\/2021\/11\/28\/novos-paradigmas-o-cerebro-e-as-doencas-mentais\/\",\"name\":\"Novos paradigmas, o c\u00e9rebro e as doen\u00e7as mentais - Ruy Palhano\",\"isPartOf\":{\"@id\":\"https:\/\/www.blogsoestado.com\/ruypalhano\/#website\"},\"datePublished\":\"2021-11-28T22:44:30+00:00\",\"author\":{\"@id\":\"https:\/\/www.blogsoestado.com\/ruypalhano\/#\/schema\/person\/ef49e08ec3e742dec1682f34674f2c84\"},\"breadcrumb\":{\"@id\":\"https:\/\/www.blogsoestado.com\/ruypalhano\/2021\/11\/28\/novos-paradigmas-o-cerebro-e-as-doencas-mentais\/#breadcrumb\"},\"inLanguage\":\"pt-BR\",\"potentialAction\":[{\"@type\":\"ReadAction\",\"target\":[\"https:\/\/www.blogsoestado.com\/ruypalhano\/2021\/11\/28\/novos-paradigmas-o-cerebro-e-as-doencas-mentais\/\"]}]},{\"@type\":\"BreadcrumbList\",\"@id\":\"https:\/\/www.blogsoestado.com\/ruypalhano\/2021\/11\/28\/novos-paradigmas-o-cerebro-e-as-doencas-mentais\/#breadcrumb\",\"itemListElement\":[{\"@type\":\"ListItem\",\"position\":1,\"name\":\"In\u00edcio\",\"item\":\"https:\/\/www.blogsoestado.com\/ruypalhano\/\"},{\"@type\":\"ListItem\",\"position\":2,\"name\":\"Novos paradigmas, o c\u00e9rebro e as doen\u00e7as mentais\"}]},{\"@type\":\"WebSite\",\"@id\":\"https:\/\/www.blogsoestado.com\/ruypalhano\/#website\",\"url\":\"https:\/\/www.blogsoestado.com\/ruypalhano\/\",\"name\":\"Ruy Palhano\",\"description\":\"\",\"potentialAction\":[{\"@type\":\"SearchAction\",\"target\":{\"@type\":\"EntryPoint\",\"urlTemplate\":\"https:\/\/www.blogsoestado.com\/ruypalhano\/?s={search_term_string}\"},\"query-input\":{\"@type\":\"PropertyValueSpecification\",\"valueRequired\":true,\"valueName\":\"search_term_string\"}}],\"inLanguage\":\"pt-BR\"},{\"@type\":\"Person\",\"@id\":\"https:\/\/www.blogsoestado.com\/ruypalhano\/#\/schema\/person\/ef49e08ec3e742dec1682f34674f2c84\",\"name\":\"Ruy Palhano\",\"image\":{\"@type\":\"ImageObject\",\"inLanguage\":\"pt-BR\",\"@id\":\"https:\/\/www.blogsoestado.com\/ruypalhano\/#\/schema\/person\/image\/\",\"url\":\"https:\/\/secure.gravatar.com\/avatar\/d08170dc68d65048f069f40789786091e8b070aa02b0d2e514ddd0244c684a5a?s=96&d=mm&r=g\",\"contentUrl\":\"https:\/\/secure.gravatar.com\/avatar\/d08170dc68d65048f069f40789786091e8b070aa02b0d2e514ddd0244c684a5a?s=96&d=mm&r=g\",\"caption\":\"Ruy Palhano\"},\"url\":\"https:\/\/www.blogsoestado.com\/ruypalhano\/author\/ruypalhano\/\"}]}<\/script>\n<!-- \/ Yoast SEO plugin. -->","yoast_head_json":{"title":"Novos paradigmas, o c\u00e9rebro e as doen\u00e7as mentais - Ruy Palhano","robots":{"index":"index","follow":"follow","max-snippet":"max-snippet:-1","max-image-preview":"max-image-preview:large","max-video-preview":"max-video-preview:-1"},"canonical":"https:\/\/www.blogsoestado.com\/ruypalhano\/2021\/11\/28\/novos-paradigmas-o-cerebro-e-as-doencas-mentais\/","og_locale":"pt_BR","og_type":"article","og_title":"Novos paradigmas, o c\u00e9rebro e as doen\u00e7as mentais - Ruy Palhano","og_description":"&nbsp;&nbsp;&nbsp;&nbsp;&nbsp;&nbsp;&nbsp;&nbsp;&nbsp;&nbsp;&nbsp; A Psiquiatria, ao longo de sua hist\u00f3ria, sempre tentou localizar no c\u00e9rebro as origens das doen\u00e7as mentais ao ponto [&hellip;]","og_url":"https:\/\/www.blogsoestado.com\/ruypalhano\/2021\/11\/28\/novos-paradigmas-o-cerebro-e-as-doencas-mentais\/","og_site_name":"Ruy Palhano","article_published_time":"2021-11-28T22:44:30+00:00","author":"Ruy Palhano","twitter_card":"summary_large_image","twitter_misc":{"Escrito por":"Ruy Palhano","Est. tempo de leitura":"4 minutos"},"schema":{"@context":"https:\/\/schema.org","@graph":[{"@type":"WebPage","@id":"https:\/\/www.blogsoestado.com\/ruypalhano\/2021\/11\/28\/novos-paradigmas-o-cerebro-e-as-doencas-mentais\/","url":"https:\/\/www.blogsoestado.com\/ruypalhano\/2021\/11\/28\/novos-paradigmas-o-cerebro-e-as-doencas-mentais\/","name":"Novos paradigmas, o c\u00e9rebro e as doen\u00e7as mentais - Ruy Palhano","isPartOf":{"@id":"https:\/\/www.blogsoestado.com\/ruypalhano\/#website"},"datePublished":"2021-11-28T22:44:30+00:00","author":{"@id":"https:\/\/www.blogsoestado.com\/ruypalhano\/#\/schema\/person\/ef49e08ec3e742dec1682f34674f2c84"},"breadcrumb":{"@id":"https:\/\/www.blogsoestado.com\/ruypalhano\/2021\/11\/28\/novos-paradigmas-o-cerebro-e-as-doencas-mentais\/#breadcrumb"},"inLanguage":"pt-BR","potentialAction":[{"@type":"ReadAction","target":["https:\/\/www.blogsoestado.com\/ruypalhano\/2021\/11\/28\/novos-paradigmas-o-cerebro-e-as-doencas-mentais\/"]}]},{"@type":"BreadcrumbList","@id":"https:\/\/www.blogsoestado.com\/ruypalhano\/2021\/11\/28\/novos-paradigmas-o-cerebro-e-as-doencas-mentais\/#breadcrumb","itemListElement":[{"@type":"ListItem","position":1,"name":"In\u00edcio","item":"https:\/\/www.blogsoestado.com\/ruypalhano\/"},{"@type":"ListItem","position":2,"name":"Novos paradigmas, o c\u00e9rebro e as doen\u00e7as mentais"}]},{"@type":"WebSite","@id":"https:\/\/www.blogsoestado.com\/ruypalhano\/#website","url":"https:\/\/www.blogsoestado.com\/ruypalhano\/","name":"Ruy Palhano","description":"","potentialAction":[{"@type":"SearchAction","target":{"@type":"EntryPoint","urlTemplate":"https:\/\/www.blogsoestado.com\/ruypalhano\/?s={search_term_string}"},"query-input":{"@type":"PropertyValueSpecification","valueRequired":true,"valueName":"search_term_string"}}],"inLanguage":"pt-BR"},{"@type":"Person","@id":"https:\/\/www.blogsoestado.com\/ruypalhano\/#\/schema\/person\/ef49e08ec3e742dec1682f34674f2c84","name":"Ruy Palhano","image":{"@type":"ImageObject","inLanguage":"pt-BR","@id":"https:\/\/www.blogsoestado.com\/ruypalhano\/#\/schema\/person\/image\/","url":"https:\/\/secure.gravatar.com\/avatar\/d08170dc68d65048f069f40789786091e8b070aa02b0d2e514ddd0244c684a5a?s=96&d=mm&r=g","contentUrl":"https:\/\/secure.gravatar.com\/avatar\/d08170dc68d65048f069f40789786091e8b070aa02b0d2e514ddd0244c684a5a?s=96&d=mm&r=g","caption":"Ruy Palhano"},"url":"https:\/\/www.blogsoestado.com\/ruypalhano\/author\/ruypalhano\/"}]}},"jetpack_featured_media_url":"","_links":{"self":[{"href":"https:\/\/www.blogsoestado.com\/ruypalhano\/wp-json\/wp\/v2\/posts\/1332","targetHints":{"allow":["GET"]}}],"collection":[{"href":"https:\/\/www.blogsoestado.com\/ruypalhano\/wp-json\/wp\/v2\/posts"}],"about":[{"href":"https:\/\/www.blogsoestado.com\/ruypalhano\/wp-json\/wp\/v2\/types\/post"}],"author":[{"embeddable":true,"href":"https:\/\/www.blogsoestado.com\/ruypalhano\/wp-json\/wp\/v2\/users\/3"}],"replies":[{"embeddable":true,"href":"https:\/\/www.blogsoestado.com\/ruypalhano\/wp-json\/wp\/v2\/comments?post=1332"}],"version-history":[{"count":0,"href":"https:\/\/www.blogsoestado.com\/ruypalhano\/wp-json\/wp\/v2\/posts\/1332\/revisions"}],"wp:attachment":[{"href":"https:\/\/www.blogsoestado.com\/ruypalhano\/wp-json\/wp\/v2\/media?parent=1332"}],"wp:term":[{"taxonomy":"category","embeddable":true,"href":"https:\/\/www.blogsoestado.com\/ruypalhano\/wp-json\/wp\/v2\/categories?post=1332"},{"taxonomy":"post_tag","embeddable":true,"href":"https:\/\/www.blogsoestado.com\/ruypalhano\/wp-json\/wp\/v2\/tags?post=1332"}],"curies":[{"name":"wp","href":"https:\/\/api.w.org\/{rel}","templated":true}]}}