{"id":1350,"date":"2022-11-26T10:32:16","date_gmt":"2022-11-26T13:32:16","guid":{"rendered":"https:\/\/www.blogsoestado.com\/ruypalhano\/?p=1350"},"modified":"2022-11-26T10:32:16","modified_gmt":"2022-11-26T13:32:16","slug":"os-cidios-da-vida-moderna","status":"publish","type":"post","link":"https:\/\/www.blogsoestado.com\/ruypalhano\/2022\/11\/26\/os-cidios-da-vida-moderna\/","title":{"rendered":"Os \u201cc\u00eddios\u201d da vida moderna"},"content":{"rendered":"\n<p>\u00a0\u00a0\u00a0\u00a0\u00a0\u00a0\u00a0\u00a0\u00a0\u00a0\u00a0\u00a0<\/p>\n\n\n\n<p>&nbsp; &nbsp;&nbsp;&nbsp;&nbsp;&nbsp;&nbsp;&nbsp;&nbsp;&nbsp;&nbsp;&nbsp;&nbsp;&nbsp;&nbsp;&nbsp;Homic\u00eddios, suic\u00eddios, feminic\u00eddios, filic\u00eddios, parric\u00eddios, infantic\u00eddios passaram a ser ocorr\u00eancias regulares anunciadas nos grandes noticiosos locais e nacionais. S\u00e3o comportamentos, em geral criminosos, em que o sufixo \u201cc\u00eddio\u201d ou \u201ccida\u201d, de origem latina <em>caedere,<\/em> significa \u201cmatar, imolar, derrubar\u201d e, ao se justapor a cada palavra, especificamente, define o significado de cada uma dessas atitudes.<\/p>\n\n\n\n<p>&nbsp;&nbsp;&nbsp;&nbsp;&nbsp;&nbsp;&nbsp; Atualmente, raros s\u00e3o os dias em que n\u00e3o se ouve not\u00edcias sobre esses acontecimentos. Al\u00e9m do mais, o que mais nos chama aten\u00e7\u00e3o \u00e9 que essas ocorr\u00eancias s\u00e3o revestidas de muita perversidade, crueldade e impiedade inomin\u00e1veis.<\/p>\n\n\n\n<p>&nbsp;&nbsp;&nbsp;&nbsp;&nbsp;&nbsp;&nbsp;&nbsp;&nbsp;&nbsp;&nbsp;&nbsp;&nbsp;&nbsp;&nbsp;&nbsp; O feminic\u00eddio, por exemplo, apesar de ser um crime hediondo e chocante, do ponto de vista human\u00edstico e antropol\u00f3gico-social, est\u00e1 entre os mais comumente praticados e anunciados nas m\u00eddias nacionais. Infelizmente um n\u00famero grande de mulheres, adolescentes, jovens, adultas e crian\u00e7as s\u00e3o submetidas a alguma forma de tortura ou viol\u00eancia em nosso pa\u00eds: ass\u00e9dios, explora\u00e7\u00e3o sexual, estupro, viol\u00eancia psicol\u00f3gica, agress\u00f5es sociais ou dom\u00e9sticas praticadas por parceiros ou familiares ou terceiros. A viol\u00eancia de g\u00eanero, outro crime recorrente, se perpetua nos espa\u00e7os p\u00fablicos e privados, encontrando nos assassinatos a sua express\u00e3o maior entre todas essas barbaridades.<\/p>\n\n\n\n<p>&nbsp;&nbsp; &nbsp;&nbsp;&nbsp;&nbsp;&nbsp;&nbsp;&nbsp;&nbsp;&nbsp;&nbsp;&nbsp;&nbsp;&nbsp;&nbsp;&nbsp;O documento <strong><em>\u201cDossi\u00ea Feminic\u00eddio\u201d,<\/em><\/strong> do Instituto Patr\u00edcia Galv\u00e3o, informa que ocorre em nosso pa\u00eds um estupro a cada 11 minutos, que uma mulher \u00e9 assinada a cada 2 horas, que 503 mulheres s\u00e3o v\u00edtimas de agress\u00e3o a cada horas, que 5 mulheres s\u00e3o espancadas a cada dois minutos. S\u00e3o n\u00fameros inaceit\u00e1veis, que mostram o tamanho e a gravidade desse problema.<\/p>\n\n\n\n<p>&nbsp;&nbsp;&nbsp;&nbsp;&nbsp;&nbsp;&nbsp;&nbsp; O Brasil \u00e9 o 5\u00ba pa\u00eds no ranking internacional de homic\u00eddios de mulheres. Constata-se, ainda, que a viol\u00eancia dom\u00e9stica fatal \u00e9 praticada com requintes de crueldade. Homic\u00eddios de mulheres negras aumentaram 54% em 10 anos e as mulheres jovens correm mais risco de serem assassinadas.<\/p>\n\n\n\n<p>&nbsp;&nbsp;&nbsp;&nbsp;&nbsp;&nbsp;&nbsp;&nbsp;&nbsp;&nbsp;&nbsp; As taxas de suic\u00eddios, outra ocorr\u00eancia lament\u00e1vel entre n\u00f3s, aumentaram nos \u00faltimos anos. S\u00e3o praticados 114 mil suic\u00eddios, anualmente, em nosso pa\u00eds. E o mais preocupante \u00e9 que os maiores \u00edndices de suic\u00eddio ocorreram entre 14 e 29 anos de idade, mortes essas que ocorreram no apogeu da juventude, da capacidade laborativa e do esplendor da vida. Sobre os homic\u00eddios, s\u00e3o tamb\u00e9m graves e elevadas as taxas em nosso territ\u00f3rio nacional. Atingiu-se o \u00edndice de 20.126 assassinatos, por ano, segundo o Mapa da Viol\u00eancia em 2021.<\/p>\n\n\n\n<p>&nbsp;&nbsp;&nbsp;&nbsp;&nbsp;&nbsp;&nbsp;&nbsp;&nbsp;&nbsp;&nbsp;&nbsp;&nbsp;&nbsp;&nbsp;&nbsp;&nbsp; Por serem diferentes tipos de crimes, esses fen\u00f4menos, do ponto de vista da justi\u00e7a, da moral e psicossocial, t\u00eam diferentes formas de interpreta\u00e7\u00e3o e manejo. Por outro lado, sabe-se que se trata, realmente, de comportamentos altamente complexos, desumanos e reprovados em todos os sentidos. S\u00e3o comportamentos e atitudes baseadas em m\u00faltiplas causalidades, considerando-se a complexidade e motivacionalidade de cada um deles.<\/p>\n\n\n\n<p>&nbsp;&nbsp;&nbsp;&nbsp;&nbsp;&nbsp;&nbsp;&nbsp;&nbsp;&nbsp;&nbsp;&nbsp;&nbsp; &nbsp;&nbsp;&nbsp;&nbsp;O suic\u00eddio, o homic\u00eddio, feminic\u00eddio, etc, n\u00e3o poderiam ser explicados por um \u00fanico fator, por mais significantes que possam parecer. Da mesma forma, filic\u00eddios ou parric\u00eddios, todos do ponto de vista fenomenol\u00f3gico, ter\u00e3o ocasionados por m\u00faltiplos fatores causais, os quais justapostos, colaborar\u00e3o para suas express\u00f5es finais. A diversidade de fatores causais e a preponder\u00e2ncia de cada um \u00e9 que resultar\u00e3o na express\u00e3o dessas atitudes e conferir\u00e3o a dimens\u00e3o ultracomplexa e epifenom\u00eanica a esses comportamentos criminosos.<\/p>\n\n\n\n<p>&nbsp;&nbsp;&nbsp;&nbsp;&nbsp;&nbsp;&nbsp;&nbsp;&nbsp;&nbsp;&nbsp;&nbsp; &nbsp;&nbsp;&nbsp;Na perspectiva dessa complexidade motivacional criminog\u00eanica, destacaria como um importante aspecto o transtorno mental, em que fatores psicopatol\u00f3gicos graves podem colaborar para a materialidade desses comportamentos. A crueldade, a perversidade e a brutalidade com que esses crimes ocorrem s\u00e3o chocantes e quando associados \u00e0 frieza emocional, ao indiferentismo, \u00e0 aus\u00eancia de piedade, de culpa ou remorso do praticante, confirmam que os mesmos s\u00e3o, preponderantemente, baseados ou influenciados por fatores associados a transtornos psiqui\u00e1tricos ou comportamentais, com graus distintos de gravidade psicopatol\u00f3gicas, t\u00e3o bem descritas pela Psiquiatria Forense.<\/p>\n\n\n\n<p>&nbsp;&nbsp;&nbsp;&nbsp;&nbsp;&nbsp;&nbsp;&nbsp;&nbsp;&nbsp;&nbsp;&nbsp;&nbsp;&nbsp;&nbsp;&nbsp; Ao mesmo tempo, n\u00e3o podemos desconsiderar que outros fatores psicodin\u00e2micos, socioecon\u00f4micos e comportamentais, podem, de forma estrutural ou conjuntural, influenciar, decisivamente, a express\u00e3o final esses \u201cc\u00eddios\u201d.&nbsp; A pobreza, a falta de emprego, falta de habita\u00e7\u00e3o condigna, o acesso precarizado ao ensino e a educa\u00e7\u00e3o, as restri\u00e7\u00f5es alimentares, a fome, a falta de lazer, de ocupa\u00e7\u00e3o, de atividades sociais e l\u00fadicas, o uso de \u00e1lcool e de outras drogas, as desigualdades sociais, s\u00e3o todos fatores, absolutamente relevantes que podem estar nas bases desses fen\u00f4menos criminog\u00eanicos. As quest\u00f5es pol\u00edticas, as injusti\u00e7as sociais, as discrimina\u00e7\u00f5es de ra\u00e7a e g\u00eanero, os preconceitos podem tamb\u00e9m ser fatores relevantes para influenciar, sobremaneira, tais comportamentos abomin\u00e1veis.<\/p>\n\n\n\n<p>&nbsp;&nbsp;&nbsp;&nbsp;&nbsp;&nbsp;&nbsp;&nbsp;&nbsp;&nbsp;&nbsp;&nbsp;&nbsp;&nbsp;&nbsp;&nbsp;&nbsp; Na realidade, vivemos em um momento complicado de nossa hist\u00f3ria. Paradoxalmente a toda evolu\u00e7\u00e3o que alcan\u00e7amos nas \u00faltimas d\u00e9cadas, vive-se, predominantemente, sob a \u00e9gide do \u00f3dio, da indiferen\u00e7a aos outros e da inseguran\u00e7a social e pessoal. Esses fatos, justapostos, influenciam negativamente a vida e o bem-estar da popula\u00e7\u00e3o.<\/p>\n\n\n\n<p>&nbsp;&nbsp;&nbsp;&nbsp;&nbsp;&nbsp;&nbsp;&nbsp;&nbsp;&nbsp;&nbsp;&nbsp;&nbsp;&nbsp;&nbsp;&nbsp;&nbsp;&nbsp; O \u00f3dio \u00e9 um dos ingredientes altamente presentes nos \u201cc\u00eddios\u201d da vida moderna. Discurso de \u00f3dio, crime de \u00f3dio, rea\u00e7\u00f5es de \u00f3dio, conflitos por \u00f3dio, essas s\u00e3o express\u00f5es frequentemente anunciadas na grande m\u00eddia nacional. S\u00e3o comportamentos ou rea\u00e7\u00f5es descontroladas e avassaladoras de f\u00faria de muitas pessoas.<\/p>\n\n\n\n<p>&nbsp;&nbsp;&nbsp;&nbsp;&nbsp;&nbsp;&nbsp;&nbsp;&nbsp;&nbsp;&nbsp;&nbsp; Na realidade, o \u00f3dio \u00e9 um sentimento devastador, uma rea\u00e7\u00e3o explosiva emocional, e uma das mais repudiadas rea\u00e7\u00f5es humanas, por isso mesmo, condenada por todos. O \u00f3dio causa repulsa, avers\u00e3o e medo. Do ponto de vista pessoal, moral e social \u00e9 uma rea\u00e7\u00e3o abomin\u00e1vel. Est\u00e1 intrinsecamente inserido no amplo repert\u00f3rio das rea\u00e7\u00f5es afetivas humanas, e entre as mais antigas em nosso desenvolvimento filo e ontogen\u00e9tico. Pode-se perceber sua manifesta\u00e7\u00e3o em todas as etapas do desenvolvimento humano. As manifesta\u00e7\u00f5es de \u00f3dio est\u00e3o na base da viol\u00eancia social, dos graves conflitos interpessoais, pol\u00edticos, familiares, no trabalho, nos neg\u00f3cios, nas rela\u00e7\u00f5es internacionais, podendo favorecer o cometimento de uma variedade enormes de crimes.<\/p>\n","protected":false},"excerpt":{"rendered":"<p>\u00a0\u00a0\u00a0\u00a0\u00a0\u00a0\u00a0\u00a0\u00a0\u00a0\u00a0\u00a0 &nbsp; &nbsp;&nbsp;&nbsp;&nbsp;&nbsp;&nbsp;&nbsp;&nbsp;&nbsp;&nbsp;&nbsp;&nbsp;&nbsp;&nbsp;&nbsp;Homic\u00eddios, suic\u00eddios, feminic\u00eddios, filic\u00eddios, parric\u00eddios, infantic\u00eddios passaram a ser ocorr\u00eancias regulares anunciadas nos grandes noticiosos locais e nacionais. [&hellip;]<\/p>\n","protected":false},"author":3,"featured_media":0,"comment_status":"open","ping_status":"open","sticky":false,"template":"","format":"standard","meta":{"site-sidebar-layout":"default","site-content-layout":"","ast-site-content-layout":"default","site-content-style":"default","site-sidebar-style":"default","ast-global-header-display":"","ast-banner-title-visibility":"","ast-main-header-display":"","ast-hfb-above-header-display":"","ast-hfb-below-header-display":"","ast-hfb-mobile-header-display":"","site-post-title":"","ast-breadcrumbs-content":"","ast-featured-img":"","footer-sml-layout":"","ast-disable-related-posts":"","theme-transparent-header-meta":"","adv-header-id-meta":"","stick-header-meta":"","header-above-stick-meta":"","header-main-stick-meta":"","header-below-stick-meta":"","astra-migrate-meta-layouts":"default","ast-page-background-enabled":"default","ast-page-background-meta":{"desktop":{"background-color":"var(--ast-global-color-5)","background-image":"","background-repeat":"repeat","background-position":"center center","background-size":"auto","background-attachment":"scroll","background-type":"","background-media":"","overlay-type":"","overlay-color":"","overlay-opacity":"","overlay-gradient":""},"tablet":{"background-color":"","background-image":"","background-repeat":"repeat","background-position":"center center","background-size":"auto","background-attachment":"scroll","background-type":"","background-media":"","overlay-type":"","overlay-color":"","overlay-opacity":"","overlay-gradient":""},"mobile":{"background-color":"","background-image":"","background-repeat":"repeat","background-position":"center center","background-size":"auto","background-attachment":"scroll","background-type":"","background-media":"","overlay-type":"","overlay-color":"","overlay-opacity":"","overlay-gradient":""}},"ast-content-background-meta":{"desktop":{"background-color":"var(--ast-global-color-4)","background-image":"","background-repeat":"repeat","background-position":"center center","background-size":"auto","background-attachment":"scroll","background-type":"","background-media":"","overlay-type":"","overlay-color":"","overlay-opacity":"","overlay-gradient":""},"tablet":{"background-color":"var(--ast-global-color-4)","background-image":"","background-repeat":"repeat","background-position":"center center","background-size":"auto","background-attachment":"scroll","background-type":"","background-media":"","overlay-type":"","overlay-color":"","overlay-opacity":"","overlay-gradient":""},"mobile":{"background-color":"var(--ast-global-color-4)","background-image":"","background-repeat":"repeat","background-position":"center center","background-size":"auto","background-attachment":"scroll","background-type":"","background-media":"","overlay-type":"","overlay-color":"","overlay-opacity":"","overlay-gradient":""}},"footnotes":""},"categories":[1],"tags":[],"class_list":["post-1350","post","type-post","status-publish","format-standard","hentry","category-sem-categoria"],"yoast_head":"<!-- This site is optimized with the Yoast SEO plugin v26.6 - https:\/\/yoast.com\/wordpress\/plugins\/seo\/ -->\n<title>Os \u201cc\u00eddios\u201d da vida moderna - Ruy Palhano<\/title>\n<meta name=\"robots\" content=\"index, follow, max-snippet:-1, max-image-preview:large, max-video-preview:-1\" \/>\n<link rel=\"canonical\" href=\"https:\/\/www.blogsoestado.com\/ruypalhano\/2022\/11\/26\/os-cidios-da-vida-moderna\/\" \/>\n<meta property=\"og:locale\" content=\"pt_BR\" \/>\n<meta property=\"og:type\" content=\"article\" \/>\n<meta property=\"og:title\" content=\"Os \u201cc\u00eddios\u201d da vida moderna - Ruy Palhano\" \/>\n<meta property=\"og:description\" content=\"\u00a0\u00a0\u00a0\u00a0\u00a0\u00a0\u00a0\u00a0\u00a0\u00a0\u00a0\u00a0 &nbsp; &nbsp;&nbsp;&nbsp;&nbsp;&nbsp;&nbsp;&nbsp;&nbsp;&nbsp;&nbsp;&nbsp;&nbsp;&nbsp;&nbsp;&nbsp;Homic\u00eddios, suic\u00eddios, feminic\u00eddios, filic\u00eddios, parric\u00eddios, infantic\u00eddios passaram a ser ocorr\u00eancias regulares anunciadas nos grandes noticiosos locais e nacionais. [&hellip;]\" \/>\n<meta property=\"og:url\" content=\"https:\/\/www.blogsoestado.com\/ruypalhano\/2022\/11\/26\/os-cidios-da-vida-moderna\/\" \/>\n<meta property=\"og:site_name\" content=\"Ruy Palhano\" \/>\n<meta property=\"article:published_time\" content=\"2022-11-26T13:32:16+00:00\" \/>\n<meta name=\"author\" content=\"Ruy Palhano\" \/>\n<meta name=\"twitter:card\" content=\"summary_large_image\" \/>\n<meta name=\"twitter:label1\" content=\"Escrito por\" \/>\n\t<meta name=\"twitter:data1\" content=\"Ruy Palhano\" \/>\n\t<meta name=\"twitter:label2\" content=\"Est. tempo de leitura\" \/>\n\t<meta name=\"twitter:data2\" content=\"5 minutos\" \/>\n<script type=\"application\/ld+json\" class=\"yoast-schema-graph\">{\"@context\":\"https:\/\/schema.org\",\"@graph\":[{\"@type\":\"WebPage\",\"@id\":\"https:\/\/www.blogsoestado.com\/ruypalhano\/2022\/11\/26\/os-cidios-da-vida-moderna\/\",\"url\":\"https:\/\/www.blogsoestado.com\/ruypalhano\/2022\/11\/26\/os-cidios-da-vida-moderna\/\",\"name\":\"Os \u201cc\u00eddios\u201d da vida moderna - Ruy Palhano\",\"isPartOf\":{\"@id\":\"https:\/\/www.blogsoestado.com\/ruypalhano\/#website\"},\"datePublished\":\"2022-11-26T13:32:16+00:00\",\"author\":{\"@id\":\"https:\/\/www.blogsoestado.com\/ruypalhano\/#\/schema\/person\/ef49e08ec3e742dec1682f34674f2c84\"},\"breadcrumb\":{\"@id\":\"https:\/\/www.blogsoestado.com\/ruypalhano\/2022\/11\/26\/os-cidios-da-vida-moderna\/#breadcrumb\"},\"inLanguage\":\"pt-BR\",\"potentialAction\":[{\"@type\":\"ReadAction\",\"target\":[\"https:\/\/www.blogsoestado.com\/ruypalhano\/2022\/11\/26\/os-cidios-da-vida-moderna\/\"]}]},{\"@type\":\"BreadcrumbList\",\"@id\":\"https:\/\/www.blogsoestado.com\/ruypalhano\/2022\/11\/26\/os-cidios-da-vida-moderna\/#breadcrumb\",\"itemListElement\":[{\"@type\":\"ListItem\",\"position\":1,\"name\":\"In\u00edcio\",\"item\":\"https:\/\/www.blogsoestado.com\/ruypalhano\/\"},{\"@type\":\"ListItem\",\"position\":2,\"name\":\"Os \u201cc\u00eddios\u201d da vida moderna\"}]},{\"@type\":\"WebSite\",\"@id\":\"https:\/\/www.blogsoestado.com\/ruypalhano\/#website\",\"url\":\"https:\/\/www.blogsoestado.com\/ruypalhano\/\",\"name\":\"Ruy Palhano\",\"description\":\"\",\"potentialAction\":[{\"@type\":\"SearchAction\",\"target\":{\"@type\":\"EntryPoint\",\"urlTemplate\":\"https:\/\/www.blogsoestado.com\/ruypalhano\/?s={search_term_string}\"},\"query-input\":{\"@type\":\"PropertyValueSpecification\",\"valueRequired\":true,\"valueName\":\"search_term_string\"}}],\"inLanguage\":\"pt-BR\"},{\"@type\":\"Person\",\"@id\":\"https:\/\/www.blogsoestado.com\/ruypalhano\/#\/schema\/person\/ef49e08ec3e742dec1682f34674f2c84\",\"name\":\"Ruy Palhano\",\"image\":{\"@type\":\"ImageObject\",\"inLanguage\":\"pt-BR\",\"@id\":\"https:\/\/www.blogsoestado.com\/ruypalhano\/#\/schema\/person\/image\/\",\"url\":\"https:\/\/secure.gravatar.com\/avatar\/d08170dc68d65048f069f40789786091e8b070aa02b0d2e514ddd0244c684a5a?s=96&d=mm&r=g\",\"contentUrl\":\"https:\/\/secure.gravatar.com\/avatar\/d08170dc68d65048f069f40789786091e8b070aa02b0d2e514ddd0244c684a5a?s=96&d=mm&r=g\",\"caption\":\"Ruy Palhano\"},\"url\":\"https:\/\/www.blogsoestado.com\/ruypalhano\/author\/ruypalhano\/\"}]}<\/script>\n<!-- \/ Yoast SEO plugin. -->","yoast_head_json":{"title":"Os \u201cc\u00eddios\u201d da vida moderna - Ruy Palhano","robots":{"index":"index","follow":"follow","max-snippet":"max-snippet:-1","max-image-preview":"max-image-preview:large","max-video-preview":"max-video-preview:-1"},"canonical":"https:\/\/www.blogsoestado.com\/ruypalhano\/2022\/11\/26\/os-cidios-da-vida-moderna\/","og_locale":"pt_BR","og_type":"article","og_title":"Os \u201cc\u00eddios\u201d da vida moderna - Ruy Palhano","og_description":"\u00a0\u00a0\u00a0\u00a0\u00a0\u00a0\u00a0\u00a0\u00a0\u00a0\u00a0\u00a0 &nbsp; &nbsp;&nbsp;&nbsp;&nbsp;&nbsp;&nbsp;&nbsp;&nbsp;&nbsp;&nbsp;&nbsp;&nbsp;&nbsp;&nbsp;&nbsp;Homic\u00eddios, suic\u00eddios, feminic\u00eddios, filic\u00eddios, parric\u00eddios, infantic\u00eddios passaram a ser ocorr\u00eancias regulares anunciadas nos grandes noticiosos locais e nacionais. [&hellip;]","og_url":"https:\/\/www.blogsoestado.com\/ruypalhano\/2022\/11\/26\/os-cidios-da-vida-moderna\/","og_site_name":"Ruy Palhano","article_published_time":"2022-11-26T13:32:16+00:00","author":"Ruy Palhano","twitter_card":"summary_large_image","twitter_misc":{"Escrito por":"Ruy Palhano","Est. tempo de leitura":"5 minutos"},"schema":{"@context":"https:\/\/schema.org","@graph":[{"@type":"WebPage","@id":"https:\/\/www.blogsoestado.com\/ruypalhano\/2022\/11\/26\/os-cidios-da-vida-moderna\/","url":"https:\/\/www.blogsoestado.com\/ruypalhano\/2022\/11\/26\/os-cidios-da-vida-moderna\/","name":"Os \u201cc\u00eddios\u201d da vida moderna - Ruy Palhano","isPartOf":{"@id":"https:\/\/www.blogsoestado.com\/ruypalhano\/#website"},"datePublished":"2022-11-26T13:32:16+00:00","author":{"@id":"https:\/\/www.blogsoestado.com\/ruypalhano\/#\/schema\/person\/ef49e08ec3e742dec1682f34674f2c84"},"breadcrumb":{"@id":"https:\/\/www.blogsoestado.com\/ruypalhano\/2022\/11\/26\/os-cidios-da-vida-moderna\/#breadcrumb"},"inLanguage":"pt-BR","potentialAction":[{"@type":"ReadAction","target":["https:\/\/www.blogsoestado.com\/ruypalhano\/2022\/11\/26\/os-cidios-da-vida-moderna\/"]}]},{"@type":"BreadcrumbList","@id":"https:\/\/www.blogsoestado.com\/ruypalhano\/2022\/11\/26\/os-cidios-da-vida-moderna\/#breadcrumb","itemListElement":[{"@type":"ListItem","position":1,"name":"In\u00edcio","item":"https:\/\/www.blogsoestado.com\/ruypalhano\/"},{"@type":"ListItem","position":2,"name":"Os \u201cc\u00eddios\u201d da vida moderna"}]},{"@type":"WebSite","@id":"https:\/\/www.blogsoestado.com\/ruypalhano\/#website","url":"https:\/\/www.blogsoestado.com\/ruypalhano\/","name":"Ruy Palhano","description":"","potentialAction":[{"@type":"SearchAction","target":{"@type":"EntryPoint","urlTemplate":"https:\/\/www.blogsoestado.com\/ruypalhano\/?s={search_term_string}"},"query-input":{"@type":"PropertyValueSpecification","valueRequired":true,"valueName":"search_term_string"}}],"inLanguage":"pt-BR"},{"@type":"Person","@id":"https:\/\/www.blogsoestado.com\/ruypalhano\/#\/schema\/person\/ef49e08ec3e742dec1682f34674f2c84","name":"Ruy Palhano","image":{"@type":"ImageObject","inLanguage":"pt-BR","@id":"https:\/\/www.blogsoestado.com\/ruypalhano\/#\/schema\/person\/image\/","url":"https:\/\/secure.gravatar.com\/avatar\/d08170dc68d65048f069f40789786091e8b070aa02b0d2e514ddd0244c684a5a?s=96&d=mm&r=g","contentUrl":"https:\/\/secure.gravatar.com\/avatar\/d08170dc68d65048f069f40789786091e8b070aa02b0d2e514ddd0244c684a5a?s=96&d=mm&r=g","caption":"Ruy Palhano"},"url":"https:\/\/www.blogsoestado.com\/ruypalhano\/author\/ruypalhano\/"}]}},"jetpack_featured_media_url":"","_links":{"self":[{"href":"https:\/\/www.blogsoestado.com\/ruypalhano\/wp-json\/wp\/v2\/posts\/1350","targetHints":{"allow":["GET"]}}],"collection":[{"href":"https:\/\/www.blogsoestado.com\/ruypalhano\/wp-json\/wp\/v2\/posts"}],"about":[{"href":"https:\/\/www.blogsoestado.com\/ruypalhano\/wp-json\/wp\/v2\/types\/post"}],"author":[{"embeddable":true,"href":"https:\/\/www.blogsoestado.com\/ruypalhano\/wp-json\/wp\/v2\/users\/3"}],"replies":[{"embeddable":true,"href":"https:\/\/www.blogsoestado.com\/ruypalhano\/wp-json\/wp\/v2\/comments?post=1350"}],"version-history":[{"count":0,"href":"https:\/\/www.blogsoestado.com\/ruypalhano\/wp-json\/wp\/v2\/posts\/1350\/revisions"}],"wp:attachment":[{"href":"https:\/\/www.blogsoestado.com\/ruypalhano\/wp-json\/wp\/v2\/media?parent=1350"}],"wp:term":[{"taxonomy":"category","embeddable":true,"href":"https:\/\/www.blogsoestado.com\/ruypalhano\/wp-json\/wp\/v2\/categories?post=1350"},{"taxonomy":"post_tag","embeddable":true,"href":"https:\/\/www.blogsoestado.com\/ruypalhano\/wp-json\/wp\/v2\/tags?post=1350"}],"curies":[{"name":"wp","href":"https:\/\/api.w.org\/{rel}","templated":true}]}}