{"id":1358,"date":"2022-12-19T11:19:05","date_gmt":"2022-12-19T14:19:05","guid":{"rendered":"https:\/\/www.blogsoestado.com\/ruypalhano\/?p=1358"},"modified":"2022-12-19T11:19:05","modified_gmt":"2022-12-19T14:19:05","slug":"a-maconha-dita-medicinal-e-suas-incongruencias","status":"publish","type":"post","link":"https:\/\/www.blogsoestado.com\/ruypalhano\/2022\/12\/19\/a-maconha-dita-medicinal-e-suas-incongruencias\/","title":{"rendered":"A maconha dita medicinal e suas incongru\u00eancias"},"content":{"rendered":"\n<p>&nbsp;&nbsp;&nbsp;&nbsp;&nbsp;&nbsp;&nbsp;&nbsp;&nbsp;&nbsp;&nbsp;&nbsp;&nbsp; &nbsp;&nbsp;&nbsp;&nbsp;&nbsp;&nbsp;&nbsp;&nbsp;&nbsp;&nbsp;&nbsp;&nbsp;&nbsp;&nbsp;&nbsp;&nbsp;A maconha dita medicinal e suas incongru\u00eancias<\/p>\n\n\n\n<p>&nbsp;&nbsp;&nbsp;&nbsp;&nbsp;&nbsp;&nbsp;&nbsp;&nbsp;&nbsp;&nbsp;&nbsp;&nbsp;&nbsp;&nbsp;&nbsp;&nbsp;&nbsp; Um artigo important\u00edssimo, publicado no dia 18\/12\/22 no Jornal O Globo, por dois&nbsp; grandes psiquiatras brasileiros, o Dr <em>Alexander Moreira-Almeida, com p\u00f3s-doutorado na Duke University (EUA), e professor titular de psiquiatria na Universidade Federal de Juiz de Fora, e Ant\u00f4nio Geraldo da Silva, com doutorado na Universidade do Porto, presidente da Associa\u00e7\u00e3o Brasileira de Psiquiatria- ABP e membro do comit\u00ea permanente de se\u00e7\u00f5es cient\u00edficas da World Psychiatric Association<\/em>, nos brindaram com esse artigo, atual, oportuno e esclarecedor sobre um assunto pol\u00eamico, complexo e abrangente que \u00e9 a utiliza\u00e7\u00e3o da maconha na perspectiva medicinal e aus\u00eancia de bases cient\u00edficas para faz\u00ea-lo e por isso mesmo podendo gerar graves problemas na sa\u00fade mental.<\/p>\n\n\n\n<h1 class=\"wp-block-heading\">&nbsp;&nbsp;&nbsp;&nbsp;&nbsp;&nbsp;&nbsp;&nbsp;&nbsp;&nbsp;&nbsp;&nbsp;&nbsp;&nbsp;&nbsp; O artigo trata de um tema que est\u00e1 na pauta do dia, dos noticiosos nacionais e internacionais e destaca o uso, a legaliza\u00e7\u00e3o e industrializa\u00e7\u00e3o da maconha para m\u00faltiplas finalidades medicinais. O t\u00edtulo do artigo \u00e9 \u201c<em>Debate sobre maconha ignora pesquisas cient\u00edficas\u201d<\/em> e informa que n\u00e3o existe evid\u00eancia consistentes que justifique o uso de canabinoides para tratar qualquer transtorno mental.<\/h1>\n\n\n\n<p>&nbsp;&nbsp;&nbsp;&nbsp;&nbsp;&nbsp;&nbsp;&nbsp;&nbsp;&nbsp;&nbsp;&nbsp;&nbsp;&nbsp;&nbsp;&nbsp;&nbsp;&nbsp;&nbsp; O debate sobre a legaliza\u00e7\u00e3o do uso recreativo ou medicinal da maconha e de seus derivados \u00e9 antigo, pol\u00eamico e envolve muitas \u201cpaix\u00f5es e interesses pol\u00edticos e financeiros, nos informa os autores do trabalho\u201d. Os autores dizem ainda: <em>\u201cImpressiona quanto grande parte dos debates \u00e9 pautada pela ind\u00fastria da Cannabis ou por grupos de press\u00e3o, ignorando fatos oriundos de pesquisas cient\u00edficas de qualidade e o posicionamento das principais associa\u00e7\u00f5es m\u00e9dicas e cient\u00edficas\u201d.<\/em><\/p>\n\n\n\n<p>&nbsp;&nbsp;&nbsp;&nbsp;&nbsp;&nbsp;&nbsp;&nbsp;&nbsp;&nbsp;&nbsp;&nbsp;&nbsp; O artigo, tornou-se mais rico ainda pelo fato de os autores terem apresentado um resumo das melhores pesquisas sobre maconha e sa\u00fade mental publicadas pelas principais revistas m\u00e9dicas do mundo (para ter acesso a estas pesquisas, acesse: <a href=\"http:\/\/www.abp.org.br\/maconha\">www.abp.org.br\/maconha<\/a>). Segundo os mesmos, <em>\u201co uso recreativo, segundo dezenas de estudos de alta qualidade, os usu\u00e1rios de maconha t\u00eam maior chance de desenvolver tentativas de suic\u00eddio (duas a seis vezes mais), depress\u00e3o (37% a mais), psicose (duas a quatro vezes mais chances de esquizofrenia), pior qualidade de vida, depend\u00eancia da maconha (16 vezes) e de outras drogas (sete vezes), mortalidade geral (100% de aumento), por overdose (tr\u00eas vezes mais) e por homic\u00eddio (tr\u00eas vezes)<\/em>.<\/p>\n\n\n\n<p>&nbsp;&nbsp;&nbsp;&nbsp;&nbsp;&nbsp;&nbsp;&nbsp;&nbsp;&nbsp;&nbsp;&nbsp;&nbsp;&nbsp; Os autores dizem, ainda: <em>\u201cO uso tamb\u00e9m gera problemas cognitivos \u2014 aten\u00e7\u00e3o, motiva\u00e7\u00e3o, mem\u00f3ria, controle de impulsos e menor intelig\u00eancia \u2014 e altera\u00e7\u00f5es nas estruturas cerebrais, que tornam tr\u00eas vezes menos prov\u00e1vel a conclus\u00e3o do ensino m\u00e9dio ou da faculdade, com mais chance de depend\u00eancia de apoio financeiro dos pais ou do governo. Em todos esses efeitos, quanto maior o uso, maior o impacto delet\u00e9rio.<\/em><\/p>\n\n\n\n<p>&nbsp;&nbsp;&nbsp;&nbsp;&nbsp;&nbsp;&nbsp;&nbsp;&nbsp;&nbsp;&nbsp;&nbsp;&nbsp; Sobre as Revis\u00f5es sistem\u00e1ticas das pesquisas, referidas no artigo, com um m\u00ednimo de qualidade sobre essa tem\u00e1tica, conclu\u00edram que <em>\u201cn\u00e3o h\u00e1 evid\u00eancia consistente que justifique o uso de canabinoides para qualquer transtorno mental (incluindo ansiedade, depress\u00e3o, ins\u00f4nia, autismo etc.)<\/em> e informaram ainda: <em>A FDA, ag\u00eancia de sa\u00fade americana a qual se equivale a ANVISA no Brasil, \u201cn\u00e3o aprovou o uso de Cannabis ou de seus derivados para qualquer quadro psiqui\u00e1trico, assim como desconhecemos importantes associa\u00e7\u00f5es m\u00e9dicas que o tenham feito. Ao contr\u00e1rio, as Associa\u00e7\u00f5es de Psiquiatria do Brasil e dos EUA publicaram recentemente posicionamentos afirmando que n\u00e3o h\u00e1 indica\u00e7\u00e3o como tratamento para nenhum transtorno mental\u201d.<\/em><\/p>\n\n\n\n<p>&nbsp;&nbsp;&nbsp;&nbsp;&nbsp;&nbsp;&nbsp;&nbsp;&nbsp;&nbsp;&nbsp;&nbsp; Os referidos autores deste importante artigo, garantem: <em>as autoriza\u00e7\u00f5es legais ou judiciais para o uso \u201cmedicinal\u201d da Cannabis geralmente t\u00eam ocorrido por press\u00e3o de grupos, e n\u00e3o por causa de evid\u00eancias ou solicita\u00e7\u00e3o de associa\u00e7\u00f5es m\u00e9dicas. A pergunta \u00e9: por que o uso \u201cmedicinal\u201d da maconha e de seus derivados deve ser feito sem os cuidados e pesquisas exigidos para quaisquer outros tratamentos?<\/em><\/p>\n\n\n\n<p>&nbsp;&nbsp;&nbsp;&nbsp;&nbsp;&nbsp;&nbsp;&nbsp;&nbsp;&nbsp;&nbsp;&nbsp;&nbsp;&nbsp; Os autores ainda informam: <em>\u201cSabe-se que os estados dos EUA que liberaram o uso \u201cmedicinal\u201d da Cannabis tiveram aumento do uso recreativo e de depend\u00eancia de Cannabis em compara\u00e7\u00e3o com os que n\u00e3o o autorizaram. A dissemina\u00e7\u00e3o de seus alegados potenciais terap\u00eauticos gera menor percep\u00e7\u00e3o de risco do uso da Cannabis, implicando maior consumo. Nos EUA, pela primeira vez, o uso de maconha ultrapassou o de tabaco\u201d.<\/em><\/p>\n\n\n\n<p>&nbsp;&nbsp;&nbsp;&nbsp;&nbsp;&nbsp;&nbsp;&nbsp;&nbsp;&nbsp;&nbsp; No artigo, duas outras subst\u00e2ncias de uso abusivo nos Estados Unidos, foram citadas \u00e0 guisa de consubstanciar os argumentos sobre o uso da maconha. <em>\u201cSimilar ao que se diz agora sobre a maconha, o uso de opioides e de tabaco tamb\u00e9m \u00e9 milenar em contextos terap\u00eauticos e espirituais. Eles foram industrializados e promovidos como inofensivos e terap\u00eauticos. A dissemina\u00e7\u00e3o de seu uso gerou bilh\u00f5es em lucro e dezenas de milh\u00f5es de mortes. A epidemia de opioides nos EUA \u2014 que, pela primeira vez, diminuiu a expectativa de vida naquele pa\u00eds \u2014 come\u00e7ou nos anos 1990 com seu uso terap\u00eautico para dor cr\u00f4nica, ampla cobertura da m\u00eddia e marketing agressivo. Em 2020, mais de 68 mil morreram por overdose de opioides nos EUA (o equivalente \u00e0 soma das mortes por homic\u00eddios e por acidentes de tr\u00e2nsito no Brasil).<\/em><\/p>\n\n\n\n<p>&nbsp;&nbsp;&nbsp;&nbsp;&nbsp;&nbsp; &nbsp;&nbsp;&nbsp;&nbsp;&nbsp;&nbsp;Os autores, destacaram ainda, a corrida desenfreada da ind\u00fastria do tabaco onde o fator relevante que est\u00e1 sendo o grande decl\u00ednio da ind\u00fastria do tabaco, acarretando a busca por novas fontes de renda, como a maconha. Esta, embora menos t\u00f3xica que o tabaco para o corpo, \u00e9 muito mais danosa para a mente e o comportamento de seus usu\u00e1rios.<\/p>\n\n\n\n<p><em>&nbsp;&nbsp;&nbsp;&nbsp;&nbsp;&nbsp;&nbsp;&nbsp;&nbsp;&nbsp;&nbsp;&nbsp; Os autores conclu\u00edram seu trabalho afirmando: Somos a favor de pesquisas de qualidade sobre os potenciais terap\u00eauticos dos canabinoides, mas n\u00e3o \u00e9 razo\u00e1vel apoiar a precipita\u00e7\u00e3o atual, com indica\u00e7\u00f5es amplas e sem avalia\u00e7\u00e3o de riscos e benef\u00edcios. O sofrimento e a morte gerados pela promo\u00e7\u00e3o irrefletida do tabaco e dos opioides deveriam ter nos ensinado mais rigor cient\u00edfico, maior preocupa\u00e7\u00e3o humanit\u00e1ria, menos precipita\u00e7\u00e3o e paix\u00f5es.<\/em><\/p>\n\n\n\n<p><em>&nbsp;&nbsp;&nbsp;&nbsp;&nbsp;&nbsp;&nbsp;&nbsp;&nbsp;&nbsp;&nbsp; &nbsp;Como podemos perceber, o problema est\u00e1 posto. Realmente \u00e9 um assunto abrangente, pol\u00eamico e complexo, onde muitos fatores exercem distintas press\u00f5es sobre esse assunto. Todavia, manifesto meu total acordo ao que foi posto no artigo referido, considerando, que do ponto de vista da sa\u00fade p\u00fablica, o mais recomend\u00e1vel \u00e9 que as drogas ao serem liberadas para o uso pela popula\u00e7\u00e3o, seja feito com rigor cient\u00edfico, atrav\u00e9s de trabalhos e pesquisas cient\u00edficas que comprovem a utiliza\u00e7\u00e3o eficaz e segura de tais produtos e n\u00e3o por press\u00f5es de qualquer natureza ou por grupos que querem descer de goela a baixo uma subst\u00e2ncia como a maconha, de forma industrial ou \u201cin natura\u201d, em que h\u00e1 d\u00e9cadas j\u00e1 conhecemos de forma consistente, o mal que ela pode fazer a nossa sa\u00fade.<\/em><\/p>\n","protected":false},"excerpt":{"rendered":"<p>&nbsp;&nbsp;&nbsp;&nbsp;&nbsp;&nbsp;&nbsp;&nbsp;&nbsp;&nbsp;&nbsp;&nbsp;&nbsp; &nbsp;&nbsp;&nbsp;&nbsp;&nbsp;&nbsp;&nbsp;&nbsp;&nbsp;&nbsp;&nbsp;&nbsp;&nbsp;&nbsp;&nbsp;&nbsp;A maconha dita medicinal e suas incongru\u00eancias &nbsp;&nbsp;&nbsp;&nbsp;&nbsp;&nbsp;&nbsp;&nbsp;&nbsp;&nbsp;&nbsp;&nbsp;&nbsp;&nbsp;&nbsp;&nbsp;&nbsp;&nbsp; Um artigo important\u00edssimo, publicado no dia 18\/12\/22 no Jornal O Globo, [&hellip;]<\/p>\n","protected":false},"author":3,"featured_media":0,"comment_status":"open","ping_status":"open","sticky":false,"template":"","format":"standard","meta":{"site-sidebar-layout":"default","site-content-layout":"","ast-site-content-layout":"default","site-content-style":"default","site-sidebar-style":"default","ast-global-header-display":"","ast-banner-title-visibility":"","ast-main-header-display":"","ast-hfb-above-header-display":"","ast-hfb-below-header-display":"","ast-hfb-mobile-header-display":"","site-post-title":"","ast-breadcrumbs-content":"","ast-featured-img":"","footer-sml-layout":"","ast-disable-related-posts":"","theme-transparent-header-meta":"","adv-header-id-meta":"","stick-header-meta":"","header-above-stick-meta":"","header-main-stick-meta":"","header-below-stick-meta":"","astra-migrate-meta-layouts":"default","ast-page-background-enabled":"default","ast-page-background-meta":{"desktop":{"background-color":"var(--ast-global-color-5)","background-image":"","background-repeat":"repeat","background-position":"center center","background-size":"auto","background-attachment":"scroll","background-type":"","background-media":"","overlay-type":"","overlay-color":"","overlay-opacity":"","overlay-gradient":""},"tablet":{"background-color":"","background-image":"","background-repeat":"repeat","background-position":"center center","background-size":"auto","background-attachment":"scroll","background-type":"","background-media":"","overlay-type":"","overlay-color":"","overlay-opacity":"","overlay-gradient":""},"mobile":{"background-color":"","background-image":"","background-repeat":"repeat","background-position":"center center","background-size":"auto","background-attachment":"scroll","background-type":"","background-media":"","overlay-type":"","overlay-color":"","overlay-opacity":"","overlay-gradient":""}},"ast-content-background-meta":{"desktop":{"background-color":"var(--ast-global-color-4)","background-image":"","background-repeat":"repeat","background-position":"center center","background-size":"auto","background-attachment":"scroll","background-type":"","background-media":"","overlay-type":"","overlay-color":"","overlay-opacity":"","overlay-gradient":""},"tablet":{"background-color":"var(--ast-global-color-4)","background-image":"","background-repeat":"repeat","background-position":"center center","background-size":"auto","background-attachment":"scroll","background-type":"","background-media":"","overlay-type":"","overlay-color":"","overlay-opacity":"","overlay-gradient":""},"mobile":{"background-color":"var(--ast-global-color-4)","background-image":"","background-repeat":"repeat","background-position":"center center","background-size":"auto","background-attachment":"scroll","background-type":"","background-media":"","overlay-type":"","overlay-color":"","overlay-opacity":"","overlay-gradient":""}},"footnotes":""},"categories":[1],"tags":[],"class_list":["post-1358","post","type-post","status-publish","format-standard","hentry","category-sem-categoria"],"yoast_head":"<!-- This site is optimized with the Yoast SEO plugin v26.6 - https:\/\/yoast.com\/wordpress\/plugins\/seo\/ -->\n<title>A maconha dita medicinal e suas incongru\u00eancias - Ruy Palhano<\/title>\n<meta name=\"robots\" content=\"index, follow, max-snippet:-1, max-image-preview:large, max-video-preview:-1\" \/>\n<link rel=\"canonical\" href=\"https:\/\/www.blogsoestado.com\/ruypalhano\/2022\/12\/19\/a-maconha-dita-medicinal-e-suas-incongruencias\/\" \/>\n<meta property=\"og:locale\" content=\"pt_BR\" \/>\n<meta property=\"og:type\" content=\"article\" \/>\n<meta property=\"og:title\" content=\"A maconha dita medicinal e suas incongru\u00eancias - Ruy Palhano\" \/>\n<meta property=\"og:description\" content=\"&nbsp;&nbsp;&nbsp;&nbsp;&nbsp;&nbsp;&nbsp;&nbsp;&nbsp;&nbsp;&nbsp;&nbsp;&nbsp; &nbsp;&nbsp;&nbsp;&nbsp;&nbsp;&nbsp;&nbsp;&nbsp;&nbsp;&nbsp;&nbsp;&nbsp;&nbsp;&nbsp;&nbsp;&nbsp;A maconha dita medicinal e suas incongru\u00eancias &nbsp;&nbsp;&nbsp;&nbsp;&nbsp;&nbsp;&nbsp;&nbsp;&nbsp;&nbsp;&nbsp;&nbsp;&nbsp;&nbsp;&nbsp;&nbsp;&nbsp;&nbsp; Um artigo important\u00edssimo, publicado no dia 18\/12\/22 no Jornal O Globo, [&hellip;]\" \/>\n<meta property=\"og:url\" content=\"https:\/\/www.blogsoestado.com\/ruypalhano\/2022\/12\/19\/a-maconha-dita-medicinal-e-suas-incongruencias\/\" \/>\n<meta property=\"og:site_name\" content=\"Ruy Palhano\" \/>\n<meta property=\"article:published_time\" content=\"2022-12-19T14:19:05+00:00\" \/>\n<meta name=\"author\" content=\"Ruy Palhano\" \/>\n<meta name=\"twitter:card\" content=\"summary_large_image\" \/>\n<meta name=\"twitter:label1\" content=\"Escrito por\" \/>\n\t<meta name=\"twitter:data1\" content=\"Ruy Palhano\" \/>\n\t<meta name=\"twitter:label2\" content=\"Est. tempo de leitura\" \/>\n\t<meta name=\"twitter:data2\" content=\"5 minutos\" \/>\n<script type=\"application\/ld+json\" class=\"yoast-schema-graph\">{\"@context\":\"https:\/\/schema.org\",\"@graph\":[{\"@type\":\"WebPage\",\"@id\":\"https:\/\/www.blogsoestado.com\/ruypalhano\/2022\/12\/19\/a-maconha-dita-medicinal-e-suas-incongruencias\/\",\"url\":\"https:\/\/www.blogsoestado.com\/ruypalhano\/2022\/12\/19\/a-maconha-dita-medicinal-e-suas-incongruencias\/\",\"name\":\"A maconha dita medicinal e suas incongru\u00eancias - Ruy Palhano\",\"isPartOf\":{\"@id\":\"https:\/\/www.blogsoestado.com\/ruypalhano\/#website\"},\"datePublished\":\"2022-12-19T14:19:05+00:00\",\"author\":{\"@id\":\"https:\/\/www.blogsoestado.com\/ruypalhano\/#\/schema\/person\/ef49e08ec3e742dec1682f34674f2c84\"},\"breadcrumb\":{\"@id\":\"https:\/\/www.blogsoestado.com\/ruypalhano\/2022\/12\/19\/a-maconha-dita-medicinal-e-suas-incongruencias\/#breadcrumb\"},\"inLanguage\":\"pt-BR\",\"potentialAction\":[{\"@type\":\"ReadAction\",\"target\":[\"https:\/\/www.blogsoestado.com\/ruypalhano\/2022\/12\/19\/a-maconha-dita-medicinal-e-suas-incongruencias\/\"]}]},{\"@type\":\"BreadcrumbList\",\"@id\":\"https:\/\/www.blogsoestado.com\/ruypalhano\/2022\/12\/19\/a-maconha-dita-medicinal-e-suas-incongruencias\/#breadcrumb\",\"itemListElement\":[{\"@type\":\"ListItem\",\"position\":1,\"name\":\"In\u00edcio\",\"item\":\"https:\/\/www.blogsoestado.com\/ruypalhano\/\"},{\"@type\":\"ListItem\",\"position\":2,\"name\":\"A maconha dita medicinal e suas incongru\u00eancias\"}]},{\"@type\":\"WebSite\",\"@id\":\"https:\/\/www.blogsoestado.com\/ruypalhano\/#website\",\"url\":\"https:\/\/www.blogsoestado.com\/ruypalhano\/\",\"name\":\"Ruy Palhano\",\"description\":\"\",\"potentialAction\":[{\"@type\":\"SearchAction\",\"target\":{\"@type\":\"EntryPoint\",\"urlTemplate\":\"https:\/\/www.blogsoestado.com\/ruypalhano\/?s={search_term_string}\"},\"query-input\":{\"@type\":\"PropertyValueSpecification\",\"valueRequired\":true,\"valueName\":\"search_term_string\"}}],\"inLanguage\":\"pt-BR\"},{\"@type\":\"Person\",\"@id\":\"https:\/\/www.blogsoestado.com\/ruypalhano\/#\/schema\/person\/ef49e08ec3e742dec1682f34674f2c84\",\"name\":\"Ruy Palhano\",\"image\":{\"@type\":\"ImageObject\",\"inLanguage\":\"pt-BR\",\"@id\":\"https:\/\/www.blogsoestado.com\/ruypalhano\/#\/schema\/person\/image\/\",\"url\":\"https:\/\/secure.gravatar.com\/avatar\/d08170dc68d65048f069f40789786091e8b070aa02b0d2e514ddd0244c684a5a?s=96&d=mm&r=g\",\"contentUrl\":\"https:\/\/secure.gravatar.com\/avatar\/d08170dc68d65048f069f40789786091e8b070aa02b0d2e514ddd0244c684a5a?s=96&d=mm&r=g\",\"caption\":\"Ruy Palhano\"},\"url\":\"https:\/\/www.blogsoestado.com\/ruypalhano\/author\/ruypalhano\/\"}]}<\/script>\n<!-- \/ Yoast SEO plugin. -->","yoast_head_json":{"title":"A maconha dita medicinal e suas incongru\u00eancias - Ruy Palhano","robots":{"index":"index","follow":"follow","max-snippet":"max-snippet:-1","max-image-preview":"max-image-preview:large","max-video-preview":"max-video-preview:-1"},"canonical":"https:\/\/www.blogsoestado.com\/ruypalhano\/2022\/12\/19\/a-maconha-dita-medicinal-e-suas-incongruencias\/","og_locale":"pt_BR","og_type":"article","og_title":"A maconha dita medicinal e suas incongru\u00eancias - Ruy Palhano","og_description":"&nbsp;&nbsp;&nbsp;&nbsp;&nbsp;&nbsp;&nbsp;&nbsp;&nbsp;&nbsp;&nbsp;&nbsp;&nbsp; &nbsp;&nbsp;&nbsp;&nbsp;&nbsp;&nbsp;&nbsp;&nbsp;&nbsp;&nbsp;&nbsp;&nbsp;&nbsp;&nbsp;&nbsp;&nbsp;A maconha dita medicinal e suas incongru\u00eancias &nbsp;&nbsp;&nbsp;&nbsp;&nbsp;&nbsp;&nbsp;&nbsp;&nbsp;&nbsp;&nbsp;&nbsp;&nbsp;&nbsp;&nbsp;&nbsp;&nbsp;&nbsp; Um artigo important\u00edssimo, publicado no dia 18\/12\/22 no Jornal O Globo, [&hellip;]","og_url":"https:\/\/www.blogsoestado.com\/ruypalhano\/2022\/12\/19\/a-maconha-dita-medicinal-e-suas-incongruencias\/","og_site_name":"Ruy Palhano","article_published_time":"2022-12-19T14:19:05+00:00","author":"Ruy Palhano","twitter_card":"summary_large_image","twitter_misc":{"Escrito por":"Ruy Palhano","Est. tempo de leitura":"5 minutos"},"schema":{"@context":"https:\/\/schema.org","@graph":[{"@type":"WebPage","@id":"https:\/\/www.blogsoestado.com\/ruypalhano\/2022\/12\/19\/a-maconha-dita-medicinal-e-suas-incongruencias\/","url":"https:\/\/www.blogsoestado.com\/ruypalhano\/2022\/12\/19\/a-maconha-dita-medicinal-e-suas-incongruencias\/","name":"A maconha dita medicinal e suas incongru\u00eancias - Ruy Palhano","isPartOf":{"@id":"https:\/\/www.blogsoestado.com\/ruypalhano\/#website"},"datePublished":"2022-12-19T14:19:05+00:00","author":{"@id":"https:\/\/www.blogsoestado.com\/ruypalhano\/#\/schema\/person\/ef49e08ec3e742dec1682f34674f2c84"},"breadcrumb":{"@id":"https:\/\/www.blogsoestado.com\/ruypalhano\/2022\/12\/19\/a-maconha-dita-medicinal-e-suas-incongruencias\/#breadcrumb"},"inLanguage":"pt-BR","potentialAction":[{"@type":"ReadAction","target":["https:\/\/www.blogsoestado.com\/ruypalhano\/2022\/12\/19\/a-maconha-dita-medicinal-e-suas-incongruencias\/"]}]},{"@type":"BreadcrumbList","@id":"https:\/\/www.blogsoestado.com\/ruypalhano\/2022\/12\/19\/a-maconha-dita-medicinal-e-suas-incongruencias\/#breadcrumb","itemListElement":[{"@type":"ListItem","position":1,"name":"In\u00edcio","item":"https:\/\/www.blogsoestado.com\/ruypalhano\/"},{"@type":"ListItem","position":2,"name":"A maconha dita medicinal e suas incongru\u00eancias"}]},{"@type":"WebSite","@id":"https:\/\/www.blogsoestado.com\/ruypalhano\/#website","url":"https:\/\/www.blogsoestado.com\/ruypalhano\/","name":"Ruy Palhano","description":"","potentialAction":[{"@type":"SearchAction","target":{"@type":"EntryPoint","urlTemplate":"https:\/\/www.blogsoestado.com\/ruypalhano\/?s={search_term_string}"},"query-input":{"@type":"PropertyValueSpecification","valueRequired":true,"valueName":"search_term_string"}}],"inLanguage":"pt-BR"},{"@type":"Person","@id":"https:\/\/www.blogsoestado.com\/ruypalhano\/#\/schema\/person\/ef49e08ec3e742dec1682f34674f2c84","name":"Ruy Palhano","image":{"@type":"ImageObject","inLanguage":"pt-BR","@id":"https:\/\/www.blogsoestado.com\/ruypalhano\/#\/schema\/person\/image\/","url":"https:\/\/secure.gravatar.com\/avatar\/d08170dc68d65048f069f40789786091e8b070aa02b0d2e514ddd0244c684a5a?s=96&d=mm&r=g","contentUrl":"https:\/\/secure.gravatar.com\/avatar\/d08170dc68d65048f069f40789786091e8b070aa02b0d2e514ddd0244c684a5a?s=96&d=mm&r=g","caption":"Ruy Palhano"},"url":"https:\/\/www.blogsoestado.com\/ruypalhano\/author\/ruypalhano\/"}]}},"jetpack_featured_media_url":"","_links":{"self":[{"href":"https:\/\/www.blogsoestado.com\/ruypalhano\/wp-json\/wp\/v2\/posts\/1358","targetHints":{"allow":["GET"]}}],"collection":[{"href":"https:\/\/www.blogsoestado.com\/ruypalhano\/wp-json\/wp\/v2\/posts"}],"about":[{"href":"https:\/\/www.blogsoestado.com\/ruypalhano\/wp-json\/wp\/v2\/types\/post"}],"author":[{"embeddable":true,"href":"https:\/\/www.blogsoestado.com\/ruypalhano\/wp-json\/wp\/v2\/users\/3"}],"replies":[{"embeddable":true,"href":"https:\/\/www.blogsoestado.com\/ruypalhano\/wp-json\/wp\/v2\/comments?post=1358"}],"version-history":[{"count":0,"href":"https:\/\/www.blogsoestado.com\/ruypalhano\/wp-json\/wp\/v2\/posts\/1358\/revisions"}],"wp:attachment":[{"href":"https:\/\/www.blogsoestado.com\/ruypalhano\/wp-json\/wp\/v2\/media?parent=1358"}],"wp:term":[{"taxonomy":"category","embeddable":true,"href":"https:\/\/www.blogsoestado.com\/ruypalhano\/wp-json\/wp\/v2\/categories?post=1358"},{"taxonomy":"post_tag","embeddable":true,"href":"https:\/\/www.blogsoestado.com\/ruypalhano\/wp-json\/wp\/v2\/tags?post=1358"}],"curies":[{"name":"wp","href":"https:\/\/api.w.org\/{rel}","templated":true}]}}