{"id":1379,"date":"2023-05-15T13:01:44","date_gmt":"2023-05-15T16:01:44","guid":{"rendered":"https:\/\/www.blogsoestado.com\/ruypalhano\/?p=1379"},"modified":"2023-05-15T13:01:44","modified_gmt":"2023-05-15T16:01:44","slug":"a-psiquiatria-no-curso-do-covid-19","status":"publish","type":"post","link":"https:\/\/www.blogsoestado.com\/ruypalhano\/2023\/05\/15\/a-psiquiatria-no-curso-do-covid-19\/","title":{"rendered":"A Psiquiatria no curso do Covid-19"},"content":{"rendered":"\n<p>A pandemia do Corona V\u00edrus ocasionou um dos maiores problemas de sa\u00fade p\u00fablica do s\u00e9culo. As consequ\u00eancias foram devastadoras em todos os sentidos. Os \u00edndices de morbimortalidade s\u00e3o surpreendentes e nunca vistos. Todas os ramos da medicina e de outras \u00e1reas da sa\u00fade foram pegas de surpresas e as consequ\u00eancias foram devastadoras. A Psiquiatria, como especialidade m\u00e9dica e secularmente carregada de preconceitos e discrimina\u00e7\u00f5es, passou a ser, no curso da pandemia, \u201ca menina dos olhos das especialidades m\u00e9dicas\u201d. O incremento de casos psiqui\u00e1tricos e em sa\u00fade mental na popula\u00e7\u00e3o em geral, a imensa diversidade de casos psiqui\u00e1tricas e as ocorr\u00eancias de casos em crian\u00e7as e adolescente e em outras faixas et\u00e1rias, desencadeados pela virul\u00eancia e pelos enormes impactos psicoemocionais da pandemia na popula\u00e7\u00e3o infantil e infantojuvenil, s\u00e3o os principais fatos nessa rede de situa\u00e7\u00f5es.<br>As doen\u00e7as mentais, caminham inexoravelmente para cronifica\u00e7\u00e3o, muito embora muito delas possar aparecer, abruptamente (condi\u00e7\u00f5es agudas). Por\u00e9m em ambas as condi\u00e7\u00f5es se recomenda tratamento precoce. Apesar de tudo, sabe-se que essa evolu\u00e7\u00e3o n\u00e3o \u00e9 prorrogativa \u00fanica das doen\u00e7as psiqui\u00e1tricas, pois, a maioria absoluta das doen\u00e7as humanas, evoluem tamb\u00e9m em ambos os sentidos.<br>Os tratamentos das doen\u00e7as mentais, evolu\u00edram muito, ao ponto de muitas dessas enfermidades hoje j\u00e1 n\u00e3o representarem grandes amea\u00e7as, mesmo sabendo-se que elas poder\u00e3o caminhar para o \u201cstatus de doen\u00e7a cr\u00f4nica\u201d. Os modernos conhecimentos sobre a fisiopatologia das grandes s\u00edndromes psiqui\u00e1tricas, e as modernas t\u00e9cnicas diagn\u00f3sticas e tratamentos nessa \u00e1rea da Medicina e, principalmente na \u00e1rea farmacol\u00f3gicas e da neuroci\u00eancia. Ocorre que, os preconceitos e os estigma que ainda existe em torno dessas doen\u00e7as (assunto tratado em diversos artigos escritos por mim para esse jornal), permanecem sendo os grandes entraves dessa especialidade m\u00e9dica.<br>Esses preconceitos s\u00e3o enormes, desumanos, segregadores e marginalizadores e o pre\u00e7o que se paga s\u00e3o gigantescos. As enfermidades mentais disp\u00f5em de uma fisiopatologia, de um curso natural, de uma evolu\u00e7\u00e3o, de um progn\u00f3stico, de um diagn\u00f3stico e de um tratamento, isto \u00e9, de tudo que outras doen\u00e7as humanas apresentam, n\u00e3o t\u00eam nada de sobrenatural, de divino, muito menos de diab\u00f3lico. E<br>Essas cren\u00e7as e pechas sobre elas s\u00e3o seculares e prov\u00eam de \u00e9poca onde imperava o obscurantismo no pensamento psiqui\u00e1trico, \u00e9pocas, em que n\u00e3o se sabia nada comparativamente ao que se sabe hoje, sobre essas enfermidades. Hoje, a Psiquiatria moderna, se inspira neurobiologia, na farmacologia. na neuroqu\u00edmica, na gen\u00e9tica, na imunologia e a neurofisiopatologia e na cl\u00ednica das doen\u00e7as mentais.<br>Enfim, os tempos mudaram, acabaram-se as bruxas e as bruxarias. A doen\u00e7a mental n\u00e3o \u00e9 mais um \u201cbicho de sete cabe\u00e7as\u201d que nos assustava e sobre as quais poder\u00edamos fazer muito pouco. Hoje, j\u00e1 sabemos bastante sobre elas e as perspectivas s\u00e3o cada vez melhores para os pr\u00f3ximos anos.<\/p>\n","protected":false},"excerpt":{"rendered":"<p>A pandemia do Corona V\u00edrus ocasionou um dos maiores problemas de sa\u00fade p\u00fablica do s\u00e9culo. As consequ\u00eancias foram devastadoras em [&hellip;]<\/p>\n","protected":false},"author":3,"featured_media":0,"comment_status":"open","ping_status":"open","sticky":false,"template":"","format":"standard","meta":{"site-sidebar-layout":"default","site-content-layout":"","ast-site-content-layout":"default","site-content-style":"default","site-sidebar-style":"default","ast-global-header-display":"","ast-banner-title-visibility":"","ast-main-header-display":"","ast-hfb-above-header-display":"","ast-hfb-below-header-display":"","ast-hfb-mobile-header-display":"","site-post-title":"","ast-breadcrumbs-content":"","ast-featured-img":"","footer-sml-layout":"","ast-disable-related-posts":"","theme-transparent-header-meta":"","adv-header-id-meta":"","stick-header-meta":"","header-above-stick-meta":"","header-main-stick-meta":"","header-below-stick-meta":"","astra-migrate-meta-layouts":"default","ast-page-background-enabled":"default","ast-page-background-meta":{"desktop":{"background-color":"var(--ast-global-color-5)","background-image":"","background-repeat":"repeat","background-position":"center center","background-size":"auto","background-attachment":"scroll","background-type":"","background-media":"","overlay-type":"","overlay-color":"","overlay-opacity":"","overlay-gradient":""},"tablet":{"background-color":"","background-image":"","background-repeat":"repeat","background-position":"center center","background-size":"auto","background-attachment":"scroll","background-type":"","background-media":"","overlay-type":"","overlay-color":"","overlay-opacity":"","overlay-gradient":""},"mobile":{"background-color":"","background-image":"","background-repeat":"repeat","background-position":"center center","background-size":"auto","background-attachment":"scroll","background-type":"","background-media":"","overlay-type":"","overlay-color":"","overlay-opacity":"","overlay-gradient":""}},"ast-content-background-meta":{"desktop":{"background-color":"var(--ast-global-color-4)","background-image":"","background-repeat":"repeat","background-position":"center center","background-size":"auto","background-attachment":"scroll","background-type":"","background-media":"","overlay-type":"","overlay-color":"","overlay-opacity":"","overlay-gradient":""},"tablet":{"background-color":"var(--ast-global-color-4)","background-image":"","background-repeat":"repeat","background-position":"center center","background-size":"auto","background-attachment":"scroll","background-type":"","background-media":"","overlay-type":"","overlay-color":"","overlay-opacity":"","overlay-gradient":""},"mobile":{"background-color":"var(--ast-global-color-4)","background-image":"","background-repeat":"repeat","background-position":"center center","background-size":"auto","background-attachment":"scroll","background-type":"","background-media":"","overlay-type":"","overlay-color":"","overlay-opacity":"","overlay-gradient":""}},"footnotes":""},"categories":[1],"tags":[10],"class_list":["post-1379","post","type-post","status-publish","format-standard","hentry","category-sem-categoria","tag-covid-doenca"],"yoast_head":"<!-- This site is optimized with the Yoast SEO plugin v26.6 - https:\/\/yoast.com\/wordpress\/plugins\/seo\/ -->\n<title>A Psiquiatria no curso do Covid-19 - Ruy Palhano<\/title>\n<meta name=\"robots\" content=\"index, follow, max-snippet:-1, max-image-preview:large, max-video-preview:-1\" \/>\n<link rel=\"canonical\" href=\"https:\/\/www.blogsoestado.com\/ruypalhano\/2023\/05\/15\/a-psiquiatria-no-curso-do-covid-19\/\" \/>\n<meta property=\"og:locale\" content=\"pt_BR\" \/>\n<meta property=\"og:type\" content=\"article\" \/>\n<meta property=\"og:title\" content=\"A Psiquiatria no curso do Covid-19 - Ruy Palhano\" \/>\n<meta property=\"og:description\" content=\"A pandemia do Corona V\u00edrus ocasionou um dos maiores problemas de sa\u00fade p\u00fablica do s\u00e9culo. As consequ\u00eancias foram devastadoras em [&hellip;]\" \/>\n<meta property=\"og:url\" content=\"https:\/\/www.blogsoestado.com\/ruypalhano\/2023\/05\/15\/a-psiquiatria-no-curso-do-covid-19\/\" \/>\n<meta property=\"og:site_name\" content=\"Ruy Palhano\" \/>\n<meta property=\"article:published_time\" content=\"2023-05-15T16:01:44+00:00\" \/>\n<meta name=\"author\" content=\"Ruy Palhano\" \/>\n<meta name=\"twitter:card\" content=\"summary_large_image\" \/>\n<meta name=\"twitter:label1\" content=\"Escrito por\" \/>\n\t<meta name=\"twitter:data1\" content=\"Ruy Palhano\" \/>\n\t<meta name=\"twitter:label2\" content=\"Est. tempo de leitura\" \/>\n\t<meta name=\"twitter:data2\" content=\"2 minutos\" \/>\n<script type=\"application\/ld+json\" class=\"yoast-schema-graph\">{\"@context\":\"https:\/\/schema.org\",\"@graph\":[{\"@type\":\"WebPage\",\"@id\":\"https:\/\/www.blogsoestado.com\/ruypalhano\/2023\/05\/15\/a-psiquiatria-no-curso-do-covid-19\/\",\"url\":\"https:\/\/www.blogsoestado.com\/ruypalhano\/2023\/05\/15\/a-psiquiatria-no-curso-do-covid-19\/\",\"name\":\"A Psiquiatria no curso do Covid-19 - Ruy Palhano\",\"isPartOf\":{\"@id\":\"https:\/\/www.blogsoestado.com\/ruypalhano\/#website\"},\"datePublished\":\"2023-05-15T16:01:44+00:00\",\"author\":{\"@id\":\"https:\/\/www.blogsoestado.com\/ruypalhano\/#\/schema\/person\/ef49e08ec3e742dec1682f34674f2c84\"},\"breadcrumb\":{\"@id\":\"https:\/\/www.blogsoestado.com\/ruypalhano\/2023\/05\/15\/a-psiquiatria-no-curso-do-covid-19\/#breadcrumb\"},\"inLanguage\":\"pt-BR\",\"potentialAction\":[{\"@type\":\"ReadAction\",\"target\":[\"https:\/\/www.blogsoestado.com\/ruypalhano\/2023\/05\/15\/a-psiquiatria-no-curso-do-covid-19\/\"]}]},{\"@type\":\"BreadcrumbList\",\"@id\":\"https:\/\/www.blogsoestado.com\/ruypalhano\/2023\/05\/15\/a-psiquiatria-no-curso-do-covid-19\/#breadcrumb\",\"itemListElement\":[{\"@type\":\"ListItem\",\"position\":1,\"name\":\"In\u00edcio\",\"item\":\"https:\/\/www.blogsoestado.com\/ruypalhano\/\"},{\"@type\":\"ListItem\",\"position\":2,\"name\":\"A Psiquiatria no curso do Covid-19\"}]},{\"@type\":\"WebSite\",\"@id\":\"https:\/\/www.blogsoestado.com\/ruypalhano\/#website\",\"url\":\"https:\/\/www.blogsoestado.com\/ruypalhano\/\",\"name\":\"Ruy Palhano\",\"description\":\"\",\"potentialAction\":[{\"@type\":\"SearchAction\",\"target\":{\"@type\":\"EntryPoint\",\"urlTemplate\":\"https:\/\/www.blogsoestado.com\/ruypalhano\/?s={search_term_string}\"},\"query-input\":{\"@type\":\"PropertyValueSpecification\",\"valueRequired\":true,\"valueName\":\"search_term_string\"}}],\"inLanguage\":\"pt-BR\"},{\"@type\":\"Person\",\"@id\":\"https:\/\/www.blogsoestado.com\/ruypalhano\/#\/schema\/person\/ef49e08ec3e742dec1682f34674f2c84\",\"name\":\"Ruy Palhano\",\"image\":{\"@type\":\"ImageObject\",\"inLanguage\":\"pt-BR\",\"@id\":\"https:\/\/www.blogsoestado.com\/ruypalhano\/#\/schema\/person\/image\/\",\"url\":\"https:\/\/secure.gravatar.com\/avatar\/d08170dc68d65048f069f40789786091e8b070aa02b0d2e514ddd0244c684a5a?s=96&d=mm&r=g\",\"contentUrl\":\"https:\/\/secure.gravatar.com\/avatar\/d08170dc68d65048f069f40789786091e8b070aa02b0d2e514ddd0244c684a5a?s=96&d=mm&r=g\",\"caption\":\"Ruy Palhano\"},\"url\":\"https:\/\/www.blogsoestado.com\/ruypalhano\/author\/ruypalhano\/\"}]}<\/script>\n<!-- \/ Yoast SEO plugin. -->","yoast_head_json":{"title":"A Psiquiatria no curso do Covid-19 - Ruy Palhano","robots":{"index":"index","follow":"follow","max-snippet":"max-snippet:-1","max-image-preview":"max-image-preview:large","max-video-preview":"max-video-preview:-1"},"canonical":"https:\/\/www.blogsoestado.com\/ruypalhano\/2023\/05\/15\/a-psiquiatria-no-curso-do-covid-19\/","og_locale":"pt_BR","og_type":"article","og_title":"A Psiquiatria no curso do Covid-19 - Ruy Palhano","og_description":"A pandemia do Corona V\u00edrus ocasionou um dos maiores problemas de sa\u00fade p\u00fablica do s\u00e9culo. As consequ\u00eancias foram devastadoras em [&hellip;]","og_url":"https:\/\/www.blogsoestado.com\/ruypalhano\/2023\/05\/15\/a-psiquiatria-no-curso-do-covid-19\/","og_site_name":"Ruy Palhano","article_published_time":"2023-05-15T16:01:44+00:00","author":"Ruy Palhano","twitter_card":"summary_large_image","twitter_misc":{"Escrito por":"Ruy Palhano","Est. tempo de leitura":"2 minutos"},"schema":{"@context":"https:\/\/schema.org","@graph":[{"@type":"WebPage","@id":"https:\/\/www.blogsoestado.com\/ruypalhano\/2023\/05\/15\/a-psiquiatria-no-curso-do-covid-19\/","url":"https:\/\/www.blogsoestado.com\/ruypalhano\/2023\/05\/15\/a-psiquiatria-no-curso-do-covid-19\/","name":"A Psiquiatria no curso do Covid-19 - Ruy Palhano","isPartOf":{"@id":"https:\/\/www.blogsoestado.com\/ruypalhano\/#website"},"datePublished":"2023-05-15T16:01:44+00:00","author":{"@id":"https:\/\/www.blogsoestado.com\/ruypalhano\/#\/schema\/person\/ef49e08ec3e742dec1682f34674f2c84"},"breadcrumb":{"@id":"https:\/\/www.blogsoestado.com\/ruypalhano\/2023\/05\/15\/a-psiquiatria-no-curso-do-covid-19\/#breadcrumb"},"inLanguage":"pt-BR","potentialAction":[{"@type":"ReadAction","target":["https:\/\/www.blogsoestado.com\/ruypalhano\/2023\/05\/15\/a-psiquiatria-no-curso-do-covid-19\/"]}]},{"@type":"BreadcrumbList","@id":"https:\/\/www.blogsoestado.com\/ruypalhano\/2023\/05\/15\/a-psiquiatria-no-curso-do-covid-19\/#breadcrumb","itemListElement":[{"@type":"ListItem","position":1,"name":"In\u00edcio","item":"https:\/\/www.blogsoestado.com\/ruypalhano\/"},{"@type":"ListItem","position":2,"name":"A Psiquiatria no curso do Covid-19"}]},{"@type":"WebSite","@id":"https:\/\/www.blogsoestado.com\/ruypalhano\/#website","url":"https:\/\/www.blogsoestado.com\/ruypalhano\/","name":"Ruy Palhano","description":"","potentialAction":[{"@type":"SearchAction","target":{"@type":"EntryPoint","urlTemplate":"https:\/\/www.blogsoestado.com\/ruypalhano\/?s={search_term_string}"},"query-input":{"@type":"PropertyValueSpecification","valueRequired":true,"valueName":"search_term_string"}}],"inLanguage":"pt-BR"},{"@type":"Person","@id":"https:\/\/www.blogsoestado.com\/ruypalhano\/#\/schema\/person\/ef49e08ec3e742dec1682f34674f2c84","name":"Ruy Palhano","image":{"@type":"ImageObject","inLanguage":"pt-BR","@id":"https:\/\/www.blogsoestado.com\/ruypalhano\/#\/schema\/person\/image\/","url":"https:\/\/secure.gravatar.com\/avatar\/d08170dc68d65048f069f40789786091e8b070aa02b0d2e514ddd0244c684a5a?s=96&d=mm&r=g","contentUrl":"https:\/\/secure.gravatar.com\/avatar\/d08170dc68d65048f069f40789786091e8b070aa02b0d2e514ddd0244c684a5a?s=96&d=mm&r=g","caption":"Ruy Palhano"},"url":"https:\/\/www.blogsoestado.com\/ruypalhano\/author\/ruypalhano\/"}]}},"jetpack_featured_media_url":"","_links":{"self":[{"href":"https:\/\/www.blogsoestado.com\/ruypalhano\/wp-json\/wp\/v2\/posts\/1379","targetHints":{"allow":["GET"]}}],"collection":[{"href":"https:\/\/www.blogsoestado.com\/ruypalhano\/wp-json\/wp\/v2\/posts"}],"about":[{"href":"https:\/\/www.blogsoestado.com\/ruypalhano\/wp-json\/wp\/v2\/types\/post"}],"author":[{"embeddable":true,"href":"https:\/\/www.blogsoestado.com\/ruypalhano\/wp-json\/wp\/v2\/users\/3"}],"replies":[{"embeddable":true,"href":"https:\/\/www.blogsoestado.com\/ruypalhano\/wp-json\/wp\/v2\/comments?post=1379"}],"version-history":[{"count":0,"href":"https:\/\/www.blogsoestado.com\/ruypalhano\/wp-json\/wp\/v2\/posts\/1379\/revisions"}],"wp:attachment":[{"href":"https:\/\/www.blogsoestado.com\/ruypalhano\/wp-json\/wp\/v2\/media?parent=1379"}],"wp:term":[{"taxonomy":"category","embeddable":true,"href":"https:\/\/www.blogsoestado.com\/ruypalhano\/wp-json\/wp\/v2\/categories?post=1379"},{"taxonomy":"post_tag","embeddable":true,"href":"https:\/\/www.blogsoestado.com\/ruypalhano\/wp-json\/wp\/v2\/tags?post=1379"}],"curies":[{"name":"wp","href":"https:\/\/api.w.org\/{rel}","templated":true}]}}