{"id":1391,"date":"2023-07-09T19:15:23","date_gmt":"2023-07-09T22:15:23","guid":{"rendered":"https:\/\/www.blogsoestado.com\/ruypalhano\/?p=1391"},"modified":"2023-07-09T19:15:23","modified_gmt":"2023-07-09T22:15:23","slug":"a-crianca-a-tecnologia-e-as-questoes-psicossociais","status":"publish","type":"post","link":"https:\/\/www.blogsoestado.com\/ruypalhano\/2023\/07\/09\/a-crianca-a-tecnologia-e-as-questoes-psicossociais\/","title":{"rendered":"A crian\u00e7a, a tecnologia e as quest\u00f5es psicossociais"},"content":{"rendered":"\n<p>A educa\u00e7\u00e3o da crian\u00e7a e o desenvolvimento tecnol\u00f3gico s\u00e3o temas que est\u00e3o interconectados e t\u00eam tido ultimamente um impacto significativo na sociedade atual. Esse tema tem despertado muito interesse sobre este assunto, considerando que j\u00e1 existem v\u00e1rios problemas emocionais, mentais psicossociais oriundos do utiliza\u00e7\u00e3o disfuncional ou patol\u00f3gicas das tecnologias da vida moderna.<\/p>\n\n\n\n<p>Sabemos, que o desenvolvimento tecnol\u00f3gico tem proporcionado \u00e0s crian\u00e7as acesso f\u00e1cil a dispositivos eletr\u00f4nicos, como smartphones, tablets e computadores, desde a mais tenra idade. Isso, certamente, pode trazer benef\u00edcios, como acesso a informa\u00e7\u00f5es e recursos educacionais, ferramentas de aprendizado interativo e comunica\u00e7\u00e3o facilitada. No entanto, tamb\u00e9m pode apresentar desafios, como a necessidade de equilibrar o tempo gasto em dispositivos eletr\u00f4nicos com outras atividades importantes para o desenvolvimento infantil.<\/p>\n\n\n\n<p>A tecnologia moderna tem transformado a forma como as crian\u00e7as aprendem e s\u00e3o educadas. Ela oferece oportunidades para o ensino personalizado, o acesso a recursos educacionais online, a intera\u00e7\u00e3o com conte\u00fado multim\u00eddia e a colabora\u00e7\u00e3o virtual. A educa\u00e7\u00e3o digital pode promover habilidades importantes, como pensamento cr\u00edtico, resolu\u00e7\u00e3o de problemas, criatividade e alfabetiza\u00e7\u00e3o digital.<\/p>\n\n\n\n<p>Todavia, sabe-se que o uso excessivo. inadequado ou disfuncional das tecnologias pode representar uma amea\u00e7a para a sa\u00fade, especialmente a sa\u00fade mental, social e para o bem-estar das crian\u00e7as. Isso inclui problemas de sa\u00fade f\u00edsica, como sedentarismo e problemas de vis\u00e3o, e quest\u00f5es relacionadas \u00e0 sa\u00fade mental, como depend\u00eancia de dispositivos eletr\u00f4nicos, falta de intera\u00e7\u00e3o social face a face e exposi\u00e7\u00e3o a conte\u00fados inadequados.<\/p>\n\n\n\n<p>Com o r\u00e1pido avan\u00e7o tecnol\u00f3gico, a alfabetiza\u00e7\u00e3o digital tornou-se uma habilidade essencial para a participa\u00e7\u00e3o plena na sociedade atual e futura. A educa\u00e7\u00e3o das crian\u00e7as deve incluir o desenvolvimento de habilidades digitais, como o uso respons\u00e1vel da tecnologia, a seguran\u00e7a online, a capacidade de avaliar informa\u00e7\u00f5es e a compreens\u00e3o do impacto da tecnologia na sociedade.<\/p>\n\n\n\n<p>Os pais e educadores desempenham um papel fundamental na educa\u00e7\u00e3o das crian\u00e7as especialmente em rela\u00e7\u00e3o \u00e0 tecnologia. Eles devem promover um uso equilibrado e saud\u00e1vel da mesma, estabelecer limites apropriados, ensinar habilidades de pensamento cr\u00edtico e promover uma discuss\u00e3o aberta sobre os benef\u00edcios e desafios desses recursos.<\/p>\n\n\n\n<p>Em suma, a educa\u00e7\u00e3o da crian\u00e7a e o desenvolvimento tecnol\u00f3gico est\u00e3o entrela\u00e7ados na sociedade atual. \u00c9 necess\u00e1rio um equil\u00edbrio adequado para aproveitar os benef\u00edcios da tecnologia na educa\u00e7\u00e3o, ao mesmo tempo em que se aborda os desafios relacionados \u00e0 sa\u00fade e ao bem-estar. O objetivo \u00e9 capacitar as crian\u00e7as a utilizar a tecnologia de forma respons\u00e1vel, construtiva e segura, preparando-as para o mundo digital em constante evolu\u00e7\u00e3o.<\/p>\n\n\n\n<p>Um dos pontos chaves sobre esse assunto, \u00e9 que todas essas vantagens descritas acima visando o desenvolvimento de crian\u00e7as no mundo tecnol\u00f3gico dever\u00e3o ser amplamente fiscalizadas pelos pais e professores para que n\u00e3o haja excessos ou exageros no manejo dessas tecnologias modernas e isso venha prejudic\u00e1-los, especialmente, o funcionamento pessoal e social dessas crian\u00e7as possibilitando o adoecimento mental e social.<\/p>\n\n\n\n<p>Com o desenvolvimento tecnol\u00f3gico surgiram alguns desafios a serem enfrentados e isto inclui o uso excessivo de dispositivos eletr\u00f4nicos pode levar as crian\u00e7as a passarem longos per\u00edodos de tempo em frente a telas, o que pode afetar negativamente seu desenvolvimento f\u00edsico, social e emocional.<\/p>\n\n\n\n<p>O sedentarismo, outra condi\u00e7\u00e3o desfavor\u00e1vel e muito frequente que est\u00e1 associado ao uso prolongado de dispositivos eletr\u00f4nicos pode contribuir para problemas de sa\u00fade, como obesidade e falta de condicionamento f\u00edsico, perda de peso al\u00e9m de muitos outros problemas psicol\u00f3gicos e sociais na vida dessas crian\u00e7as.<\/p>\n\n\n\n<p>O uso excessivo de tecnologia tamb\u00e9m pode levar a uma diminui\u00e7\u00e3o do tempo dedicado \u00e0 intera\u00e7\u00e3o social de forma mais participativa. As intera\u00e7\u00f5es pessoais s\u00e3o importantes para o desenvolvimento de habilidades sociais, comunica\u00e7\u00e3o verbal e n\u00e3o verbal, empatia, forma\u00e7\u00e3o de relacionamentos e para o desenvolvimento saud\u00e1vel psicol\u00f3gico e social dessas crian\u00e7as.<\/p>\n\n\n\n<p>A exposi\u00e7\u00e3o a conte\u00fado inadequado na internet, como viol\u00eancia, linguagem ofensiva, pornografia ou informa\u00e7\u00f5es enganosas, \u00e9 uma preocupa\u00e7\u00e3o que todos os pais e educadores deveriam estarem atentos, modernamente. \u00c9 fundamental que os pais e educadores intercedam nesse aspecto quando seus filhos estiverem acessando os meios de comunica\u00e7\u00e3o on-line.<\/p>\n\n\n\n<p>A falta de supervis\u00e3o e orienta\u00e7\u00e3o adequadas no uso da tecnologia pode expor as crian\u00e7as a riscos, como cyberbullying, explora\u00e7\u00e3o online, exposi\u00e7\u00e3o a conte\u00fado inapropriado e problemas de privacidade. \u00c9 essencial que os pais e educadores estejam envolvidos, estabele\u00e7am regras claras e ofere\u00e7am orienta\u00e7\u00e3o segura sobre o uso respons\u00e1vel da tecnologia.<\/p>\n\n\n\n<p>Outro aspecto relevante \u00e9 o desenvolvimento de depend\u00eancia de tecnologias, afetando negativamente o bem-estar emocional e o desempenho escolar e acad\u00eamico das crian\u00e7as. \u00c9 importante estabelecer limites saud\u00e1veis \u200b\u200be promover um equil\u00edbrio entre o tempo gasto em atividades digitais e outras atividades, como brincadeiras ao ar livre, leitura e intera\u00e7\u00e3o social.<\/p>\n\n\n\n<p>\u00c9 fundamental que os pais, educadores e sociedade em geral estejam conscientes desses problemas e adotem uma abordagem equilibrada em rela\u00e7\u00e3o \u00e0 tecnologia na educa\u00e7\u00e3o das crian\u00e7as. Isso inclui estabelecer limites adequados, oferecer supervis\u00e3o e orienta\u00e7\u00e3o, promover o uso respons\u00e1vel da tecnologia e incentivar atividades offline que sejam essenciais para o desenvolvimento saud\u00e1vel das crian\u00e7as.<\/p>\n\n\n\n<p>A responsabilidades, dos pais, das escolas e professores, s\u00e3o cada vez maiores e espec\u00edficas na educa\u00e7\u00e3o dessas crian\u00e7as, sobretudo, como foi sinalizado acima, a fiscaliza\u00e7\u00e3o e orienta\u00e7\u00e3o cont\u00ednua e permanente sobre o que est\u00e1 acontecendo no ambiente virtual de filhos e alunos. Havendo falhas nesses processos as crian\u00e7as e suas fam\u00edlias pagar\u00e3o um pre\u00e7o alto.<\/p>\n","protected":false},"excerpt":{"rendered":"<p>A educa\u00e7\u00e3o da crian\u00e7a e o desenvolvimento tecnol\u00f3gico s\u00e3o temas que est\u00e3o interconectados e t\u00eam tido ultimamente um impacto significativo [&hellip;]<\/p>\n","protected":false},"author":3,"featured_media":0,"comment_status":"open","ping_status":"open","sticky":false,"template":"","format":"standard","meta":{"site-sidebar-layout":"default","site-content-layout":"","ast-site-content-layout":"default","site-content-style":"default","site-sidebar-style":"default","ast-global-header-display":"","ast-banner-title-visibility":"","ast-main-header-display":"","ast-hfb-above-header-display":"","ast-hfb-below-header-display":"","ast-hfb-mobile-header-display":"","site-post-title":"","ast-breadcrumbs-content":"","ast-featured-img":"","footer-sml-layout":"","ast-disable-related-posts":"","theme-transparent-header-meta":"","adv-header-id-meta":"","stick-header-meta":"","header-above-stick-meta":"","header-main-stick-meta":"","header-below-stick-meta":"","astra-migrate-meta-layouts":"default","ast-page-background-enabled":"default","ast-page-background-meta":{"desktop":{"background-color":"var(--ast-global-color-5)","background-image":"","background-repeat":"repeat","background-position":"center center","background-size":"auto","background-attachment":"scroll","background-type":"","background-media":"","overlay-type":"","overlay-color":"","overlay-opacity":"","overlay-gradient":""},"tablet":{"background-color":"","background-image":"","background-repeat":"repeat","background-position":"center center","background-size":"auto","background-attachment":"scroll","background-type":"","background-media":"","overlay-type":"","overlay-color":"","overlay-opacity":"","overlay-gradient":""},"mobile":{"background-color":"","background-image":"","background-repeat":"repeat","background-position":"center center","background-size":"auto","background-attachment":"scroll","background-type":"","background-media":"","overlay-type":"","overlay-color":"","overlay-opacity":"","overlay-gradient":""}},"ast-content-background-meta":{"desktop":{"background-color":"var(--ast-global-color-4)","background-image":"","background-repeat":"repeat","background-position":"center center","background-size":"auto","background-attachment":"scroll","background-type":"","background-media":"","overlay-type":"","overlay-color":"","overlay-opacity":"","overlay-gradient":""},"tablet":{"background-color":"var(--ast-global-color-4)","background-image":"","background-repeat":"repeat","background-position":"center center","background-size":"auto","background-attachment":"scroll","background-type":"","background-media":"","overlay-type":"","overlay-color":"","overlay-opacity":"","overlay-gradient":""},"mobile":{"background-color":"var(--ast-global-color-4)","background-image":"","background-repeat":"repeat","background-position":"center center","background-size":"auto","background-attachment":"scroll","background-type":"","background-media":"","overlay-type":"","overlay-color":"","overlay-opacity":"","overlay-gradient":""}},"footnotes":""},"categories":[1],"tags":[],"class_list":["post-1391","post","type-post","status-publish","format-standard","hentry","category-sem-categoria"],"yoast_head":"<!-- This site is optimized with the Yoast SEO plugin v26.6 - https:\/\/yoast.com\/wordpress\/plugins\/seo\/ -->\n<title>A crian\u00e7a, a tecnologia e as quest\u00f5es psicossociais - Ruy Palhano<\/title>\n<meta name=\"robots\" content=\"index, follow, max-snippet:-1, max-image-preview:large, max-video-preview:-1\" \/>\n<link rel=\"canonical\" href=\"https:\/\/www.blogsoestado.com\/ruypalhano\/2023\/07\/09\/a-crianca-a-tecnologia-e-as-questoes-psicossociais\/\" \/>\n<meta property=\"og:locale\" content=\"pt_BR\" \/>\n<meta property=\"og:type\" content=\"article\" \/>\n<meta property=\"og:title\" content=\"A crian\u00e7a, a tecnologia e as quest\u00f5es psicossociais - Ruy Palhano\" \/>\n<meta property=\"og:description\" content=\"A educa\u00e7\u00e3o da crian\u00e7a e o desenvolvimento tecnol\u00f3gico s\u00e3o temas que est\u00e3o interconectados e t\u00eam tido ultimamente um impacto significativo [&hellip;]\" \/>\n<meta property=\"og:url\" content=\"https:\/\/www.blogsoestado.com\/ruypalhano\/2023\/07\/09\/a-crianca-a-tecnologia-e-as-questoes-psicossociais\/\" \/>\n<meta property=\"og:site_name\" content=\"Ruy Palhano\" \/>\n<meta property=\"article:published_time\" content=\"2023-07-09T22:15:23+00:00\" \/>\n<meta name=\"author\" content=\"Ruy Palhano\" \/>\n<meta name=\"twitter:card\" content=\"summary_large_image\" \/>\n<meta name=\"twitter:label1\" content=\"Escrito por\" \/>\n\t<meta name=\"twitter:data1\" content=\"Ruy Palhano\" \/>\n\t<meta name=\"twitter:label2\" content=\"Est. tempo de leitura\" \/>\n\t<meta name=\"twitter:data2\" content=\"4 minutos\" \/>\n<script type=\"application\/ld+json\" class=\"yoast-schema-graph\">{\"@context\":\"https:\/\/schema.org\",\"@graph\":[{\"@type\":\"WebPage\",\"@id\":\"https:\/\/www.blogsoestado.com\/ruypalhano\/2023\/07\/09\/a-crianca-a-tecnologia-e-as-questoes-psicossociais\/\",\"url\":\"https:\/\/www.blogsoestado.com\/ruypalhano\/2023\/07\/09\/a-crianca-a-tecnologia-e-as-questoes-psicossociais\/\",\"name\":\"A crian\u00e7a, a tecnologia e as quest\u00f5es psicossociais - Ruy Palhano\",\"isPartOf\":{\"@id\":\"https:\/\/www.blogsoestado.com\/ruypalhano\/#website\"},\"datePublished\":\"2023-07-09T22:15:23+00:00\",\"author\":{\"@id\":\"https:\/\/www.blogsoestado.com\/ruypalhano\/#\/schema\/person\/ef49e08ec3e742dec1682f34674f2c84\"},\"breadcrumb\":{\"@id\":\"https:\/\/www.blogsoestado.com\/ruypalhano\/2023\/07\/09\/a-crianca-a-tecnologia-e-as-questoes-psicossociais\/#breadcrumb\"},\"inLanguage\":\"pt-BR\",\"potentialAction\":[{\"@type\":\"ReadAction\",\"target\":[\"https:\/\/www.blogsoestado.com\/ruypalhano\/2023\/07\/09\/a-crianca-a-tecnologia-e-as-questoes-psicossociais\/\"]}]},{\"@type\":\"BreadcrumbList\",\"@id\":\"https:\/\/www.blogsoestado.com\/ruypalhano\/2023\/07\/09\/a-crianca-a-tecnologia-e-as-questoes-psicossociais\/#breadcrumb\",\"itemListElement\":[{\"@type\":\"ListItem\",\"position\":1,\"name\":\"In\u00edcio\",\"item\":\"https:\/\/www.blogsoestado.com\/ruypalhano\/\"},{\"@type\":\"ListItem\",\"position\":2,\"name\":\"A crian\u00e7a, a tecnologia e as quest\u00f5es psicossociais\"}]},{\"@type\":\"WebSite\",\"@id\":\"https:\/\/www.blogsoestado.com\/ruypalhano\/#website\",\"url\":\"https:\/\/www.blogsoestado.com\/ruypalhano\/\",\"name\":\"Ruy Palhano\",\"description\":\"\",\"potentialAction\":[{\"@type\":\"SearchAction\",\"target\":{\"@type\":\"EntryPoint\",\"urlTemplate\":\"https:\/\/www.blogsoestado.com\/ruypalhano\/?s={search_term_string}\"},\"query-input\":{\"@type\":\"PropertyValueSpecification\",\"valueRequired\":true,\"valueName\":\"search_term_string\"}}],\"inLanguage\":\"pt-BR\"},{\"@type\":\"Person\",\"@id\":\"https:\/\/www.blogsoestado.com\/ruypalhano\/#\/schema\/person\/ef49e08ec3e742dec1682f34674f2c84\",\"name\":\"Ruy Palhano\",\"image\":{\"@type\":\"ImageObject\",\"inLanguage\":\"pt-BR\",\"@id\":\"https:\/\/www.blogsoestado.com\/ruypalhano\/#\/schema\/person\/image\/\",\"url\":\"https:\/\/secure.gravatar.com\/avatar\/d08170dc68d65048f069f40789786091e8b070aa02b0d2e514ddd0244c684a5a?s=96&d=mm&r=g\",\"contentUrl\":\"https:\/\/secure.gravatar.com\/avatar\/d08170dc68d65048f069f40789786091e8b070aa02b0d2e514ddd0244c684a5a?s=96&d=mm&r=g\",\"caption\":\"Ruy Palhano\"},\"url\":\"https:\/\/www.blogsoestado.com\/ruypalhano\/author\/ruypalhano\/\"}]}<\/script>\n<!-- \/ Yoast SEO plugin. -->","yoast_head_json":{"title":"A crian\u00e7a, a tecnologia e as quest\u00f5es psicossociais - Ruy Palhano","robots":{"index":"index","follow":"follow","max-snippet":"max-snippet:-1","max-image-preview":"max-image-preview:large","max-video-preview":"max-video-preview:-1"},"canonical":"https:\/\/www.blogsoestado.com\/ruypalhano\/2023\/07\/09\/a-crianca-a-tecnologia-e-as-questoes-psicossociais\/","og_locale":"pt_BR","og_type":"article","og_title":"A crian\u00e7a, a tecnologia e as quest\u00f5es psicossociais - Ruy Palhano","og_description":"A educa\u00e7\u00e3o da crian\u00e7a e o desenvolvimento tecnol\u00f3gico s\u00e3o temas que est\u00e3o interconectados e t\u00eam tido ultimamente um impacto significativo [&hellip;]","og_url":"https:\/\/www.blogsoestado.com\/ruypalhano\/2023\/07\/09\/a-crianca-a-tecnologia-e-as-questoes-psicossociais\/","og_site_name":"Ruy Palhano","article_published_time":"2023-07-09T22:15:23+00:00","author":"Ruy Palhano","twitter_card":"summary_large_image","twitter_misc":{"Escrito por":"Ruy Palhano","Est. tempo de leitura":"4 minutos"},"schema":{"@context":"https:\/\/schema.org","@graph":[{"@type":"WebPage","@id":"https:\/\/www.blogsoestado.com\/ruypalhano\/2023\/07\/09\/a-crianca-a-tecnologia-e-as-questoes-psicossociais\/","url":"https:\/\/www.blogsoestado.com\/ruypalhano\/2023\/07\/09\/a-crianca-a-tecnologia-e-as-questoes-psicossociais\/","name":"A crian\u00e7a, a tecnologia e as quest\u00f5es psicossociais - Ruy Palhano","isPartOf":{"@id":"https:\/\/www.blogsoestado.com\/ruypalhano\/#website"},"datePublished":"2023-07-09T22:15:23+00:00","author":{"@id":"https:\/\/www.blogsoestado.com\/ruypalhano\/#\/schema\/person\/ef49e08ec3e742dec1682f34674f2c84"},"breadcrumb":{"@id":"https:\/\/www.blogsoestado.com\/ruypalhano\/2023\/07\/09\/a-crianca-a-tecnologia-e-as-questoes-psicossociais\/#breadcrumb"},"inLanguage":"pt-BR","potentialAction":[{"@type":"ReadAction","target":["https:\/\/www.blogsoestado.com\/ruypalhano\/2023\/07\/09\/a-crianca-a-tecnologia-e-as-questoes-psicossociais\/"]}]},{"@type":"BreadcrumbList","@id":"https:\/\/www.blogsoestado.com\/ruypalhano\/2023\/07\/09\/a-crianca-a-tecnologia-e-as-questoes-psicossociais\/#breadcrumb","itemListElement":[{"@type":"ListItem","position":1,"name":"In\u00edcio","item":"https:\/\/www.blogsoestado.com\/ruypalhano\/"},{"@type":"ListItem","position":2,"name":"A crian\u00e7a, a tecnologia e as quest\u00f5es psicossociais"}]},{"@type":"WebSite","@id":"https:\/\/www.blogsoestado.com\/ruypalhano\/#website","url":"https:\/\/www.blogsoestado.com\/ruypalhano\/","name":"Ruy Palhano","description":"","potentialAction":[{"@type":"SearchAction","target":{"@type":"EntryPoint","urlTemplate":"https:\/\/www.blogsoestado.com\/ruypalhano\/?s={search_term_string}"},"query-input":{"@type":"PropertyValueSpecification","valueRequired":true,"valueName":"search_term_string"}}],"inLanguage":"pt-BR"},{"@type":"Person","@id":"https:\/\/www.blogsoestado.com\/ruypalhano\/#\/schema\/person\/ef49e08ec3e742dec1682f34674f2c84","name":"Ruy Palhano","image":{"@type":"ImageObject","inLanguage":"pt-BR","@id":"https:\/\/www.blogsoestado.com\/ruypalhano\/#\/schema\/person\/image\/","url":"https:\/\/secure.gravatar.com\/avatar\/d08170dc68d65048f069f40789786091e8b070aa02b0d2e514ddd0244c684a5a?s=96&d=mm&r=g","contentUrl":"https:\/\/secure.gravatar.com\/avatar\/d08170dc68d65048f069f40789786091e8b070aa02b0d2e514ddd0244c684a5a?s=96&d=mm&r=g","caption":"Ruy Palhano"},"url":"https:\/\/www.blogsoestado.com\/ruypalhano\/author\/ruypalhano\/"}]}},"jetpack_featured_media_url":"","_links":{"self":[{"href":"https:\/\/www.blogsoestado.com\/ruypalhano\/wp-json\/wp\/v2\/posts\/1391","targetHints":{"allow":["GET"]}}],"collection":[{"href":"https:\/\/www.blogsoestado.com\/ruypalhano\/wp-json\/wp\/v2\/posts"}],"about":[{"href":"https:\/\/www.blogsoestado.com\/ruypalhano\/wp-json\/wp\/v2\/types\/post"}],"author":[{"embeddable":true,"href":"https:\/\/www.blogsoestado.com\/ruypalhano\/wp-json\/wp\/v2\/users\/3"}],"replies":[{"embeddable":true,"href":"https:\/\/www.blogsoestado.com\/ruypalhano\/wp-json\/wp\/v2\/comments?post=1391"}],"version-history":[{"count":0,"href":"https:\/\/www.blogsoestado.com\/ruypalhano\/wp-json\/wp\/v2\/posts\/1391\/revisions"}],"wp:attachment":[{"href":"https:\/\/www.blogsoestado.com\/ruypalhano\/wp-json\/wp\/v2\/media?parent=1391"}],"wp:term":[{"taxonomy":"category","embeddable":true,"href":"https:\/\/www.blogsoestado.com\/ruypalhano\/wp-json\/wp\/v2\/categories?post=1391"},{"taxonomy":"post_tag","embeddable":true,"href":"https:\/\/www.blogsoestado.com\/ruypalhano\/wp-json\/wp\/v2\/tags?post=1391"}],"curies":[{"name":"wp","href":"https:\/\/api.w.org\/{rel}","templated":true}]}}