{"id":190,"date":"2012-09-16T18:37:20","date_gmt":"2012-09-16T21:37:20","guid":{"rendered":"https:\/\/www.blogsoestado.com\/ruypalhano\/?p=190"},"modified":"2012-09-16T18:37:20","modified_gmt":"2012-09-16T21:37:20","slug":"politica-nacional-sobre-drogas-e-uso-de-cocaina-e-crack","status":"publish","type":"post","link":"https:\/\/www.blogsoestado.com\/ruypalhano\/2012\/09\/16\/politica-nacional-sobre-drogas-e-uso-de-cocaina-e-crack\/","title":{"rendered":"Pol\u00edtica Nacional sobre Drogas e Uso de Coca\u00edna e Crack"},"content":{"rendered":"<p style=\"text-align: left;\" align=\"center\">Mais uma vez o consumo de coca\u00edna\u00a0 crack ocupa o centro de nossa aten\u00e7\u00e3o atrav\u00e9s dos principais noticiosos do pa\u00eds e desta feita a partir da publica\u00e7\u00e3o dos resultados de uma importante pesquisa sobre o consumo desta e de outras drogas realizada pelo Instituto Nacional de Ci\u00eancia e Tecnologia para Pol\u00edticas P\u00fablicas do \u00c0lcool e outras Drogas \u2013 INPAD e Universidade Federal de S\u00e3o Paulo \u2013 UNIFESP. \u00a0<\/p>\n<p>Recentimente a Organiza\u00e7\u00e3o Mundial da Sa\u00fade-OMS publicou outro documento sobre o consumo desta drogas no mundo e pelos dados estima-se que, no mundo, 13,3 milh\u00f5es de pessoas que representa 0,3% da popula\u00e7\u00e3o acima de 15 anos, consumam regularmente coca\u00edna. Dados deste ano da Organiza\u00e7\u00e3o das Na\u00e7\u00f5es Unidas \u2013 ONU sobre ouso de drogas revelou que o consumo de coca\u00edna entre os nove pa\u00edses da Am\u00e9rica do Sul foi descrito como &#8220;est\u00e1vel&#8221;, por\u00e9m, em nosso pa\u00eds, houve aumento do consumo de 1%, em 2001, para 2,6%, em 2005, pela popula\u00e7\u00e3o entre 15 e 64 anos.<\/p>\n<p>Os dados da pesquisa da UNIFESP mostram que aproximadamente 6 milh\u00f5es de brasileiros, que corresponde a 4% da popula\u00e7\u00e3o adulta, j\u00e1 experimentaram coca\u00edna em diferentes formas (merla, crack ou oxi ) e 3% deste consumo se deu entre adolescentes, perfazendo um total de 442 mil jovens. No \u00faltimo ano 2,6 milh\u00f5es de adultos e 244 mil adolescentes fizeram uso desta droga.<\/p>\n<p>Provavelmente, em raz\u00e3o deste crecimento no consumo desta drogas entre n\u00f3s, raros s\u00e3o os dias que n\u00e3o sao anunciados fatos sobre este assunto: ora sobre a aud\u00e1cia dos tr\u00e1ficantes de drogas, ora sobre os crimes cometidos a pretexto do uso de drogas, ora sobre a inseguran\u00e7a social com que vivem as fam\u00edlias que n\u00e3o sbem o que fazer para evitar que seus filhos adentrem no mundo do uso de drogas. E, por fim as constantes queixas de familiares que n\u00e3o sabem pra onde levar seus filhos dependentes de drogas pelas defici\u00eancias na rede de assist\u00eancia a estes enfermos.<\/p>\n<p>Considero a situa\u00e7\u00e3o da (des)assist\u00eancia a mais grave de todas pelo estado ca\u00f3tico que se encontra e isto \u00e9 atribu\u00eddo \u00e0 defici\u00eancia de pol\u00edticas p\u00fablicas que tratam deste assunto. As principais defici\u00eancias s\u00e3o: de m\u00e3o de obra qualificada e especializada para lidar com estes pacientes; pela ideologia <strong><em>capcentrista<\/em><\/strong> que atribui aos CAPS ( Centro de Aten\u00e7\u00e3o Psicossocial) a prerrogativa \u00fanica de acolher e cuidar destes pacientes; pelos parcos recursos financeiros que limitam os paciente ao acesso de tecnologias m\u00e9dicas e farmacol\u00f3gicas mais avan\u00e7adas para garantir seu tratamento; e, finalmente, pela pr\u00f3pria defici\u00eancia t\u00e9cnica e operacional da pr\u00f3pria rede de assist\u00eancia a estes enfermos fato que n\u00e3o garante efici\u00eancia e abrang\u00eancia nestes tratamentos.<\/p>\n<p>Como resultado destas mazelas, apontadas acima, o que vemos s\u00e3o dependentes de \u00e1lcool e de outras drogas a merc\u00ea da sorte, o aumento no consumo destas drogas, pessoas se drogando cada vez com menos idade e fam\u00edlias sem saber a quem recorrer na busca de auxilio aos seus doentes. Faz-se mister portanto maior compormisso dos org\u00e3os p\u00fablicos, \u00a0especialmente os que tratam diretamente destas quest\u00f5es, no sentido de ficarem mais atentos e procurarem corrigir esta distor\u00e7\u00f5es que tanto maltratam e prejudicam a vida de tanta gente.<\/p>\n<p>Felizmente nem tudo s\u00e3o espinhos, como diria Cleoud Oliverstane, pois um setor que merece todos os nossos elogios e aplausos s\u00e3o os realizados pelas pol\u00edcias de nosso pa\u00eds que trabalham com afinco no controle do trafico il\u00edcito de drogas, estou me referindo \u00e0s pol\u00edcias, civil, militar e particularmente a Pol\u00edcia Federal, que se mostra cada vez mais eficiente\u00a0 no desbaratamento das quadrilhas de traficantes, apesar das deficiencias que todos sasbemos que existem principalmente quanto aos recursos financeitos e as defici\u00eancias de pessoal especializado para o combate deste tido de crime. \u00a0<\/p>\n<p>&nbsp;<\/p>\n<p>&nbsp;<\/p>\n","protected":false},"excerpt":{"rendered":"<p>Mais uma vez o consumo de coca\u00edna\u00a0 crack ocupa o centro de nossa aten\u00e7\u00e3o atrav\u00e9s dos principais noticiosos do pa\u00eds [&hellip;]<\/p>\n","protected":false},"author":3,"featured_media":0,"comment_status":"open","ping_status":"open","sticky":false,"template":"","format":"standard","meta":{"site-sidebar-layout":"default","site-content-layout":"","ast-site-content-layout":"default","site-content-style":"default","site-sidebar-style":"default","ast-global-header-display":"","ast-banner-title-visibility":"","ast-main-header-display":"","ast-hfb-above-header-display":"","ast-hfb-below-header-display":"","ast-hfb-mobile-header-display":"","site-post-title":"","ast-breadcrumbs-content":"","ast-featured-img":"","footer-sml-layout":"","ast-disable-related-posts":"","theme-transparent-header-meta":"","adv-header-id-meta":"","stick-header-meta":"","header-above-stick-meta":"","header-main-stick-meta":"","header-below-stick-meta":"","astra-migrate-meta-layouts":"default","ast-page-background-enabled":"default","ast-page-background-meta":{"desktop":{"background-color":"var(--ast-global-color-5)","background-image":"","background-repeat":"repeat","background-position":"center center","background-size":"auto","background-attachment":"scroll","background-type":"","background-media":"","overlay-type":"","overlay-color":"","overlay-opacity":"","overlay-gradient":""},"tablet":{"background-color":"","background-image":"","background-repeat":"repeat","background-position":"center center","background-size":"auto","background-attachment":"scroll","background-type":"","background-media":"","overlay-type":"","overlay-color":"","overlay-opacity":"","overlay-gradient":""},"mobile":{"background-color":"","background-image":"","background-repeat":"repeat","background-position":"center center","background-size":"auto","background-attachment":"scroll","background-type":"","background-media":"","overlay-type":"","overlay-color":"","overlay-opacity":"","overlay-gradient":""}},"ast-content-background-meta":{"desktop":{"background-color":"var(--ast-global-color-4)","background-image":"","background-repeat":"repeat","background-position":"center center","background-size":"auto","background-attachment":"scroll","background-type":"","background-media":"","overlay-type":"","overlay-color":"","overlay-opacity":"","overlay-gradient":""},"tablet":{"background-color":"var(--ast-global-color-4)","background-image":"","background-repeat":"repeat","background-position":"center center","background-size":"auto","background-attachment":"scroll","background-type":"","background-media":"","overlay-type":"","overlay-color":"","overlay-opacity":"","overlay-gradient":""},"mobile":{"background-color":"var(--ast-global-color-4)","background-image":"","background-repeat":"repeat","background-position":"center center","background-size":"auto","background-attachment":"scroll","background-type":"","background-media":"","overlay-type":"","overlay-color":"","overlay-opacity":"","overlay-gradient":""}},"footnotes":""},"categories":[1],"tags":[],"class_list":["post-190","post","type-post","status-publish","format-standard","hentry","category-sem-categoria"],"yoast_head":"<!-- This site is optimized with the Yoast SEO plugin v26.6 - https:\/\/yoast.com\/wordpress\/plugins\/seo\/ -->\n<title>Pol\u00edtica Nacional sobre Drogas e Uso de Coca\u00edna e Crack - Ruy Palhano<\/title>\n<meta name=\"robots\" content=\"index, follow, max-snippet:-1, max-image-preview:large, max-video-preview:-1\" \/>\n<link rel=\"canonical\" href=\"https:\/\/www.blogsoestado.com\/ruypalhano\/2012\/09\/16\/politica-nacional-sobre-drogas-e-uso-de-cocaina-e-crack\/\" \/>\n<meta property=\"og:locale\" content=\"pt_BR\" \/>\n<meta property=\"og:type\" content=\"article\" \/>\n<meta property=\"og:title\" content=\"Pol\u00edtica Nacional sobre Drogas e Uso de Coca\u00edna e Crack - Ruy Palhano\" \/>\n<meta property=\"og:description\" content=\"Mais uma vez o consumo de coca\u00edna\u00a0 crack ocupa o centro de nossa aten\u00e7\u00e3o atrav\u00e9s dos principais noticiosos do pa\u00eds [&hellip;]\" \/>\n<meta property=\"og:url\" content=\"https:\/\/www.blogsoestado.com\/ruypalhano\/2012\/09\/16\/politica-nacional-sobre-drogas-e-uso-de-cocaina-e-crack\/\" \/>\n<meta property=\"og:site_name\" content=\"Ruy Palhano\" \/>\n<meta property=\"article:published_time\" content=\"2012-09-16T21:37:20+00:00\" \/>\n<meta name=\"author\" content=\"Ruy Palhano\" \/>\n<meta name=\"twitter:card\" content=\"summary_large_image\" \/>\n<meta name=\"twitter:label1\" content=\"Escrito por\" \/>\n\t<meta name=\"twitter:data1\" content=\"Ruy Palhano\" \/>\n\t<meta name=\"twitter:label2\" content=\"Est. tempo de leitura\" \/>\n\t<meta name=\"twitter:data2\" content=\"3 minutos\" \/>\n<script type=\"application\/ld+json\" class=\"yoast-schema-graph\">{\"@context\":\"https:\/\/schema.org\",\"@graph\":[{\"@type\":\"WebPage\",\"@id\":\"https:\/\/www.blogsoestado.com\/ruypalhano\/2012\/09\/16\/politica-nacional-sobre-drogas-e-uso-de-cocaina-e-crack\/\",\"url\":\"https:\/\/www.blogsoestado.com\/ruypalhano\/2012\/09\/16\/politica-nacional-sobre-drogas-e-uso-de-cocaina-e-crack\/\",\"name\":\"Pol\u00edtica Nacional sobre Drogas e Uso de Coca\u00edna e Crack - Ruy Palhano\",\"isPartOf\":{\"@id\":\"https:\/\/www.blogsoestado.com\/ruypalhano\/#website\"},\"datePublished\":\"2012-09-16T21:37:20+00:00\",\"author\":{\"@id\":\"https:\/\/www.blogsoestado.com\/ruypalhano\/#\/schema\/person\/ef49e08ec3e742dec1682f34674f2c84\"},\"breadcrumb\":{\"@id\":\"https:\/\/www.blogsoestado.com\/ruypalhano\/2012\/09\/16\/politica-nacional-sobre-drogas-e-uso-de-cocaina-e-crack\/#breadcrumb\"},\"inLanguage\":\"pt-BR\",\"potentialAction\":[{\"@type\":\"ReadAction\",\"target\":[\"https:\/\/www.blogsoestado.com\/ruypalhano\/2012\/09\/16\/politica-nacional-sobre-drogas-e-uso-de-cocaina-e-crack\/\"]}]},{\"@type\":\"BreadcrumbList\",\"@id\":\"https:\/\/www.blogsoestado.com\/ruypalhano\/2012\/09\/16\/politica-nacional-sobre-drogas-e-uso-de-cocaina-e-crack\/#breadcrumb\",\"itemListElement\":[{\"@type\":\"ListItem\",\"position\":1,\"name\":\"In\u00edcio\",\"item\":\"https:\/\/www.blogsoestado.com\/ruypalhano\/\"},{\"@type\":\"ListItem\",\"position\":2,\"name\":\"Pol\u00edtica Nacional sobre Drogas e Uso de Coca\u00edna e Crack\"}]},{\"@type\":\"WebSite\",\"@id\":\"https:\/\/www.blogsoestado.com\/ruypalhano\/#website\",\"url\":\"https:\/\/www.blogsoestado.com\/ruypalhano\/\",\"name\":\"Ruy Palhano\",\"description\":\"\",\"potentialAction\":[{\"@type\":\"SearchAction\",\"target\":{\"@type\":\"EntryPoint\",\"urlTemplate\":\"https:\/\/www.blogsoestado.com\/ruypalhano\/?s={search_term_string}\"},\"query-input\":{\"@type\":\"PropertyValueSpecification\",\"valueRequired\":true,\"valueName\":\"search_term_string\"}}],\"inLanguage\":\"pt-BR\"},{\"@type\":\"Person\",\"@id\":\"https:\/\/www.blogsoestado.com\/ruypalhano\/#\/schema\/person\/ef49e08ec3e742dec1682f34674f2c84\",\"name\":\"Ruy Palhano\",\"image\":{\"@type\":\"ImageObject\",\"inLanguage\":\"pt-BR\",\"@id\":\"https:\/\/www.blogsoestado.com\/ruypalhano\/#\/schema\/person\/image\/\",\"url\":\"https:\/\/secure.gravatar.com\/avatar\/d08170dc68d65048f069f40789786091e8b070aa02b0d2e514ddd0244c684a5a?s=96&d=mm&r=g\",\"contentUrl\":\"https:\/\/secure.gravatar.com\/avatar\/d08170dc68d65048f069f40789786091e8b070aa02b0d2e514ddd0244c684a5a?s=96&d=mm&r=g\",\"caption\":\"Ruy Palhano\"},\"url\":\"https:\/\/www.blogsoestado.com\/ruypalhano\/author\/ruypalhano\/\"}]}<\/script>\n<!-- \/ Yoast SEO plugin. -->","yoast_head_json":{"title":"Pol\u00edtica Nacional sobre Drogas e Uso de Coca\u00edna e Crack - Ruy Palhano","robots":{"index":"index","follow":"follow","max-snippet":"max-snippet:-1","max-image-preview":"max-image-preview:large","max-video-preview":"max-video-preview:-1"},"canonical":"https:\/\/www.blogsoestado.com\/ruypalhano\/2012\/09\/16\/politica-nacional-sobre-drogas-e-uso-de-cocaina-e-crack\/","og_locale":"pt_BR","og_type":"article","og_title":"Pol\u00edtica Nacional sobre Drogas e Uso de Coca\u00edna e Crack - Ruy Palhano","og_description":"Mais uma vez o consumo de coca\u00edna\u00a0 crack ocupa o centro de nossa aten\u00e7\u00e3o atrav\u00e9s dos principais noticiosos do pa\u00eds [&hellip;]","og_url":"https:\/\/www.blogsoestado.com\/ruypalhano\/2012\/09\/16\/politica-nacional-sobre-drogas-e-uso-de-cocaina-e-crack\/","og_site_name":"Ruy Palhano","article_published_time":"2012-09-16T21:37:20+00:00","author":"Ruy Palhano","twitter_card":"summary_large_image","twitter_misc":{"Escrito por":"Ruy Palhano","Est. tempo de leitura":"3 minutos"},"schema":{"@context":"https:\/\/schema.org","@graph":[{"@type":"WebPage","@id":"https:\/\/www.blogsoestado.com\/ruypalhano\/2012\/09\/16\/politica-nacional-sobre-drogas-e-uso-de-cocaina-e-crack\/","url":"https:\/\/www.blogsoestado.com\/ruypalhano\/2012\/09\/16\/politica-nacional-sobre-drogas-e-uso-de-cocaina-e-crack\/","name":"Pol\u00edtica Nacional sobre Drogas e Uso de Coca\u00edna e Crack - Ruy Palhano","isPartOf":{"@id":"https:\/\/www.blogsoestado.com\/ruypalhano\/#website"},"datePublished":"2012-09-16T21:37:20+00:00","author":{"@id":"https:\/\/www.blogsoestado.com\/ruypalhano\/#\/schema\/person\/ef49e08ec3e742dec1682f34674f2c84"},"breadcrumb":{"@id":"https:\/\/www.blogsoestado.com\/ruypalhano\/2012\/09\/16\/politica-nacional-sobre-drogas-e-uso-de-cocaina-e-crack\/#breadcrumb"},"inLanguage":"pt-BR","potentialAction":[{"@type":"ReadAction","target":["https:\/\/www.blogsoestado.com\/ruypalhano\/2012\/09\/16\/politica-nacional-sobre-drogas-e-uso-de-cocaina-e-crack\/"]}]},{"@type":"BreadcrumbList","@id":"https:\/\/www.blogsoestado.com\/ruypalhano\/2012\/09\/16\/politica-nacional-sobre-drogas-e-uso-de-cocaina-e-crack\/#breadcrumb","itemListElement":[{"@type":"ListItem","position":1,"name":"In\u00edcio","item":"https:\/\/www.blogsoestado.com\/ruypalhano\/"},{"@type":"ListItem","position":2,"name":"Pol\u00edtica Nacional sobre Drogas e Uso de Coca\u00edna e Crack"}]},{"@type":"WebSite","@id":"https:\/\/www.blogsoestado.com\/ruypalhano\/#website","url":"https:\/\/www.blogsoestado.com\/ruypalhano\/","name":"Ruy Palhano","description":"","potentialAction":[{"@type":"SearchAction","target":{"@type":"EntryPoint","urlTemplate":"https:\/\/www.blogsoestado.com\/ruypalhano\/?s={search_term_string}"},"query-input":{"@type":"PropertyValueSpecification","valueRequired":true,"valueName":"search_term_string"}}],"inLanguage":"pt-BR"},{"@type":"Person","@id":"https:\/\/www.blogsoestado.com\/ruypalhano\/#\/schema\/person\/ef49e08ec3e742dec1682f34674f2c84","name":"Ruy Palhano","image":{"@type":"ImageObject","inLanguage":"pt-BR","@id":"https:\/\/www.blogsoestado.com\/ruypalhano\/#\/schema\/person\/image\/","url":"https:\/\/secure.gravatar.com\/avatar\/d08170dc68d65048f069f40789786091e8b070aa02b0d2e514ddd0244c684a5a?s=96&d=mm&r=g","contentUrl":"https:\/\/secure.gravatar.com\/avatar\/d08170dc68d65048f069f40789786091e8b070aa02b0d2e514ddd0244c684a5a?s=96&d=mm&r=g","caption":"Ruy Palhano"},"url":"https:\/\/www.blogsoestado.com\/ruypalhano\/author\/ruypalhano\/"}]}},"jetpack_featured_media_url":"","_links":{"self":[{"href":"https:\/\/www.blogsoestado.com\/ruypalhano\/wp-json\/wp\/v2\/posts\/190","targetHints":{"allow":["GET"]}}],"collection":[{"href":"https:\/\/www.blogsoestado.com\/ruypalhano\/wp-json\/wp\/v2\/posts"}],"about":[{"href":"https:\/\/www.blogsoestado.com\/ruypalhano\/wp-json\/wp\/v2\/types\/post"}],"author":[{"embeddable":true,"href":"https:\/\/www.blogsoestado.com\/ruypalhano\/wp-json\/wp\/v2\/users\/3"}],"replies":[{"embeddable":true,"href":"https:\/\/www.blogsoestado.com\/ruypalhano\/wp-json\/wp\/v2\/comments?post=190"}],"version-history":[{"count":0,"href":"https:\/\/www.blogsoestado.com\/ruypalhano\/wp-json\/wp\/v2\/posts\/190\/revisions"}],"wp:attachment":[{"href":"https:\/\/www.blogsoestado.com\/ruypalhano\/wp-json\/wp\/v2\/media?parent=190"}],"wp:term":[{"taxonomy":"category","embeddable":true,"href":"https:\/\/www.blogsoestado.com\/ruypalhano\/wp-json\/wp\/v2\/categories?post=190"},{"taxonomy":"post_tag","embeddable":true,"href":"https:\/\/www.blogsoestado.com\/ruypalhano\/wp-json\/wp\/v2\/tags?post=190"}],"curies":[{"name":"wp","href":"https:\/\/api.w.org\/{rel}","templated":true}]}}