{"id":200,"date":"2012-10-07T19:15:00","date_gmt":"2012-10-07T22:15:00","guid":{"rendered":"https:\/\/www.blogsoestado.com\/ruypalhano\/?p=200"},"modified":"2012-10-07T19:15:00","modified_gmt":"2012-10-07T22:15:00","slug":"consumo-de-alcool-e-depressao-na-gravidez","status":"publish","type":"post","link":"https:\/\/www.blogsoestado.com\/ruypalhano\/2012\/10\/07\/consumo-de-alcool-e-depressao-na-gravidez\/","title":{"rendered":"Consumo de \u00c1lcool e Depress\u00e3o na Gravidez"},"content":{"rendered":"<p style=\"text-align: left\" align=\"center\">Ruy Palhano Silva<\/p>\n<p>Psiquiatra<\/p>\n<p>Ao longo de 2010 publiquei alguns artigos neste Jornal demonstrando que o consumo de \u00e1lcool na gesta\u00e7\u00e3o \u00e9 uma das condi\u00e7\u00f5es que mais causam problemas de sa\u00fade a m\u00e3e e ao feto e um dos que mais tem merecido a aten\u00e7\u00e3o dos investigadores. Um destes problema psicofisiol\u00f3gicos ocasionados pelo consumo de \u00e1lcool na gravidez \u00a0\u00e9 o denominado de S\u00edndrome Fetal Alco\u00f3lica &#8211; SAF, condi\u00e7\u00e3o grave neuropsicol\u00f3gica que afeta o comportamento, o desenvolvimento neuromotor e psicossocial do bebe em desenvolvimento.<\/p>\n<p>Em outro artigo tratei da depress\u00e3o p\u00f3s-parto uma condi\u00e7\u00e3o m\u00e9dica relevante n\u00e3o menos grave e razoavelmente frequente neste momento da vida das mulheres. Essa situa\u00e7\u00e3o que se revela, entre outras coisas, por uma avers\u00e3o inexplic\u00e1vel da m\u00e3e pelo seu filho em uma ocasi\u00e3o em que normalmente todas as mulheres o que mais querem \u00e9 estar junto com seus filhos, por isto mesmo se sentem muito deprimidas ao ponto de apresentarem entre outras coisas, id\u00e9ias suicidas.\u00a0<\/p>\n<p>\u00a0\u00a0\u00a0\u00a0\u00a0\u00a0\u00a0\u00a0\u00a0\u00a0\u00a0 Atualmente muitos estudos t\u00eam revelado outro fato cl\u00ednico tamb\u00e9m muit\u00edssimo importante, qual seja <strong><em>epis<\/em><\/strong><strong><em>\u00f3<\/em><\/strong><strong><em>dios depressivos<\/em><\/strong> <strong><em>no curso da gesta<\/em><\/strong><strong><em>\u00e7\u00e3<\/em><\/strong><strong><em>o<\/em><\/strong>, entre consumidoras de \u00e1lcool. Fen\u00f4meno diferente da depress\u00e3o p\u00f3s- parto, pois nesta condi\u00e7\u00e3o o consumo de \u00e1lcool pode ou n\u00e3o estar presente. Os estudos revelam que existe uma associa\u00e7\u00e3o direta entre o surgimento de sintomas depressivos na gravidez e no p\u00f3s-parto associados ao aumento de ingest\u00e3o de bebidas alco\u00f3licas.<\/p>\n<p>\u00a0\u00a0\u00a0\u00a0\u00a0\u00a0\u00a0\u00a0\u00a0\u00a0\u00a0 As mulheres mais vulner\u00e1veis s\u00e3o as que bebem pelo menos uma vez em binge (beber em binge \u00e9 caracterizado pela ingest\u00e3o de cinco ou mais doses alco\u00f3licas em uma \u00fanica ocasi\u00e3o) e como se sabe uma dose de bebida alco\u00f3lica cont\u00e9m 12 gramas de \u00e1lcool puro. \u201cUma lata de cerveja, por exemplo, cont\u00e9m uma dose de \u00e1lcool\u201d.<\/p>\n<p>Estudo mostra que mulheres que bebem ao longo dos 09 meses de gesta\u00e7\u00e3o em does at\u00e9 163,7 gramas de \u00e1lcool que corresponderia a algo em torno de 14 doses de bebidas neste per\u00edodo est\u00e3o mais sujeitas a apresentarem quadros de depress\u00e3o em torno de 20% e 14,7% se mostram deprimidas no p\u00f3s-parto.<\/p>\n<p>Clinicamente as pacientes apresentam os sintomas cl\u00e1ssicos da depress\u00e3o: tristeza acentuada, des\u00e2nimo, desinteresse apatia retraimento social e anedonia, caracterizada pela perda de interesse e prazer sobre o que faz. Altera\u00e7\u00f5es de apetite e de sono, cansa\u00e7o excessivo, falta de energia e dificuldades de concentra\u00e7\u00e3o e na mem\u00f3ria fazem parte do grupo de sintomas secund\u00e1rios. H\u00e1 quadros graves onde as gestantes apresentam epis\u00f3dios de depress\u00e3o com tend\u00eancia suicida. Portanto o melhor mesmo \u00e9 n\u00e3o beber na gesta\u00e7\u00e3o.<\/p>\n<p>&nbsp;<\/p>\n","protected":false},"excerpt":{"rendered":"<p>Ruy Palhano Silva Psiquiatra Ao longo de 2010 publiquei alguns artigos neste Jornal demonstrando que o consumo de \u00e1lcool na [&hellip;]<\/p>\n","protected":false},"author":3,"featured_media":0,"comment_status":"open","ping_status":"open","sticky":false,"template":"","format":"standard","meta":{"site-sidebar-layout":"default","site-content-layout":"","ast-site-content-layout":"default","site-content-style":"default","site-sidebar-style":"default","ast-global-header-display":"","ast-banner-title-visibility":"","ast-main-header-display":"","ast-hfb-above-header-display":"","ast-hfb-below-header-display":"","ast-hfb-mobile-header-display":"","site-post-title":"","ast-breadcrumbs-content":"","ast-featured-img":"","footer-sml-layout":"","ast-disable-related-posts":"","theme-transparent-header-meta":"","adv-header-id-meta":"","stick-header-meta":"","header-above-stick-meta":"","header-main-stick-meta":"","header-below-stick-meta":"","astra-migrate-meta-layouts":"default","ast-page-background-enabled":"default","ast-page-background-meta":{"desktop":{"background-color":"var(--ast-global-color-5)","background-image":"","background-repeat":"repeat","background-position":"center center","background-size":"auto","background-attachment":"scroll","background-type":"","background-media":"","overlay-type":"","overlay-color":"","overlay-opacity":"","overlay-gradient":""},"tablet":{"background-color":"","background-image":"","background-repeat":"repeat","background-position":"center center","background-size":"auto","background-attachment":"scroll","background-type":"","background-media":"","overlay-type":"","overlay-color":"","overlay-opacity":"","overlay-gradient":""},"mobile":{"background-color":"","background-image":"","background-repeat":"repeat","background-position":"center center","background-size":"auto","background-attachment":"scroll","background-type":"","background-media":"","overlay-type":"","overlay-color":"","overlay-opacity":"","overlay-gradient":""}},"ast-content-background-meta":{"desktop":{"background-color":"var(--ast-global-color-4)","background-image":"","background-repeat":"repeat","background-position":"center center","background-size":"auto","background-attachment":"scroll","background-type":"","background-media":"","overlay-type":"","overlay-color":"","overlay-opacity":"","overlay-gradient":""},"tablet":{"background-color":"var(--ast-global-color-4)","background-image":"","background-repeat":"repeat","background-position":"center center","background-size":"auto","background-attachment":"scroll","background-type":"","background-media":"","overlay-type":"","overlay-color":"","overlay-opacity":"","overlay-gradient":""},"mobile":{"background-color":"var(--ast-global-color-4)","background-image":"","background-repeat":"repeat","background-position":"center center","background-size":"auto","background-attachment":"scroll","background-type":"","background-media":"","overlay-type":"","overlay-color":"","overlay-opacity":"","overlay-gradient":""}},"footnotes":""},"categories":[1],"tags":[],"class_list":["post-200","post","type-post","status-publish","format-standard","hentry","category-sem-categoria"],"yoast_head":"<!-- This site is optimized with the Yoast SEO plugin v26.6 - https:\/\/yoast.com\/wordpress\/plugins\/seo\/ -->\n<title>Consumo de \u00c1lcool e Depress\u00e3o na Gravidez - Ruy Palhano<\/title>\n<meta name=\"robots\" content=\"index, follow, max-snippet:-1, max-image-preview:large, max-video-preview:-1\" \/>\n<link rel=\"canonical\" href=\"https:\/\/www.blogsoestado.com\/ruypalhano\/2012\/10\/07\/consumo-de-alcool-e-depressao-na-gravidez\/\" \/>\n<meta property=\"og:locale\" content=\"pt_BR\" \/>\n<meta property=\"og:type\" content=\"article\" \/>\n<meta property=\"og:title\" content=\"Consumo de \u00c1lcool e Depress\u00e3o na Gravidez - Ruy Palhano\" \/>\n<meta property=\"og:description\" content=\"Ruy Palhano Silva Psiquiatra Ao longo de 2010 publiquei alguns artigos neste Jornal demonstrando que o consumo de \u00e1lcool na [&hellip;]\" \/>\n<meta property=\"og:url\" content=\"https:\/\/www.blogsoestado.com\/ruypalhano\/2012\/10\/07\/consumo-de-alcool-e-depressao-na-gravidez\/\" \/>\n<meta property=\"og:site_name\" content=\"Ruy Palhano\" \/>\n<meta property=\"article:published_time\" content=\"2012-10-07T22:15:00+00:00\" \/>\n<meta name=\"author\" content=\"Ruy Palhano\" \/>\n<meta name=\"twitter:card\" content=\"summary_large_image\" \/>\n<meta name=\"twitter:label1\" content=\"Escrito por\" \/>\n\t<meta name=\"twitter:data1\" content=\"Ruy Palhano\" \/>\n\t<meta name=\"twitter:label2\" content=\"Est. tempo de leitura\" \/>\n\t<meta name=\"twitter:data2\" content=\"2 minutos\" \/>\n<script type=\"application\/ld+json\" class=\"yoast-schema-graph\">{\"@context\":\"https:\/\/schema.org\",\"@graph\":[{\"@type\":\"WebPage\",\"@id\":\"https:\/\/www.blogsoestado.com\/ruypalhano\/2012\/10\/07\/consumo-de-alcool-e-depressao-na-gravidez\/\",\"url\":\"https:\/\/www.blogsoestado.com\/ruypalhano\/2012\/10\/07\/consumo-de-alcool-e-depressao-na-gravidez\/\",\"name\":\"Consumo de \u00c1lcool e Depress\u00e3o na Gravidez - Ruy Palhano\",\"isPartOf\":{\"@id\":\"https:\/\/www.blogsoestado.com\/ruypalhano\/#website\"},\"datePublished\":\"2012-10-07T22:15:00+00:00\",\"author\":{\"@id\":\"https:\/\/www.blogsoestado.com\/ruypalhano\/#\/schema\/person\/ef49e08ec3e742dec1682f34674f2c84\"},\"breadcrumb\":{\"@id\":\"https:\/\/www.blogsoestado.com\/ruypalhano\/2012\/10\/07\/consumo-de-alcool-e-depressao-na-gravidez\/#breadcrumb\"},\"inLanguage\":\"pt-BR\",\"potentialAction\":[{\"@type\":\"ReadAction\",\"target\":[\"https:\/\/www.blogsoestado.com\/ruypalhano\/2012\/10\/07\/consumo-de-alcool-e-depressao-na-gravidez\/\"]}]},{\"@type\":\"BreadcrumbList\",\"@id\":\"https:\/\/www.blogsoestado.com\/ruypalhano\/2012\/10\/07\/consumo-de-alcool-e-depressao-na-gravidez\/#breadcrumb\",\"itemListElement\":[{\"@type\":\"ListItem\",\"position\":1,\"name\":\"In\u00edcio\",\"item\":\"https:\/\/www.blogsoestado.com\/ruypalhano\/\"},{\"@type\":\"ListItem\",\"position\":2,\"name\":\"Consumo de \u00c1lcool e Depress\u00e3o na Gravidez\"}]},{\"@type\":\"WebSite\",\"@id\":\"https:\/\/www.blogsoestado.com\/ruypalhano\/#website\",\"url\":\"https:\/\/www.blogsoestado.com\/ruypalhano\/\",\"name\":\"Ruy Palhano\",\"description\":\"\",\"potentialAction\":[{\"@type\":\"SearchAction\",\"target\":{\"@type\":\"EntryPoint\",\"urlTemplate\":\"https:\/\/www.blogsoestado.com\/ruypalhano\/?s={search_term_string}\"},\"query-input\":{\"@type\":\"PropertyValueSpecification\",\"valueRequired\":true,\"valueName\":\"search_term_string\"}}],\"inLanguage\":\"pt-BR\"},{\"@type\":\"Person\",\"@id\":\"https:\/\/www.blogsoestado.com\/ruypalhano\/#\/schema\/person\/ef49e08ec3e742dec1682f34674f2c84\",\"name\":\"Ruy Palhano\",\"image\":{\"@type\":\"ImageObject\",\"inLanguage\":\"pt-BR\",\"@id\":\"https:\/\/www.blogsoestado.com\/ruypalhano\/#\/schema\/person\/image\/\",\"url\":\"https:\/\/secure.gravatar.com\/avatar\/d08170dc68d65048f069f40789786091e8b070aa02b0d2e514ddd0244c684a5a?s=96&d=mm&r=g\",\"contentUrl\":\"https:\/\/secure.gravatar.com\/avatar\/d08170dc68d65048f069f40789786091e8b070aa02b0d2e514ddd0244c684a5a?s=96&d=mm&r=g\",\"caption\":\"Ruy Palhano\"},\"url\":\"https:\/\/www.blogsoestado.com\/ruypalhano\/author\/ruypalhano\/\"}]}<\/script>\n<!-- \/ Yoast SEO plugin. -->","yoast_head_json":{"title":"Consumo de \u00c1lcool e Depress\u00e3o na Gravidez - Ruy Palhano","robots":{"index":"index","follow":"follow","max-snippet":"max-snippet:-1","max-image-preview":"max-image-preview:large","max-video-preview":"max-video-preview:-1"},"canonical":"https:\/\/www.blogsoestado.com\/ruypalhano\/2012\/10\/07\/consumo-de-alcool-e-depressao-na-gravidez\/","og_locale":"pt_BR","og_type":"article","og_title":"Consumo de \u00c1lcool e Depress\u00e3o na Gravidez - Ruy Palhano","og_description":"Ruy Palhano Silva Psiquiatra Ao longo de 2010 publiquei alguns artigos neste Jornal demonstrando que o consumo de \u00e1lcool na [&hellip;]","og_url":"https:\/\/www.blogsoestado.com\/ruypalhano\/2012\/10\/07\/consumo-de-alcool-e-depressao-na-gravidez\/","og_site_name":"Ruy Palhano","article_published_time":"2012-10-07T22:15:00+00:00","author":"Ruy Palhano","twitter_card":"summary_large_image","twitter_misc":{"Escrito por":"Ruy Palhano","Est. tempo de leitura":"2 minutos"},"schema":{"@context":"https:\/\/schema.org","@graph":[{"@type":"WebPage","@id":"https:\/\/www.blogsoestado.com\/ruypalhano\/2012\/10\/07\/consumo-de-alcool-e-depressao-na-gravidez\/","url":"https:\/\/www.blogsoestado.com\/ruypalhano\/2012\/10\/07\/consumo-de-alcool-e-depressao-na-gravidez\/","name":"Consumo de \u00c1lcool e Depress\u00e3o na Gravidez - Ruy Palhano","isPartOf":{"@id":"https:\/\/www.blogsoestado.com\/ruypalhano\/#website"},"datePublished":"2012-10-07T22:15:00+00:00","author":{"@id":"https:\/\/www.blogsoestado.com\/ruypalhano\/#\/schema\/person\/ef49e08ec3e742dec1682f34674f2c84"},"breadcrumb":{"@id":"https:\/\/www.blogsoestado.com\/ruypalhano\/2012\/10\/07\/consumo-de-alcool-e-depressao-na-gravidez\/#breadcrumb"},"inLanguage":"pt-BR","potentialAction":[{"@type":"ReadAction","target":["https:\/\/www.blogsoestado.com\/ruypalhano\/2012\/10\/07\/consumo-de-alcool-e-depressao-na-gravidez\/"]}]},{"@type":"BreadcrumbList","@id":"https:\/\/www.blogsoestado.com\/ruypalhano\/2012\/10\/07\/consumo-de-alcool-e-depressao-na-gravidez\/#breadcrumb","itemListElement":[{"@type":"ListItem","position":1,"name":"In\u00edcio","item":"https:\/\/www.blogsoestado.com\/ruypalhano\/"},{"@type":"ListItem","position":2,"name":"Consumo de \u00c1lcool e Depress\u00e3o na Gravidez"}]},{"@type":"WebSite","@id":"https:\/\/www.blogsoestado.com\/ruypalhano\/#website","url":"https:\/\/www.blogsoestado.com\/ruypalhano\/","name":"Ruy Palhano","description":"","potentialAction":[{"@type":"SearchAction","target":{"@type":"EntryPoint","urlTemplate":"https:\/\/www.blogsoestado.com\/ruypalhano\/?s={search_term_string}"},"query-input":{"@type":"PropertyValueSpecification","valueRequired":true,"valueName":"search_term_string"}}],"inLanguage":"pt-BR"},{"@type":"Person","@id":"https:\/\/www.blogsoestado.com\/ruypalhano\/#\/schema\/person\/ef49e08ec3e742dec1682f34674f2c84","name":"Ruy Palhano","image":{"@type":"ImageObject","inLanguage":"pt-BR","@id":"https:\/\/www.blogsoestado.com\/ruypalhano\/#\/schema\/person\/image\/","url":"https:\/\/secure.gravatar.com\/avatar\/d08170dc68d65048f069f40789786091e8b070aa02b0d2e514ddd0244c684a5a?s=96&d=mm&r=g","contentUrl":"https:\/\/secure.gravatar.com\/avatar\/d08170dc68d65048f069f40789786091e8b070aa02b0d2e514ddd0244c684a5a?s=96&d=mm&r=g","caption":"Ruy Palhano"},"url":"https:\/\/www.blogsoestado.com\/ruypalhano\/author\/ruypalhano\/"}]}},"jetpack_featured_media_url":"","_links":{"self":[{"href":"https:\/\/www.blogsoestado.com\/ruypalhano\/wp-json\/wp\/v2\/posts\/200","targetHints":{"allow":["GET"]}}],"collection":[{"href":"https:\/\/www.blogsoestado.com\/ruypalhano\/wp-json\/wp\/v2\/posts"}],"about":[{"href":"https:\/\/www.blogsoestado.com\/ruypalhano\/wp-json\/wp\/v2\/types\/post"}],"author":[{"embeddable":true,"href":"https:\/\/www.blogsoestado.com\/ruypalhano\/wp-json\/wp\/v2\/users\/3"}],"replies":[{"embeddable":true,"href":"https:\/\/www.blogsoestado.com\/ruypalhano\/wp-json\/wp\/v2\/comments?post=200"}],"version-history":[{"count":0,"href":"https:\/\/www.blogsoestado.com\/ruypalhano\/wp-json\/wp\/v2\/posts\/200\/revisions"}],"wp:attachment":[{"href":"https:\/\/www.blogsoestado.com\/ruypalhano\/wp-json\/wp\/v2\/media?parent=200"}],"wp:term":[{"taxonomy":"category","embeddable":true,"href":"https:\/\/www.blogsoestado.com\/ruypalhano\/wp-json\/wp\/v2\/categories?post=200"},{"taxonomy":"post_tag","embeddable":true,"href":"https:\/\/www.blogsoestado.com\/ruypalhano\/wp-json\/wp\/v2\/tags?post=200"}],"curies":[{"name":"wp","href":"https:\/\/api.w.org\/{rel}","templated":true}]}}