{"id":205,"date":"2012-10-07T19:21:10","date_gmt":"2012-10-07T22:21:10","guid":{"rendered":"https:\/\/www.blogsoestado.com\/ruypalhano\/?p=205"},"modified":"2012-10-07T19:21:10","modified_gmt":"2012-10-07T22:21:10","slug":"sobre-drogas-para-onde-nosso-pais-quer-ir","status":"publish","type":"post","link":"https:\/\/www.blogsoestado.com\/ruypalhano\/2012\/10\/07\/sobre-drogas-para-onde-nosso-pais-quer-ir\/","title":{"rendered":"Sobre Drogas, para onde nosso pa\u00eds quer ir?"},"content":{"rendered":"<p style=\"text-align: left\" align=\"center\">\u00a0\u00a0\u00a0\u00a0\u00a0\u00a0\u00a0\u00a0\u00a0\u00a0\u00a0\u00a0\u00a0 Semana passada foi criada no pa\u00eds mais uma entidade, formada por pol\u00edticos, empres\u00e1rios, cineastas, intelectuais e outros profissionais, com o prop\u00f3sito de examinar a problem\u00e1tica das drogas e buscar sa\u00eddas mais honrosas para o enfrentamento do problema nacional. Para tanto, pretendem estabelecer um canal aberto com a sociedade para o debate.<\/p>\n<p>\u00a0\u00a0\u00a0\u00a0\u00a0\u00a0\u00a0\u00a0\u00a0\u00a0 Acho, particularmente, uma iniciativa oportuna, considerando que, pela complexidade do assunto, uma das grandes sa\u00eddas \u00e9 fomentar um amplo e profundo debate para que todos possam manifestar suas opini\u00f5es sobre os pontos amb\u00edguos e obscuros, que pairam sobre o assunto.<\/p>\n<p>\u00a0\u00a0\u00a0\u00a0\u00a0\u00a0\u00a0\u00a0\u00a0\u00a0\u00a0\u00a0\u00a0\u00a0A proposta do grupo, batizada como rede \u201cPense Livre\u201d, \u00e9 eleger quatros temas priorit\u00e1rios, que passar\u00e3o a reger as discuss\u00f5es. Entre eles, est\u00e3o a libera\u00e7\u00e3o do consumo de todas as drogas e, ao mesmo tempo, investir em abordagem de sa\u00fade p\u00fablica, regular o uso medicinal e autocultivo da <em>cannabis<\/em> para consumo pessoal, investir em programas para a juventude em risco e viabilizar pesquisas m\u00e9dicas e cient\u00edficas com todas as drogas.<\/p>\n<p>\u00a0\u00a0\u00a0\u00a0\u00a0\u00a0\u00a0\u00a0\u00a0\u00a0\u00a0\u00a0\u00a0Um dos mais importantes membros do grupo \u00e9 o Sr. Fernando Henrique Cardoso, que j\u00e1 manifestou, por in\u00fameras vezes, seu ponto de vista favor\u00e1vel \u00e0 descriminaliza\u00e7\u00e3o do uso das drogas. Na mesma linha de pensamento est\u00e1 a Comiss\u00e3o que prop\u00f4s a reforma do C\u00f3digo Penal Brasileiro.<\/p>\n<p>\u00a0\u00a0\u00a0\u00a0\u00a0\u00a0\u00a0\u00a0\u00a0\u00a0 Por outro lado, recentemente, a Universidade Federal de S\u00e3o Paulo e o Instituto Nacional de Ci\u00eancia e Tecnologia para Pol\u00edticas P\u00fablicas do \u00c1lcool e Drogas nos informam que pelo menos 2,8 milh\u00f5es de pessoas no Brasil usaram coca\u00edna de forma inalada ou fumada, via consumo de crack ou de oxi, nos \u00faltimos 12 meses. Esses n\u00fameros transformam o Pa\u00eds no segundo principal mercado consumidor de coca\u00edna do mundo, atr\u00e1s s\u00f3 dos Estados Unidos, onde 4,1 milh\u00f5es usaram coca\u00edna no \u00faltimo ano. Caso sejam considerados somente os que consumiram crack, o total chega a 1 milh\u00e3o de pessoas no Pa\u00eds, o que torna o Brasil o principal mercado consumidor do planeta.<\/p>\n<p>\u00a0\u00a0\u00a0\u00a0\u00a0\u00a0\u00a0\u00a0\u00a0\u00a0A pesquisa nos diz, ainda, que em rela\u00e7\u00e3o ao mercado de coca\u00edna, o Brasil fica \u00e0 frente, at\u00e9 mesmo, de continentes inteiros como a \u00c1sia, onde 2,3 milh\u00f5es de pessoas usaram coca\u00edna no mesmo per\u00edodo. No Reino Unido, que ocupa a terceira posi\u00e7\u00e3o no n\u00famero de consumidores, h\u00e1 1,1 milh\u00e3o de usu\u00e1rios. Sobre isso, em uma reportagem importante, o\u00a0 jornalista Bruno Paes Manso, do Jornal O Estado de S. Paulo, diz claramente que o mapa da depend\u00eancia qu\u00edmica entre n\u00f3s\u00a0 \u00e9 dram\u00e1tico e assustador. A tr\u00e1gica lideran\u00e7a do Brasil no mercado mundial de entorpecentes traz grav\u00edssimos problemas de seguran\u00e7a p\u00fablica, sa\u00fade e assist\u00eancia social, decorrentes do consumo de drogas. Diz ainda o ilustre jornalista o hediondo mercado das drogas est\u00e1, de fato, dizimando a juventude. Ele avan\u00e7a e vai ceifando vidas nos barracos da periferia abandonada e no au\u00ea dos bares e boates frequentados pela juventude abonada. Movimenta muito dinheiro. Seu poder corruptor anula, na pr\u00e1tica, estrat\u00e9gias meramente repressivas.<\/p>\n<p>\u00a0\u00a0\u00a0\u00a0\u00a0\u00a0\u00a0\u00a0\u00a0A preven\u00e7\u00e3o e a recupera\u00e7\u00e3o, as \u00fanicas armas eficazes no m\u00e9dio e no longo prazos, reclamam um apoio mais efetivo do governo e da iniciativa privada \u00e0s institui\u00e7\u00f5es s\u00e9rias e aos grupos de autoajuda que lutam pela reabilita\u00e7\u00e3o de dependentes.<\/p>\n<p>\u00a0\u00a0\u00a0\u00a0\u00a0\u00a0\u00a0\u00a0 Eis a quest\u00e3o, o debate est\u00e1 posto, e retorna com for\u00e7a total para se definir para onde levaremos nosso pa\u00eds. Por um lado, alguns te\u00f3ricos prop\u00f5em a descriminaliza\u00e7\u00e3o do uso de drogas em um pa\u00eds que j\u00e1 tem \u00edndices alt\u00edssimos de consumo, que, com a libera\u00e7\u00e3o ou descriminaliza\u00e7\u00e3o, fatalmente aumentar\u00e1. Por outro lado, relevantes achados cient\u00edficos mostram um quadro preocupante quanto ao uso dessas drogas. Ent\u00e3o, meus amigos, temos mais um problema com que nos preocupar, qual seja, o de se definir para onde levaremos o nosso Brasil diante da terr\u00edvel quest\u00e3o do uso de drogas<\/p>\n","protected":false},"excerpt":{"rendered":"<p>\u00a0\u00a0\u00a0\u00a0\u00a0\u00a0\u00a0\u00a0\u00a0\u00a0\u00a0\u00a0\u00a0 Semana passada foi criada no pa\u00eds mais uma entidade, formada por pol\u00edticos, empres\u00e1rios, cineastas, intelectuais e outros profissionais, com [&hellip;]<\/p>\n","protected":false},"author":3,"featured_media":0,"comment_status":"open","ping_status":"open","sticky":false,"template":"","format":"standard","meta":{"site-sidebar-layout":"default","site-content-layout":"","ast-site-content-layout":"default","site-content-style":"default","site-sidebar-style":"default","ast-global-header-display":"","ast-banner-title-visibility":"","ast-main-header-display":"","ast-hfb-above-header-display":"","ast-hfb-below-header-display":"","ast-hfb-mobile-header-display":"","site-post-title":"","ast-breadcrumbs-content":"","ast-featured-img":"","footer-sml-layout":"","ast-disable-related-posts":"","theme-transparent-header-meta":"","adv-header-id-meta":"","stick-header-meta":"","header-above-stick-meta":"","header-main-stick-meta":"","header-below-stick-meta":"","astra-migrate-meta-layouts":"default","ast-page-background-enabled":"default","ast-page-background-meta":{"desktop":{"background-color":"var(--ast-global-color-5)","background-image":"","background-repeat":"repeat","background-position":"center center","background-size":"auto","background-attachment":"scroll","background-type":"","background-media":"","overlay-type":"","overlay-color":"","overlay-opacity":"","overlay-gradient":""},"tablet":{"background-color":"","background-image":"","background-repeat":"repeat","background-position":"center center","background-size":"auto","background-attachment":"scroll","background-type":"","background-media":"","overlay-type":"","overlay-color":"","overlay-opacity":"","overlay-gradient":""},"mobile":{"background-color":"","background-image":"","background-repeat":"repeat","background-position":"center center","background-size":"auto","background-attachment":"scroll","background-type":"","background-media":"","overlay-type":"","overlay-color":"","overlay-opacity":"","overlay-gradient":""}},"ast-content-background-meta":{"desktop":{"background-color":"var(--ast-global-color-4)","background-image":"","background-repeat":"repeat","background-position":"center center","background-size":"auto","background-attachment":"scroll","background-type":"","background-media":"","overlay-type":"","overlay-color":"","overlay-opacity":"","overlay-gradient":""},"tablet":{"background-color":"var(--ast-global-color-4)","background-image":"","background-repeat":"repeat","background-position":"center center","background-size":"auto","background-attachment":"scroll","background-type":"","background-media":"","overlay-type":"","overlay-color":"","overlay-opacity":"","overlay-gradient":""},"mobile":{"background-color":"var(--ast-global-color-4)","background-image":"","background-repeat":"repeat","background-position":"center center","background-size":"auto","background-attachment":"scroll","background-type":"","background-media":"","overlay-type":"","overlay-color":"","overlay-opacity":"","overlay-gradient":""}},"footnotes":""},"categories":[4],"tags":[],"class_list":["post-205","post","type-post","status-publish","format-standard","hentry","category-dependencia-quimica"],"yoast_head":"<!-- This site is optimized with the Yoast SEO plugin v26.6 - https:\/\/yoast.com\/wordpress\/plugins\/seo\/ -->\n<title>Sobre Drogas, para onde nosso pa\u00eds quer ir? - Ruy Palhano<\/title>\n<meta name=\"robots\" content=\"index, follow, max-snippet:-1, max-image-preview:large, max-video-preview:-1\" \/>\n<link rel=\"canonical\" href=\"https:\/\/www.blogsoestado.com\/ruypalhano\/2012\/10\/07\/sobre-drogas-para-onde-nosso-pais-quer-ir\/\" \/>\n<meta property=\"og:locale\" content=\"pt_BR\" \/>\n<meta property=\"og:type\" content=\"article\" \/>\n<meta property=\"og:title\" content=\"Sobre Drogas, para onde nosso pa\u00eds quer ir? - Ruy Palhano\" \/>\n<meta property=\"og:description\" content=\"\u00a0\u00a0\u00a0\u00a0\u00a0\u00a0\u00a0\u00a0\u00a0\u00a0\u00a0\u00a0\u00a0 Semana passada foi criada no pa\u00eds mais uma entidade, formada por pol\u00edticos, empres\u00e1rios, cineastas, intelectuais e outros profissionais, com [&hellip;]\" \/>\n<meta property=\"og:url\" content=\"https:\/\/www.blogsoestado.com\/ruypalhano\/2012\/10\/07\/sobre-drogas-para-onde-nosso-pais-quer-ir\/\" \/>\n<meta property=\"og:site_name\" content=\"Ruy Palhano\" \/>\n<meta property=\"article:published_time\" content=\"2012-10-07T22:21:10+00:00\" \/>\n<meta name=\"author\" content=\"Ruy Palhano\" \/>\n<meta name=\"twitter:card\" content=\"summary_large_image\" \/>\n<meta name=\"twitter:label1\" content=\"Escrito por\" \/>\n\t<meta name=\"twitter:data1\" content=\"Ruy Palhano\" \/>\n\t<meta name=\"twitter:label2\" content=\"Est. tempo de leitura\" \/>\n\t<meta name=\"twitter:data2\" content=\"3 minutos\" \/>\n<script type=\"application\/ld+json\" class=\"yoast-schema-graph\">{\"@context\":\"https:\/\/schema.org\",\"@graph\":[{\"@type\":\"WebPage\",\"@id\":\"https:\/\/www.blogsoestado.com\/ruypalhano\/2012\/10\/07\/sobre-drogas-para-onde-nosso-pais-quer-ir\/\",\"url\":\"https:\/\/www.blogsoestado.com\/ruypalhano\/2012\/10\/07\/sobre-drogas-para-onde-nosso-pais-quer-ir\/\",\"name\":\"Sobre Drogas, para onde nosso pa\u00eds quer ir? - Ruy Palhano\",\"isPartOf\":{\"@id\":\"https:\/\/www.blogsoestado.com\/ruypalhano\/#website\"},\"datePublished\":\"2012-10-07T22:21:10+00:00\",\"author\":{\"@id\":\"https:\/\/www.blogsoestado.com\/ruypalhano\/#\/schema\/person\/ef49e08ec3e742dec1682f34674f2c84\"},\"breadcrumb\":{\"@id\":\"https:\/\/www.blogsoestado.com\/ruypalhano\/2012\/10\/07\/sobre-drogas-para-onde-nosso-pais-quer-ir\/#breadcrumb\"},\"inLanguage\":\"pt-BR\",\"potentialAction\":[{\"@type\":\"ReadAction\",\"target\":[\"https:\/\/www.blogsoestado.com\/ruypalhano\/2012\/10\/07\/sobre-drogas-para-onde-nosso-pais-quer-ir\/\"]}]},{\"@type\":\"BreadcrumbList\",\"@id\":\"https:\/\/www.blogsoestado.com\/ruypalhano\/2012\/10\/07\/sobre-drogas-para-onde-nosso-pais-quer-ir\/#breadcrumb\",\"itemListElement\":[{\"@type\":\"ListItem\",\"position\":1,\"name\":\"In\u00edcio\",\"item\":\"https:\/\/www.blogsoestado.com\/ruypalhano\/\"},{\"@type\":\"ListItem\",\"position\":2,\"name\":\"Sobre Drogas, para onde nosso pa\u00eds quer ir?\"}]},{\"@type\":\"WebSite\",\"@id\":\"https:\/\/www.blogsoestado.com\/ruypalhano\/#website\",\"url\":\"https:\/\/www.blogsoestado.com\/ruypalhano\/\",\"name\":\"Ruy Palhano\",\"description\":\"\",\"potentialAction\":[{\"@type\":\"SearchAction\",\"target\":{\"@type\":\"EntryPoint\",\"urlTemplate\":\"https:\/\/www.blogsoestado.com\/ruypalhano\/?s={search_term_string}\"},\"query-input\":{\"@type\":\"PropertyValueSpecification\",\"valueRequired\":true,\"valueName\":\"search_term_string\"}}],\"inLanguage\":\"pt-BR\"},{\"@type\":\"Person\",\"@id\":\"https:\/\/www.blogsoestado.com\/ruypalhano\/#\/schema\/person\/ef49e08ec3e742dec1682f34674f2c84\",\"name\":\"Ruy Palhano\",\"image\":{\"@type\":\"ImageObject\",\"inLanguage\":\"pt-BR\",\"@id\":\"https:\/\/www.blogsoestado.com\/ruypalhano\/#\/schema\/person\/image\/\",\"url\":\"https:\/\/secure.gravatar.com\/avatar\/d08170dc68d65048f069f40789786091e8b070aa02b0d2e514ddd0244c684a5a?s=96&d=mm&r=g\",\"contentUrl\":\"https:\/\/secure.gravatar.com\/avatar\/d08170dc68d65048f069f40789786091e8b070aa02b0d2e514ddd0244c684a5a?s=96&d=mm&r=g\",\"caption\":\"Ruy Palhano\"},\"url\":\"https:\/\/www.blogsoestado.com\/ruypalhano\/author\/ruypalhano\/\"}]}<\/script>\n<!-- \/ Yoast SEO plugin. -->","yoast_head_json":{"title":"Sobre Drogas, para onde nosso pa\u00eds quer ir? - Ruy Palhano","robots":{"index":"index","follow":"follow","max-snippet":"max-snippet:-1","max-image-preview":"max-image-preview:large","max-video-preview":"max-video-preview:-1"},"canonical":"https:\/\/www.blogsoestado.com\/ruypalhano\/2012\/10\/07\/sobre-drogas-para-onde-nosso-pais-quer-ir\/","og_locale":"pt_BR","og_type":"article","og_title":"Sobre Drogas, para onde nosso pa\u00eds quer ir? - Ruy Palhano","og_description":"\u00a0\u00a0\u00a0\u00a0\u00a0\u00a0\u00a0\u00a0\u00a0\u00a0\u00a0\u00a0\u00a0 Semana passada foi criada no pa\u00eds mais uma entidade, formada por pol\u00edticos, empres\u00e1rios, cineastas, intelectuais e outros profissionais, com [&hellip;]","og_url":"https:\/\/www.blogsoestado.com\/ruypalhano\/2012\/10\/07\/sobre-drogas-para-onde-nosso-pais-quer-ir\/","og_site_name":"Ruy Palhano","article_published_time":"2012-10-07T22:21:10+00:00","author":"Ruy Palhano","twitter_card":"summary_large_image","twitter_misc":{"Escrito por":"Ruy Palhano","Est. tempo de leitura":"3 minutos"},"schema":{"@context":"https:\/\/schema.org","@graph":[{"@type":"WebPage","@id":"https:\/\/www.blogsoestado.com\/ruypalhano\/2012\/10\/07\/sobre-drogas-para-onde-nosso-pais-quer-ir\/","url":"https:\/\/www.blogsoestado.com\/ruypalhano\/2012\/10\/07\/sobre-drogas-para-onde-nosso-pais-quer-ir\/","name":"Sobre Drogas, para onde nosso pa\u00eds quer ir? - Ruy Palhano","isPartOf":{"@id":"https:\/\/www.blogsoestado.com\/ruypalhano\/#website"},"datePublished":"2012-10-07T22:21:10+00:00","author":{"@id":"https:\/\/www.blogsoestado.com\/ruypalhano\/#\/schema\/person\/ef49e08ec3e742dec1682f34674f2c84"},"breadcrumb":{"@id":"https:\/\/www.blogsoestado.com\/ruypalhano\/2012\/10\/07\/sobre-drogas-para-onde-nosso-pais-quer-ir\/#breadcrumb"},"inLanguage":"pt-BR","potentialAction":[{"@type":"ReadAction","target":["https:\/\/www.blogsoestado.com\/ruypalhano\/2012\/10\/07\/sobre-drogas-para-onde-nosso-pais-quer-ir\/"]}]},{"@type":"BreadcrumbList","@id":"https:\/\/www.blogsoestado.com\/ruypalhano\/2012\/10\/07\/sobre-drogas-para-onde-nosso-pais-quer-ir\/#breadcrumb","itemListElement":[{"@type":"ListItem","position":1,"name":"In\u00edcio","item":"https:\/\/www.blogsoestado.com\/ruypalhano\/"},{"@type":"ListItem","position":2,"name":"Sobre Drogas, para onde nosso pa\u00eds quer ir?"}]},{"@type":"WebSite","@id":"https:\/\/www.blogsoestado.com\/ruypalhano\/#website","url":"https:\/\/www.blogsoestado.com\/ruypalhano\/","name":"Ruy Palhano","description":"","potentialAction":[{"@type":"SearchAction","target":{"@type":"EntryPoint","urlTemplate":"https:\/\/www.blogsoestado.com\/ruypalhano\/?s={search_term_string}"},"query-input":{"@type":"PropertyValueSpecification","valueRequired":true,"valueName":"search_term_string"}}],"inLanguage":"pt-BR"},{"@type":"Person","@id":"https:\/\/www.blogsoestado.com\/ruypalhano\/#\/schema\/person\/ef49e08ec3e742dec1682f34674f2c84","name":"Ruy Palhano","image":{"@type":"ImageObject","inLanguage":"pt-BR","@id":"https:\/\/www.blogsoestado.com\/ruypalhano\/#\/schema\/person\/image\/","url":"https:\/\/secure.gravatar.com\/avatar\/d08170dc68d65048f069f40789786091e8b070aa02b0d2e514ddd0244c684a5a?s=96&d=mm&r=g","contentUrl":"https:\/\/secure.gravatar.com\/avatar\/d08170dc68d65048f069f40789786091e8b070aa02b0d2e514ddd0244c684a5a?s=96&d=mm&r=g","caption":"Ruy Palhano"},"url":"https:\/\/www.blogsoestado.com\/ruypalhano\/author\/ruypalhano\/"}]}},"jetpack_featured_media_url":"","_links":{"self":[{"href":"https:\/\/www.blogsoestado.com\/ruypalhano\/wp-json\/wp\/v2\/posts\/205","targetHints":{"allow":["GET"]}}],"collection":[{"href":"https:\/\/www.blogsoestado.com\/ruypalhano\/wp-json\/wp\/v2\/posts"}],"about":[{"href":"https:\/\/www.blogsoestado.com\/ruypalhano\/wp-json\/wp\/v2\/types\/post"}],"author":[{"embeddable":true,"href":"https:\/\/www.blogsoestado.com\/ruypalhano\/wp-json\/wp\/v2\/users\/3"}],"replies":[{"embeddable":true,"href":"https:\/\/www.blogsoestado.com\/ruypalhano\/wp-json\/wp\/v2\/comments?post=205"}],"version-history":[{"count":0,"href":"https:\/\/www.blogsoestado.com\/ruypalhano\/wp-json\/wp\/v2\/posts\/205\/revisions"}],"wp:attachment":[{"href":"https:\/\/www.blogsoestado.com\/ruypalhano\/wp-json\/wp\/v2\/media?parent=205"}],"wp:term":[{"taxonomy":"category","embeddable":true,"href":"https:\/\/www.blogsoestado.com\/ruypalhano\/wp-json\/wp\/v2\/categories?post=205"},{"taxonomy":"post_tag","embeddable":true,"href":"https:\/\/www.blogsoestado.com\/ruypalhano\/wp-json\/wp\/v2\/tags?post=205"}],"curies":[{"name":"wp","href":"https:\/\/api.w.org\/{rel}","templated":true}]}}