{"id":209,"date":"2012-10-07T19:25:56","date_gmt":"2012-10-07T22:25:56","guid":{"rendered":"https:\/\/www.blogsoestado.com\/ruypalhano\/?p=209"},"modified":"2012-10-07T19:25:56","modified_gmt":"2012-10-07T22:25:56","slug":"saude-mental-e-uso-de-cocaina-e-crack","status":"publish","type":"post","link":"https:\/\/www.blogsoestado.com\/ruypalhano\/2012\/10\/07\/saude-mental-e-uso-de-cocaina-e-crack\/","title":{"rendered":"Sa\u00fade Mental e Uso de Coca\u00edna e Crack"},"content":{"rendered":"<p align=\"center\"><strong>Sa<\/strong><strong>\u00fa<\/strong><strong>de Mental e Uso de Coca<\/strong><strong>\u00ed<\/strong><strong>na e Crack<\/strong><strong><\/strong><\/p>\n<p>&nbsp;<\/p>\n<p>Estima-se que, no mundo, 13,3 milh\u00f5es de pessoas, 0,3% da popula\u00e7\u00e3o acima de 15 anos, consumam regularmente coca\u00edna. Pesquisa realizada pela Organiza\u00e7\u00e3o das Na\u00e7\u00f5es Unidas \u2013 ONU revelou que o consumo de coca\u00edna entre os nove pa\u00edses da Am\u00e9rica do Sul foi descrito como &#8220;est\u00e1vel&#8221;, por\u00e9m, em nosso pa\u00eds, houve aumento do consumo de 1%, em 2001, para 2,6%, em 2005, pela popula\u00e7\u00e3o entre 15 e 64 anos.<\/p>\n<p>Esta semana a Universidade Federal de S\u00e3o Paulo &#8211; UNIFESP revelou o resultado de um estudo in\u00e9dito em nosso pa\u00eds sobre o consumo de coca\u00edna e crack na popula\u00e7\u00e3o brasileira e, sem causar grandes surpresas, aponta o Brasil como o maior consumidor de mundial crack.<\/p>\n<p>\u00c9 do dom\u00ednio p\u00fablico que parte desses problemas s\u00e3o explicados pelo fato dessa subst\u00e2ncia chegar muito rapidamente ao c\u00e9rebro e de ser uma droga com grande potencial de causar depend\u00eancia, sendo certo que uma pessoa que experimenta a coca\u00edna ou o crack n\u00e3o pode prever ou controlar a extens\u00e3o de seu uso, da\u00ed que se recomenda sequer iniciar o consumo.<\/p>\n<p>Os dados da pesquisa mostraram que quase 6 milh\u00f5es de brasileiros, o que corresponde a 4% da popula\u00e7\u00e3o adulta, j\u00e1 experimentaram alguma apresenta\u00e7\u00e3o de coca\u00edna (merla, crack ou oxi ) na vida e 3% deste consumo se deu entre adolescentes, perfazendo um total de 442 mil jovens. No \u00faltimo ano 2,6 milh\u00f5es de adultos e 244 mil adolescentes fizeram uso desta droga. Pelos n\u00fameros se pode notar o qu\u00e3o grave \u00e9 o problema, sem qualquer indica\u00e7\u00e3o de haver perspectiva de controle ou solu\u00e7\u00e3o.<\/p>\n<p>Os mesmos equ\u00edvocos do Minist\u00e9rio da Sa\u00fade, adotados por uma pol\u00edtica elaborada h\u00e1 10 anos, se mant\u00eam, dentre os quais, o engessamento da assist\u00eancia de drogados s\u00f3 pela via dos CAPS. Todos sabemos que haver\u00e1 um momento no manejo dos enfermos que haver\u00e1 necessidade de interna\u00e7\u00e3o e outras abordagens, mas parece que o Minist\u00e9rio da Sa\u00fade resiste a id\u00e9ia de cria\u00e7\u00e3o de centros especializados nestes tratamentos.<\/p>\n<p>Um outro aspecto importante poderia ser a implanta\u00e7\u00e3o de uma grande rede de ambulat\u00f3rios distribu\u00eddos pela cidade para atender os pacientes em diferentes graus de comprometimento da doen\u00e7a.<\/p>\n<p>Onde est\u00e3o os investimentos em preven\u00e7\u00e3o ao uso de drogas atrav\u00e9s de uma rede de refer\u00eancia articulada com outros n\u00edveis de assist\u00eancia para proteger estes enfermos?\u00a0\u00a0 Por onde andam os investimentos em capacita\u00e7\u00e3o de m\u00e3o de obra especializada para atender estes enfermos e suas fam\u00edlias.<\/p>\n<p>Enfim sugest\u00f5es n\u00e3o faltam para dotar este pa\u00eds de ferramentas adequadas para o enfrentamento do uso e tr\u00e1fico de drogas. Isso n\u00e3o significa que o que se est\u00e1 fazendo n\u00e3o tenha valor ou import\u00e2ncia. Acho, inclusive, que avan\u00e7amos muito no sentido do enfrentamento do problema, por\u00e9m os gestores p\u00fablicos poderiam oferecer mas alternativas preventivas e assistenciais pra o controle efetivo m\u00e9dico e social da situa\u00e7\u00e3o do uso de drogas em nosso pa\u00eds.<\/p>\n<p>&nbsp;<\/p>\n<p>&nbsp;<\/p>\n<p>&nbsp;<\/p>\n<p>&nbsp;<\/p>\n<p>&nbsp;<\/p>\n","protected":false},"excerpt":{"rendered":"<p>Sa\u00fade Mental e Uso de Coca\u00edna e Crack &nbsp; Estima-se que, no mundo, 13,3 milh\u00f5es de pessoas, 0,3% da popula\u00e7\u00e3o [&hellip;]<\/p>\n","protected":false},"author":3,"featured_media":0,"comment_status":"open","ping_status":"open","sticky":false,"template":"","format":"standard","meta":{"site-sidebar-layout":"default","site-content-layout":"","ast-site-content-layout":"default","site-content-style":"default","site-sidebar-style":"default","ast-global-header-display":"","ast-banner-title-visibility":"","ast-main-header-display":"","ast-hfb-above-header-display":"","ast-hfb-below-header-display":"","ast-hfb-mobile-header-display":"","site-post-title":"","ast-breadcrumbs-content":"","ast-featured-img":"","footer-sml-layout":"","ast-disable-related-posts":"","theme-transparent-header-meta":"","adv-header-id-meta":"","stick-header-meta":"","header-above-stick-meta":"","header-main-stick-meta":"","header-below-stick-meta":"","astra-migrate-meta-layouts":"default","ast-page-background-enabled":"default","ast-page-background-meta":{"desktop":{"background-color":"var(--ast-global-color-5)","background-image":"","background-repeat":"repeat","background-position":"center center","background-size":"auto","background-attachment":"scroll","background-type":"","background-media":"","overlay-type":"","overlay-color":"","overlay-opacity":"","overlay-gradient":""},"tablet":{"background-color":"","background-image":"","background-repeat":"repeat","background-position":"center center","background-size":"auto","background-attachment":"scroll","background-type":"","background-media":"","overlay-type":"","overlay-color":"","overlay-opacity":"","overlay-gradient":""},"mobile":{"background-color":"","background-image":"","background-repeat":"repeat","background-position":"center center","background-size":"auto","background-attachment":"scroll","background-type":"","background-media":"","overlay-type":"","overlay-color":"","overlay-opacity":"","overlay-gradient":""}},"ast-content-background-meta":{"desktop":{"background-color":"var(--ast-global-color-4)","background-image":"","background-repeat":"repeat","background-position":"center center","background-size":"auto","background-attachment":"scroll","background-type":"","background-media":"","overlay-type":"","overlay-color":"","overlay-opacity":"","overlay-gradient":""},"tablet":{"background-color":"var(--ast-global-color-4)","background-image":"","background-repeat":"repeat","background-position":"center center","background-size":"auto","background-attachment":"scroll","background-type":"","background-media":"","overlay-type":"","overlay-color":"","overlay-opacity":"","overlay-gradient":""},"mobile":{"background-color":"var(--ast-global-color-4)","background-image":"","background-repeat":"repeat","background-position":"center center","background-size":"auto","background-attachment":"scroll","background-type":"","background-media":"","overlay-type":"","overlay-color":"","overlay-opacity":"","overlay-gradient":""}},"footnotes":""},"categories":[4,7],"tags":[],"class_list":["post-209","post","type-post","status-publish","format-standard","hentry","category-dependencia-quimica","category-saude-mental"],"yoast_head":"<!-- This site is optimized with the Yoast SEO plugin v26.6 - https:\/\/yoast.com\/wordpress\/plugins\/seo\/ -->\n<title>Sa\u00fade Mental e Uso de Coca\u00edna e Crack - Ruy Palhano<\/title>\n<meta name=\"robots\" content=\"index, follow, max-snippet:-1, max-image-preview:large, max-video-preview:-1\" \/>\n<link rel=\"canonical\" href=\"https:\/\/www.blogsoestado.com\/ruypalhano\/2012\/10\/07\/saude-mental-e-uso-de-cocaina-e-crack\/\" \/>\n<meta property=\"og:locale\" content=\"pt_BR\" \/>\n<meta property=\"og:type\" content=\"article\" \/>\n<meta property=\"og:title\" content=\"Sa\u00fade Mental e Uso de Coca\u00edna e Crack - Ruy Palhano\" \/>\n<meta property=\"og:description\" content=\"Sa\u00fade Mental e Uso de Coca\u00edna e Crack &nbsp; Estima-se que, no mundo, 13,3 milh\u00f5es de pessoas, 0,3% da popula\u00e7\u00e3o [&hellip;]\" \/>\n<meta property=\"og:url\" content=\"https:\/\/www.blogsoestado.com\/ruypalhano\/2012\/10\/07\/saude-mental-e-uso-de-cocaina-e-crack\/\" \/>\n<meta property=\"og:site_name\" content=\"Ruy Palhano\" \/>\n<meta property=\"article:published_time\" content=\"2012-10-07T22:25:56+00:00\" \/>\n<meta name=\"author\" content=\"Ruy Palhano\" \/>\n<meta name=\"twitter:card\" content=\"summary_large_image\" \/>\n<meta name=\"twitter:label1\" content=\"Escrito por\" \/>\n\t<meta name=\"twitter:data1\" content=\"Ruy Palhano\" \/>\n\t<meta name=\"twitter:label2\" content=\"Est. tempo de leitura\" \/>\n\t<meta name=\"twitter:data2\" content=\"3 minutos\" \/>\n<script type=\"application\/ld+json\" class=\"yoast-schema-graph\">{\"@context\":\"https:\/\/schema.org\",\"@graph\":[{\"@type\":\"WebPage\",\"@id\":\"https:\/\/www.blogsoestado.com\/ruypalhano\/2012\/10\/07\/saude-mental-e-uso-de-cocaina-e-crack\/\",\"url\":\"https:\/\/www.blogsoestado.com\/ruypalhano\/2012\/10\/07\/saude-mental-e-uso-de-cocaina-e-crack\/\",\"name\":\"Sa\u00fade Mental e Uso de Coca\u00edna e Crack - Ruy Palhano\",\"isPartOf\":{\"@id\":\"https:\/\/www.blogsoestado.com\/ruypalhano\/#website\"},\"datePublished\":\"2012-10-07T22:25:56+00:00\",\"author\":{\"@id\":\"https:\/\/www.blogsoestado.com\/ruypalhano\/#\/schema\/person\/ef49e08ec3e742dec1682f34674f2c84\"},\"breadcrumb\":{\"@id\":\"https:\/\/www.blogsoestado.com\/ruypalhano\/2012\/10\/07\/saude-mental-e-uso-de-cocaina-e-crack\/#breadcrumb\"},\"inLanguage\":\"pt-BR\",\"potentialAction\":[{\"@type\":\"ReadAction\",\"target\":[\"https:\/\/www.blogsoestado.com\/ruypalhano\/2012\/10\/07\/saude-mental-e-uso-de-cocaina-e-crack\/\"]}]},{\"@type\":\"BreadcrumbList\",\"@id\":\"https:\/\/www.blogsoestado.com\/ruypalhano\/2012\/10\/07\/saude-mental-e-uso-de-cocaina-e-crack\/#breadcrumb\",\"itemListElement\":[{\"@type\":\"ListItem\",\"position\":1,\"name\":\"In\u00edcio\",\"item\":\"https:\/\/www.blogsoestado.com\/ruypalhano\/\"},{\"@type\":\"ListItem\",\"position\":2,\"name\":\"Sa\u00fade Mental e Uso de Coca\u00edna e Crack\"}]},{\"@type\":\"WebSite\",\"@id\":\"https:\/\/www.blogsoestado.com\/ruypalhano\/#website\",\"url\":\"https:\/\/www.blogsoestado.com\/ruypalhano\/\",\"name\":\"Ruy Palhano\",\"description\":\"\",\"potentialAction\":[{\"@type\":\"SearchAction\",\"target\":{\"@type\":\"EntryPoint\",\"urlTemplate\":\"https:\/\/www.blogsoestado.com\/ruypalhano\/?s={search_term_string}\"},\"query-input\":{\"@type\":\"PropertyValueSpecification\",\"valueRequired\":true,\"valueName\":\"search_term_string\"}}],\"inLanguage\":\"pt-BR\"},{\"@type\":\"Person\",\"@id\":\"https:\/\/www.blogsoestado.com\/ruypalhano\/#\/schema\/person\/ef49e08ec3e742dec1682f34674f2c84\",\"name\":\"Ruy Palhano\",\"image\":{\"@type\":\"ImageObject\",\"inLanguage\":\"pt-BR\",\"@id\":\"https:\/\/www.blogsoestado.com\/ruypalhano\/#\/schema\/person\/image\/\",\"url\":\"https:\/\/secure.gravatar.com\/avatar\/d08170dc68d65048f069f40789786091e8b070aa02b0d2e514ddd0244c684a5a?s=96&d=mm&r=g\",\"contentUrl\":\"https:\/\/secure.gravatar.com\/avatar\/d08170dc68d65048f069f40789786091e8b070aa02b0d2e514ddd0244c684a5a?s=96&d=mm&r=g\",\"caption\":\"Ruy Palhano\"},\"url\":\"https:\/\/www.blogsoestado.com\/ruypalhano\/author\/ruypalhano\/\"}]}<\/script>\n<!-- \/ Yoast SEO plugin. -->","yoast_head_json":{"title":"Sa\u00fade Mental e Uso de Coca\u00edna e Crack - Ruy Palhano","robots":{"index":"index","follow":"follow","max-snippet":"max-snippet:-1","max-image-preview":"max-image-preview:large","max-video-preview":"max-video-preview:-1"},"canonical":"https:\/\/www.blogsoestado.com\/ruypalhano\/2012\/10\/07\/saude-mental-e-uso-de-cocaina-e-crack\/","og_locale":"pt_BR","og_type":"article","og_title":"Sa\u00fade Mental e Uso de Coca\u00edna e Crack - Ruy Palhano","og_description":"Sa\u00fade Mental e Uso de Coca\u00edna e Crack &nbsp; Estima-se que, no mundo, 13,3 milh\u00f5es de pessoas, 0,3% da popula\u00e7\u00e3o [&hellip;]","og_url":"https:\/\/www.blogsoestado.com\/ruypalhano\/2012\/10\/07\/saude-mental-e-uso-de-cocaina-e-crack\/","og_site_name":"Ruy Palhano","article_published_time":"2012-10-07T22:25:56+00:00","author":"Ruy Palhano","twitter_card":"summary_large_image","twitter_misc":{"Escrito por":"Ruy Palhano","Est. tempo de leitura":"3 minutos"},"schema":{"@context":"https:\/\/schema.org","@graph":[{"@type":"WebPage","@id":"https:\/\/www.blogsoestado.com\/ruypalhano\/2012\/10\/07\/saude-mental-e-uso-de-cocaina-e-crack\/","url":"https:\/\/www.blogsoestado.com\/ruypalhano\/2012\/10\/07\/saude-mental-e-uso-de-cocaina-e-crack\/","name":"Sa\u00fade Mental e Uso de Coca\u00edna e Crack - Ruy Palhano","isPartOf":{"@id":"https:\/\/www.blogsoestado.com\/ruypalhano\/#website"},"datePublished":"2012-10-07T22:25:56+00:00","author":{"@id":"https:\/\/www.blogsoestado.com\/ruypalhano\/#\/schema\/person\/ef49e08ec3e742dec1682f34674f2c84"},"breadcrumb":{"@id":"https:\/\/www.blogsoestado.com\/ruypalhano\/2012\/10\/07\/saude-mental-e-uso-de-cocaina-e-crack\/#breadcrumb"},"inLanguage":"pt-BR","potentialAction":[{"@type":"ReadAction","target":["https:\/\/www.blogsoestado.com\/ruypalhano\/2012\/10\/07\/saude-mental-e-uso-de-cocaina-e-crack\/"]}]},{"@type":"BreadcrumbList","@id":"https:\/\/www.blogsoestado.com\/ruypalhano\/2012\/10\/07\/saude-mental-e-uso-de-cocaina-e-crack\/#breadcrumb","itemListElement":[{"@type":"ListItem","position":1,"name":"In\u00edcio","item":"https:\/\/www.blogsoestado.com\/ruypalhano\/"},{"@type":"ListItem","position":2,"name":"Sa\u00fade Mental e Uso de Coca\u00edna e Crack"}]},{"@type":"WebSite","@id":"https:\/\/www.blogsoestado.com\/ruypalhano\/#website","url":"https:\/\/www.blogsoestado.com\/ruypalhano\/","name":"Ruy Palhano","description":"","potentialAction":[{"@type":"SearchAction","target":{"@type":"EntryPoint","urlTemplate":"https:\/\/www.blogsoestado.com\/ruypalhano\/?s={search_term_string}"},"query-input":{"@type":"PropertyValueSpecification","valueRequired":true,"valueName":"search_term_string"}}],"inLanguage":"pt-BR"},{"@type":"Person","@id":"https:\/\/www.blogsoestado.com\/ruypalhano\/#\/schema\/person\/ef49e08ec3e742dec1682f34674f2c84","name":"Ruy Palhano","image":{"@type":"ImageObject","inLanguage":"pt-BR","@id":"https:\/\/www.blogsoestado.com\/ruypalhano\/#\/schema\/person\/image\/","url":"https:\/\/secure.gravatar.com\/avatar\/d08170dc68d65048f069f40789786091e8b070aa02b0d2e514ddd0244c684a5a?s=96&d=mm&r=g","contentUrl":"https:\/\/secure.gravatar.com\/avatar\/d08170dc68d65048f069f40789786091e8b070aa02b0d2e514ddd0244c684a5a?s=96&d=mm&r=g","caption":"Ruy Palhano"},"url":"https:\/\/www.blogsoestado.com\/ruypalhano\/author\/ruypalhano\/"}]}},"jetpack_featured_media_url":"","_links":{"self":[{"href":"https:\/\/www.blogsoestado.com\/ruypalhano\/wp-json\/wp\/v2\/posts\/209","targetHints":{"allow":["GET"]}}],"collection":[{"href":"https:\/\/www.blogsoestado.com\/ruypalhano\/wp-json\/wp\/v2\/posts"}],"about":[{"href":"https:\/\/www.blogsoestado.com\/ruypalhano\/wp-json\/wp\/v2\/types\/post"}],"author":[{"embeddable":true,"href":"https:\/\/www.blogsoestado.com\/ruypalhano\/wp-json\/wp\/v2\/users\/3"}],"replies":[{"embeddable":true,"href":"https:\/\/www.blogsoestado.com\/ruypalhano\/wp-json\/wp\/v2\/comments?post=209"}],"version-history":[{"count":0,"href":"https:\/\/www.blogsoestado.com\/ruypalhano\/wp-json\/wp\/v2\/posts\/209\/revisions"}],"wp:attachment":[{"href":"https:\/\/www.blogsoestado.com\/ruypalhano\/wp-json\/wp\/v2\/media?parent=209"}],"wp:term":[{"taxonomy":"category","embeddable":true,"href":"https:\/\/www.blogsoestado.com\/ruypalhano\/wp-json\/wp\/v2\/categories?post=209"},{"taxonomy":"post_tag","embeddable":true,"href":"https:\/\/www.blogsoestado.com\/ruypalhano\/wp-json\/wp\/v2\/tags?post=209"}],"curies":[{"name":"wp","href":"https:\/\/api.w.org\/{rel}","templated":true}]}}