{"id":233,"date":"2012-11-04T11:57:45","date_gmt":"2012-11-04T14:57:45","guid":{"rendered":"https:\/\/www.blogsoestado.com\/ruypalhano\/?p=233"},"modified":"2012-11-04T11:57:45","modified_gmt":"2012-11-04T14:57:45","slug":"depressao-em-idosos-um-agravo-frequente","status":"publish","type":"post","link":"https:\/\/www.blogsoestado.com\/ruypalhano\/2012\/11\/04\/depressao-em-idosos-um-agravo-frequente\/","title":{"rendered":"Depress\u00e3o em idosos, um agravo frequente."},"content":{"rendered":"<p align=\"center\">\u00a0\u00a0\u00a0\u00a0\u00a0\u00a0\u00a0\u00a0\u00a0\u00a0\u00a0\u00a0\u00a0\u00a0\u00a0\u00a0\u00a0\u00a0\u00a0\u00a0\u00a0\u00a0\u00a0\u00a0\u00a0\u00a0\u00a0\u00a0\u00a0\u00a0\u00a0\u00a0\u00a0\u00a0\u00a0\u00a0\u00a0\u00a0\u00a0\u00a0\u00a0\u00a0\u00a0\u00a0\u00a0\u00a0\u00a0\u00a0<a href=\"https:\/\/www.blogsoestado.com\/ruypalhano\/wp-content\/uploads\/sites\/4\/2012\/11\/depressao-idoso-1.jpg\"><img decoding=\"async\" class=\"alignleft  wp-image-235\" src=\"https:\/\/www.blogsoestado.com\/ruypalhano\/wp-content\/uploads\/sites\/4\/2012\/11\/depressao-idoso-1.jpg\" alt=\"\" width=\"212\" height=\"142\" srcset=\"https:\/\/www.blogsoestado.com\/ruypalhano\/wp-content\/uploads\/sites\/4\/2012\/11\/depressao-idoso-1.jpg 400w, https:\/\/www.blogsoestado.com\/ruypalhano\/wp-content\/uploads\/sites\/4\/2012\/11\/depressao-idoso-1-300x200.jpg 300w\" sizes=\"(max-width: 212px) 100vw, 212px\" \/><\/a>\u00a0\u00a0\u00a0\u00a0\u00a0\u00a0\u00a0\u00a0\u00a0\u00a0\u00a0\u00a0\u00a0\u00a0\u00a0\u00a0\u00a0\u00a0\u00a0\u00a0\u00a0\u00a0<\/p>\n<p style=\"text-align: left\" align=\"center\">\u00a0\u00a0\u00a0\u00a0\u00a0\u00a0\u00a0\u00a0\u00a0\u00a0\u00a0\u00a0\u00a0 A depress\u00e3o \u00e9 uma condi\u00e7\u00e3o muito frequente e um dos mais importantes problemas emocionais e psicol\u00f3gicos que ocorre no idoso. \u00c9 uma condi\u00e7\u00e3o, em geral, negligenciada por todos, embora absolutamente trat\u00e1vel. \u00c9 comum, recorrente, sub-diagnosticada e sub-tratada, principalmente ao n\u00edvel dos cuidados prim\u00e1rios de sa\u00fade. Prev\u00ea-se que as consequ\u00eancias na sa\u00fade p\u00fablica do sub-tratamento da depress\u00e3o no idoso ir\u00e3o aumentar, dado o envelhecimento crescente da popula\u00e7\u00e3o.<\/p>\n<p>\u00a0\u00a0\u00a0\u00a0\u00a0\u00a0\u00a0\u00a0\u00a0\u00a0\u00a0\u00a0\u00a0 Do ponto de vista psiqui\u00e1trico, a depress\u00e3o pode ser um sintoma, uma s\u00edndrome ou uma doen\u00e7a e, no caso do idoso, pode aparecer sob a \u00e9gide de uma dessas tr\u00eas condi\u00e7\u00f5es, sendo imperioso realizar o diagn\u00f3stico adequado e logo iniciar o tratamento.<\/p>\n<p>\u00a0\u00a0\u00a0\u00a0\u00a0\u00a0\u00a0\u00a0\u00a0\u00a0\u00a0\u00a0\u00a0 O envelhecimento da popula\u00e7\u00e3o \u00e9 hoje um fen\u00f4meno universal, tanto nos pa\u00edses desenvolvidos, como nos pa\u00edses em desenvolvimento, e os esfor\u00e7os se ampliam entre os governantes para construir uma pol\u00edtica de sa\u00fade do idoso que garanta melhor qualidade de vida. No Brasil, impressiona a rapidez com que ocorre o envelhecimento da popula\u00e7\u00e3o, pois segundo a Organiza\u00e7\u00e3o Mundial de Sa\u00fade (OMS), at\u00e9 o ano de 2025, a popula\u00e7\u00e3o idosa no Brasil crescer\u00e1 16 vezes, contra cinco vezes o da popula\u00e7\u00e3o total.<\/p>\n<p>\u00a0\u00a0\u00a0\u00a0\u00a0\u00a0\u00a0\u00a0\u00a0\u00a0\u00a0\u00a0\u00a0\u00a0Isso classifica o pa\u00eds como o sexto do mundo em idosos, correspondendo a mais de 32 milh\u00f5es de pessoas com 60 anos ou mais de idade (OMS, 2006). Com esse aumento eleva-se a preval\u00eancia de doen\u00e7as cr\u00f4nico-degenerativas, dentre elas aquelas que comprometem o funcionamento do sistema nervoso central, como as enfermidades neuropsiqui\u00e1tricas, particularmente a depress\u00e3o.<\/p>\n<p>\u00a0\u00a0\u00a0\u00a0\u00a0\u00a0\u00a0\u00a0\u00a0\u00a0\u00a0\u00a0\u00a0 Os tipos de depress\u00e3o mais frequentes entre idosos s\u00e3o: depress\u00e3o bipolar, depress\u00e3o maior cr\u00f4nica, dist\u00farbio dist\u00edmico agravado pelas condi\u00e7\u00f5es de vida, dist\u00farbios de ajustamento a outros transtornos org\u00e2nicos, que afetam drasticamente a performance e a resposta ao tratamento no idoso e as s\u00edndromes cerebrais org\u00e2nicas, pr\u00f3prias da idade. Al\u00e9m disso, citamos os quadros de depress\u00e3o reativa comuns na idade.<\/p>\n<p>\u00a0\u00a0\u00a0\u00a0\u00a0\u00a0\u00a0\u00a0\u00a0\u00a0\u00a0\u00a0 Todo ser humano em qualquer fase de sua vida pode experimentar sintomas depressivos. Nos idosos a probabilidade de ter depress\u00e3o \u00e9 ainda maior, pois se pode associar \u00e0s limita\u00e7\u00f5es pr\u00f3prias da idade. O idoso deprimido passa por uma importante piora de seu estado geral e por um decr\u00e9scimo significativo de sua qualidade de vida, ao ponto de provocar alta preval\u00eancia de suic\u00eddio.<\/p>\n<p>\u00a0\u00a0\u00a0\u00a0\u00a0\u00a0\u00a0\u00a0\u00a0\u00a0\u00a0\u00a0 Estudo realizado pela OMS em 13 pa\u00edses europeus mostra que as taxas m\u00e9dias de suic\u00eddio entre pessoas com mais de 65 anos chega a 29,3 por 100.000 habitantes, e as de tentativas de suic\u00eddio, 61,4 por 100.000. Al\u00e9m dos dados serem elevados, a raz\u00e3o entre tentativas de suic\u00eddios e os consumados \u00e9 muito pr\u00f3xima, quase 2:1.<\/p>\n<p>\u00a0\u00a0\u00a0\u00a0\u00a0\u00a0\u00a0\u00a0\u00a0\u00a0\u00a0\u00a0 Os sintomas proeminentes da depress\u00e3o no idoso s\u00e3o: isolamento social, desesperan\u00e7a, sentimentos de culpa e remorso e anedonia (falta de prazer). Podem surgir altera\u00e7\u00f5es do sono e do apetite, dificuldades em tomar decis\u00f5es ou iniciativas, tristeza profunda e desalento acentuado em tudo que faz, al\u00e9m de inquieta\u00e7\u00e3o ou inibi\u00e7\u00e3o psicomotora.<\/p>\n<p>\u00a0\u00a0\u00a0\u00a0\u00a0\u00a0\u00a0\u00a0\u00a0\u00a0\u00a0\u00a0 Uma boa recomenda\u00e7\u00e3o para se enfrentar isso \u00e9 a pr\u00e1tica de exerc\u00edcio f\u00edsico, regular e bem planejado, que contribui muito para diminui\u00e7\u00e3o do sofrimento do idoso deprimido. Al\u00e9m de oferecer oportunidade para o desenvolvimento de habilidades sociais, melhora do funcionamento psicossocial, eleva\u00e7\u00e3o da auto-estima e das fun\u00e7\u00f5es cognitivas. \u00a0Em casos mais severos \u00e9 imprescind\u00edvel o tratamento psiqui\u00e1trico para controle da situa\u00e7\u00e3o. O uso regular de medicamentos indicados a esta condi\u00e7\u00e3o e o apoio psicossocial atrav\u00e9s de t\u00e9cnicas psicoter\u00e1picas especializadas s\u00e3o bem recomendadas.<\/p>\n","protected":false},"excerpt":{"rendered":"<p>\u00a0\u00a0\u00a0\u00a0\u00a0\u00a0\u00a0\u00a0\u00a0\u00a0\u00a0\u00a0\u00a0\u00a0\u00a0\u00a0\u00a0\u00a0\u00a0\u00a0\u00a0\u00a0\u00a0\u00a0\u00a0\u00a0\u00a0\u00a0\u00a0\u00a0\u00a0\u00a0\u00a0\u00a0\u00a0\u00a0\u00a0\u00a0\u00a0\u00a0\u00a0\u00a0\u00a0\u00a0\u00a0\u00a0\u00a0\u00a0\u00a0\u00a0\u00a0\u00a0\u00a0\u00a0\u00a0\u00a0\u00a0\u00a0\u00a0\u00a0\u00a0\u00a0\u00a0\u00a0\u00a0\u00a0\u00a0\u00a0\u00a0\u00a0 \u00a0\u00a0\u00a0\u00a0\u00a0\u00a0\u00a0\u00a0\u00a0\u00a0\u00a0\u00a0\u00a0 A depress\u00e3o \u00e9 uma condi\u00e7\u00e3o muito frequente e um dos mais importantes problemas emocionais e psicol\u00f3gicos que ocorre [&hellip;]<\/p>\n","protected":false},"author":3,"featured_media":0,"comment_status":"open","ping_status":"open","sticky":false,"template":"","format":"standard","meta":{"site-sidebar-layout":"default","site-content-layout":"","ast-site-content-layout":"default","site-content-style":"default","site-sidebar-style":"default","ast-global-header-display":"","ast-banner-title-visibility":"","ast-main-header-display":"","ast-hfb-above-header-display":"","ast-hfb-below-header-display":"","ast-hfb-mobile-header-display":"","site-post-title":"","ast-breadcrumbs-content":"","ast-featured-img":"","footer-sml-layout":"","ast-disable-related-posts":"","theme-transparent-header-meta":"","adv-header-id-meta":"","stick-header-meta":"","header-above-stick-meta":"","header-main-stick-meta":"","header-below-stick-meta":"","astra-migrate-meta-layouts":"default","ast-page-background-enabled":"default","ast-page-background-meta":{"desktop":{"background-color":"var(--ast-global-color-5)","background-image":"","background-repeat":"repeat","background-position":"center center","background-size":"auto","background-attachment":"scroll","background-type":"","background-media":"","overlay-type":"","overlay-color":"","overlay-opacity":"","overlay-gradient":""},"tablet":{"background-color":"","background-image":"","background-repeat":"repeat","background-position":"center center","background-size":"auto","background-attachment":"scroll","background-type":"","background-media":"","overlay-type":"","overlay-color":"","overlay-opacity":"","overlay-gradient":""},"mobile":{"background-color":"","background-image":"","background-repeat":"repeat","background-position":"center center","background-size":"auto","background-attachment":"scroll","background-type":"","background-media":"","overlay-type":"","overlay-color":"","overlay-opacity":"","overlay-gradient":""}},"ast-content-background-meta":{"desktop":{"background-color":"var(--ast-global-color-4)","background-image":"","background-repeat":"repeat","background-position":"center center","background-size":"auto","background-attachment":"scroll","background-type":"","background-media":"","overlay-type":"","overlay-color":"","overlay-opacity":"","overlay-gradient":""},"tablet":{"background-color":"var(--ast-global-color-4)","background-image":"","background-repeat":"repeat","background-position":"center center","background-size":"auto","background-attachment":"scroll","background-type":"","background-media":"","overlay-type":"","overlay-color":"","overlay-opacity":"","overlay-gradient":""},"mobile":{"background-color":"var(--ast-global-color-4)","background-image":"","background-repeat":"repeat","background-position":"center center","background-size":"auto","background-attachment":"scroll","background-type":"","background-media":"","overlay-type":"","overlay-color":"","overlay-opacity":"","overlay-gradient":""}},"footnotes":""},"categories":[1],"tags":[],"class_list":["post-233","post","type-post","status-publish","format-standard","hentry","category-sem-categoria"],"yoast_head":"<!-- This site is optimized with the Yoast SEO plugin v26.6 - https:\/\/yoast.com\/wordpress\/plugins\/seo\/ -->\n<title>Depress\u00e3o em idosos, um agravo frequente. - Ruy Palhano<\/title>\n<meta name=\"robots\" content=\"index, follow, max-snippet:-1, max-image-preview:large, max-video-preview:-1\" \/>\n<link rel=\"canonical\" href=\"https:\/\/www.blogsoestado.com\/ruypalhano\/2012\/11\/04\/depressao-em-idosos-um-agravo-frequente\/\" \/>\n<meta property=\"og:locale\" content=\"pt_BR\" \/>\n<meta property=\"og:type\" content=\"article\" \/>\n<meta property=\"og:title\" content=\"Depress\u00e3o em idosos, um agravo frequente. - Ruy Palhano\" \/>\n<meta property=\"og:description\" content=\"\u00a0\u00a0\u00a0\u00a0\u00a0\u00a0\u00a0\u00a0\u00a0\u00a0\u00a0\u00a0\u00a0\u00a0\u00a0\u00a0\u00a0\u00a0\u00a0\u00a0\u00a0\u00a0\u00a0\u00a0\u00a0\u00a0\u00a0\u00a0\u00a0\u00a0\u00a0\u00a0\u00a0\u00a0\u00a0\u00a0\u00a0\u00a0\u00a0\u00a0\u00a0\u00a0\u00a0\u00a0\u00a0\u00a0\u00a0\u00a0\u00a0\u00a0\u00a0\u00a0\u00a0\u00a0\u00a0\u00a0\u00a0\u00a0\u00a0\u00a0\u00a0\u00a0\u00a0\u00a0\u00a0\u00a0\u00a0\u00a0\u00a0\u00a0 \u00a0\u00a0\u00a0\u00a0\u00a0\u00a0\u00a0\u00a0\u00a0\u00a0\u00a0\u00a0\u00a0 A depress\u00e3o \u00e9 uma condi\u00e7\u00e3o muito frequente e um dos mais importantes problemas emocionais e psicol\u00f3gicos que ocorre [&hellip;]\" \/>\n<meta property=\"og:url\" content=\"https:\/\/www.blogsoestado.com\/ruypalhano\/2012\/11\/04\/depressao-em-idosos-um-agravo-frequente\/\" \/>\n<meta property=\"og:site_name\" content=\"Ruy Palhano\" \/>\n<meta property=\"article:published_time\" content=\"2012-11-04T14:57:45+00:00\" \/>\n<meta property=\"og:image\" content=\"https:\/\/www.blogsoestado.com\/ruypalhano\/wp-content\/uploads\/sites\/4\/2012\/11\/depressao-idoso-1.jpg\" \/>\n<meta name=\"author\" content=\"Ruy Palhano\" \/>\n<meta name=\"twitter:card\" content=\"summary_large_image\" \/>\n<meta name=\"twitter:label1\" content=\"Escrito por\" \/>\n\t<meta name=\"twitter:data1\" content=\"Ruy Palhano\" \/>\n\t<meta name=\"twitter:label2\" content=\"Est. tempo de leitura\" \/>\n\t<meta name=\"twitter:data2\" content=\"3 minutos\" \/>\n<script type=\"application\/ld+json\" class=\"yoast-schema-graph\">{\"@context\":\"https:\/\/schema.org\",\"@graph\":[{\"@type\":\"WebPage\",\"@id\":\"https:\/\/www.blogsoestado.com\/ruypalhano\/2012\/11\/04\/depressao-em-idosos-um-agravo-frequente\/\",\"url\":\"https:\/\/www.blogsoestado.com\/ruypalhano\/2012\/11\/04\/depressao-em-idosos-um-agravo-frequente\/\",\"name\":\"Depress\u00e3o em idosos, um agravo frequente. - Ruy Palhano\",\"isPartOf\":{\"@id\":\"https:\/\/www.blogsoestado.com\/ruypalhano\/#website\"},\"primaryImageOfPage\":{\"@id\":\"https:\/\/www.blogsoestado.com\/ruypalhano\/2012\/11\/04\/depressao-em-idosos-um-agravo-frequente\/#primaryimage\"},\"image\":{\"@id\":\"https:\/\/www.blogsoestado.com\/ruypalhano\/2012\/11\/04\/depressao-em-idosos-um-agravo-frequente\/#primaryimage\"},\"thumbnailUrl\":\"https:\/\/www.blogsoestado.com\/ruypalhano\/wp-content\/uploads\/sites\/4\/2012\/11\/depressao-idoso-1.jpg\",\"datePublished\":\"2012-11-04T14:57:45+00:00\",\"author\":{\"@id\":\"https:\/\/www.blogsoestado.com\/ruypalhano\/#\/schema\/person\/ef49e08ec3e742dec1682f34674f2c84\"},\"breadcrumb\":{\"@id\":\"https:\/\/www.blogsoestado.com\/ruypalhano\/2012\/11\/04\/depressao-em-idosos-um-agravo-frequente\/#breadcrumb\"},\"inLanguage\":\"pt-BR\",\"potentialAction\":[{\"@type\":\"ReadAction\",\"target\":[\"https:\/\/www.blogsoestado.com\/ruypalhano\/2012\/11\/04\/depressao-em-idosos-um-agravo-frequente\/\"]}]},{\"@type\":\"ImageObject\",\"inLanguage\":\"pt-BR\",\"@id\":\"https:\/\/www.blogsoestado.com\/ruypalhano\/2012\/11\/04\/depressao-em-idosos-um-agravo-frequente\/#primaryimage\",\"url\":\"https:\/\/www.blogsoestado.com\/ruypalhano\/wp-content\/uploads\/sites\/4\/2012\/11\/depressao-idoso-1.jpg\",\"contentUrl\":\"https:\/\/www.blogsoestado.com\/ruypalhano\/wp-content\/uploads\/sites\/4\/2012\/11\/depressao-idoso-1.jpg\",\"width\":400,\"height\":267},{\"@type\":\"BreadcrumbList\",\"@id\":\"https:\/\/www.blogsoestado.com\/ruypalhano\/2012\/11\/04\/depressao-em-idosos-um-agravo-frequente\/#breadcrumb\",\"itemListElement\":[{\"@type\":\"ListItem\",\"position\":1,\"name\":\"In\u00edcio\",\"item\":\"https:\/\/www.blogsoestado.com\/ruypalhano\/\"},{\"@type\":\"ListItem\",\"position\":2,\"name\":\"Depress\u00e3o em idosos, um agravo frequente.\"}]},{\"@type\":\"WebSite\",\"@id\":\"https:\/\/www.blogsoestado.com\/ruypalhano\/#website\",\"url\":\"https:\/\/www.blogsoestado.com\/ruypalhano\/\",\"name\":\"Ruy Palhano\",\"description\":\"\",\"potentialAction\":[{\"@type\":\"SearchAction\",\"target\":{\"@type\":\"EntryPoint\",\"urlTemplate\":\"https:\/\/www.blogsoestado.com\/ruypalhano\/?s={search_term_string}\"},\"query-input\":{\"@type\":\"PropertyValueSpecification\",\"valueRequired\":true,\"valueName\":\"search_term_string\"}}],\"inLanguage\":\"pt-BR\"},{\"@type\":\"Person\",\"@id\":\"https:\/\/www.blogsoestado.com\/ruypalhano\/#\/schema\/person\/ef49e08ec3e742dec1682f34674f2c84\",\"name\":\"Ruy Palhano\",\"image\":{\"@type\":\"ImageObject\",\"inLanguage\":\"pt-BR\",\"@id\":\"https:\/\/www.blogsoestado.com\/ruypalhano\/#\/schema\/person\/image\/\",\"url\":\"https:\/\/secure.gravatar.com\/avatar\/d08170dc68d65048f069f40789786091e8b070aa02b0d2e514ddd0244c684a5a?s=96&d=mm&r=g\",\"contentUrl\":\"https:\/\/secure.gravatar.com\/avatar\/d08170dc68d65048f069f40789786091e8b070aa02b0d2e514ddd0244c684a5a?s=96&d=mm&r=g\",\"caption\":\"Ruy Palhano\"},\"url\":\"https:\/\/www.blogsoestado.com\/ruypalhano\/author\/ruypalhano\/\"}]}<\/script>\n<!-- \/ Yoast SEO plugin. -->","yoast_head_json":{"title":"Depress\u00e3o em idosos, um agravo frequente. - Ruy Palhano","robots":{"index":"index","follow":"follow","max-snippet":"max-snippet:-1","max-image-preview":"max-image-preview:large","max-video-preview":"max-video-preview:-1"},"canonical":"https:\/\/www.blogsoestado.com\/ruypalhano\/2012\/11\/04\/depressao-em-idosos-um-agravo-frequente\/","og_locale":"pt_BR","og_type":"article","og_title":"Depress\u00e3o em idosos, um agravo frequente. - Ruy Palhano","og_description":"\u00a0\u00a0\u00a0\u00a0\u00a0\u00a0\u00a0\u00a0\u00a0\u00a0\u00a0\u00a0\u00a0\u00a0\u00a0\u00a0\u00a0\u00a0\u00a0\u00a0\u00a0\u00a0\u00a0\u00a0\u00a0\u00a0\u00a0\u00a0\u00a0\u00a0\u00a0\u00a0\u00a0\u00a0\u00a0\u00a0\u00a0\u00a0\u00a0\u00a0\u00a0\u00a0\u00a0\u00a0\u00a0\u00a0\u00a0\u00a0\u00a0\u00a0\u00a0\u00a0\u00a0\u00a0\u00a0\u00a0\u00a0\u00a0\u00a0\u00a0\u00a0\u00a0\u00a0\u00a0\u00a0\u00a0\u00a0\u00a0\u00a0\u00a0 \u00a0\u00a0\u00a0\u00a0\u00a0\u00a0\u00a0\u00a0\u00a0\u00a0\u00a0\u00a0\u00a0 A depress\u00e3o \u00e9 uma condi\u00e7\u00e3o muito frequente e um dos mais importantes problemas emocionais e psicol\u00f3gicos que ocorre [&hellip;]","og_url":"https:\/\/www.blogsoestado.com\/ruypalhano\/2012\/11\/04\/depressao-em-idosos-um-agravo-frequente\/","og_site_name":"Ruy Palhano","article_published_time":"2012-11-04T14:57:45+00:00","og_image":[{"url":"https:\/\/www.blogsoestado.com\/ruypalhano\/wp-content\/uploads\/sites\/4\/2012\/11\/depressao-idoso-1.jpg","type":"","width":"","height":""}],"author":"Ruy Palhano","twitter_card":"summary_large_image","twitter_misc":{"Escrito por":"Ruy Palhano","Est. tempo de leitura":"3 minutos"},"schema":{"@context":"https:\/\/schema.org","@graph":[{"@type":"WebPage","@id":"https:\/\/www.blogsoestado.com\/ruypalhano\/2012\/11\/04\/depressao-em-idosos-um-agravo-frequente\/","url":"https:\/\/www.blogsoestado.com\/ruypalhano\/2012\/11\/04\/depressao-em-idosos-um-agravo-frequente\/","name":"Depress\u00e3o em idosos, um agravo frequente. - Ruy Palhano","isPartOf":{"@id":"https:\/\/www.blogsoestado.com\/ruypalhano\/#website"},"primaryImageOfPage":{"@id":"https:\/\/www.blogsoestado.com\/ruypalhano\/2012\/11\/04\/depressao-em-idosos-um-agravo-frequente\/#primaryimage"},"image":{"@id":"https:\/\/www.blogsoestado.com\/ruypalhano\/2012\/11\/04\/depressao-em-idosos-um-agravo-frequente\/#primaryimage"},"thumbnailUrl":"https:\/\/www.blogsoestado.com\/ruypalhano\/wp-content\/uploads\/sites\/4\/2012\/11\/depressao-idoso-1.jpg","datePublished":"2012-11-04T14:57:45+00:00","author":{"@id":"https:\/\/www.blogsoestado.com\/ruypalhano\/#\/schema\/person\/ef49e08ec3e742dec1682f34674f2c84"},"breadcrumb":{"@id":"https:\/\/www.blogsoestado.com\/ruypalhano\/2012\/11\/04\/depressao-em-idosos-um-agravo-frequente\/#breadcrumb"},"inLanguage":"pt-BR","potentialAction":[{"@type":"ReadAction","target":["https:\/\/www.blogsoestado.com\/ruypalhano\/2012\/11\/04\/depressao-em-idosos-um-agravo-frequente\/"]}]},{"@type":"ImageObject","inLanguage":"pt-BR","@id":"https:\/\/www.blogsoestado.com\/ruypalhano\/2012\/11\/04\/depressao-em-idosos-um-agravo-frequente\/#primaryimage","url":"https:\/\/www.blogsoestado.com\/ruypalhano\/wp-content\/uploads\/sites\/4\/2012\/11\/depressao-idoso-1.jpg","contentUrl":"https:\/\/www.blogsoestado.com\/ruypalhano\/wp-content\/uploads\/sites\/4\/2012\/11\/depressao-idoso-1.jpg","width":400,"height":267},{"@type":"BreadcrumbList","@id":"https:\/\/www.blogsoestado.com\/ruypalhano\/2012\/11\/04\/depressao-em-idosos-um-agravo-frequente\/#breadcrumb","itemListElement":[{"@type":"ListItem","position":1,"name":"In\u00edcio","item":"https:\/\/www.blogsoestado.com\/ruypalhano\/"},{"@type":"ListItem","position":2,"name":"Depress\u00e3o em idosos, um agravo frequente."}]},{"@type":"WebSite","@id":"https:\/\/www.blogsoestado.com\/ruypalhano\/#website","url":"https:\/\/www.blogsoestado.com\/ruypalhano\/","name":"Ruy Palhano","description":"","potentialAction":[{"@type":"SearchAction","target":{"@type":"EntryPoint","urlTemplate":"https:\/\/www.blogsoestado.com\/ruypalhano\/?s={search_term_string}"},"query-input":{"@type":"PropertyValueSpecification","valueRequired":true,"valueName":"search_term_string"}}],"inLanguage":"pt-BR"},{"@type":"Person","@id":"https:\/\/www.blogsoestado.com\/ruypalhano\/#\/schema\/person\/ef49e08ec3e742dec1682f34674f2c84","name":"Ruy Palhano","image":{"@type":"ImageObject","inLanguage":"pt-BR","@id":"https:\/\/www.blogsoestado.com\/ruypalhano\/#\/schema\/person\/image\/","url":"https:\/\/secure.gravatar.com\/avatar\/d08170dc68d65048f069f40789786091e8b070aa02b0d2e514ddd0244c684a5a?s=96&d=mm&r=g","contentUrl":"https:\/\/secure.gravatar.com\/avatar\/d08170dc68d65048f069f40789786091e8b070aa02b0d2e514ddd0244c684a5a?s=96&d=mm&r=g","caption":"Ruy Palhano"},"url":"https:\/\/www.blogsoestado.com\/ruypalhano\/author\/ruypalhano\/"}]}},"jetpack_featured_media_url":"","_links":{"self":[{"href":"https:\/\/www.blogsoestado.com\/ruypalhano\/wp-json\/wp\/v2\/posts\/233","targetHints":{"allow":["GET"]}}],"collection":[{"href":"https:\/\/www.blogsoestado.com\/ruypalhano\/wp-json\/wp\/v2\/posts"}],"about":[{"href":"https:\/\/www.blogsoestado.com\/ruypalhano\/wp-json\/wp\/v2\/types\/post"}],"author":[{"embeddable":true,"href":"https:\/\/www.blogsoestado.com\/ruypalhano\/wp-json\/wp\/v2\/users\/3"}],"replies":[{"embeddable":true,"href":"https:\/\/www.blogsoestado.com\/ruypalhano\/wp-json\/wp\/v2\/comments?post=233"}],"version-history":[{"count":0,"href":"https:\/\/www.blogsoestado.com\/ruypalhano\/wp-json\/wp\/v2\/posts\/233\/revisions"}],"wp:attachment":[{"href":"https:\/\/www.blogsoestado.com\/ruypalhano\/wp-json\/wp\/v2\/media?parent=233"}],"wp:term":[{"taxonomy":"category","embeddable":true,"href":"https:\/\/www.blogsoestado.com\/ruypalhano\/wp-json\/wp\/v2\/categories?post=233"},{"taxonomy":"post_tag","embeddable":true,"href":"https:\/\/www.blogsoestado.com\/ruypalhano\/wp-json\/wp\/v2\/tags?post=233"}],"curies":[{"name":"wp","href":"https:\/\/api.w.org\/{rel}","templated":true}]}}