{"id":327,"date":"2012-12-17T23:32:26","date_gmt":"2012-12-18T02:32:26","guid":{"rendered":"https:\/\/www.blogsoestado.com\/ruypalhano\/?p=327"},"modified":"2012-12-17T23:32:26","modified_gmt":"2012-12-18T02:32:26","slug":"o-suicidio-e-a-doenca-mental","status":"publish","type":"post","link":"https:\/\/www.blogsoestado.com\/ruypalhano\/2012\/12\/17\/o-suicidio-e-a-doenca-mental\/","title":{"rendered":"O suic\u00eddio e a doen\u00e7a mental"},"content":{"rendered":"<p style=\"text-align: left\" align=\"center\">O suic\u00eddio constitui-se como um dos temas mais fascinantes e que sempre despertou muito interesse pela psiquiatria, muito embora ainda existam muitos medos tabus e preconceitos em seu entorno. Apesar de tudo, do ponto de vista da sa\u00fade mental, \u00e9 um tema atual\u00edssimo considerando o aumento vertiginoso nas taxas de suic\u00eddio no mundo de tal forma que tem levado muitos pa\u00edses a desenvolverem estrat\u00e9gias mais seguras e consistentes voltadas para o controle e a preven\u00e7\u00e3o desta ocorr\u00eancia na \u00e1rea da sa\u00fade p\u00fablica.<\/p>\n<p>Este \u00e9 o segundo artigo que dedico este ano ao assunto, com o intuito de ajudar a quebrar os preconceitos sobre obre este assunto o que dificulta muito seu manejo em todos os sentidos e principalmente na sua preven\u00e7\u00e3o. Outro achado epidemiol\u00f3gico importante \u00e9 o aumento das taxas de suic\u00eddio entre jovens o que torna o mais preocupante, necessitando de medidas eficazes para se prevenir esta ocorr\u00eancia.<\/p>\n<p>Suic\u00eddio do ponto de vista psiqui\u00e1trico \u00e9 um sintoma grave, que pode esconder patologias de tipos diferentes.\u00a0 Portanto, \u00e9 uma manifesta\u00e7\u00e3o psicopatol\u00f3gica que se revela atrav\u00e9s de pensamentos ou em atos suicidas. \u00c9 um sintoma muito grave, pois o que est\u00e1 em jogo \u00e9 a interrup\u00e7\u00e3o da vida pela pr\u00f3pria pessoa, que na realidade \u00e9 o que temos de mais valioso e importante em nossa exist\u00eancia, de tal forma que quando algu\u00e9m chega a pensar ou a praticar o suic\u00eddio, ele de fato est\u00e1 muito doente, pois ningu\u00e9m desfrutando plenamente de sua sa\u00fade mental, incorreria a esta pr\u00e1tica.<\/p>\n<p>\u00a0\u00a0\u00a0\u00a0\u00a0\u00a0\u00a0\u00a0\u00a0\u00a0\u00a0 Estima-se que mais de 80% dos suic\u00eddios ocorra entre pessoas portadoras de transtornos psiqui\u00e1tricos e dentre estes est\u00e3o: transtornos de humor com taxas em torno de 1\/3; depend\u00eancia e abuso de drogas, 7 a 15 %; transtornos de personalidade especialmente os do tipo Boderline; esquizofrenia; transtornos com\u00f3rbidos, como por exemplo, alcoolismo e depress\u00e3o, ocorr\u00eancia muito frequente.<\/p>\n<p>Nunca se estudou tanto sobre o suic\u00eddio quanto se estuda hoje e, parte deste interesse se atribui a curiosidade cient\u00edfica aliada aos in\u00fameros preju\u00edzos emocionais, afetivos, sociais e financeiros ocasionados por este fen\u00f4meno.<\/p>\n<p>\u00a0\u00a0\u00a0\u00a0\u00a0\u00a0\u00a0\u00a0\u00a0\u00a0\u00a0 No Brasil, estima-se que ocorram 24 suic\u00eddios por dia, mas o n\u00famero deve ser 20% maior, pois muitos casos n\u00e3o s\u00e3o registrados. As tentativas s\u00e3o dez a 20 vezes mais alta que a de mortes e a taxa de suic\u00eddio entre jovens, multiplicou-se por dez de 1980 a 2000: de 0,4 para 4%. De tal forma que nos \u00faltimos 45 anos o n\u00famero de suic\u00eddio cresceu 60%, e que at\u00e9 2020 a taxa global ser\u00e1 de 2,4% e que no ano de 2020 ocorrer\u00e1 900.000 mortes por suic\u00eddio no mundo, de acordo com a OMS. Portanto ocorrer\u00e1 uma morte a cada 35 segundos na popula\u00e7\u00e3o com idade entre 15 e 35 anos, passando o suic\u00eddio a figurar entre as tr\u00eas maiores causas de morte do planeta.<\/p>\n<p>\u00a0\u00a0\u00a0\u00a0\u00a0\u00a0\u00a0\u00a0\u00a0\u00a0\u00a0 Nosso pa\u00eds \u00e9 o que apresenta a menor taxa de suicido no mundo, variando entre 3,9 a 4,5 para cada \/100 mil habitantes, mas como \u00e9 um pa\u00eds de dimens\u00f5es continentais e populoso, estamos entre os 10 pa\u00edses com maior n\u00famero absoluto de suic\u00eddio. Um fato que vem ocorrendo aqui e alhures \u00e9 a migra\u00e7\u00e3o de grupo de mais idade para grupos de mais jovens que tentam se matar. Nos estados Unidos esta pr\u00e1tica est\u00e1 entre as 10 principais causas de morte, pois em sua popula\u00e7\u00e3o a taxa de morte por suic\u00eddio passou de 11\u00ba em 2008 para 10\u00ba em 2009 respondendo por um quarto (1\/4) da carga global de doen\u00e7a no ano de 2002 neste pa\u00eds.<\/p>\n<p>\u00a0\u00a0\u00a0\u00a0\u00a0\u00a0\u00a0\u00a0\u00a0\u00a0\u00a0 Com estes novos conhecimentos acredita-se que seja mais f\u00e1cil adotarem-se medidas preventivas mais eficientes evitando com isto a morte prematura e evit\u00e1vel de milhares de seres humanos. Suic\u00eddio, trata-se e evita-se.\u00a0<\/p>\n<p>&nbsp;<\/p>\n<p>&nbsp;<\/p>\n","protected":false},"excerpt":{"rendered":"<p>O suic\u00eddio constitui-se como um dos temas mais fascinantes e que sempre despertou muito interesse pela psiquiatria, muito embora ainda [&hellip;]<\/p>\n","protected":false},"author":3,"featured_media":0,"comment_status":"open","ping_status":"open","sticky":false,"template":"","format":"standard","meta":{"site-sidebar-layout":"default","site-content-layout":"","ast-site-content-layout":"default","site-content-style":"default","site-sidebar-style":"default","ast-global-header-display":"","ast-banner-title-visibility":"","ast-main-header-display":"","ast-hfb-above-header-display":"","ast-hfb-below-header-display":"","ast-hfb-mobile-header-display":"","site-post-title":"","ast-breadcrumbs-content":"","ast-featured-img":"","footer-sml-layout":"","ast-disable-related-posts":"","theme-transparent-header-meta":"","adv-header-id-meta":"","stick-header-meta":"","header-above-stick-meta":"","header-main-stick-meta":"","header-below-stick-meta":"","astra-migrate-meta-layouts":"default","ast-page-background-enabled":"default","ast-page-background-meta":{"desktop":{"background-color":"var(--ast-global-color-5)","background-image":"","background-repeat":"repeat","background-position":"center center","background-size":"auto","background-attachment":"scroll","background-type":"","background-media":"","overlay-type":"","overlay-color":"","overlay-opacity":"","overlay-gradient":""},"tablet":{"background-color":"","background-image":"","background-repeat":"repeat","background-position":"center center","background-size":"auto","background-attachment":"scroll","background-type":"","background-media":"","overlay-type":"","overlay-color":"","overlay-opacity":"","overlay-gradient":""},"mobile":{"background-color":"","background-image":"","background-repeat":"repeat","background-position":"center center","background-size":"auto","background-attachment":"scroll","background-type":"","background-media":"","overlay-type":"","overlay-color":"","overlay-opacity":"","overlay-gradient":""}},"ast-content-background-meta":{"desktop":{"background-color":"var(--ast-global-color-4)","background-image":"","background-repeat":"repeat","background-position":"center center","background-size":"auto","background-attachment":"scroll","background-type":"","background-media":"","overlay-type":"","overlay-color":"","overlay-opacity":"","overlay-gradient":""},"tablet":{"background-color":"var(--ast-global-color-4)","background-image":"","background-repeat":"repeat","background-position":"center center","background-size":"auto","background-attachment":"scroll","background-type":"","background-media":"","overlay-type":"","overlay-color":"","overlay-opacity":"","overlay-gradient":""},"mobile":{"background-color":"var(--ast-global-color-4)","background-image":"","background-repeat":"repeat","background-position":"center center","background-size":"auto","background-attachment":"scroll","background-type":"","background-media":"","overlay-type":"","overlay-color":"","overlay-opacity":"","overlay-gradient":""}},"footnotes":""},"categories":[5],"tags":[],"class_list":["post-327","post","type-post","status-publish","format-standard","hentry","category-doenca-mental"],"yoast_head":"<!-- This site is optimized with the Yoast SEO plugin v26.6 - https:\/\/yoast.com\/wordpress\/plugins\/seo\/ -->\n<title>O suic\u00eddio e a doen\u00e7a mental - Ruy Palhano<\/title>\n<meta name=\"robots\" content=\"index, follow, max-snippet:-1, max-image-preview:large, max-video-preview:-1\" \/>\n<link rel=\"canonical\" href=\"https:\/\/www.blogsoestado.com\/ruypalhano\/2012\/12\/17\/o-suicidio-e-a-doenca-mental\/\" \/>\n<meta property=\"og:locale\" content=\"pt_BR\" \/>\n<meta property=\"og:type\" content=\"article\" \/>\n<meta property=\"og:title\" content=\"O suic\u00eddio e a doen\u00e7a mental - Ruy Palhano\" \/>\n<meta property=\"og:description\" content=\"O suic\u00eddio constitui-se como um dos temas mais fascinantes e que sempre despertou muito interesse pela psiquiatria, muito embora ainda [&hellip;]\" \/>\n<meta property=\"og:url\" content=\"https:\/\/www.blogsoestado.com\/ruypalhano\/2012\/12\/17\/o-suicidio-e-a-doenca-mental\/\" \/>\n<meta property=\"og:site_name\" content=\"Ruy Palhano\" \/>\n<meta property=\"article:published_time\" content=\"2012-12-18T02:32:26+00:00\" \/>\n<meta name=\"author\" content=\"Ruy Palhano\" \/>\n<meta name=\"twitter:card\" content=\"summary_large_image\" \/>\n<meta name=\"twitter:label1\" content=\"Escrito por\" \/>\n\t<meta name=\"twitter:data1\" content=\"Ruy Palhano\" \/>\n\t<meta name=\"twitter:label2\" content=\"Est. tempo de leitura\" \/>\n\t<meta name=\"twitter:data2\" content=\"3 minutos\" \/>\n<script type=\"application\/ld+json\" class=\"yoast-schema-graph\">{\"@context\":\"https:\/\/schema.org\",\"@graph\":[{\"@type\":\"WebPage\",\"@id\":\"https:\/\/www.blogsoestado.com\/ruypalhano\/2012\/12\/17\/o-suicidio-e-a-doenca-mental\/\",\"url\":\"https:\/\/www.blogsoestado.com\/ruypalhano\/2012\/12\/17\/o-suicidio-e-a-doenca-mental\/\",\"name\":\"O suic\u00eddio e a doen\u00e7a mental - Ruy Palhano\",\"isPartOf\":{\"@id\":\"https:\/\/www.blogsoestado.com\/ruypalhano\/#website\"},\"datePublished\":\"2012-12-18T02:32:26+00:00\",\"author\":{\"@id\":\"https:\/\/www.blogsoestado.com\/ruypalhano\/#\/schema\/person\/ef49e08ec3e742dec1682f34674f2c84\"},\"breadcrumb\":{\"@id\":\"https:\/\/www.blogsoestado.com\/ruypalhano\/2012\/12\/17\/o-suicidio-e-a-doenca-mental\/#breadcrumb\"},\"inLanguage\":\"pt-BR\",\"potentialAction\":[{\"@type\":\"ReadAction\",\"target\":[\"https:\/\/www.blogsoestado.com\/ruypalhano\/2012\/12\/17\/o-suicidio-e-a-doenca-mental\/\"]}]},{\"@type\":\"BreadcrumbList\",\"@id\":\"https:\/\/www.blogsoestado.com\/ruypalhano\/2012\/12\/17\/o-suicidio-e-a-doenca-mental\/#breadcrumb\",\"itemListElement\":[{\"@type\":\"ListItem\",\"position\":1,\"name\":\"In\u00edcio\",\"item\":\"https:\/\/www.blogsoestado.com\/ruypalhano\/\"},{\"@type\":\"ListItem\",\"position\":2,\"name\":\"O suic\u00eddio e a doen\u00e7a mental\"}]},{\"@type\":\"WebSite\",\"@id\":\"https:\/\/www.blogsoestado.com\/ruypalhano\/#website\",\"url\":\"https:\/\/www.blogsoestado.com\/ruypalhano\/\",\"name\":\"Ruy Palhano\",\"description\":\"\",\"potentialAction\":[{\"@type\":\"SearchAction\",\"target\":{\"@type\":\"EntryPoint\",\"urlTemplate\":\"https:\/\/www.blogsoestado.com\/ruypalhano\/?s={search_term_string}\"},\"query-input\":{\"@type\":\"PropertyValueSpecification\",\"valueRequired\":true,\"valueName\":\"search_term_string\"}}],\"inLanguage\":\"pt-BR\"},{\"@type\":\"Person\",\"@id\":\"https:\/\/www.blogsoestado.com\/ruypalhano\/#\/schema\/person\/ef49e08ec3e742dec1682f34674f2c84\",\"name\":\"Ruy Palhano\",\"image\":{\"@type\":\"ImageObject\",\"inLanguage\":\"pt-BR\",\"@id\":\"https:\/\/www.blogsoestado.com\/ruypalhano\/#\/schema\/person\/image\/\",\"url\":\"https:\/\/secure.gravatar.com\/avatar\/d08170dc68d65048f069f40789786091e8b070aa02b0d2e514ddd0244c684a5a?s=96&d=mm&r=g\",\"contentUrl\":\"https:\/\/secure.gravatar.com\/avatar\/d08170dc68d65048f069f40789786091e8b070aa02b0d2e514ddd0244c684a5a?s=96&d=mm&r=g\",\"caption\":\"Ruy Palhano\"},\"url\":\"https:\/\/www.blogsoestado.com\/ruypalhano\/author\/ruypalhano\/\"}]}<\/script>\n<!-- \/ Yoast SEO plugin. -->","yoast_head_json":{"title":"O suic\u00eddio e a doen\u00e7a mental - Ruy Palhano","robots":{"index":"index","follow":"follow","max-snippet":"max-snippet:-1","max-image-preview":"max-image-preview:large","max-video-preview":"max-video-preview:-1"},"canonical":"https:\/\/www.blogsoestado.com\/ruypalhano\/2012\/12\/17\/o-suicidio-e-a-doenca-mental\/","og_locale":"pt_BR","og_type":"article","og_title":"O suic\u00eddio e a doen\u00e7a mental - Ruy Palhano","og_description":"O suic\u00eddio constitui-se como um dos temas mais fascinantes e que sempre despertou muito interesse pela psiquiatria, muito embora ainda [&hellip;]","og_url":"https:\/\/www.blogsoestado.com\/ruypalhano\/2012\/12\/17\/o-suicidio-e-a-doenca-mental\/","og_site_name":"Ruy Palhano","article_published_time":"2012-12-18T02:32:26+00:00","author":"Ruy Palhano","twitter_card":"summary_large_image","twitter_misc":{"Escrito por":"Ruy Palhano","Est. tempo de leitura":"3 minutos"},"schema":{"@context":"https:\/\/schema.org","@graph":[{"@type":"WebPage","@id":"https:\/\/www.blogsoestado.com\/ruypalhano\/2012\/12\/17\/o-suicidio-e-a-doenca-mental\/","url":"https:\/\/www.blogsoestado.com\/ruypalhano\/2012\/12\/17\/o-suicidio-e-a-doenca-mental\/","name":"O suic\u00eddio e a doen\u00e7a mental - Ruy Palhano","isPartOf":{"@id":"https:\/\/www.blogsoestado.com\/ruypalhano\/#website"},"datePublished":"2012-12-18T02:32:26+00:00","author":{"@id":"https:\/\/www.blogsoestado.com\/ruypalhano\/#\/schema\/person\/ef49e08ec3e742dec1682f34674f2c84"},"breadcrumb":{"@id":"https:\/\/www.blogsoestado.com\/ruypalhano\/2012\/12\/17\/o-suicidio-e-a-doenca-mental\/#breadcrumb"},"inLanguage":"pt-BR","potentialAction":[{"@type":"ReadAction","target":["https:\/\/www.blogsoestado.com\/ruypalhano\/2012\/12\/17\/o-suicidio-e-a-doenca-mental\/"]}]},{"@type":"BreadcrumbList","@id":"https:\/\/www.blogsoestado.com\/ruypalhano\/2012\/12\/17\/o-suicidio-e-a-doenca-mental\/#breadcrumb","itemListElement":[{"@type":"ListItem","position":1,"name":"In\u00edcio","item":"https:\/\/www.blogsoestado.com\/ruypalhano\/"},{"@type":"ListItem","position":2,"name":"O suic\u00eddio e a doen\u00e7a mental"}]},{"@type":"WebSite","@id":"https:\/\/www.blogsoestado.com\/ruypalhano\/#website","url":"https:\/\/www.blogsoestado.com\/ruypalhano\/","name":"Ruy Palhano","description":"","potentialAction":[{"@type":"SearchAction","target":{"@type":"EntryPoint","urlTemplate":"https:\/\/www.blogsoestado.com\/ruypalhano\/?s={search_term_string}"},"query-input":{"@type":"PropertyValueSpecification","valueRequired":true,"valueName":"search_term_string"}}],"inLanguage":"pt-BR"},{"@type":"Person","@id":"https:\/\/www.blogsoestado.com\/ruypalhano\/#\/schema\/person\/ef49e08ec3e742dec1682f34674f2c84","name":"Ruy Palhano","image":{"@type":"ImageObject","inLanguage":"pt-BR","@id":"https:\/\/www.blogsoestado.com\/ruypalhano\/#\/schema\/person\/image\/","url":"https:\/\/secure.gravatar.com\/avatar\/d08170dc68d65048f069f40789786091e8b070aa02b0d2e514ddd0244c684a5a?s=96&d=mm&r=g","contentUrl":"https:\/\/secure.gravatar.com\/avatar\/d08170dc68d65048f069f40789786091e8b070aa02b0d2e514ddd0244c684a5a?s=96&d=mm&r=g","caption":"Ruy Palhano"},"url":"https:\/\/www.blogsoestado.com\/ruypalhano\/author\/ruypalhano\/"}]}},"jetpack_featured_media_url":"","_links":{"self":[{"href":"https:\/\/www.blogsoestado.com\/ruypalhano\/wp-json\/wp\/v2\/posts\/327","targetHints":{"allow":["GET"]}}],"collection":[{"href":"https:\/\/www.blogsoestado.com\/ruypalhano\/wp-json\/wp\/v2\/posts"}],"about":[{"href":"https:\/\/www.blogsoestado.com\/ruypalhano\/wp-json\/wp\/v2\/types\/post"}],"author":[{"embeddable":true,"href":"https:\/\/www.blogsoestado.com\/ruypalhano\/wp-json\/wp\/v2\/users\/3"}],"replies":[{"embeddable":true,"href":"https:\/\/www.blogsoestado.com\/ruypalhano\/wp-json\/wp\/v2\/comments?post=327"}],"version-history":[{"count":0,"href":"https:\/\/www.blogsoestado.com\/ruypalhano\/wp-json\/wp\/v2\/posts\/327\/revisions"}],"wp:attachment":[{"href":"https:\/\/www.blogsoestado.com\/ruypalhano\/wp-json\/wp\/v2\/media?parent=327"}],"wp:term":[{"taxonomy":"category","embeddable":true,"href":"https:\/\/www.blogsoestado.com\/ruypalhano\/wp-json\/wp\/v2\/categories?post=327"},{"taxonomy":"post_tag","embeddable":true,"href":"https:\/\/www.blogsoestado.com\/ruypalhano\/wp-json\/wp\/v2\/tags?post=327"}],"curies":[{"name":"wp","href":"https:\/\/api.w.org\/{rel}","templated":true}]}}