{"id":390,"date":"2013-01-28T21:22:04","date_gmt":"2013-01-29T00:22:04","guid":{"rendered":"https:\/\/www.blogsoestado.com\/ruypalhano\/?p=390"},"modified":"2013-01-28T21:22:04","modified_gmt":"2013-01-29T00:22:04","slug":"reinsercao-psicossocial-dos-dependentes-de-drogas","status":"publish","type":"post","link":"https:\/\/www.blogsoestado.com\/ruypalhano\/2013\/01\/28\/reinsercao-psicossocial-dos-dependentes-de-drogas\/","title":{"rendered":"Reinser\u00e7\u00e3o psicossocial dos dependentes de drogas"},"content":{"rendered":"<p style=\"text-align: left\" align=\"center\">\u00a0\u00a0\u00a0\u00a0\u00a0\u00a0\u00a0\u00a0\u00a0\u00a0\u00a0 Um dos temas sobre os quais mais se debate em nosso pa\u00eds, na atualidade, \u00e9 a quest\u00e3o das diferentes modalidades de interna\u00e7\u00e3o que se deve oferecer ao dependente de \u00e1lcool e outras drogas. Boa parte da celeuma gira em torno do tratamento involunt\u00e1rio e compuls\u00f3rio, previstos em lei. E, no foco da aten\u00e7\u00e3o, est\u00e3o os pacientes que j\u00e1 se encontram em condi\u00e7\u00f5es prec\u00e1rias do ponto de vista m\u00e9dico e psicossocial, n\u00e3o dispondo de recursos neuropsicol\u00f3gicos e emocionais para decidir se querem ou n\u00e3o se tratar.<\/p>\n<p>\u00a0\u00a0\u00a0\u00a0\u00a0\u00a0\u00a0\u00a0\u00a0\u00a0\u00a0 A moral da lei \u00e9 garantir prote\u00e7\u00e3o da sa\u00fade e da vida dos enfermos e dos outros. Ela regulamenta procedimentos das institui\u00e7\u00f5es, dos profissionais e das fam\u00edlias, al\u00e9m de definir as atribui\u00e7\u00f5es de cada um no curso do tratamento dos dependentes.<\/p>\n<p>\u00a0\u00a0\u00a0\u00a0\u00a0\u00a0\u00a0\u00a0\u00a0\u00a0\u00a0 Como especialista na \u00e1rea, entendo que s\u00f3 as garantias j\u00e1 definem a lei como um grande instrumento jur\u00eddico a favor da vida e da sa\u00fade. Pois, contrariamente ao que muita gente ainda pensa, os usu\u00e1rios de \u00e1lcool e drogas, quanto mais afetados em sua sa\u00fade mental pelo uso da subst\u00e2ncia, perdem progressivamente sua capacidade de decidir, optar ou escolher o que \u00e9 o melhor para si, sendo que, na maioria das vezes, quando o fazem, est\u00e3o sob a influ\u00eancia dos efeitos da droga.<\/p>\n<p>\u00a0\u00a0\u00a0\u00a0\u00a0\u00a0\u00a0\u00a0\u00a0\u00a0\u00a0 Toda essa situa\u00e7\u00e3o provoca dramas pessoais e sociais graves, em geral, afetando gravemente as fam\u00edlias dos dependentes qu\u00edmicos, que ficam desesperadas, desiludidas e descrentes, n\u00e3o sabendo onde encontrar ajuda. Muitas j\u00e1 perderam tudo financeiramente, seja por conduta transgressora do dependente, que vende tudo de casa para se drogar, ou por j\u00e1 terem perdido o controle total da situa\u00e7\u00e3o. Muitos familiares t\u00eam sua sa\u00fade mental abalada pelo sofrimento e frustra\u00e7\u00e3o impostos pela situa\u00e7\u00e3o e j\u00e1 perderam a esperan\u00e7a na recupera\u00e7\u00e3o.<\/p>\n<p>O que agrava mais ainda a situa\u00e7\u00e3o \u00e9 que h\u00e1 defici\u00eancias grosseiras na pol\u00edtica de sa\u00fade sobre este assunto, pela inexist\u00eancia de leitos hospitalares para desintoxica\u00e7\u00e3o dos enfermos, pronto-socorro especializado para agudos, ambulat\u00f3rios de especialidades que sejam refer\u00eancias \u00e0s fam\u00edlias e aos pacientes e, por \u00faltimo, defici\u00eancia de pessoal treinado e especializado para garantir a exequibilidade da assist\u00eancia aos enfermos.<\/p>\n<p>Duas estrat\u00e9gias relevantes nesta \u00e1rea e ainda muito pouco debatidas s\u00e3o preven\u00e7\u00e3o e reinser\u00e7\u00e3o social de dependentes qu\u00edmicos, mas negligenciadas pelo poder p\u00fablico na composi\u00e7\u00e3o de suas medidas. Elas comp\u00f5em o quadrip\u00e9 das pol\u00edticas p\u00fablicas sobre este assunto: redu\u00e7\u00e3o da oferta (tr\u00e1fico de drogas), tratamento e reabilita\u00e7\u00e3o (sa\u00fade), preven\u00e7\u00e3o e reinser\u00e7\u00e3o social (educa\u00e7\u00e3o e social). Em nosso pa\u00eds a \u00eanfase \u00e9 dada prioritariamente a assist\u00eancia e redu\u00e7\u00e3o do tr\u00e1fico de drogas, executadas muito bem pelas pol\u00edcias, apesar de defici\u00eancias apontadas acima. Por\u00e9m, sobre estrat\u00e9gias de preven\u00e7\u00e3o e reinser\u00e7\u00e3o social, trata-se muito pouco ou quase nada.<\/p>\n<p>Na linha do tempo, temos que preparar nossa juventude para assumir os pap\u00e9is que hoje assumimos na vida social, na vida p\u00fablica e na economia etc. Temos que promover mecanismos que garantam o crescimento e desenvolvimento saud\u00e1vel de nossa juventude, livre de drogas e que se reconhe\u00e7a que usar drogas \u00e9 uma pr\u00e1tica insalubre e nefasta que s\u00f3 traz problemas e que o prazer advindo do uso \u00e9 uma esp\u00e9cie de arapuca em que, ao entrar nela, \u00e9 dif\u00edcil sair. Temos que garantir uma juventude que se perceba importante, participativa, de valor no cen\u00e1rio da vida social e institucional de nosso pa\u00eds. E, isto tudo deve ser constru\u00eddo e fomentado em pol\u00edticas educacionais, sociais e de sa\u00fade bem elaboradas e bem executadas.<\/p>\n<p>Reinser\u00e7\u00e3o social de dependentes de drogas deveria ser priorit\u00e1ria na pol\u00edtica sobre este assunto, pois s\u00e3o estrat\u00e9gias que favorecem reaquisi\u00e7\u00e3o de tudo, ou parte de tudo, que foi perdido do ponto de vista psicossocial em raz\u00e3o do uso de drogas, al\u00e9m de evitar um dos maiores problemas encontrados entre os enfermos, que s\u00e3o as reca\u00eddas. A reinser\u00e7\u00e3o social resgata a cidadania, os direitos individuais e sociais e o valor dessas pessoas e de suas fam\u00edlias. Saem da condi\u00e7\u00e3o de p\u00e1ria social, uma pecha maldosamente atribu\u00edda aos enfermos, para se transformarem em cidad\u00e3os dignos, livres e produtivos.<\/p>\n","protected":false},"excerpt":{"rendered":"<p>\u00a0\u00a0\u00a0\u00a0\u00a0\u00a0\u00a0\u00a0\u00a0\u00a0\u00a0 Um dos temas sobre os quais mais se debate em nosso pa\u00eds, na atualidade, \u00e9 a quest\u00e3o das diferentes [&hellip;]<\/p>\n","protected":false},"author":3,"featured_media":0,"comment_status":"open","ping_status":"open","sticky":false,"template":"","format":"standard","meta":{"site-sidebar-layout":"default","site-content-layout":"","ast-site-content-layout":"default","site-content-style":"default","site-sidebar-style":"default","ast-global-header-display":"","ast-banner-title-visibility":"","ast-main-header-display":"","ast-hfb-above-header-display":"","ast-hfb-below-header-display":"","ast-hfb-mobile-header-display":"","site-post-title":"","ast-breadcrumbs-content":"","ast-featured-img":"","footer-sml-layout":"","ast-disable-related-posts":"","theme-transparent-header-meta":"","adv-header-id-meta":"","stick-header-meta":"","header-above-stick-meta":"","header-main-stick-meta":"","header-below-stick-meta":"","astra-migrate-meta-layouts":"default","ast-page-background-enabled":"default","ast-page-background-meta":{"desktop":{"background-color":"var(--ast-global-color-5)","background-image":"","background-repeat":"repeat","background-position":"center center","background-size":"auto","background-attachment":"scroll","background-type":"","background-media":"","overlay-type":"","overlay-color":"","overlay-opacity":"","overlay-gradient":""},"tablet":{"background-color":"","background-image":"","background-repeat":"repeat","background-position":"center center","background-size":"auto","background-attachment":"scroll","background-type":"","background-media":"","overlay-type":"","overlay-color":"","overlay-opacity":"","overlay-gradient":""},"mobile":{"background-color":"","background-image":"","background-repeat":"repeat","background-position":"center center","background-size":"auto","background-attachment":"scroll","background-type":"","background-media":"","overlay-type":"","overlay-color":"","overlay-opacity":"","overlay-gradient":""}},"ast-content-background-meta":{"desktop":{"background-color":"var(--ast-global-color-4)","background-image":"","background-repeat":"repeat","background-position":"center center","background-size":"auto","background-attachment":"scroll","background-type":"","background-media":"","overlay-type":"","overlay-color":"","overlay-opacity":"","overlay-gradient":""},"tablet":{"background-color":"var(--ast-global-color-4)","background-image":"","background-repeat":"repeat","background-position":"center center","background-size":"auto","background-attachment":"scroll","background-type":"","background-media":"","overlay-type":"","overlay-color":"","overlay-opacity":"","overlay-gradient":""},"mobile":{"background-color":"var(--ast-global-color-4)","background-image":"","background-repeat":"repeat","background-position":"center center","background-size":"auto","background-attachment":"scroll","background-type":"","background-media":"","overlay-type":"","overlay-color":"","overlay-opacity":"","overlay-gradient":""}},"footnotes":""},"categories":[4],"tags":[],"class_list":["post-390","post","type-post","status-publish","format-standard","hentry","category-dependencia-quimica"],"yoast_head":"<!-- This site is optimized with the Yoast SEO plugin v26.6 - https:\/\/yoast.com\/wordpress\/plugins\/seo\/ -->\n<title>Reinser\u00e7\u00e3o psicossocial dos dependentes de drogas - Ruy Palhano<\/title>\n<meta name=\"robots\" content=\"index, follow, max-snippet:-1, max-image-preview:large, max-video-preview:-1\" \/>\n<link rel=\"canonical\" href=\"https:\/\/www.blogsoestado.com\/ruypalhano\/2013\/01\/28\/reinsercao-psicossocial-dos-dependentes-de-drogas\/\" \/>\n<meta property=\"og:locale\" content=\"pt_BR\" \/>\n<meta property=\"og:type\" content=\"article\" \/>\n<meta property=\"og:title\" content=\"Reinser\u00e7\u00e3o psicossocial dos dependentes de drogas - Ruy Palhano\" \/>\n<meta property=\"og:description\" content=\"\u00a0\u00a0\u00a0\u00a0\u00a0\u00a0\u00a0\u00a0\u00a0\u00a0\u00a0 Um dos temas sobre os quais mais se debate em nosso pa\u00eds, na atualidade, \u00e9 a quest\u00e3o das diferentes [&hellip;]\" \/>\n<meta property=\"og:url\" content=\"https:\/\/www.blogsoestado.com\/ruypalhano\/2013\/01\/28\/reinsercao-psicossocial-dos-dependentes-de-drogas\/\" \/>\n<meta property=\"og:site_name\" content=\"Ruy Palhano\" \/>\n<meta property=\"article:published_time\" content=\"2013-01-29T00:22:04+00:00\" \/>\n<meta name=\"author\" content=\"Ruy Palhano\" \/>\n<meta name=\"twitter:card\" content=\"summary_large_image\" \/>\n<meta name=\"twitter:label1\" content=\"Escrito por\" \/>\n\t<meta name=\"twitter:data1\" content=\"Ruy Palhano\" \/>\n\t<meta name=\"twitter:label2\" content=\"Est. tempo de leitura\" \/>\n\t<meta name=\"twitter:data2\" content=\"4 minutos\" \/>\n<script type=\"application\/ld+json\" class=\"yoast-schema-graph\">{\"@context\":\"https:\/\/schema.org\",\"@graph\":[{\"@type\":\"WebPage\",\"@id\":\"https:\/\/www.blogsoestado.com\/ruypalhano\/2013\/01\/28\/reinsercao-psicossocial-dos-dependentes-de-drogas\/\",\"url\":\"https:\/\/www.blogsoestado.com\/ruypalhano\/2013\/01\/28\/reinsercao-psicossocial-dos-dependentes-de-drogas\/\",\"name\":\"Reinser\u00e7\u00e3o psicossocial dos dependentes de drogas - Ruy Palhano\",\"isPartOf\":{\"@id\":\"https:\/\/www.blogsoestado.com\/ruypalhano\/#website\"},\"datePublished\":\"2013-01-29T00:22:04+00:00\",\"author\":{\"@id\":\"https:\/\/www.blogsoestado.com\/ruypalhano\/#\/schema\/person\/ef49e08ec3e742dec1682f34674f2c84\"},\"breadcrumb\":{\"@id\":\"https:\/\/www.blogsoestado.com\/ruypalhano\/2013\/01\/28\/reinsercao-psicossocial-dos-dependentes-de-drogas\/#breadcrumb\"},\"inLanguage\":\"pt-BR\",\"potentialAction\":[{\"@type\":\"ReadAction\",\"target\":[\"https:\/\/www.blogsoestado.com\/ruypalhano\/2013\/01\/28\/reinsercao-psicossocial-dos-dependentes-de-drogas\/\"]}]},{\"@type\":\"BreadcrumbList\",\"@id\":\"https:\/\/www.blogsoestado.com\/ruypalhano\/2013\/01\/28\/reinsercao-psicossocial-dos-dependentes-de-drogas\/#breadcrumb\",\"itemListElement\":[{\"@type\":\"ListItem\",\"position\":1,\"name\":\"In\u00edcio\",\"item\":\"https:\/\/www.blogsoestado.com\/ruypalhano\/\"},{\"@type\":\"ListItem\",\"position\":2,\"name\":\"Reinser\u00e7\u00e3o psicossocial dos dependentes de drogas\"}]},{\"@type\":\"WebSite\",\"@id\":\"https:\/\/www.blogsoestado.com\/ruypalhano\/#website\",\"url\":\"https:\/\/www.blogsoestado.com\/ruypalhano\/\",\"name\":\"Ruy Palhano\",\"description\":\"\",\"potentialAction\":[{\"@type\":\"SearchAction\",\"target\":{\"@type\":\"EntryPoint\",\"urlTemplate\":\"https:\/\/www.blogsoestado.com\/ruypalhano\/?s={search_term_string}\"},\"query-input\":{\"@type\":\"PropertyValueSpecification\",\"valueRequired\":true,\"valueName\":\"search_term_string\"}}],\"inLanguage\":\"pt-BR\"},{\"@type\":\"Person\",\"@id\":\"https:\/\/www.blogsoestado.com\/ruypalhano\/#\/schema\/person\/ef49e08ec3e742dec1682f34674f2c84\",\"name\":\"Ruy Palhano\",\"image\":{\"@type\":\"ImageObject\",\"inLanguage\":\"pt-BR\",\"@id\":\"https:\/\/www.blogsoestado.com\/ruypalhano\/#\/schema\/person\/image\/\",\"url\":\"https:\/\/secure.gravatar.com\/avatar\/d08170dc68d65048f069f40789786091e8b070aa02b0d2e514ddd0244c684a5a?s=96&d=mm&r=g\",\"contentUrl\":\"https:\/\/secure.gravatar.com\/avatar\/d08170dc68d65048f069f40789786091e8b070aa02b0d2e514ddd0244c684a5a?s=96&d=mm&r=g\",\"caption\":\"Ruy Palhano\"},\"url\":\"https:\/\/www.blogsoestado.com\/ruypalhano\/author\/ruypalhano\/\"}]}<\/script>\n<!-- \/ Yoast SEO plugin. -->","yoast_head_json":{"title":"Reinser\u00e7\u00e3o psicossocial dos dependentes de drogas - Ruy Palhano","robots":{"index":"index","follow":"follow","max-snippet":"max-snippet:-1","max-image-preview":"max-image-preview:large","max-video-preview":"max-video-preview:-1"},"canonical":"https:\/\/www.blogsoestado.com\/ruypalhano\/2013\/01\/28\/reinsercao-psicossocial-dos-dependentes-de-drogas\/","og_locale":"pt_BR","og_type":"article","og_title":"Reinser\u00e7\u00e3o psicossocial dos dependentes de drogas - Ruy Palhano","og_description":"\u00a0\u00a0\u00a0\u00a0\u00a0\u00a0\u00a0\u00a0\u00a0\u00a0\u00a0 Um dos temas sobre os quais mais se debate em nosso pa\u00eds, na atualidade, \u00e9 a quest\u00e3o das diferentes [&hellip;]","og_url":"https:\/\/www.blogsoestado.com\/ruypalhano\/2013\/01\/28\/reinsercao-psicossocial-dos-dependentes-de-drogas\/","og_site_name":"Ruy Palhano","article_published_time":"2013-01-29T00:22:04+00:00","author":"Ruy Palhano","twitter_card":"summary_large_image","twitter_misc":{"Escrito por":"Ruy Palhano","Est. tempo de leitura":"4 minutos"},"schema":{"@context":"https:\/\/schema.org","@graph":[{"@type":"WebPage","@id":"https:\/\/www.blogsoestado.com\/ruypalhano\/2013\/01\/28\/reinsercao-psicossocial-dos-dependentes-de-drogas\/","url":"https:\/\/www.blogsoestado.com\/ruypalhano\/2013\/01\/28\/reinsercao-psicossocial-dos-dependentes-de-drogas\/","name":"Reinser\u00e7\u00e3o psicossocial dos dependentes de drogas - Ruy Palhano","isPartOf":{"@id":"https:\/\/www.blogsoestado.com\/ruypalhano\/#website"},"datePublished":"2013-01-29T00:22:04+00:00","author":{"@id":"https:\/\/www.blogsoestado.com\/ruypalhano\/#\/schema\/person\/ef49e08ec3e742dec1682f34674f2c84"},"breadcrumb":{"@id":"https:\/\/www.blogsoestado.com\/ruypalhano\/2013\/01\/28\/reinsercao-psicossocial-dos-dependentes-de-drogas\/#breadcrumb"},"inLanguage":"pt-BR","potentialAction":[{"@type":"ReadAction","target":["https:\/\/www.blogsoestado.com\/ruypalhano\/2013\/01\/28\/reinsercao-psicossocial-dos-dependentes-de-drogas\/"]}]},{"@type":"BreadcrumbList","@id":"https:\/\/www.blogsoestado.com\/ruypalhano\/2013\/01\/28\/reinsercao-psicossocial-dos-dependentes-de-drogas\/#breadcrumb","itemListElement":[{"@type":"ListItem","position":1,"name":"In\u00edcio","item":"https:\/\/www.blogsoestado.com\/ruypalhano\/"},{"@type":"ListItem","position":2,"name":"Reinser\u00e7\u00e3o psicossocial dos dependentes de drogas"}]},{"@type":"WebSite","@id":"https:\/\/www.blogsoestado.com\/ruypalhano\/#website","url":"https:\/\/www.blogsoestado.com\/ruypalhano\/","name":"Ruy Palhano","description":"","potentialAction":[{"@type":"SearchAction","target":{"@type":"EntryPoint","urlTemplate":"https:\/\/www.blogsoestado.com\/ruypalhano\/?s={search_term_string}"},"query-input":{"@type":"PropertyValueSpecification","valueRequired":true,"valueName":"search_term_string"}}],"inLanguage":"pt-BR"},{"@type":"Person","@id":"https:\/\/www.blogsoestado.com\/ruypalhano\/#\/schema\/person\/ef49e08ec3e742dec1682f34674f2c84","name":"Ruy Palhano","image":{"@type":"ImageObject","inLanguage":"pt-BR","@id":"https:\/\/www.blogsoestado.com\/ruypalhano\/#\/schema\/person\/image\/","url":"https:\/\/secure.gravatar.com\/avatar\/d08170dc68d65048f069f40789786091e8b070aa02b0d2e514ddd0244c684a5a?s=96&d=mm&r=g","contentUrl":"https:\/\/secure.gravatar.com\/avatar\/d08170dc68d65048f069f40789786091e8b070aa02b0d2e514ddd0244c684a5a?s=96&d=mm&r=g","caption":"Ruy Palhano"},"url":"https:\/\/www.blogsoestado.com\/ruypalhano\/author\/ruypalhano\/"}]}},"jetpack_featured_media_url":"","_links":{"self":[{"href":"https:\/\/www.blogsoestado.com\/ruypalhano\/wp-json\/wp\/v2\/posts\/390","targetHints":{"allow":["GET"]}}],"collection":[{"href":"https:\/\/www.blogsoestado.com\/ruypalhano\/wp-json\/wp\/v2\/posts"}],"about":[{"href":"https:\/\/www.blogsoestado.com\/ruypalhano\/wp-json\/wp\/v2\/types\/post"}],"author":[{"embeddable":true,"href":"https:\/\/www.blogsoestado.com\/ruypalhano\/wp-json\/wp\/v2\/users\/3"}],"replies":[{"embeddable":true,"href":"https:\/\/www.blogsoestado.com\/ruypalhano\/wp-json\/wp\/v2\/comments?post=390"}],"version-history":[{"count":0,"href":"https:\/\/www.blogsoestado.com\/ruypalhano\/wp-json\/wp\/v2\/posts\/390\/revisions"}],"wp:attachment":[{"href":"https:\/\/www.blogsoestado.com\/ruypalhano\/wp-json\/wp\/v2\/media?parent=390"}],"wp:term":[{"taxonomy":"category","embeddable":true,"href":"https:\/\/www.blogsoestado.com\/ruypalhano\/wp-json\/wp\/v2\/categories?post=390"},{"taxonomy":"post_tag","embeddable":true,"href":"https:\/\/www.blogsoestado.com\/ruypalhano\/wp-json\/wp\/v2\/tags?post=390"}],"curies":[{"name":"wp","href":"https:\/\/api.w.org\/{rel}","templated":true}]}}