{"id":446,"date":"2013-04-23T07:52:07","date_gmt":"2013-04-23T10:52:07","guid":{"rendered":"https:\/\/www.blogsoestado.com\/ruypalhano\/?p=446"},"modified":"2013-04-23T07:52:07","modified_gmt":"2013-04-23T10:52:07","slug":"ameaca-a-vista-cuidado-com-o-que-se-usa","status":"publish","type":"post","link":"https:\/\/www.blogsoestado.com\/ruypalhano\/2013\/04\/23\/ameaca-a-vista-cuidado-com-o-que-se-usa\/","title":{"rendered":"Amea\u00e7a \u00e0 vista, cuidado com o que se usa."},"content":{"rendered":"<p>H\u00e1 algumas semanas, a Ag\u00eancia Nacional de Vigil\u00e2ncia Sanit\u00e1ria \u2013 ANVISA, atrav\u00e9s do Boletim de Farmacoepidemiologia, nos surpreendeu com uma not\u00edcia QUE aponta para o aumento no consumo de metilfenidato na popula\u00e7\u00e3o brasileira, esta subst\u00e2ncia \u00e9 conhecida comercialmente pelo nome de Ritalina, e est\u00e1 indicada para o tratamento de pessoas portadoras de D\u00e9ficit de Aten\u00e7\u00e3o e Hiperatividade (TDAH).<\/p>\n<p>Pelo relat\u00f3rio o aumento foi de 75% e os consumidores foram crian\u00e7as e adolescentes com idade de 6 a 16 anos, entre 2009 e 2011. Segundo o \u00f3rg\u00e3o da vigil\u00e2ncia isto indica que est\u00e1 havendo \u201cum diagn\u00f3stico mais apurado das altera\u00e7\u00f5es de conduta especialmente com hiperatividade e d\u00e9ficit de aten\u00e7\u00e3o\u201d e que os m\u00e9dicos t\u00eam sido mais atentos quanto ao diagn\u00f3stico e efetivo tratamento do TDAH.<\/p>\n<p>H\u00e1 alguns anos este transtorno, predominantemente infanto juvenil, era designado pelo nome de Disfun\u00e7\u00e3o Cerebral M\u00ednima &#8211; DCM e at\u00e9 1994 esta s\u00edndrome era conhecida, t\u00e3o somente, pela intensa hiperatividade que acometia estas crian\u00e7as e adolescentes, da\u00ed por que muitas delas eram consideradas atrapalhadas, bagunceiras, peraltas, mal educadas e pelas dificuldades comportamentais que as mesmas apresentavam eram segregadas psicol\u00f3gica e socialmente.<\/p>\n<p>Muitas destas crian\u00e7as n\u00e3o conseguiam superar isto, indo com estes problemas at\u00e9 a vida adulta com todas as conseq\u00fc\u00eancias que o fato de n\u00e3o terem sido tratadas acarretaria. Com o surgimento do metilfenidato ou Ritalina na d\u00e9cada de 70 abriram-se novas perspectivas no progn\u00f3stico, no tratamento e na reinser\u00e7\u00e3o social destas crian\u00e7as e adolescentes considerando que de fato trata-se de uma medica\u00e7\u00e3o efetiva no controle clinico desta s\u00edndrome.<\/p>\n<p>As crian\u00e7as de agitadas, desatentas e agressivas se tornam mais tolerantes, d\u00f3ceis, am\u00e1veis e com melhor rendimento escolar pelo fato da subst\u00e2ncia melhorar a performance de v\u00e1rias fun\u00e7\u00f5es cognitivas e conseq\u00fcentemente a desaten\u00e7\u00e3o, comum nestes pacientes. Por outro lado sabe-se que o metilfenidato \u00e9 uma subst\u00e2ncia psicoestimulante poderosa (excitante cerebral) que age em nosso c\u00e9rebro semelhantemente \u00e0s anfetaminas e a coca\u00edna exigindo, portanto, dos \u00f3rg\u00e3os de fiscaliza\u00e7\u00e3o federa e estadual um rigoroso controle tanto na prescri\u00e7\u00e3o m\u00e9dica quanto na utiliza\u00e7\u00e3o desta droga especialmente por serem os usu\u00e1rios crian\u00e7as e adolescentes.<\/p>\n<p>Ouro fato importante \u00e9 que temos not\u00edcias do abuso (sem indica\u00e7\u00e3o m\u00e9dica) de metilfenidato entre adolescentes e adultos jovens que est\u00e3o utilizando-o para outras finalidades que n\u00e3o seja aquelas para as quais seu uso \u00e9\u00a0 indicado do ponto de vista m\u00e9dico.<\/p>\n<p>Ent\u00e3o podemos estar entrando em mais uma tremenda enrascada do ponto de vista da sa\u00fade p\u00fablica diante do aumento surpreendente de metilfenidato pela popula\u00e7\u00e3o brasileira, isto \u00e9 se de fato, o aumento do consumo, for atribu\u00eddo por indica\u00e7\u00e3o m\u00e9dica devemos aplaudir a classe m\u00e9dica por ter melhorado os instrumentos de diagn\u00f3stico e tratamento destes jovens paciente com TDAH e certamente estar\u00e3o colaborando para a melhoria da sa\u00fade mental e social desta popula\u00e7\u00e3o se, por outro, lado este aumento estiver atrelado ao uso abusivo desta subst\u00e2ncia ser\u00e1 lament\u00e1vel, pois, o abuso de metilfenidato , que parece que \u00e9 o que tamb\u00e9m est\u00e1 havendo estaremos entrando em mais um problema grave de abuso de drogas. Vejam, por exemplo, que em 2009, foram vendidas 156.623.848 miligramas (mg) do medicamento, j\u00e1 em 2011, o mercado atingiu um montante de 413.383.916 mg do produto.<\/p>\n<p>O boletim aponta ainda que, em 2011, foram comercializadas 1.212.850 caixas do referido medicamento nas farm\u00e1cias e drogarias do pa\u00eds. Esse n\u00famero representa uma alta de 28,2 % em rela\u00e7\u00e3o a 2009 (557.588 caixas de metilfenidato), j\u00e1 considerando o aumento do fluxo de informa\u00e7\u00f5es recebidas pelo sistema da ANVISA neste per\u00edodo. Portanto vamos ficar muito atentos a este fato para evitarmos maiores problemas.<\/p>\n<p>&nbsp;<\/p>\n","protected":false},"excerpt":{"rendered":"<p>H\u00e1 algumas semanas, a Ag\u00eancia Nacional de Vigil\u00e2ncia Sanit\u00e1ria \u2013 ANVISA, atrav\u00e9s do Boletim de Farmacoepidemiologia, nos surpreendeu com uma [&hellip;]<\/p>\n","protected":false},"author":3,"featured_media":0,"comment_status":"open","ping_status":"open","sticky":false,"template":"","format":"standard","meta":{"site-sidebar-layout":"default","site-content-layout":"","ast-site-content-layout":"default","site-content-style":"default","site-sidebar-style":"default","ast-global-header-display":"","ast-banner-title-visibility":"","ast-main-header-display":"","ast-hfb-above-header-display":"","ast-hfb-below-header-display":"","ast-hfb-mobile-header-display":"","site-post-title":"","ast-breadcrumbs-content":"","ast-featured-img":"","footer-sml-layout":"","ast-disable-related-posts":"","theme-transparent-header-meta":"","adv-header-id-meta":"","stick-header-meta":"","header-above-stick-meta":"","header-main-stick-meta":"","header-below-stick-meta":"","astra-migrate-meta-layouts":"default","ast-page-background-enabled":"default","ast-page-background-meta":{"desktop":{"background-color":"var(--ast-global-color-5)","background-image":"","background-repeat":"repeat","background-position":"center center","background-size":"auto","background-attachment":"scroll","background-type":"","background-media":"","overlay-type":"","overlay-color":"","overlay-opacity":"","overlay-gradient":""},"tablet":{"background-color":"","background-image":"","background-repeat":"repeat","background-position":"center center","background-size":"auto","background-attachment":"scroll","background-type":"","background-media":"","overlay-type":"","overlay-color":"","overlay-opacity":"","overlay-gradient":""},"mobile":{"background-color":"","background-image":"","background-repeat":"repeat","background-position":"center center","background-size":"auto","background-attachment":"scroll","background-type":"","background-media":"","overlay-type":"","overlay-color":"","overlay-opacity":"","overlay-gradient":""}},"ast-content-background-meta":{"desktop":{"background-color":"var(--ast-global-color-4)","background-image":"","background-repeat":"repeat","background-position":"center center","background-size":"auto","background-attachment":"scroll","background-type":"","background-media":"","overlay-type":"","overlay-color":"","overlay-opacity":"","overlay-gradient":""},"tablet":{"background-color":"var(--ast-global-color-4)","background-image":"","background-repeat":"repeat","background-position":"center center","background-size":"auto","background-attachment":"scroll","background-type":"","background-media":"","overlay-type":"","overlay-color":"","overlay-opacity":"","overlay-gradient":""},"mobile":{"background-color":"var(--ast-global-color-4)","background-image":"","background-repeat":"repeat","background-position":"center center","background-size":"auto","background-attachment":"scroll","background-type":"","background-media":"","overlay-type":"","overlay-color":"","overlay-opacity":"","overlay-gradient":""}},"footnotes":""},"categories":[3],"tags":[],"class_list":["post-446","post","type-post","status-publish","format-standard","hentry","category-comportamento"],"yoast_head":"<!-- This site is optimized with the Yoast SEO plugin v26.6 - https:\/\/yoast.com\/wordpress\/plugins\/seo\/ -->\n<title>Amea\u00e7a \u00e0 vista, cuidado com o que se usa. - Ruy Palhano<\/title>\n<meta name=\"robots\" content=\"index, follow, max-snippet:-1, max-image-preview:large, max-video-preview:-1\" \/>\n<link rel=\"canonical\" href=\"https:\/\/www.blogsoestado.com\/ruypalhano\/2013\/04\/23\/ameaca-a-vista-cuidado-com-o-que-se-usa\/\" \/>\n<meta property=\"og:locale\" content=\"pt_BR\" \/>\n<meta property=\"og:type\" content=\"article\" \/>\n<meta property=\"og:title\" content=\"Amea\u00e7a \u00e0 vista, cuidado com o que se usa. - Ruy Palhano\" \/>\n<meta property=\"og:description\" content=\"H\u00e1 algumas semanas, a Ag\u00eancia Nacional de Vigil\u00e2ncia Sanit\u00e1ria \u2013 ANVISA, atrav\u00e9s do Boletim de Farmacoepidemiologia, nos surpreendeu com uma [&hellip;]\" \/>\n<meta property=\"og:url\" content=\"https:\/\/www.blogsoestado.com\/ruypalhano\/2013\/04\/23\/ameaca-a-vista-cuidado-com-o-que-se-usa\/\" \/>\n<meta property=\"og:site_name\" content=\"Ruy Palhano\" \/>\n<meta property=\"article:published_time\" content=\"2013-04-23T10:52:07+00:00\" \/>\n<meta name=\"author\" content=\"Ruy Palhano\" \/>\n<meta name=\"twitter:card\" content=\"summary_large_image\" \/>\n<meta name=\"twitter:label1\" content=\"Escrito por\" \/>\n\t<meta name=\"twitter:data1\" content=\"Ruy Palhano\" \/>\n\t<meta name=\"twitter:label2\" content=\"Est. tempo de leitura\" \/>\n\t<meta name=\"twitter:data2\" content=\"3 minutos\" \/>\n<script type=\"application\/ld+json\" class=\"yoast-schema-graph\">{\"@context\":\"https:\/\/schema.org\",\"@graph\":[{\"@type\":\"WebPage\",\"@id\":\"https:\/\/www.blogsoestado.com\/ruypalhano\/2013\/04\/23\/ameaca-a-vista-cuidado-com-o-que-se-usa\/\",\"url\":\"https:\/\/www.blogsoestado.com\/ruypalhano\/2013\/04\/23\/ameaca-a-vista-cuidado-com-o-que-se-usa\/\",\"name\":\"Amea\u00e7a \u00e0 vista, cuidado com o que se usa. - Ruy Palhano\",\"isPartOf\":{\"@id\":\"https:\/\/www.blogsoestado.com\/ruypalhano\/#website\"},\"datePublished\":\"2013-04-23T10:52:07+00:00\",\"author\":{\"@id\":\"https:\/\/www.blogsoestado.com\/ruypalhano\/#\/schema\/person\/ef49e08ec3e742dec1682f34674f2c84\"},\"breadcrumb\":{\"@id\":\"https:\/\/www.blogsoestado.com\/ruypalhano\/2013\/04\/23\/ameaca-a-vista-cuidado-com-o-que-se-usa\/#breadcrumb\"},\"inLanguage\":\"pt-BR\",\"potentialAction\":[{\"@type\":\"ReadAction\",\"target\":[\"https:\/\/www.blogsoestado.com\/ruypalhano\/2013\/04\/23\/ameaca-a-vista-cuidado-com-o-que-se-usa\/\"]}]},{\"@type\":\"BreadcrumbList\",\"@id\":\"https:\/\/www.blogsoestado.com\/ruypalhano\/2013\/04\/23\/ameaca-a-vista-cuidado-com-o-que-se-usa\/#breadcrumb\",\"itemListElement\":[{\"@type\":\"ListItem\",\"position\":1,\"name\":\"In\u00edcio\",\"item\":\"https:\/\/www.blogsoestado.com\/ruypalhano\/\"},{\"@type\":\"ListItem\",\"position\":2,\"name\":\"Amea\u00e7a \u00e0 vista, cuidado com o que se usa.\"}]},{\"@type\":\"WebSite\",\"@id\":\"https:\/\/www.blogsoestado.com\/ruypalhano\/#website\",\"url\":\"https:\/\/www.blogsoestado.com\/ruypalhano\/\",\"name\":\"Ruy Palhano\",\"description\":\"\",\"potentialAction\":[{\"@type\":\"SearchAction\",\"target\":{\"@type\":\"EntryPoint\",\"urlTemplate\":\"https:\/\/www.blogsoestado.com\/ruypalhano\/?s={search_term_string}\"},\"query-input\":{\"@type\":\"PropertyValueSpecification\",\"valueRequired\":true,\"valueName\":\"search_term_string\"}}],\"inLanguage\":\"pt-BR\"},{\"@type\":\"Person\",\"@id\":\"https:\/\/www.blogsoestado.com\/ruypalhano\/#\/schema\/person\/ef49e08ec3e742dec1682f34674f2c84\",\"name\":\"Ruy Palhano\",\"image\":{\"@type\":\"ImageObject\",\"inLanguage\":\"pt-BR\",\"@id\":\"https:\/\/www.blogsoestado.com\/ruypalhano\/#\/schema\/person\/image\/\",\"url\":\"https:\/\/secure.gravatar.com\/avatar\/d08170dc68d65048f069f40789786091e8b070aa02b0d2e514ddd0244c684a5a?s=96&d=mm&r=g\",\"contentUrl\":\"https:\/\/secure.gravatar.com\/avatar\/d08170dc68d65048f069f40789786091e8b070aa02b0d2e514ddd0244c684a5a?s=96&d=mm&r=g\",\"caption\":\"Ruy Palhano\"},\"url\":\"https:\/\/www.blogsoestado.com\/ruypalhano\/author\/ruypalhano\/\"}]}<\/script>\n<!-- \/ Yoast SEO plugin. -->","yoast_head_json":{"title":"Amea\u00e7a \u00e0 vista, cuidado com o que se usa. - Ruy Palhano","robots":{"index":"index","follow":"follow","max-snippet":"max-snippet:-1","max-image-preview":"max-image-preview:large","max-video-preview":"max-video-preview:-1"},"canonical":"https:\/\/www.blogsoestado.com\/ruypalhano\/2013\/04\/23\/ameaca-a-vista-cuidado-com-o-que-se-usa\/","og_locale":"pt_BR","og_type":"article","og_title":"Amea\u00e7a \u00e0 vista, cuidado com o que se usa. - Ruy Palhano","og_description":"H\u00e1 algumas semanas, a Ag\u00eancia Nacional de Vigil\u00e2ncia Sanit\u00e1ria \u2013 ANVISA, atrav\u00e9s do Boletim de Farmacoepidemiologia, nos surpreendeu com uma [&hellip;]","og_url":"https:\/\/www.blogsoestado.com\/ruypalhano\/2013\/04\/23\/ameaca-a-vista-cuidado-com-o-que-se-usa\/","og_site_name":"Ruy Palhano","article_published_time":"2013-04-23T10:52:07+00:00","author":"Ruy Palhano","twitter_card":"summary_large_image","twitter_misc":{"Escrito por":"Ruy Palhano","Est. tempo de leitura":"3 minutos"},"schema":{"@context":"https:\/\/schema.org","@graph":[{"@type":"WebPage","@id":"https:\/\/www.blogsoestado.com\/ruypalhano\/2013\/04\/23\/ameaca-a-vista-cuidado-com-o-que-se-usa\/","url":"https:\/\/www.blogsoestado.com\/ruypalhano\/2013\/04\/23\/ameaca-a-vista-cuidado-com-o-que-se-usa\/","name":"Amea\u00e7a \u00e0 vista, cuidado com o que se usa. - Ruy Palhano","isPartOf":{"@id":"https:\/\/www.blogsoestado.com\/ruypalhano\/#website"},"datePublished":"2013-04-23T10:52:07+00:00","author":{"@id":"https:\/\/www.blogsoestado.com\/ruypalhano\/#\/schema\/person\/ef49e08ec3e742dec1682f34674f2c84"},"breadcrumb":{"@id":"https:\/\/www.blogsoestado.com\/ruypalhano\/2013\/04\/23\/ameaca-a-vista-cuidado-com-o-que-se-usa\/#breadcrumb"},"inLanguage":"pt-BR","potentialAction":[{"@type":"ReadAction","target":["https:\/\/www.blogsoestado.com\/ruypalhano\/2013\/04\/23\/ameaca-a-vista-cuidado-com-o-que-se-usa\/"]}]},{"@type":"BreadcrumbList","@id":"https:\/\/www.blogsoestado.com\/ruypalhano\/2013\/04\/23\/ameaca-a-vista-cuidado-com-o-que-se-usa\/#breadcrumb","itemListElement":[{"@type":"ListItem","position":1,"name":"In\u00edcio","item":"https:\/\/www.blogsoestado.com\/ruypalhano\/"},{"@type":"ListItem","position":2,"name":"Amea\u00e7a \u00e0 vista, cuidado com o que se usa."}]},{"@type":"WebSite","@id":"https:\/\/www.blogsoestado.com\/ruypalhano\/#website","url":"https:\/\/www.blogsoestado.com\/ruypalhano\/","name":"Ruy Palhano","description":"","potentialAction":[{"@type":"SearchAction","target":{"@type":"EntryPoint","urlTemplate":"https:\/\/www.blogsoestado.com\/ruypalhano\/?s={search_term_string}"},"query-input":{"@type":"PropertyValueSpecification","valueRequired":true,"valueName":"search_term_string"}}],"inLanguage":"pt-BR"},{"@type":"Person","@id":"https:\/\/www.blogsoestado.com\/ruypalhano\/#\/schema\/person\/ef49e08ec3e742dec1682f34674f2c84","name":"Ruy Palhano","image":{"@type":"ImageObject","inLanguage":"pt-BR","@id":"https:\/\/www.blogsoestado.com\/ruypalhano\/#\/schema\/person\/image\/","url":"https:\/\/secure.gravatar.com\/avatar\/d08170dc68d65048f069f40789786091e8b070aa02b0d2e514ddd0244c684a5a?s=96&d=mm&r=g","contentUrl":"https:\/\/secure.gravatar.com\/avatar\/d08170dc68d65048f069f40789786091e8b070aa02b0d2e514ddd0244c684a5a?s=96&d=mm&r=g","caption":"Ruy Palhano"},"url":"https:\/\/www.blogsoestado.com\/ruypalhano\/author\/ruypalhano\/"}]}},"jetpack_featured_media_url":"","_links":{"self":[{"href":"https:\/\/www.blogsoestado.com\/ruypalhano\/wp-json\/wp\/v2\/posts\/446","targetHints":{"allow":["GET"]}}],"collection":[{"href":"https:\/\/www.blogsoestado.com\/ruypalhano\/wp-json\/wp\/v2\/posts"}],"about":[{"href":"https:\/\/www.blogsoestado.com\/ruypalhano\/wp-json\/wp\/v2\/types\/post"}],"author":[{"embeddable":true,"href":"https:\/\/www.blogsoestado.com\/ruypalhano\/wp-json\/wp\/v2\/users\/3"}],"replies":[{"embeddable":true,"href":"https:\/\/www.blogsoestado.com\/ruypalhano\/wp-json\/wp\/v2\/comments?post=446"}],"version-history":[{"count":0,"href":"https:\/\/www.blogsoestado.com\/ruypalhano\/wp-json\/wp\/v2\/posts\/446\/revisions"}],"wp:attachment":[{"href":"https:\/\/www.blogsoestado.com\/ruypalhano\/wp-json\/wp\/v2\/media?parent=446"}],"wp:term":[{"taxonomy":"category","embeddable":true,"href":"https:\/\/www.blogsoestado.com\/ruypalhano\/wp-json\/wp\/v2\/categories?post=446"},{"taxonomy":"post_tag","embeddable":true,"href":"https:\/\/www.blogsoestado.com\/ruypalhano\/wp-json\/wp\/v2\/tags?post=446"}],"curies":[{"name":"wp","href":"https:\/\/api.w.org\/{rel}","templated":true}]}}