{"id":470,"date":"2013-07-14T09:35:15","date_gmt":"2013-07-14T12:35:15","guid":{"rendered":"https:\/\/www.blogsoestado.com\/ruypalhano\/?p=470"},"modified":"2013-07-14T09:35:15","modified_gmt":"2013-07-14T12:35:15","slug":"diagnostico-e-tratamento-da-depressao-na-infancia-e-na-adolescencia","status":"publish","type":"post","link":"https:\/\/www.blogsoestado.com\/ruypalhano\/2013\/07\/14\/diagnostico-e-tratamento-da-depressao-na-infancia-e-na-adolescencia\/","title":{"rendered":"Diagn\u00f3stico e tratamento da depress\u00e3o na inf\u00e2ncia e na adolesc\u00eancia"},"content":{"rendered":"<p align=\"center\">Ao contr\u00e1rio do que muitos pensam, crian\u00e7as e adolescentes podem tamb\u00e9m sofrer de depress\u00e3o, uma condi\u00e7\u00e3o que agrava mais ainda as perspectivas sobre a doen\u00e7a. A depress\u00e3o que sempre pareceu ser um mal exclusivo dos adultos, hoje atinge cerca de 2% das crian\u00e7as e 5% dos adolescentes do mundo, conforme dados da Organiza\u00e7\u00e3o Mundial da Sa\u00fade &#8211; OMS.<\/p>\n<p>A OMS diz, ainda, que nos pr\u00f3ximos 20 anos (at\u00e9 2030), a depress\u00e3o dever\u00e1 tornar-se a doen\u00e7a mais comum do mundo, atingindo mais pessoas do que o c\u00e2ncer e as doen\u00e7as cardiovasculares. Atualmente, mais de 450 milh\u00f5es de pessoas s\u00e3o afetadas por transtornos mentais diversos, a maioria delas nos pa\u00edses em desenvolvimento.<\/p>\n<p>Entre as crian\u00e7as, o \u00edndice de depress\u00e3o tamb\u00e9m \u00e9 preocupante. Nos \u00faltimos 10 anos, o n\u00famero de diagn\u00f3sticos de depress\u00e3o em crian\u00e7as, entre 6 e 12 anos, passou de 4,5 para 8%, o que representa um problema ascendente. &#8220;Setenta por cento dos adultos que apresentam quadro de depress\u00e3o cr\u00f4nica t\u00eam hist\u00f3rico da presen\u00e7a da doen\u00e7a desde a inf\u00e2ncia. Ou seja, se n\u00e3o tratarmos o paciente enquanto crian\u00e7a, isso pode contribuir para que ele se transforme em um adulto depressivo&#8221;, comenta F\u00e1bio Barbirato, neuropsiquiatra da Associa\u00e7\u00e3o Brasileira de Psiquiatria (ABP).<\/p>\n<p>Pelas pr\u00f3prias caracter\u00edsticas dessas idades, diagnosticar depress\u00e3o \u00e9 bem complicado, pois nas crian\u00e7as, os sintomas depressivos podem ser confundidos com mal-cria\u00e7\u00e3o, birra, mau humor, tristeza e agressividade, irritabilidade ou nervosismo. Por\u00e9m, o que vai distinguir uma coisa da outra \u00e9 a evolu\u00e7\u00e3o e as caracter\u00edsticas cl\u00ednicas das queixas apresentadas por essas pessoas. Na adolesc\u00eancia, o diagn\u00f3stico de depress\u00e3o \u00e9 tamb\u00e9m complexo, pois a mesma pode se revelar de diferentes maneiras, particularmente, no aspecto das rela\u00e7\u00f5es sociais: desinteresse, apatia e retraimento social e no bem-estar geral e, nesta fase, o mais preocupante s\u00e3o os elevados \u00edndices de suic\u00eddio que podem ocorrer, especialmente quando a situa\u00e7\u00e3o n\u00e3o \u00e9 adequadamente diagnosticada e tratada.<\/p>\n<p>N\u00e3o devemos confundir depress\u00e3o com as ang\u00fastias provenientes dos conflitos naturais pr\u00f3prios da adolesc\u00eancia, pois o processo do adolescer \u00e9 muito delicado e se caracteriza, entre outras coisas, pelas contradi\u00e7\u00f5es, rebeldias, insatisfa\u00e7\u00f5es constantes e \u00e2nsias de mudan\u00e7as comuns nesta \u00e9poca da vida de tal forma que os sintomas pr\u00f3prios da depress\u00e3o podem estar mascarados com estas peculiaridades naturais da idade, dificultando muito o diagn\u00f3stico da doen\u00e7a.<\/p>\n<p>Entre os principais sintomas de depress\u00e3o est\u00e3o: altera\u00e7\u00e3o de humor, com irritabilidade e ou choro f\u00e1cil, ansiedade, desinteresse em atividades sociais, como ir \u00e0 escola, brincar com os amigos ou com brinquedos, falta de aten\u00e7\u00e3o e queda no rendimento escolar, dist\u00farbios de sono, como dificuldade pra dormir ou ter sono o dia inteiro, perda de energia f\u00edsica e mental, reclama\u00e7\u00f5es por cansa\u00e7o ou ficar sem energia, sofrimento moral ou insatisfa\u00e7\u00e3o consigo mesmo, sentimento de que nada do que faz est\u00e1 certo, dores na barriga, na cabe\u00e7a ou nas pernas, sentimento de rejei\u00e7\u00e3o, condutas anti-sociais e destrutivas, dist\u00farbios de peso (emagrecer ou engordar demais), enurese e encoprese (xixi na cama e elimina\u00e7\u00e3o involunt\u00e1ria das fezes). Para a OMS se a pessoa apresentar cinco, entre os 13 sintomas referidos acima, o diagn\u00f3stico poder\u00e1 ser efetivado.<\/p>\n<p>E, neste caso ante os primeiros sinais ou sintomas da depress\u00e3o, os pais devem encaminh\u00e1-los a um profissional o mais r\u00e1pido poss\u00edvel. Na maioria das vezes, o apoio da fam\u00edlia e a psicoterapia s\u00e3o suficientes para ultrapassar a situa\u00e7\u00e3o. Se, a partir dos 9 anos de idade, persistirem ou se agravarem tais sintomas, faz-se necess\u00e1rio, em alguns casos, intervir com medicamentos. Al\u00e9m do mais a depress\u00e3o infantil pode desencadear v\u00e1rias outras condi\u00e7\u00f5es m\u00e9dicas, tais como: anorexia, bulimia, etc.<\/p>\n<p>Um fato importante \u00e9 que depress\u00e3o tem base gen\u00e9tica e que filhos de pais com depress\u00e3o t\u00eam mais chance de ter a doen\u00e7a, o que n\u00e3o significa que n\u00e3o se possa tratar, prevenir e curar esta condi\u00e7\u00e3o. O importante \u00e9 que tanto o diagn\u00f3stico quanto o tratamento devem ser o mais precoce poss\u00edvel para evitar cronifica\u00e7\u00e3o prematura do quadro depressivo. A psicoterapia \u00e9 recomendada para crian\u00e7as com at\u00e9 9 anos, embora a depress\u00e3o possa ser diagn\u00f3stica a partir dos 4 anos. E, a partir dos 9 anos de idade, pode-se recomendar o uso de medicamentos, sempre associados \u00e0 psicoterapia, pois a associa\u00e7\u00e3o de ambos pode proporcionar respostas satisfat\u00f3rias em at\u00e9 95% dos casos.<\/p>\n<p>&nbsp;<\/p>\n","protected":false},"excerpt":{"rendered":"<p>Ao contr\u00e1rio do que muitos pensam, crian\u00e7as e adolescentes podem tamb\u00e9m sofrer de depress\u00e3o, uma condi\u00e7\u00e3o que agrava mais ainda [&hellip;]<\/p>\n","protected":false},"author":3,"featured_media":0,"comment_status":"open","ping_status":"open","sticky":false,"template":"","format":"standard","meta":{"site-sidebar-layout":"default","site-content-layout":"","ast-site-content-layout":"default","site-content-style":"default","site-sidebar-style":"default","ast-global-header-display":"","ast-banner-title-visibility":"","ast-main-header-display":"","ast-hfb-above-header-display":"","ast-hfb-below-header-display":"","ast-hfb-mobile-header-display":"","site-post-title":"","ast-breadcrumbs-content":"","ast-featured-img":"","footer-sml-layout":"","ast-disable-related-posts":"","theme-transparent-header-meta":"","adv-header-id-meta":"","stick-header-meta":"","header-above-stick-meta":"","header-main-stick-meta":"","header-below-stick-meta":"","astra-migrate-meta-layouts":"default","ast-page-background-enabled":"default","ast-page-background-meta":{"desktop":{"background-color":"var(--ast-global-color-5)","background-image":"","background-repeat":"repeat","background-position":"center center","background-size":"auto","background-attachment":"scroll","background-type":"","background-media":"","overlay-type":"","overlay-color":"","overlay-opacity":"","overlay-gradient":""},"tablet":{"background-color":"","background-image":"","background-repeat":"repeat","background-position":"center center","background-size":"auto","background-attachment":"scroll","background-type":"","background-media":"","overlay-type":"","overlay-color":"","overlay-opacity":"","overlay-gradient":""},"mobile":{"background-color":"","background-image":"","background-repeat":"repeat","background-position":"center center","background-size":"auto","background-attachment":"scroll","background-type":"","background-media":"","overlay-type":"","overlay-color":"","overlay-opacity":"","overlay-gradient":""}},"ast-content-background-meta":{"desktop":{"background-color":"var(--ast-global-color-4)","background-image":"","background-repeat":"repeat","background-position":"center center","background-size":"auto","background-attachment":"scroll","background-type":"","background-media":"","overlay-type":"","overlay-color":"","overlay-opacity":"","overlay-gradient":""},"tablet":{"background-color":"var(--ast-global-color-4)","background-image":"","background-repeat":"repeat","background-position":"center center","background-size":"auto","background-attachment":"scroll","background-type":"","background-media":"","overlay-type":"","overlay-color":"","overlay-opacity":"","overlay-gradient":""},"mobile":{"background-color":"var(--ast-global-color-4)","background-image":"","background-repeat":"repeat","background-position":"center center","background-size":"auto","background-attachment":"scroll","background-type":"","background-media":"","overlay-type":"","overlay-color":"","overlay-opacity":"","overlay-gradient":""}},"footnotes":""},"categories":[5],"tags":[],"class_list":["post-470","post","type-post","status-publish","format-standard","hentry","category-doenca-mental"],"yoast_head":"<!-- This site is optimized with the Yoast SEO plugin v26.6 - https:\/\/yoast.com\/wordpress\/plugins\/seo\/ -->\n<title>Diagn\u00f3stico e tratamento da depress\u00e3o na inf\u00e2ncia e na adolesc\u00eancia - Ruy Palhano<\/title>\n<meta name=\"robots\" content=\"index, follow, max-snippet:-1, max-image-preview:large, max-video-preview:-1\" \/>\n<link rel=\"canonical\" href=\"https:\/\/www.blogsoestado.com\/ruypalhano\/2013\/07\/14\/diagnostico-e-tratamento-da-depressao-na-infancia-e-na-adolescencia\/\" \/>\n<meta property=\"og:locale\" content=\"pt_BR\" \/>\n<meta property=\"og:type\" content=\"article\" \/>\n<meta property=\"og:title\" content=\"Diagn\u00f3stico e tratamento da depress\u00e3o na inf\u00e2ncia e na adolesc\u00eancia - Ruy Palhano\" \/>\n<meta property=\"og:description\" content=\"Ao contr\u00e1rio do que muitos pensam, crian\u00e7as e adolescentes podem tamb\u00e9m sofrer de depress\u00e3o, uma condi\u00e7\u00e3o que agrava mais ainda [&hellip;]\" \/>\n<meta property=\"og:url\" content=\"https:\/\/www.blogsoestado.com\/ruypalhano\/2013\/07\/14\/diagnostico-e-tratamento-da-depressao-na-infancia-e-na-adolescencia\/\" \/>\n<meta property=\"og:site_name\" content=\"Ruy Palhano\" \/>\n<meta property=\"article:published_time\" content=\"2013-07-14T12:35:15+00:00\" \/>\n<meta name=\"author\" content=\"Ruy Palhano\" \/>\n<meta name=\"twitter:card\" content=\"summary_large_image\" \/>\n<meta name=\"twitter:label1\" content=\"Escrito por\" \/>\n\t<meta name=\"twitter:data1\" content=\"Ruy Palhano\" \/>\n\t<meta name=\"twitter:label2\" content=\"Est. tempo de leitura\" \/>\n\t<meta name=\"twitter:data2\" content=\"4 minutos\" \/>\n<script type=\"application\/ld+json\" class=\"yoast-schema-graph\">{\"@context\":\"https:\/\/schema.org\",\"@graph\":[{\"@type\":\"WebPage\",\"@id\":\"https:\/\/www.blogsoestado.com\/ruypalhano\/2013\/07\/14\/diagnostico-e-tratamento-da-depressao-na-infancia-e-na-adolescencia\/\",\"url\":\"https:\/\/www.blogsoestado.com\/ruypalhano\/2013\/07\/14\/diagnostico-e-tratamento-da-depressao-na-infancia-e-na-adolescencia\/\",\"name\":\"Diagn\u00f3stico e tratamento da depress\u00e3o na inf\u00e2ncia e na adolesc\u00eancia - Ruy Palhano\",\"isPartOf\":{\"@id\":\"https:\/\/www.blogsoestado.com\/ruypalhano\/#website\"},\"datePublished\":\"2013-07-14T12:35:15+00:00\",\"author\":{\"@id\":\"https:\/\/www.blogsoestado.com\/ruypalhano\/#\/schema\/person\/ef49e08ec3e742dec1682f34674f2c84\"},\"breadcrumb\":{\"@id\":\"https:\/\/www.blogsoestado.com\/ruypalhano\/2013\/07\/14\/diagnostico-e-tratamento-da-depressao-na-infancia-e-na-adolescencia\/#breadcrumb\"},\"inLanguage\":\"pt-BR\",\"potentialAction\":[{\"@type\":\"ReadAction\",\"target\":[\"https:\/\/www.blogsoestado.com\/ruypalhano\/2013\/07\/14\/diagnostico-e-tratamento-da-depressao-na-infancia-e-na-adolescencia\/\"]}]},{\"@type\":\"BreadcrumbList\",\"@id\":\"https:\/\/www.blogsoestado.com\/ruypalhano\/2013\/07\/14\/diagnostico-e-tratamento-da-depressao-na-infancia-e-na-adolescencia\/#breadcrumb\",\"itemListElement\":[{\"@type\":\"ListItem\",\"position\":1,\"name\":\"In\u00edcio\",\"item\":\"https:\/\/www.blogsoestado.com\/ruypalhano\/\"},{\"@type\":\"ListItem\",\"position\":2,\"name\":\"Diagn\u00f3stico e tratamento da depress\u00e3o na inf\u00e2ncia e na adolesc\u00eancia\"}]},{\"@type\":\"WebSite\",\"@id\":\"https:\/\/www.blogsoestado.com\/ruypalhano\/#website\",\"url\":\"https:\/\/www.blogsoestado.com\/ruypalhano\/\",\"name\":\"Ruy Palhano\",\"description\":\"\",\"potentialAction\":[{\"@type\":\"SearchAction\",\"target\":{\"@type\":\"EntryPoint\",\"urlTemplate\":\"https:\/\/www.blogsoestado.com\/ruypalhano\/?s={search_term_string}\"},\"query-input\":{\"@type\":\"PropertyValueSpecification\",\"valueRequired\":true,\"valueName\":\"search_term_string\"}}],\"inLanguage\":\"pt-BR\"},{\"@type\":\"Person\",\"@id\":\"https:\/\/www.blogsoestado.com\/ruypalhano\/#\/schema\/person\/ef49e08ec3e742dec1682f34674f2c84\",\"name\":\"Ruy Palhano\",\"image\":{\"@type\":\"ImageObject\",\"inLanguage\":\"pt-BR\",\"@id\":\"https:\/\/www.blogsoestado.com\/ruypalhano\/#\/schema\/person\/image\/\",\"url\":\"https:\/\/secure.gravatar.com\/avatar\/d08170dc68d65048f069f40789786091e8b070aa02b0d2e514ddd0244c684a5a?s=96&d=mm&r=g\",\"contentUrl\":\"https:\/\/secure.gravatar.com\/avatar\/d08170dc68d65048f069f40789786091e8b070aa02b0d2e514ddd0244c684a5a?s=96&d=mm&r=g\",\"caption\":\"Ruy Palhano\"},\"url\":\"https:\/\/www.blogsoestado.com\/ruypalhano\/author\/ruypalhano\/\"}]}<\/script>\n<!-- \/ Yoast SEO plugin. -->","yoast_head_json":{"title":"Diagn\u00f3stico e tratamento da depress\u00e3o na inf\u00e2ncia e na adolesc\u00eancia - Ruy Palhano","robots":{"index":"index","follow":"follow","max-snippet":"max-snippet:-1","max-image-preview":"max-image-preview:large","max-video-preview":"max-video-preview:-1"},"canonical":"https:\/\/www.blogsoestado.com\/ruypalhano\/2013\/07\/14\/diagnostico-e-tratamento-da-depressao-na-infancia-e-na-adolescencia\/","og_locale":"pt_BR","og_type":"article","og_title":"Diagn\u00f3stico e tratamento da depress\u00e3o na inf\u00e2ncia e na adolesc\u00eancia - Ruy Palhano","og_description":"Ao contr\u00e1rio do que muitos pensam, crian\u00e7as e adolescentes podem tamb\u00e9m sofrer de depress\u00e3o, uma condi\u00e7\u00e3o que agrava mais ainda [&hellip;]","og_url":"https:\/\/www.blogsoestado.com\/ruypalhano\/2013\/07\/14\/diagnostico-e-tratamento-da-depressao-na-infancia-e-na-adolescencia\/","og_site_name":"Ruy Palhano","article_published_time":"2013-07-14T12:35:15+00:00","author":"Ruy Palhano","twitter_card":"summary_large_image","twitter_misc":{"Escrito por":"Ruy Palhano","Est. tempo de leitura":"4 minutos"},"schema":{"@context":"https:\/\/schema.org","@graph":[{"@type":"WebPage","@id":"https:\/\/www.blogsoestado.com\/ruypalhano\/2013\/07\/14\/diagnostico-e-tratamento-da-depressao-na-infancia-e-na-adolescencia\/","url":"https:\/\/www.blogsoestado.com\/ruypalhano\/2013\/07\/14\/diagnostico-e-tratamento-da-depressao-na-infancia-e-na-adolescencia\/","name":"Diagn\u00f3stico e tratamento da depress\u00e3o na inf\u00e2ncia e na adolesc\u00eancia - Ruy Palhano","isPartOf":{"@id":"https:\/\/www.blogsoestado.com\/ruypalhano\/#website"},"datePublished":"2013-07-14T12:35:15+00:00","author":{"@id":"https:\/\/www.blogsoestado.com\/ruypalhano\/#\/schema\/person\/ef49e08ec3e742dec1682f34674f2c84"},"breadcrumb":{"@id":"https:\/\/www.blogsoestado.com\/ruypalhano\/2013\/07\/14\/diagnostico-e-tratamento-da-depressao-na-infancia-e-na-adolescencia\/#breadcrumb"},"inLanguage":"pt-BR","potentialAction":[{"@type":"ReadAction","target":["https:\/\/www.blogsoestado.com\/ruypalhano\/2013\/07\/14\/diagnostico-e-tratamento-da-depressao-na-infancia-e-na-adolescencia\/"]}]},{"@type":"BreadcrumbList","@id":"https:\/\/www.blogsoestado.com\/ruypalhano\/2013\/07\/14\/diagnostico-e-tratamento-da-depressao-na-infancia-e-na-adolescencia\/#breadcrumb","itemListElement":[{"@type":"ListItem","position":1,"name":"In\u00edcio","item":"https:\/\/www.blogsoestado.com\/ruypalhano\/"},{"@type":"ListItem","position":2,"name":"Diagn\u00f3stico e tratamento da depress\u00e3o na inf\u00e2ncia e na adolesc\u00eancia"}]},{"@type":"WebSite","@id":"https:\/\/www.blogsoestado.com\/ruypalhano\/#website","url":"https:\/\/www.blogsoestado.com\/ruypalhano\/","name":"Ruy Palhano","description":"","potentialAction":[{"@type":"SearchAction","target":{"@type":"EntryPoint","urlTemplate":"https:\/\/www.blogsoestado.com\/ruypalhano\/?s={search_term_string}"},"query-input":{"@type":"PropertyValueSpecification","valueRequired":true,"valueName":"search_term_string"}}],"inLanguage":"pt-BR"},{"@type":"Person","@id":"https:\/\/www.blogsoestado.com\/ruypalhano\/#\/schema\/person\/ef49e08ec3e742dec1682f34674f2c84","name":"Ruy Palhano","image":{"@type":"ImageObject","inLanguage":"pt-BR","@id":"https:\/\/www.blogsoestado.com\/ruypalhano\/#\/schema\/person\/image\/","url":"https:\/\/secure.gravatar.com\/avatar\/d08170dc68d65048f069f40789786091e8b070aa02b0d2e514ddd0244c684a5a?s=96&d=mm&r=g","contentUrl":"https:\/\/secure.gravatar.com\/avatar\/d08170dc68d65048f069f40789786091e8b070aa02b0d2e514ddd0244c684a5a?s=96&d=mm&r=g","caption":"Ruy Palhano"},"url":"https:\/\/www.blogsoestado.com\/ruypalhano\/author\/ruypalhano\/"}]}},"jetpack_featured_media_url":"","_links":{"self":[{"href":"https:\/\/www.blogsoestado.com\/ruypalhano\/wp-json\/wp\/v2\/posts\/470","targetHints":{"allow":["GET"]}}],"collection":[{"href":"https:\/\/www.blogsoestado.com\/ruypalhano\/wp-json\/wp\/v2\/posts"}],"about":[{"href":"https:\/\/www.blogsoestado.com\/ruypalhano\/wp-json\/wp\/v2\/types\/post"}],"author":[{"embeddable":true,"href":"https:\/\/www.blogsoestado.com\/ruypalhano\/wp-json\/wp\/v2\/users\/3"}],"replies":[{"embeddable":true,"href":"https:\/\/www.blogsoestado.com\/ruypalhano\/wp-json\/wp\/v2\/comments?post=470"}],"version-history":[{"count":0,"href":"https:\/\/www.blogsoestado.com\/ruypalhano\/wp-json\/wp\/v2\/posts\/470\/revisions"}],"wp:attachment":[{"href":"https:\/\/www.blogsoestado.com\/ruypalhano\/wp-json\/wp\/v2\/media?parent=470"}],"wp:term":[{"taxonomy":"category","embeddable":true,"href":"https:\/\/www.blogsoestado.com\/ruypalhano\/wp-json\/wp\/v2\/categories?post=470"},{"taxonomy":"post_tag","embeddable":true,"href":"https:\/\/www.blogsoestado.com\/ruypalhano\/wp-json\/wp\/v2\/tags?post=470"}],"curies":[{"name":"wp","href":"https:\/\/api.w.org\/{rel}","templated":true}]}}