{"id":496,"date":"2013-08-04T13:28:10","date_gmt":"2013-08-04T16:28:10","guid":{"rendered":"https:\/\/www.blogsoestado.com\/ruypalhano\/?p=496"},"modified":"2013-08-04T13:28:10","modified_gmt":"2013-08-04T16:28:10","slug":"mais-medicos-menos-governo","status":"publish","type":"post","link":"https:\/\/www.blogsoestado.com\/ruypalhano\/2013\/08\/04\/mais-medicos-menos-governo\/","title":{"rendered":"Mais m\u00e9dicos, menos governo"},"content":{"rendered":"<p align=\"center\">Mais m\u00e9dicos, menos governo<\/p>\n<p>O Governo Federal atrav\u00e9s dos minist\u00e9rios da sa\u00fade e da educa\u00e7\u00e3o, j\u00e1 come\u00e7ou a se d\u00e1 conta do grande equ\u00edvoco que cometera ao propor o famigerado Programa Mais M\u00e9dico como uma das medidas para se enfrentar o problema da sa\u00fade p\u00fablica brasileira. As rea\u00e7\u00f5es a este projeto est\u00e3o sendo executadas atrav\u00e9s de diferentes a\u00e7\u00f5es: das entidades m\u00e9dicas (Federa\u00e7\u00e3o Nacional dos M\u00e9dicos &#8211; FENAM; Conselho Federal de Medicina &#8211; CFM e Associa\u00e7\u00e3o M\u00e9dica Brasileira \u2013 AMB), ajuizaram a\u00e7\u00e3o judicial junto ao Supremo Tribunal Federal \u2013 STF, alegando inconstitucionalidade desta medida; a\u00e7\u00f5es pol\u00edticas junto ao Congresso Nacional na tentativa de influenciar os parlamentares a votarem contra este projeto; a\u00e7\u00f5es de mobiliza\u00e7\u00e3o da classe m\u00e9dica em todos os estados brasileiros procurando sensibilizar a popula\u00e7\u00e3o quanto as prec\u00e1ria situa\u00e7\u00e3o da sa\u00fade p\u00fablica de nosso pa\u00eds e, por \u00faltimo, a avalanche de emendas parlamentares na C\u00e2mara dos Deputados, em um total at\u00e9 hoje 560, onde os deputados federais recomendam mudan\u00e7as no texto deste anteprojeto ante as distor\u00e7\u00f5es \u00e9ticas, pol\u00edtica e jur\u00eddica do mesmo. Sendo que tudo isso aponta para uma \u00fanica dire\u00e7\u00e3o, qual seja, o desnorteamento do governo federal em lidar com problemas da sa\u00fade de nossa popula\u00e7\u00e3o.<\/p>\n<p>No contexto, esta proposta apresenta v\u00e1rios equ\u00edvocos, tecnicamente o melhor seria propor mais equipes de sa\u00fade e n\u00e3o s\u00f3 \u201cmais m\u00e9dicos\u201d pois h\u00e1 muito tempo se sabe que o m\u00e9dico \u00e9 um profissional que para funcionar bem ter\u00e1 que participar de uma equipe de sa\u00fade. M\u00e9dico sozinho n\u00e3o faz milagre, especialmente se n\u00e3o houver condi\u00e7\u00f5es para trabalhar situa\u00e7\u00f5es muito comuns nos dias atuais. Promover sa\u00fade \u00e9 uma responsabilidade compartilhada, \u00e9 trabalhar em equipe para se compartilhar experi\u00eancias e conhecimentos com outros profissionais, entre os quais enfermeiros, dentistas, assistentes sociais, psic\u00f3logos, farmac\u00eauticos, terapeutas ocupacionais, t\u00e9cnicos em sa\u00fade, e assim por diante. Aonde j\u00e1 se viu se praticar sa\u00fade seja em que n\u00edvel, prim\u00e1rio, secund\u00e1rio ou terci\u00e1rio s\u00f3 com o m\u00e9dico? \u00a0Ser\u00e1 que o governo n\u00e3o sabe disto? Ou quer subestimar a intelig\u00eancia dos profissionais da sa\u00fade deste pa\u00eds ou do povo brasileiro?<\/p>\n<p>Outro aspecto: onde j\u00e1 se viu se desconsiderar a barreira lingu\u00edstica na execu\u00e7\u00e3o das a\u00e7\u00f5es em sa\u00fade, que \u00e9 uma condi\u00e7\u00e3o muito importante para se garantir uma boa rela\u00e7\u00e3o m\u00e9dico (equipe) paciente e, n\u00e3o deram a menor import\u00e2ncia a esse fato? Nos leva a crer que pelo fato da popula\u00e7\u00e3o se encontrar literalmente desassistida, especialmente em lugares long\u00ednquos, e por n\u00e3o disporem de condi\u00e7\u00f5es para buscarem alternativas, qualquer coisa que for oferecido a estas pessoa, est\u00e1 bem. Em sendo verdade, acho que ao inv\u00e9s de ajudar a popula\u00e7\u00e3o mais carente e pobre deste Brasil, estar\u00edamos enganando-os mais uma vez. H\u00e1 um velho e consagrado aforisma que diz: \u201cfaz de conta que te trato e voc\u00ea faz de conta que ficou bom\u201d, m\u00e1xima que vem predominando h\u00e1 anos entre n\u00f3s.<\/p>\n<p>Eu pergunto: qual destes grand\u00f5es da pol\u00edtica brasileira mandaria seu filho, sua esposa, seu pai ou a si mesmo, ir se consultar com um m\u00e9dico que n\u00e3o entende nossa l\u00edngua, nossas leis, nossa cultura, nossa pr\u00e1xis e notadamente nossa \u00e9tica m\u00e9dica? Condi\u00e7\u00f5es indispens\u00e1veis para uma boa pr\u00e1tica m\u00e9dica. H\u00e1 algo de muito errado em tudo isto.<\/p>\n<p>Como se pode enfrentar os problemas da sa\u00fade coletiva deste pa\u00eds impondo um AI-6, ou obrigando os estudantes a trabalharem por dois anos no SUS, sem defini\u00e7\u00e3o de seus direitos trabalhistas, sem uma carreira profissional de cargos e sal\u00e1rios? Sem supervis\u00e3o cl\u00ednica e muitas outas prerrogativas importantes para o bom exerc\u00edcio \u00e9tico e profissional da medicina? Aonde j\u00e1 se viu falar-se de \u201cCRM provis\u00f3rio\u201d, onde a pr\u00f3pria a\u00e7\u00e3o m\u00e9dica exige total responsabilidade \u00e9tica e jur\u00eddica do m\u00e9dico sobre seu ato? Onde anda a tradi\u00e7\u00e3o do ensino m\u00e9dico, rasgada por um projeto de lei demag\u00f3gico? Onde est\u00e1 a democracia para garantir aos cidad\u00e3os trabalhar com dignidade onde lhe aprouver? Onde est\u00e1 a liberdade de escolher inclusive sua especialidade m\u00e9dica? \u00a0Com este programa esdr\u00faxulo, sem p\u00e9 e sem cabe\u00e7a, onde em seu pr\u00f3prio conceito j\u00e1 se torna amb\u00edguo: \u201cmais m\u00e9dico e n\u00e3o mais sa\u00fade\u201d, isto tudo foi corrompido.<\/p>\n<p>O que n\u00f3s queremos, portanto \u00e9 mais sa\u00fade, \u00e9 mais seriedade na aplica\u00e7\u00e3o dos recursos p\u00fablicos, \u00e9 menos corrup\u00e7\u00e3o neste setor, queremos mais equipes multiprofissionais capacitadas comprometidas com a sa\u00fade coletiva garantindo sa\u00fade de qualidade em nossos interiores, queremos \u00e9tica na gest\u00e3o da coisa p\u00fablica, enfim queremos \u00e9 oferecer o melhor para todos seja pobre, ou seja, rico. Espero que o bom senso prevale\u00e7a na cabe\u00e7a dos parlamentares brasileiros n\u00e3o deixando que o tradicional rolo compressor ideol\u00f3gico, nos atropele e nos fa\u00e7a engolir mais uma engana\u00e7\u00e3o.<\/p>\n<p>&nbsp;<\/p>\n","protected":false},"excerpt":{"rendered":"<p>Mais m\u00e9dicos, menos governo O Governo Federal atrav\u00e9s dos minist\u00e9rios da sa\u00fade e da educa\u00e7\u00e3o, j\u00e1 come\u00e7ou a se d\u00e1 [&hellip;]<\/p>\n","protected":false},"author":3,"featured_media":0,"comment_status":"open","ping_status":"open","sticky":false,"template":"","format":"standard","meta":{"site-sidebar-layout":"default","site-content-layout":"","ast-site-content-layout":"default","site-content-style":"default","site-sidebar-style":"default","ast-global-header-display":"","ast-banner-title-visibility":"","ast-main-header-display":"","ast-hfb-above-header-display":"","ast-hfb-below-header-display":"","ast-hfb-mobile-header-display":"","site-post-title":"","ast-breadcrumbs-content":"","ast-featured-img":"","footer-sml-layout":"","ast-disable-related-posts":"","theme-transparent-header-meta":"","adv-header-id-meta":"","stick-header-meta":"","header-above-stick-meta":"","header-main-stick-meta":"","header-below-stick-meta":"","astra-migrate-meta-layouts":"default","ast-page-background-enabled":"default","ast-page-background-meta":{"desktop":{"background-color":"var(--ast-global-color-5)","background-image":"","background-repeat":"repeat","background-position":"center center","background-size":"auto","background-attachment":"scroll","background-type":"","background-media":"","overlay-type":"","overlay-color":"","overlay-opacity":"","overlay-gradient":""},"tablet":{"background-color":"","background-image":"","background-repeat":"repeat","background-position":"center center","background-size":"auto","background-attachment":"scroll","background-type":"","background-media":"","overlay-type":"","overlay-color":"","overlay-opacity":"","overlay-gradient":""},"mobile":{"background-color":"","background-image":"","background-repeat":"repeat","background-position":"center center","background-size":"auto","background-attachment":"scroll","background-type":"","background-media":"","overlay-type":"","overlay-color":"","overlay-opacity":"","overlay-gradient":""}},"ast-content-background-meta":{"desktop":{"background-color":"var(--ast-global-color-4)","background-image":"","background-repeat":"repeat","background-position":"center center","background-size":"auto","background-attachment":"scroll","background-type":"","background-media":"","overlay-type":"","overlay-color":"","overlay-opacity":"","overlay-gradient":""},"tablet":{"background-color":"var(--ast-global-color-4)","background-image":"","background-repeat":"repeat","background-position":"center center","background-size":"auto","background-attachment":"scroll","background-type":"","background-media":"","overlay-type":"","overlay-color":"","overlay-opacity":"","overlay-gradient":""},"mobile":{"background-color":"var(--ast-global-color-4)","background-image":"","background-repeat":"repeat","background-position":"center center","background-size":"auto","background-attachment":"scroll","background-type":"","background-media":"","overlay-type":"","overlay-color":"","overlay-opacity":"","overlay-gradient":""}},"footnotes":""},"categories":[6],"tags":[],"class_list":["post-496","post","type-post","status-publish","format-standard","hentry","category-politica-publica"],"yoast_head":"<!-- This site is optimized with the Yoast SEO plugin v26.6 - https:\/\/yoast.com\/wordpress\/plugins\/seo\/ -->\n<title>Mais m\u00e9dicos, menos governo - Ruy Palhano<\/title>\n<meta name=\"robots\" content=\"index, follow, max-snippet:-1, max-image-preview:large, max-video-preview:-1\" \/>\n<link rel=\"canonical\" href=\"https:\/\/www.blogsoestado.com\/ruypalhano\/2013\/08\/04\/mais-medicos-menos-governo\/\" \/>\n<meta property=\"og:locale\" content=\"pt_BR\" \/>\n<meta property=\"og:type\" content=\"article\" \/>\n<meta property=\"og:title\" content=\"Mais m\u00e9dicos, menos governo - Ruy Palhano\" \/>\n<meta property=\"og:description\" content=\"Mais m\u00e9dicos, menos governo O Governo Federal atrav\u00e9s dos minist\u00e9rios da sa\u00fade e da educa\u00e7\u00e3o, j\u00e1 come\u00e7ou a se d\u00e1 [&hellip;]\" \/>\n<meta property=\"og:url\" content=\"https:\/\/www.blogsoestado.com\/ruypalhano\/2013\/08\/04\/mais-medicos-menos-governo\/\" \/>\n<meta property=\"og:site_name\" content=\"Ruy Palhano\" \/>\n<meta property=\"article:published_time\" content=\"2013-08-04T16:28:10+00:00\" \/>\n<meta name=\"author\" content=\"Ruy Palhano\" \/>\n<meta name=\"twitter:card\" content=\"summary_large_image\" \/>\n<meta name=\"twitter:label1\" content=\"Escrito por\" \/>\n\t<meta name=\"twitter:data1\" content=\"Ruy Palhano\" \/>\n\t<meta name=\"twitter:label2\" content=\"Est. tempo de leitura\" \/>\n\t<meta name=\"twitter:data2\" content=\"4 minutos\" \/>\n<script type=\"application\/ld+json\" class=\"yoast-schema-graph\">{\"@context\":\"https:\/\/schema.org\",\"@graph\":[{\"@type\":\"WebPage\",\"@id\":\"https:\/\/www.blogsoestado.com\/ruypalhano\/2013\/08\/04\/mais-medicos-menos-governo\/\",\"url\":\"https:\/\/www.blogsoestado.com\/ruypalhano\/2013\/08\/04\/mais-medicos-menos-governo\/\",\"name\":\"Mais m\u00e9dicos, menos governo - Ruy Palhano\",\"isPartOf\":{\"@id\":\"https:\/\/www.blogsoestado.com\/ruypalhano\/#website\"},\"datePublished\":\"2013-08-04T16:28:10+00:00\",\"author\":{\"@id\":\"https:\/\/www.blogsoestado.com\/ruypalhano\/#\/schema\/person\/ef49e08ec3e742dec1682f34674f2c84\"},\"breadcrumb\":{\"@id\":\"https:\/\/www.blogsoestado.com\/ruypalhano\/2013\/08\/04\/mais-medicos-menos-governo\/#breadcrumb\"},\"inLanguage\":\"pt-BR\",\"potentialAction\":[{\"@type\":\"ReadAction\",\"target\":[\"https:\/\/www.blogsoestado.com\/ruypalhano\/2013\/08\/04\/mais-medicos-menos-governo\/\"]}]},{\"@type\":\"BreadcrumbList\",\"@id\":\"https:\/\/www.blogsoestado.com\/ruypalhano\/2013\/08\/04\/mais-medicos-menos-governo\/#breadcrumb\",\"itemListElement\":[{\"@type\":\"ListItem\",\"position\":1,\"name\":\"In\u00edcio\",\"item\":\"https:\/\/www.blogsoestado.com\/ruypalhano\/\"},{\"@type\":\"ListItem\",\"position\":2,\"name\":\"Mais m\u00e9dicos, menos governo\"}]},{\"@type\":\"WebSite\",\"@id\":\"https:\/\/www.blogsoestado.com\/ruypalhano\/#website\",\"url\":\"https:\/\/www.blogsoestado.com\/ruypalhano\/\",\"name\":\"Ruy Palhano\",\"description\":\"\",\"potentialAction\":[{\"@type\":\"SearchAction\",\"target\":{\"@type\":\"EntryPoint\",\"urlTemplate\":\"https:\/\/www.blogsoestado.com\/ruypalhano\/?s={search_term_string}\"},\"query-input\":{\"@type\":\"PropertyValueSpecification\",\"valueRequired\":true,\"valueName\":\"search_term_string\"}}],\"inLanguage\":\"pt-BR\"},{\"@type\":\"Person\",\"@id\":\"https:\/\/www.blogsoestado.com\/ruypalhano\/#\/schema\/person\/ef49e08ec3e742dec1682f34674f2c84\",\"name\":\"Ruy Palhano\",\"image\":{\"@type\":\"ImageObject\",\"inLanguage\":\"pt-BR\",\"@id\":\"https:\/\/www.blogsoestado.com\/ruypalhano\/#\/schema\/person\/image\/\",\"url\":\"https:\/\/secure.gravatar.com\/avatar\/d08170dc68d65048f069f40789786091e8b070aa02b0d2e514ddd0244c684a5a?s=96&d=mm&r=g\",\"contentUrl\":\"https:\/\/secure.gravatar.com\/avatar\/d08170dc68d65048f069f40789786091e8b070aa02b0d2e514ddd0244c684a5a?s=96&d=mm&r=g\",\"caption\":\"Ruy Palhano\"},\"url\":\"https:\/\/www.blogsoestado.com\/ruypalhano\/author\/ruypalhano\/\"}]}<\/script>\n<!-- \/ Yoast SEO plugin. -->","yoast_head_json":{"title":"Mais m\u00e9dicos, menos governo - Ruy Palhano","robots":{"index":"index","follow":"follow","max-snippet":"max-snippet:-1","max-image-preview":"max-image-preview:large","max-video-preview":"max-video-preview:-1"},"canonical":"https:\/\/www.blogsoestado.com\/ruypalhano\/2013\/08\/04\/mais-medicos-menos-governo\/","og_locale":"pt_BR","og_type":"article","og_title":"Mais m\u00e9dicos, menos governo - Ruy Palhano","og_description":"Mais m\u00e9dicos, menos governo O Governo Federal atrav\u00e9s dos minist\u00e9rios da sa\u00fade e da educa\u00e7\u00e3o, j\u00e1 come\u00e7ou a se d\u00e1 [&hellip;]","og_url":"https:\/\/www.blogsoestado.com\/ruypalhano\/2013\/08\/04\/mais-medicos-menos-governo\/","og_site_name":"Ruy Palhano","article_published_time":"2013-08-04T16:28:10+00:00","author":"Ruy Palhano","twitter_card":"summary_large_image","twitter_misc":{"Escrito por":"Ruy Palhano","Est. tempo de leitura":"4 minutos"},"schema":{"@context":"https:\/\/schema.org","@graph":[{"@type":"WebPage","@id":"https:\/\/www.blogsoestado.com\/ruypalhano\/2013\/08\/04\/mais-medicos-menos-governo\/","url":"https:\/\/www.blogsoestado.com\/ruypalhano\/2013\/08\/04\/mais-medicos-menos-governo\/","name":"Mais m\u00e9dicos, menos governo - Ruy Palhano","isPartOf":{"@id":"https:\/\/www.blogsoestado.com\/ruypalhano\/#website"},"datePublished":"2013-08-04T16:28:10+00:00","author":{"@id":"https:\/\/www.blogsoestado.com\/ruypalhano\/#\/schema\/person\/ef49e08ec3e742dec1682f34674f2c84"},"breadcrumb":{"@id":"https:\/\/www.blogsoestado.com\/ruypalhano\/2013\/08\/04\/mais-medicos-menos-governo\/#breadcrumb"},"inLanguage":"pt-BR","potentialAction":[{"@type":"ReadAction","target":["https:\/\/www.blogsoestado.com\/ruypalhano\/2013\/08\/04\/mais-medicos-menos-governo\/"]}]},{"@type":"BreadcrumbList","@id":"https:\/\/www.blogsoestado.com\/ruypalhano\/2013\/08\/04\/mais-medicos-menos-governo\/#breadcrumb","itemListElement":[{"@type":"ListItem","position":1,"name":"In\u00edcio","item":"https:\/\/www.blogsoestado.com\/ruypalhano\/"},{"@type":"ListItem","position":2,"name":"Mais m\u00e9dicos, menos governo"}]},{"@type":"WebSite","@id":"https:\/\/www.blogsoestado.com\/ruypalhano\/#website","url":"https:\/\/www.blogsoestado.com\/ruypalhano\/","name":"Ruy Palhano","description":"","potentialAction":[{"@type":"SearchAction","target":{"@type":"EntryPoint","urlTemplate":"https:\/\/www.blogsoestado.com\/ruypalhano\/?s={search_term_string}"},"query-input":{"@type":"PropertyValueSpecification","valueRequired":true,"valueName":"search_term_string"}}],"inLanguage":"pt-BR"},{"@type":"Person","@id":"https:\/\/www.blogsoestado.com\/ruypalhano\/#\/schema\/person\/ef49e08ec3e742dec1682f34674f2c84","name":"Ruy Palhano","image":{"@type":"ImageObject","inLanguage":"pt-BR","@id":"https:\/\/www.blogsoestado.com\/ruypalhano\/#\/schema\/person\/image\/","url":"https:\/\/secure.gravatar.com\/avatar\/d08170dc68d65048f069f40789786091e8b070aa02b0d2e514ddd0244c684a5a?s=96&d=mm&r=g","contentUrl":"https:\/\/secure.gravatar.com\/avatar\/d08170dc68d65048f069f40789786091e8b070aa02b0d2e514ddd0244c684a5a?s=96&d=mm&r=g","caption":"Ruy Palhano"},"url":"https:\/\/www.blogsoestado.com\/ruypalhano\/author\/ruypalhano\/"}]}},"jetpack_featured_media_url":"","_links":{"self":[{"href":"https:\/\/www.blogsoestado.com\/ruypalhano\/wp-json\/wp\/v2\/posts\/496","targetHints":{"allow":["GET"]}}],"collection":[{"href":"https:\/\/www.blogsoestado.com\/ruypalhano\/wp-json\/wp\/v2\/posts"}],"about":[{"href":"https:\/\/www.blogsoestado.com\/ruypalhano\/wp-json\/wp\/v2\/types\/post"}],"author":[{"embeddable":true,"href":"https:\/\/www.blogsoestado.com\/ruypalhano\/wp-json\/wp\/v2\/users\/3"}],"replies":[{"embeddable":true,"href":"https:\/\/www.blogsoestado.com\/ruypalhano\/wp-json\/wp\/v2\/comments?post=496"}],"version-history":[{"count":0,"href":"https:\/\/www.blogsoestado.com\/ruypalhano\/wp-json\/wp\/v2\/posts\/496\/revisions"}],"wp:attachment":[{"href":"https:\/\/www.blogsoestado.com\/ruypalhano\/wp-json\/wp\/v2\/media?parent=496"}],"wp:term":[{"taxonomy":"category","embeddable":true,"href":"https:\/\/www.blogsoestado.com\/ruypalhano\/wp-json\/wp\/v2\/categories?post=496"},{"taxonomy":"post_tag","embeddable":true,"href":"https:\/\/www.blogsoestado.com\/ruypalhano\/wp-json\/wp\/v2\/tags?post=496"}],"curies":[{"name":"wp","href":"https:\/\/api.w.org\/{rel}","templated":true}]}}