{"id":518,"date":"2013-09-01T19:21:35","date_gmt":"2013-09-01T22:21:35","guid":{"rendered":"https:\/\/www.blogsoestado.com\/ruypalhano\/?p=518"},"modified":"2013-09-01T19:21:35","modified_gmt":"2013-09-01T22:21:35","slug":"personalidade-boderline","status":"publish","type":"post","link":"https:\/\/www.blogsoestado.com\/ruypalhano\/2013\/09\/01\/personalidade-boderline\/","title":{"rendered":"Personalidade Boderline"},"content":{"rendered":"<p align=\"center\">Personalidade Boderline<\/p>\n<p>Frequentemente ouve-se falar nos ciclos sociais ou na grande m\u00eddia um termo que \u00e9 pol\u00e9mico em psiquiatria que \u00e9 <b><i>\u201cPersonalidade Borderline&#8221;<\/i><\/b> referindo-se a um grupo de pessoas que apresentam diferentes altera\u00e7\u00f5es emocionais, sociais e comportamentais espec\u00edficas em seu comportamento. Pela etimologia trata-se de um transtorno que se encontra situado na fronteira diagn\u00f3stica da neurose e da psicose.<\/p>\n<p>Este transtorno ocorre no desenvolvimento da personalidade de alguns indiv\u00edduos, portanto s\u00e3o doen\u00e7as que ocorrem na forma\u00e7\u00e3o e estrutura\u00e7\u00e3o da personalidade. S\u00e3o transtornos diagnosticados e tratados pela psiquiatria contempor\u00e2nea e por t\u00e9cnicas terap\u00eauticas como as psicoterapias e a terapia ocupacional.<\/p>\n<p>As caracter\u00edsticas essenciais do Transtorno da Personalidade Borderline (TPB) s\u00e3o padr\u00f5es comportamentais que sempre se iniciam na adolesc\u00eancia e invadem a vida adulta, muito embora alguns enfermos que j\u00e1 apresentam alguns sintomas do mesmo na inf\u00e2ncia.<\/p>\n<p>O sintoma principal \u00e9 a <b><i>instabilidade afetiva verificados em seus relacionamentos interpessoais<\/i><\/b>. Apresentam auto imagem muito ruim, isto \u00e9, s\u00e3o pessoas que n\u00e3o se gostam ou n\u00e3o se aceitam, s\u00e3o impulsivos e sempre querem que as coisas saiam sempre do seu jeito; s\u00e3o impulsivos, agressivos com flutua\u00e7\u00f5es moment\u00e2neas desses sentimentos. N\u00e3o s\u00e3o chegados a planejar nada que fazem para conseguir as coisas e, quando n\u00e3o conseguem, apresentam <b><i>\u201cacessos de raiva intensa\u201d<\/i><\/b>, podendo apresentar rea\u00e7\u00f5es violentas intempestivas e descontroladas, especialmente quando seus atos impulsivos s\u00e3o criticados ou impedidos em sua realiza\u00e7\u00e3o.<\/p>\n<p>O TPB se manifesta predominante depois dos 18 anos, frente \u00e0s mais diversas circunst\u00e2ncias pessoais ou ambientais. S\u00e3o pessoas que fazem esfor\u00e7o muito grande para evitar um abandono real ou imaginado e quando ocorre uma separa\u00e7\u00e3o, demonstram intensa raiva perante este fato. N\u00e3o suportam e tem absoluta incapacidade de ficarem s\u00f3s por isto mesmo aspiram sempre estar em companhias. Idealizam de forma exagerada as pessoas com as quais se relacionam, dotando-as de qualidades positivas, e exigem delas uma presen\u00e7a constante, sufocante, e um compartilhar de detalhes extremamente \u00edntimos, j\u00e1 na fase inicial de um relacionamento.<\/p>\n<p>Estas rea\u00e7\u00f5es se modificam repentinamente quando suspeitam que a pessoa idealizada n\u00e3o est\u00e1 correspondendo com suas expectativas podendo inclusive mudar seus sentimentos de fei\u00e7\u00e3o e carinho para os de raiva e desprezo.<\/p>\n<p>S\u00e3o h\u00e1beis em manejar com os outros para adquirirem o que desejam e estimulam os outros a lhes propiciar aquilo que querem. Pode-se dizer que nas pessoas acometidas de TPB os sentimentos de carinho pelo outro est\u00e3o relacionado com interesses para atender de forma incondicional \u00e0s suas necessidades. Da\u00ed serem frequentes as mudan\u00e7as s\u00fabitas e dram\u00e1ticas de suas opini\u00f5es sobre os outros, que podem ser vistos alternadamente como bons e carinhosos ou como cru\u00e9is, maus e insens\u00edveis.<\/p>\n<p>Outra caracter\u00edstica marcante s\u00e3o as flutua\u00e7\u00f5es de humor e do estado emocional que podem passar de um confort\u00e1vel sentimento de prazer \u00e0 agressividade, e \u00e0 explosividade. Podem passar rapidamente do papel de pessoa am\u00e1vel e carente de aux\u00edlio para o de vingador implac\u00e1vel e cruel, quando frustrados ou n\u00e3o amados da forma que idealizaram. S\u00e3o indiv\u00edduos sujeitos a acessos de ira e verdadeiros ataques de f\u00faria, em completa inadequa\u00e7\u00e3o ao est\u00edmulo desencadeante. Essas crises de f\u00faria e agressividade acontecem de forma inesperada, intempestivamente e, habitualmente, t\u00eam por alvo pessoas do conv\u00edvio mais \u00edntimo, como os pais, irm\u00e3os, familiares, amigos, namorados ou c\u00f4njuges, entre outros.<\/p>\n<p>Por \u00faltimo apresentam tamb\u00e9m depress\u00f5es entremeadas por sentimentos de prazer dependendo o dos objetivos alcan\u00e7ados. Podem em raz\u00e3o das disfun\u00e7\u00f5es cognitivas grosseiras apresentar graus variados de desconfian\u00e7a podendo chegar a quadros graves de del\u00edrios de persegui\u00e7\u00e3o. Podem tamb\u00e9m apresentar quadros de mutila\u00e7\u00e3o corporal tentativas de suic\u00eddios ou mesmo chegar a execut\u00e1-los.<\/p>\n<p>Quanto ao tratamento desses pacientes deve-se sempre considerar os problemas interrelacionais, reacionais, afetivos e adaptativos que apresentam. S\u00e3o utilizados estabilizadores do humor, antidepressivos e, em alguns casos, neurol\u00e9pticos. H\u00e1 indica\u00e7\u00e3o de psicoterapia, principalmente psicoterapia cognitiva comportamental.<\/p>\n<p>&nbsp;<\/p>\n","protected":false},"excerpt":{"rendered":"<p>Personalidade Boderline Frequentemente ouve-se falar nos ciclos sociais ou na grande m\u00eddia um termo que \u00e9 pol\u00e9mico em psiquiatria que [&hellip;]<\/p>\n","protected":false},"author":3,"featured_media":0,"comment_status":"open","ping_status":"open","sticky":false,"template":"","format":"standard","meta":{"site-sidebar-layout":"default","site-content-layout":"","ast-site-content-layout":"default","site-content-style":"default","site-sidebar-style":"default","ast-global-header-display":"","ast-banner-title-visibility":"","ast-main-header-display":"","ast-hfb-above-header-display":"","ast-hfb-below-header-display":"","ast-hfb-mobile-header-display":"","site-post-title":"","ast-breadcrumbs-content":"","ast-featured-img":"","footer-sml-layout":"","ast-disable-related-posts":"","theme-transparent-header-meta":"","adv-header-id-meta":"","stick-header-meta":"","header-above-stick-meta":"","header-main-stick-meta":"","header-below-stick-meta":"","astra-migrate-meta-layouts":"default","ast-page-background-enabled":"default","ast-page-background-meta":{"desktop":{"background-color":"var(--ast-global-color-5)","background-image":"","background-repeat":"repeat","background-position":"center center","background-size":"auto","background-attachment":"scroll","background-type":"","background-media":"","overlay-type":"","overlay-color":"","overlay-opacity":"","overlay-gradient":""},"tablet":{"background-color":"","background-image":"","background-repeat":"repeat","background-position":"center center","background-size":"auto","background-attachment":"scroll","background-type":"","background-media":"","overlay-type":"","overlay-color":"","overlay-opacity":"","overlay-gradient":""},"mobile":{"background-color":"","background-image":"","background-repeat":"repeat","background-position":"center center","background-size":"auto","background-attachment":"scroll","background-type":"","background-media":"","overlay-type":"","overlay-color":"","overlay-opacity":"","overlay-gradient":""}},"ast-content-background-meta":{"desktop":{"background-color":"var(--ast-global-color-4)","background-image":"","background-repeat":"repeat","background-position":"center center","background-size":"auto","background-attachment":"scroll","background-type":"","background-media":"","overlay-type":"","overlay-color":"","overlay-opacity":"","overlay-gradient":""},"tablet":{"background-color":"var(--ast-global-color-4)","background-image":"","background-repeat":"repeat","background-position":"center center","background-size":"auto","background-attachment":"scroll","background-type":"","background-media":"","overlay-type":"","overlay-color":"","overlay-opacity":"","overlay-gradient":""},"mobile":{"background-color":"var(--ast-global-color-4)","background-image":"","background-repeat":"repeat","background-position":"center center","background-size":"auto","background-attachment":"scroll","background-type":"","background-media":"","overlay-type":"","overlay-color":"","overlay-opacity":"","overlay-gradient":""}},"footnotes":""},"categories":[5],"tags":[],"class_list":["post-518","post","type-post","status-publish","format-standard","hentry","category-doenca-mental"],"yoast_head":"<!-- This site is optimized with the Yoast SEO plugin v26.6 - https:\/\/yoast.com\/wordpress\/plugins\/seo\/ -->\n<title>Personalidade Boderline - Ruy Palhano<\/title>\n<meta name=\"robots\" content=\"index, follow, max-snippet:-1, max-image-preview:large, max-video-preview:-1\" \/>\n<link rel=\"canonical\" href=\"https:\/\/www.blogsoestado.com\/ruypalhano\/2013\/09\/01\/personalidade-boderline\/\" \/>\n<meta property=\"og:locale\" content=\"pt_BR\" \/>\n<meta property=\"og:type\" content=\"article\" \/>\n<meta property=\"og:title\" content=\"Personalidade Boderline - Ruy Palhano\" \/>\n<meta property=\"og:description\" content=\"Personalidade Boderline Frequentemente ouve-se falar nos ciclos sociais ou na grande m\u00eddia um termo que \u00e9 pol\u00e9mico em psiquiatria que [&hellip;]\" \/>\n<meta property=\"og:url\" content=\"https:\/\/www.blogsoestado.com\/ruypalhano\/2013\/09\/01\/personalidade-boderline\/\" \/>\n<meta property=\"og:site_name\" content=\"Ruy Palhano\" \/>\n<meta property=\"article:published_time\" content=\"2013-09-01T22:21:35+00:00\" \/>\n<meta name=\"author\" content=\"Ruy Palhano\" \/>\n<meta name=\"twitter:card\" content=\"summary_large_image\" \/>\n<meta name=\"twitter:label1\" content=\"Escrito por\" \/>\n\t<meta name=\"twitter:data1\" content=\"Ruy Palhano\" \/>\n\t<meta name=\"twitter:label2\" content=\"Est. tempo de leitura\" \/>\n\t<meta name=\"twitter:data2\" content=\"3 minutos\" \/>\n<script type=\"application\/ld+json\" class=\"yoast-schema-graph\">{\"@context\":\"https:\/\/schema.org\",\"@graph\":[{\"@type\":\"WebPage\",\"@id\":\"https:\/\/www.blogsoestado.com\/ruypalhano\/2013\/09\/01\/personalidade-boderline\/\",\"url\":\"https:\/\/www.blogsoestado.com\/ruypalhano\/2013\/09\/01\/personalidade-boderline\/\",\"name\":\"Personalidade Boderline - Ruy Palhano\",\"isPartOf\":{\"@id\":\"https:\/\/www.blogsoestado.com\/ruypalhano\/#website\"},\"datePublished\":\"2013-09-01T22:21:35+00:00\",\"author\":{\"@id\":\"https:\/\/www.blogsoestado.com\/ruypalhano\/#\/schema\/person\/ef49e08ec3e742dec1682f34674f2c84\"},\"breadcrumb\":{\"@id\":\"https:\/\/www.blogsoestado.com\/ruypalhano\/2013\/09\/01\/personalidade-boderline\/#breadcrumb\"},\"inLanguage\":\"pt-BR\",\"potentialAction\":[{\"@type\":\"ReadAction\",\"target\":[\"https:\/\/www.blogsoestado.com\/ruypalhano\/2013\/09\/01\/personalidade-boderline\/\"]}]},{\"@type\":\"BreadcrumbList\",\"@id\":\"https:\/\/www.blogsoestado.com\/ruypalhano\/2013\/09\/01\/personalidade-boderline\/#breadcrumb\",\"itemListElement\":[{\"@type\":\"ListItem\",\"position\":1,\"name\":\"In\u00edcio\",\"item\":\"https:\/\/www.blogsoestado.com\/ruypalhano\/\"},{\"@type\":\"ListItem\",\"position\":2,\"name\":\"Personalidade Boderline\"}]},{\"@type\":\"WebSite\",\"@id\":\"https:\/\/www.blogsoestado.com\/ruypalhano\/#website\",\"url\":\"https:\/\/www.blogsoestado.com\/ruypalhano\/\",\"name\":\"Ruy Palhano\",\"description\":\"\",\"potentialAction\":[{\"@type\":\"SearchAction\",\"target\":{\"@type\":\"EntryPoint\",\"urlTemplate\":\"https:\/\/www.blogsoestado.com\/ruypalhano\/?s={search_term_string}\"},\"query-input\":{\"@type\":\"PropertyValueSpecification\",\"valueRequired\":true,\"valueName\":\"search_term_string\"}}],\"inLanguage\":\"pt-BR\"},{\"@type\":\"Person\",\"@id\":\"https:\/\/www.blogsoestado.com\/ruypalhano\/#\/schema\/person\/ef49e08ec3e742dec1682f34674f2c84\",\"name\":\"Ruy Palhano\",\"image\":{\"@type\":\"ImageObject\",\"inLanguage\":\"pt-BR\",\"@id\":\"https:\/\/www.blogsoestado.com\/ruypalhano\/#\/schema\/person\/image\/\",\"url\":\"https:\/\/secure.gravatar.com\/avatar\/d08170dc68d65048f069f40789786091e8b070aa02b0d2e514ddd0244c684a5a?s=96&d=mm&r=g\",\"contentUrl\":\"https:\/\/secure.gravatar.com\/avatar\/d08170dc68d65048f069f40789786091e8b070aa02b0d2e514ddd0244c684a5a?s=96&d=mm&r=g\",\"caption\":\"Ruy Palhano\"},\"url\":\"https:\/\/www.blogsoestado.com\/ruypalhano\/author\/ruypalhano\/\"}]}<\/script>\n<!-- \/ Yoast SEO plugin. -->","yoast_head_json":{"title":"Personalidade Boderline - Ruy Palhano","robots":{"index":"index","follow":"follow","max-snippet":"max-snippet:-1","max-image-preview":"max-image-preview:large","max-video-preview":"max-video-preview:-1"},"canonical":"https:\/\/www.blogsoestado.com\/ruypalhano\/2013\/09\/01\/personalidade-boderline\/","og_locale":"pt_BR","og_type":"article","og_title":"Personalidade Boderline - Ruy Palhano","og_description":"Personalidade Boderline Frequentemente ouve-se falar nos ciclos sociais ou na grande m\u00eddia um termo que \u00e9 pol\u00e9mico em psiquiatria que [&hellip;]","og_url":"https:\/\/www.blogsoestado.com\/ruypalhano\/2013\/09\/01\/personalidade-boderline\/","og_site_name":"Ruy Palhano","article_published_time":"2013-09-01T22:21:35+00:00","author":"Ruy Palhano","twitter_card":"summary_large_image","twitter_misc":{"Escrito por":"Ruy Palhano","Est. tempo de leitura":"3 minutos"},"schema":{"@context":"https:\/\/schema.org","@graph":[{"@type":"WebPage","@id":"https:\/\/www.blogsoestado.com\/ruypalhano\/2013\/09\/01\/personalidade-boderline\/","url":"https:\/\/www.blogsoestado.com\/ruypalhano\/2013\/09\/01\/personalidade-boderline\/","name":"Personalidade Boderline - Ruy Palhano","isPartOf":{"@id":"https:\/\/www.blogsoestado.com\/ruypalhano\/#website"},"datePublished":"2013-09-01T22:21:35+00:00","author":{"@id":"https:\/\/www.blogsoestado.com\/ruypalhano\/#\/schema\/person\/ef49e08ec3e742dec1682f34674f2c84"},"breadcrumb":{"@id":"https:\/\/www.blogsoestado.com\/ruypalhano\/2013\/09\/01\/personalidade-boderline\/#breadcrumb"},"inLanguage":"pt-BR","potentialAction":[{"@type":"ReadAction","target":["https:\/\/www.blogsoestado.com\/ruypalhano\/2013\/09\/01\/personalidade-boderline\/"]}]},{"@type":"BreadcrumbList","@id":"https:\/\/www.blogsoestado.com\/ruypalhano\/2013\/09\/01\/personalidade-boderline\/#breadcrumb","itemListElement":[{"@type":"ListItem","position":1,"name":"In\u00edcio","item":"https:\/\/www.blogsoestado.com\/ruypalhano\/"},{"@type":"ListItem","position":2,"name":"Personalidade Boderline"}]},{"@type":"WebSite","@id":"https:\/\/www.blogsoestado.com\/ruypalhano\/#website","url":"https:\/\/www.blogsoestado.com\/ruypalhano\/","name":"Ruy Palhano","description":"","potentialAction":[{"@type":"SearchAction","target":{"@type":"EntryPoint","urlTemplate":"https:\/\/www.blogsoestado.com\/ruypalhano\/?s={search_term_string}"},"query-input":{"@type":"PropertyValueSpecification","valueRequired":true,"valueName":"search_term_string"}}],"inLanguage":"pt-BR"},{"@type":"Person","@id":"https:\/\/www.blogsoestado.com\/ruypalhano\/#\/schema\/person\/ef49e08ec3e742dec1682f34674f2c84","name":"Ruy Palhano","image":{"@type":"ImageObject","inLanguage":"pt-BR","@id":"https:\/\/www.blogsoestado.com\/ruypalhano\/#\/schema\/person\/image\/","url":"https:\/\/secure.gravatar.com\/avatar\/d08170dc68d65048f069f40789786091e8b070aa02b0d2e514ddd0244c684a5a?s=96&d=mm&r=g","contentUrl":"https:\/\/secure.gravatar.com\/avatar\/d08170dc68d65048f069f40789786091e8b070aa02b0d2e514ddd0244c684a5a?s=96&d=mm&r=g","caption":"Ruy Palhano"},"url":"https:\/\/www.blogsoestado.com\/ruypalhano\/author\/ruypalhano\/"}]}},"jetpack_featured_media_url":"","_links":{"self":[{"href":"https:\/\/www.blogsoestado.com\/ruypalhano\/wp-json\/wp\/v2\/posts\/518","targetHints":{"allow":["GET"]}}],"collection":[{"href":"https:\/\/www.blogsoestado.com\/ruypalhano\/wp-json\/wp\/v2\/posts"}],"about":[{"href":"https:\/\/www.blogsoestado.com\/ruypalhano\/wp-json\/wp\/v2\/types\/post"}],"author":[{"embeddable":true,"href":"https:\/\/www.blogsoestado.com\/ruypalhano\/wp-json\/wp\/v2\/users\/3"}],"replies":[{"embeddable":true,"href":"https:\/\/www.blogsoestado.com\/ruypalhano\/wp-json\/wp\/v2\/comments?post=518"}],"version-history":[{"count":0,"href":"https:\/\/www.blogsoestado.com\/ruypalhano\/wp-json\/wp\/v2\/posts\/518\/revisions"}],"wp:attachment":[{"href":"https:\/\/www.blogsoestado.com\/ruypalhano\/wp-json\/wp\/v2\/media?parent=518"}],"wp:term":[{"taxonomy":"category","embeddable":true,"href":"https:\/\/www.blogsoestado.com\/ruypalhano\/wp-json\/wp\/v2\/categories?post=518"},{"taxonomy":"post_tag","embeddable":true,"href":"https:\/\/www.blogsoestado.com\/ruypalhano\/wp-json\/wp\/v2\/tags?post=518"}],"curies":[{"name":"wp","href":"https:\/\/api.w.org\/{rel}","templated":true}]}}