{"id":521,"date":"2013-09-08T18:09:59","date_gmt":"2013-09-08T21:09:59","guid":{"rendered":"https:\/\/www.blogsoestado.com\/ruypalhano\/?p=521"},"modified":"2013-09-08T18:09:59","modified_gmt":"2013-09-08T21:09:59","slug":"repudio-a-cena-de-novela-da-tv-globo-na-novela-das-08","status":"publish","type":"post","link":"https:\/\/www.blogsoestado.com\/ruypalhano\/2013\/09\/08\/repudio-a-cena-de-novela-da-tv-globo-na-novela-das-08\/","title":{"rendered":"Rep\u00fadio \u00e0 cena de novela da Tv Globo na novela das 08"},"content":{"rendered":"<div>\n<div>\n<div id=\"id_522ce5c69ee206606672356\">Gostei muito da nota de rep\u00fadio da Associa\u00e7\u00e3o Brasileira de Psiquiatria &#8211; ABP ante as distor\u00e7\u00f5es t\u00e9cnicas, \u00e9ticas e de forte preconceito revelados pela novela das 08 hs da Tv globo , onde uma atriz se reveste de doente mental e \u00e9 v\u00edtima de &#8230;sess\u00f5es de Eleconvulsoterapia, expondo de forma pejorativa e anti\u00e9tica a aplica\u00e7\u00f5es deste tratamento pela psiquiatria. \u00c9 lament\u00e1vel que uma empresa como a Globo n\u00e3o busque os melhores assessores ( consultores)par falar de um tema complexo que \u00e9 a \u00e9tica e as t\u00e9cnicas de um tratamento psiqui\u00e1trico. Vejam o link ver mais<\/div>\n<div><\/div>\n<div><\/div>\n<div><a href=\"http:\/\/www.abp.org.br\/portal\/\" target=\"_blank\" rel=\"nofollow nofollow\">http:\/\/www.abp.org.br\/portal\/<\/a><\/div>\n<\/div>\n<\/div>\n<div>\n<div><img decoding=\"async\" alt=\"\" src=\"https:\/\/fbstatic-a.akamaihd.net\/rsrc.php\/v2\/y4\/r\/-PAXP-deijE.gif\" width=\"116\" height=\"116\" \/><\/div>\n<div>\n<div>\n<div dir=\"ltr\">Associa\u00e7\u00e3o Brasileira de Psiquiatria<\/div>\n<div>www.abp.org.br<\/div>\n<div dir=\"ltr\">A ABP \u2013 Associa\u00e7\u00e3o Brasileira de Psiquiatria, \u00e9 uma entidade sem fins lucrativos, representativa dos psiquiatras no pa\u00eds, que atualmente re\u00fane 5.500 associados, congrega 55 federadas, seis n\u00facleos em todos os Estados da Federa\u00e7\u00e3o e cinco<\/div>\n<\/div>\n<\/div>\n<\/div>\n","protected":false},"excerpt":{"rendered":"<p>Gostei muito da nota de rep\u00fadio da Associa\u00e7\u00e3o Brasileira de Psiquiatria &#8211; ABP ante as distor\u00e7\u00f5es t\u00e9cnicas, \u00e9ticas e de [&hellip;]<\/p>\n","protected":false},"author":3,"featured_media":0,"comment_status":"open","ping_status":"open","sticky":false,"template":"","format":"standard","meta":{"site-sidebar-layout":"default","site-content-layout":"","ast-site-content-layout":"default","site-content-style":"default","site-sidebar-style":"default","ast-global-header-display":"","ast-banner-title-visibility":"","ast-main-header-display":"","ast-hfb-above-header-display":"","ast-hfb-below-header-display":"","ast-hfb-mobile-header-display":"","site-post-title":"","ast-breadcrumbs-content":"","ast-featured-img":"","footer-sml-layout":"","ast-disable-related-posts":"","theme-transparent-header-meta":"","adv-header-id-meta":"","stick-header-meta":"","header-above-stick-meta":"","header-main-stick-meta":"","header-below-stick-meta":"","astra-migrate-meta-layouts":"default","ast-page-background-enabled":"default","ast-page-background-meta":{"desktop":{"background-color":"var(--ast-global-color-5)","background-image":"","background-repeat":"repeat","background-position":"center center","background-size":"auto","background-attachment":"scroll","background-type":"","background-media":"","overlay-type":"","overlay-color":"","overlay-opacity":"","overlay-gradient":""},"tablet":{"background-color":"","background-image":"","background-repeat":"repeat","background-position":"center center","background-size":"auto","background-attachment":"scroll","background-type":"","background-media":"","overlay-type":"","overlay-color":"","overlay-opacity":"","overlay-gradient":""},"mobile":{"background-color":"","background-image":"","background-repeat":"repeat","background-position":"center center","background-size":"auto","background-attachment":"scroll","background-type":"","background-media":"","overlay-type":"","overlay-color":"","overlay-opacity":"","overlay-gradient":""}},"ast-content-background-meta":{"desktop":{"background-color":"var(--ast-global-color-4)","background-image":"","background-repeat":"repeat","background-position":"center center","background-size":"auto","background-attachment":"scroll","background-type":"","background-media":"","overlay-type":"","overlay-color":"","overlay-opacity":"","overlay-gradient":""},"tablet":{"background-color":"var(--ast-global-color-4)","background-image":"","background-repeat":"repeat","background-position":"center center","background-size":"auto","background-attachment":"scroll","background-type":"","background-media":"","overlay-type":"","overlay-color":"","overlay-opacity":"","overlay-gradient":""},"mobile":{"background-color":"var(--ast-global-color-4)","background-image":"","background-repeat":"repeat","background-position":"center center","background-size":"auto","background-attachment":"scroll","background-type":"","background-media":"","overlay-type":"","overlay-color":"","overlay-opacity":"","overlay-gradient":""}},"footnotes":""},"categories":[3],"tags":[],"class_list":["post-521","post","type-post","status-publish","format-standard","hentry","category-comportamento"],"yoast_head":"<!-- This site is optimized with the Yoast SEO plugin v26.6 - https:\/\/yoast.com\/wordpress\/plugins\/seo\/ -->\n<title>Rep\u00fadio \u00e0 cena de novela da Tv Globo na novela das 08 - Ruy Palhano<\/title>\n<meta name=\"robots\" content=\"index, follow, max-snippet:-1, max-image-preview:large, max-video-preview:-1\" \/>\n<link rel=\"canonical\" href=\"https:\/\/www.blogsoestado.com\/ruypalhano\/2013\/09\/08\/repudio-a-cena-de-novela-da-tv-globo-na-novela-das-08\/\" \/>\n<meta property=\"og:locale\" content=\"pt_BR\" \/>\n<meta property=\"og:type\" content=\"article\" \/>\n<meta property=\"og:title\" content=\"Rep\u00fadio \u00e0 cena de novela da Tv Globo na novela das 08 - Ruy Palhano\" \/>\n<meta property=\"og:description\" content=\"Gostei muito da nota de rep\u00fadio da Associa\u00e7\u00e3o Brasileira de Psiquiatria &#8211; ABP ante as distor\u00e7\u00f5es t\u00e9cnicas, \u00e9ticas e de [&hellip;]\" \/>\n<meta property=\"og:url\" content=\"https:\/\/www.blogsoestado.com\/ruypalhano\/2013\/09\/08\/repudio-a-cena-de-novela-da-tv-globo-na-novela-das-08\/\" \/>\n<meta property=\"og:site_name\" content=\"Ruy Palhano\" \/>\n<meta property=\"article:published_time\" content=\"2013-09-08T21:09:59+00:00\" \/>\n<meta property=\"og:image\" content=\"https:\/\/fbstatic-a.akamaihd.net\/rsrc.php\/v2\/y4\/r\/-PAXP-deijE.gif\" \/>\n<meta name=\"author\" content=\"Ruy Palhano\" \/>\n<meta name=\"twitter:card\" content=\"summary_large_image\" \/>\n<meta name=\"twitter:label1\" content=\"Escrito por\" \/>\n\t<meta name=\"twitter:data1\" content=\"Ruy Palhano\" \/>\n\t<meta name=\"twitter:label2\" content=\"Est. tempo de leitura\" \/>\n\t<meta name=\"twitter:data2\" content=\"1 minuto\" \/>\n<script type=\"application\/ld+json\" class=\"yoast-schema-graph\">{\"@context\":\"https:\/\/schema.org\",\"@graph\":[{\"@type\":\"WebPage\",\"@id\":\"https:\/\/www.blogsoestado.com\/ruypalhano\/2013\/09\/08\/repudio-a-cena-de-novela-da-tv-globo-na-novela-das-08\/\",\"url\":\"https:\/\/www.blogsoestado.com\/ruypalhano\/2013\/09\/08\/repudio-a-cena-de-novela-da-tv-globo-na-novela-das-08\/\",\"name\":\"Rep\u00fadio \u00e0 cena de novela da Tv Globo na novela das 08 - Ruy Palhano\",\"isPartOf\":{\"@id\":\"https:\/\/www.blogsoestado.com\/ruypalhano\/#website\"},\"primaryImageOfPage\":{\"@id\":\"https:\/\/www.blogsoestado.com\/ruypalhano\/2013\/09\/08\/repudio-a-cena-de-novela-da-tv-globo-na-novela-das-08\/#primaryimage\"},\"image\":{\"@id\":\"https:\/\/www.blogsoestado.com\/ruypalhano\/2013\/09\/08\/repudio-a-cena-de-novela-da-tv-globo-na-novela-das-08\/#primaryimage\"},\"thumbnailUrl\":\"https:\/\/fbstatic-a.akamaihd.net\/rsrc.php\/v2\/y4\/r\/-PAXP-deijE.gif\",\"datePublished\":\"2013-09-08T21:09:59+00:00\",\"author\":{\"@id\":\"https:\/\/www.blogsoestado.com\/ruypalhano\/#\/schema\/person\/ef49e08ec3e742dec1682f34674f2c84\"},\"breadcrumb\":{\"@id\":\"https:\/\/www.blogsoestado.com\/ruypalhano\/2013\/09\/08\/repudio-a-cena-de-novela-da-tv-globo-na-novela-das-08\/#breadcrumb\"},\"inLanguage\":\"pt-BR\",\"potentialAction\":[{\"@type\":\"ReadAction\",\"target\":[\"https:\/\/www.blogsoestado.com\/ruypalhano\/2013\/09\/08\/repudio-a-cena-de-novela-da-tv-globo-na-novela-das-08\/\"]}]},{\"@type\":\"ImageObject\",\"inLanguage\":\"pt-BR\",\"@id\":\"https:\/\/www.blogsoestado.com\/ruypalhano\/2013\/09\/08\/repudio-a-cena-de-novela-da-tv-globo-na-novela-das-08\/#primaryimage\",\"url\":\"https:\/\/fbstatic-a.akamaihd.net\/rsrc.php\/v2\/y4\/r\/-PAXP-deijE.gif\",\"contentUrl\":\"https:\/\/fbstatic-a.akamaihd.net\/rsrc.php\/v2\/y4\/r\/-PAXP-deijE.gif\"},{\"@type\":\"BreadcrumbList\",\"@id\":\"https:\/\/www.blogsoestado.com\/ruypalhano\/2013\/09\/08\/repudio-a-cena-de-novela-da-tv-globo-na-novela-das-08\/#breadcrumb\",\"itemListElement\":[{\"@type\":\"ListItem\",\"position\":1,\"name\":\"In\u00edcio\",\"item\":\"https:\/\/www.blogsoestado.com\/ruypalhano\/\"},{\"@type\":\"ListItem\",\"position\":2,\"name\":\"Rep\u00fadio \u00e0 cena de novela da Tv Globo na novela das 08\"}]},{\"@type\":\"WebSite\",\"@id\":\"https:\/\/www.blogsoestado.com\/ruypalhano\/#website\",\"url\":\"https:\/\/www.blogsoestado.com\/ruypalhano\/\",\"name\":\"Ruy Palhano\",\"description\":\"\",\"potentialAction\":[{\"@type\":\"SearchAction\",\"target\":{\"@type\":\"EntryPoint\",\"urlTemplate\":\"https:\/\/www.blogsoestado.com\/ruypalhano\/?s={search_term_string}\"},\"query-input\":{\"@type\":\"PropertyValueSpecification\",\"valueRequired\":true,\"valueName\":\"search_term_string\"}}],\"inLanguage\":\"pt-BR\"},{\"@type\":\"Person\",\"@id\":\"https:\/\/www.blogsoestado.com\/ruypalhano\/#\/schema\/person\/ef49e08ec3e742dec1682f34674f2c84\",\"name\":\"Ruy Palhano\",\"image\":{\"@type\":\"ImageObject\",\"inLanguage\":\"pt-BR\",\"@id\":\"https:\/\/www.blogsoestado.com\/ruypalhano\/#\/schema\/person\/image\/\",\"url\":\"https:\/\/secure.gravatar.com\/avatar\/d08170dc68d65048f069f40789786091e8b070aa02b0d2e514ddd0244c684a5a?s=96&d=mm&r=g\",\"contentUrl\":\"https:\/\/secure.gravatar.com\/avatar\/d08170dc68d65048f069f40789786091e8b070aa02b0d2e514ddd0244c684a5a?s=96&d=mm&r=g\",\"caption\":\"Ruy Palhano\"},\"url\":\"https:\/\/www.blogsoestado.com\/ruypalhano\/author\/ruypalhano\/\"}]}<\/script>\n<!-- \/ Yoast SEO plugin. -->","yoast_head_json":{"title":"Rep\u00fadio \u00e0 cena de novela da Tv Globo na novela das 08 - Ruy Palhano","robots":{"index":"index","follow":"follow","max-snippet":"max-snippet:-1","max-image-preview":"max-image-preview:large","max-video-preview":"max-video-preview:-1"},"canonical":"https:\/\/www.blogsoestado.com\/ruypalhano\/2013\/09\/08\/repudio-a-cena-de-novela-da-tv-globo-na-novela-das-08\/","og_locale":"pt_BR","og_type":"article","og_title":"Rep\u00fadio \u00e0 cena de novela da Tv Globo na novela das 08 - Ruy Palhano","og_description":"Gostei muito da nota de rep\u00fadio da Associa\u00e7\u00e3o Brasileira de Psiquiatria &#8211; ABP ante as distor\u00e7\u00f5es t\u00e9cnicas, \u00e9ticas e de [&hellip;]","og_url":"https:\/\/www.blogsoestado.com\/ruypalhano\/2013\/09\/08\/repudio-a-cena-de-novela-da-tv-globo-na-novela-das-08\/","og_site_name":"Ruy Palhano","article_published_time":"2013-09-08T21:09:59+00:00","og_image":[{"url":"https:\/\/fbstatic-a.akamaihd.net\/rsrc.php\/v2\/y4\/r\/-PAXP-deijE.gif","type":"","width":"","height":""}],"author":"Ruy Palhano","twitter_card":"summary_large_image","twitter_misc":{"Escrito por":"Ruy Palhano","Est. tempo de leitura":"1 minuto"},"schema":{"@context":"https:\/\/schema.org","@graph":[{"@type":"WebPage","@id":"https:\/\/www.blogsoestado.com\/ruypalhano\/2013\/09\/08\/repudio-a-cena-de-novela-da-tv-globo-na-novela-das-08\/","url":"https:\/\/www.blogsoestado.com\/ruypalhano\/2013\/09\/08\/repudio-a-cena-de-novela-da-tv-globo-na-novela-das-08\/","name":"Rep\u00fadio \u00e0 cena de novela da Tv Globo na novela das 08 - Ruy Palhano","isPartOf":{"@id":"https:\/\/www.blogsoestado.com\/ruypalhano\/#website"},"primaryImageOfPage":{"@id":"https:\/\/www.blogsoestado.com\/ruypalhano\/2013\/09\/08\/repudio-a-cena-de-novela-da-tv-globo-na-novela-das-08\/#primaryimage"},"image":{"@id":"https:\/\/www.blogsoestado.com\/ruypalhano\/2013\/09\/08\/repudio-a-cena-de-novela-da-tv-globo-na-novela-das-08\/#primaryimage"},"thumbnailUrl":"https:\/\/fbstatic-a.akamaihd.net\/rsrc.php\/v2\/y4\/r\/-PAXP-deijE.gif","datePublished":"2013-09-08T21:09:59+00:00","author":{"@id":"https:\/\/www.blogsoestado.com\/ruypalhano\/#\/schema\/person\/ef49e08ec3e742dec1682f34674f2c84"},"breadcrumb":{"@id":"https:\/\/www.blogsoestado.com\/ruypalhano\/2013\/09\/08\/repudio-a-cena-de-novela-da-tv-globo-na-novela-das-08\/#breadcrumb"},"inLanguage":"pt-BR","potentialAction":[{"@type":"ReadAction","target":["https:\/\/www.blogsoestado.com\/ruypalhano\/2013\/09\/08\/repudio-a-cena-de-novela-da-tv-globo-na-novela-das-08\/"]}]},{"@type":"ImageObject","inLanguage":"pt-BR","@id":"https:\/\/www.blogsoestado.com\/ruypalhano\/2013\/09\/08\/repudio-a-cena-de-novela-da-tv-globo-na-novela-das-08\/#primaryimage","url":"https:\/\/fbstatic-a.akamaihd.net\/rsrc.php\/v2\/y4\/r\/-PAXP-deijE.gif","contentUrl":"https:\/\/fbstatic-a.akamaihd.net\/rsrc.php\/v2\/y4\/r\/-PAXP-deijE.gif"},{"@type":"BreadcrumbList","@id":"https:\/\/www.blogsoestado.com\/ruypalhano\/2013\/09\/08\/repudio-a-cena-de-novela-da-tv-globo-na-novela-das-08\/#breadcrumb","itemListElement":[{"@type":"ListItem","position":1,"name":"In\u00edcio","item":"https:\/\/www.blogsoestado.com\/ruypalhano\/"},{"@type":"ListItem","position":2,"name":"Rep\u00fadio \u00e0 cena de novela da Tv Globo na novela das 08"}]},{"@type":"WebSite","@id":"https:\/\/www.blogsoestado.com\/ruypalhano\/#website","url":"https:\/\/www.blogsoestado.com\/ruypalhano\/","name":"Ruy Palhano","description":"","potentialAction":[{"@type":"SearchAction","target":{"@type":"EntryPoint","urlTemplate":"https:\/\/www.blogsoestado.com\/ruypalhano\/?s={search_term_string}"},"query-input":{"@type":"PropertyValueSpecification","valueRequired":true,"valueName":"search_term_string"}}],"inLanguage":"pt-BR"},{"@type":"Person","@id":"https:\/\/www.blogsoestado.com\/ruypalhano\/#\/schema\/person\/ef49e08ec3e742dec1682f34674f2c84","name":"Ruy Palhano","image":{"@type":"ImageObject","inLanguage":"pt-BR","@id":"https:\/\/www.blogsoestado.com\/ruypalhano\/#\/schema\/person\/image\/","url":"https:\/\/secure.gravatar.com\/avatar\/d08170dc68d65048f069f40789786091e8b070aa02b0d2e514ddd0244c684a5a?s=96&d=mm&r=g","contentUrl":"https:\/\/secure.gravatar.com\/avatar\/d08170dc68d65048f069f40789786091e8b070aa02b0d2e514ddd0244c684a5a?s=96&d=mm&r=g","caption":"Ruy Palhano"},"url":"https:\/\/www.blogsoestado.com\/ruypalhano\/author\/ruypalhano\/"}]}},"jetpack_featured_media_url":"","_links":{"self":[{"href":"https:\/\/www.blogsoestado.com\/ruypalhano\/wp-json\/wp\/v2\/posts\/521","targetHints":{"allow":["GET"]}}],"collection":[{"href":"https:\/\/www.blogsoestado.com\/ruypalhano\/wp-json\/wp\/v2\/posts"}],"about":[{"href":"https:\/\/www.blogsoestado.com\/ruypalhano\/wp-json\/wp\/v2\/types\/post"}],"author":[{"embeddable":true,"href":"https:\/\/www.blogsoestado.com\/ruypalhano\/wp-json\/wp\/v2\/users\/3"}],"replies":[{"embeddable":true,"href":"https:\/\/www.blogsoestado.com\/ruypalhano\/wp-json\/wp\/v2\/comments?post=521"}],"version-history":[{"count":0,"href":"https:\/\/www.blogsoestado.com\/ruypalhano\/wp-json\/wp\/v2\/posts\/521\/revisions"}],"wp:attachment":[{"href":"https:\/\/www.blogsoestado.com\/ruypalhano\/wp-json\/wp\/v2\/media?parent=521"}],"wp:term":[{"taxonomy":"category","embeddable":true,"href":"https:\/\/www.blogsoestado.com\/ruypalhano\/wp-json\/wp\/v2\/categories?post=521"},{"taxonomy":"post_tag","embeddable":true,"href":"https:\/\/www.blogsoestado.com\/ruypalhano\/wp-json\/wp\/v2\/tags?post=521"}],"curies":[{"name":"wp","href":"https:\/\/api.w.org\/{rel}","templated":true}]}}