{"id":544,"date":"2013-10-07T21:33:44","date_gmt":"2013-10-08T00:33:44","guid":{"rendered":"https:\/\/www.blogsoestado.com\/ruypalhano\/?p=544"},"modified":"2013-10-07T21:33:44","modified_gmt":"2013-10-08T00:33:44","slug":"para-onde-querem-levar-o-pais-com-a-cubanizacao-da-saude","status":"publish","type":"post","link":"https:\/\/www.blogsoestado.com\/ruypalhano\/2013\/10\/07\/para-onde-querem-levar-o-pais-com-a-cubanizacao-da-saude\/","title":{"rendered":"Para onde querem levar o pa\u00eds com a cubaniza\u00e7\u00e3o da sa\u00fade"},"content":{"rendered":"<p align=\"center\"><b><\/b><\/p>\n<p><b>\u00a0\u00a0\u00a0\u00a0\u00a0\u00a0\u00a0\u00a0\u00a0\u00a0\u00a0 <\/b>Apesar de terem sido largamente anunciado os argumentos das entidades m\u00e9dicas que se posicionaram contr\u00e1rias ao \u201cprograma mais m\u00e9dicos\u201d, o Governo Federal, de forma autorit\u00e1ria, antidemocr\u00e1tica e pela for\u00e7a de seu poder, fez valer o referido programa, apesar das mais de 560 emendas sugeridas para melhor\u00e1-lo do ponto de vista t\u00e9cnico, \u00e9tico e pol\u00edtico.\u00a0 Ocorre, que todo o esfor\u00e7o empreendido pela classe m\u00e9dica e por alguns parlamentares foram em v\u00e3o, pois o programa est\u00e1 sendo implantado, os m\u00e9dicos estrangeiros j\u00e1 est\u00e3o trabalhando, os Conselhos de Medicina, por for\u00e7a da justi\u00e7a, est\u00e3o concedendo os registros provis\u00f3rios desses m\u00e9dicos estrangeiros, os tutores est\u00e3o sendo escolhidos e o cursinho de portugu\u00eas a todo vapor.<\/p>\n<p>Mesmo assim, permanece viva em cada um de n\u00f3s a consci\u00eancia do dever cumprido ao denunciar a inconsist\u00eancia desse programa em suas bases, pois muitos outros fatores que n\u00e3o foram contemplados no \u00a0\u201cmais m\u00e9dicos\u201d e que colaboram para o agravamento da situa\u00e7\u00e3o atual da sa\u00fade deste pa\u00eds\u00a0 nos levam a acreditar em sua inocuidade, inefici\u00eancia e engana\u00e7\u00e3o para enfrentar os reais problemas de nossa sa\u00fade p\u00fablica.<\/p>\n<p>Por outro lado, nota-se a surpreendente import\u00e2ncia que este governo est\u00e1 dando para programa, pois de forma autorit\u00e1ria e com not\u00f3rio despudor executa-o a todo custo, d\u00ea-se no que der, pois n\u00e3o h\u00e1 qualquer argumento que o fa\u00e7a repens\u00e1-lo. Vejam a desconsidera\u00e7\u00e3o que o mesmo apresentou em rela\u00e7\u00e3o \u00e0s in\u00fameras contribui\u00e7\u00f5es que lhes foram oferecidas, especialmente pelas entidades m\u00e9dicas deste pa\u00eds no sentido de aperfei\u00e7o\u00e1-lo. A arrog\u00e2ncia do Ministro da Sa\u00fade, aliada \u00e0 inflexibilidade ideol\u00f3gica e a interesses pol\u00edticos ao implant\u00e1-lo, rompe com leis, com as regras institucionais e com as tradi\u00e7\u00f5es m\u00e9dicas deste pa\u00eds nos levando a acreditar que o programa, de fato, \u00e9 parte de uma audaciosa e requintada ambi\u00e7\u00e3o pol\u00edtica que certamente fomenta projetos de poder, juntamente com os que ocupam a c\u00fapula de seu partido.<\/p>\n<p>Eu n\u00e3o consigo entender, na qualidade de cidad\u00e3o brasileiro, m\u00e9dico e membro titular do CRM do meu estado, como propostas l\u00facidas, consequentes, respons\u00e1veis, inovadoras, \u00e9ticas e tecnicamente competentes, como as que foram recomendadas pela classe pol\u00edtica e entidades m\u00e9dicas para este governo, possam ter sido t\u00e3o desprezadas, recha\u00e7adas e vilipendiadas pelos mandat\u00e1rios do poder, respons\u00e1veis pela elabora\u00e7\u00e3o do programa.<\/p>\n<p>O constrangimento ao v\u00ea-lo funcionando \u00e9 geral, por ser imoral, ilegal e enganador. Por outro lado, nos revolta ver um conjunto de documentos, tradi\u00e7\u00f5es e leis importantes que regulam o funcionamento da sa\u00fade p\u00fablica de nosso pa\u00eds sendo mutilados pelo pr\u00f3prio governo. Vejam o que fizeram com o Exame \u201cRevalida\u201d, institu\u00eddo pela Lei Federal de <em>n\u00ba 9.394\/96, a qual assegurava que todos os diplomas obtidos em universidades estrangeiras deveriam ser revalidados nos termos e nas condi\u00e7\u00f5es da referida lei.<\/em><i><\/i><\/p>\n<p>Vejam o que fizeram com os Conselhos de Medicina, que s\u00e3o obrigados, por decis\u00e3o judicial, a certificarem de forma provis\u00f3ria m\u00e9dicos estrangeiros a trabalharem com nossa popula\u00e7\u00e3o e n\u00e3o sabemos nada sobre suas habilidades, sua forma\u00e7\u00e3o, suas compet\u00eancias e o pior, somos obrigados a fiscalizar suas pr\u00e1ticas! Isto \u00e9 uma tremenda brincadeira e um tremendo casu\u00edsmo vergonhoso. Onde j\u00e1 se viu m\u00e9dico trabalhar com um tutor representado por outro m\u00e9dico brasileiro? Outra aberra\u00e7\u00e3o hist\u00f3rica e vergonhosa.<\/p>\n<p>Como se n\u00e3o bastasse, todas estas idiossincrasias pol\u00edticas aplicadas \u00e0 sa\u00fade p\u00fablica brasileira, ficamos mais uma vez estarrecidos e indignados ao se saber que a Comiss\u00e3o Mista do Congresso Nacional (Deputados e Senadores) aprovou no dia 01 deste m\u00eas o Relat\u00f3rio sobre o programa mais m\u00e9dico (MP 621\/2013), apresentado pelo Deputado Rog\u00e9rio Carvalho do PT (Sergipe), mantendo as mesmas incongru\u00eancias e idiossincrasias \u00e9ticas e t\u00e9cnicas do programa e o pior, atribuindo ao Minist\u00e9rio da Sa\u00fade a prerrogativa de conceder os vistos de trabalho para m\u00e9dicos estrangeiros, prescindindo de uma fun\u00e7\u00e3o hist\u00f3rica dos Conselhos Regionais de Medicina que desde 1947 detinham esta honrosa atribui\u00e7\u00e3o.<\/p>\n<p>Por conta disso todas as entidades da classe m\u00e9dica representada pela Associa\u00e7\u00e3o M\u00e9dica Brasileira &#8211; AMB; Associa\u00e7\u00e3o Nacional dos M\u00e9dicos Residentes \u2013 ANMR; Conselho Federal de Medicina \u2013 CFM; e a Federa\u00e7\u00e3o Nacional das Academias de Medicina \u2013 FNAM lamentam que esta Comiss\u00e3o Mista tenha aprovado este relat\u00f3rio da forma como est\u00e1, apesar de todo esfor\u00e7o que fora feito pelas entidades m\u00e9dicas, por parlamentares, por pesquisadores de renome nacional, e por universidades deste pa\u00eds de onde emanaram as propostas relevantes que tocam em pontos essenciais ao bom exerc\u00edcio da medicina e \u00e0 qualifica\u00e7\u00e3o do atendimento em sa\u00fade de nossa popula\u00e7\u00e3o. \u00c9 lament\u00e1vel, por\u00e9m vamos ver para onde est\u00e3o querendo nos levar.<\/p>\n<p>&nbsp;<\/p>\n<p>&nbsp;<\/p>\n<p>&nbsp;<\/p>\n<p>&nbsp;<\/p>\n","protected":false},"excerpt":{"rendered":"<p>\u00a0\u00a0\u00a0\u00a0\u00a0\u00a0\u00a0\u00a0\u00a0\u00a0\u00a0 Apesar de terem sido largamente anunciado os argumentos das entidades m\u00e9dicas que se posicionaram contr\u00e1rias ao \u201cprograma mais m\u00e9dicos\u201d, [&hellip;]<\/p>\n","protected":false},"author":3,"featured_media":0,"comment_status":"open","ping_status":"open","sticky":false,"template":"","format":"standard","meta":{"site-sidebar-layout":"default","site-content-layout":"","ast-site-content-layout":"default","site-content-style":"default","site-sidebar-style":"default","ast-global-header-display":"","ast-banner-title-visibility":"","ast-main-header-display":"","ast-hfb-above-header-display":"","ast-hfb-below-header-display":"","ast-hfb-mobile-header-display":"","site-post-title":"","ast-breadcrumbs-content":"","ast-featured-img":"","footer-sml-layout":"","ast-disable-related-posts":"","theme-transparent-header-meta":"","adv-header-id-meta":"","stick-header-meta":"","header-above-stick-meta":"","header-main-stick-meta":"","header-below-stick-meta":"","astra-migrate-meta-layouts":"default","ast-page-background-enabled":"default","ast-page-background-meta":{"desktop":{"background-color":"var(--ast-global-color-5)","background-image":"","background-repeat":"repeat","background-position":"center center","background-size":"auto","background-attachment":"scroll","background-type":"","background-media":"","overlay-type":"","overlay-color":"","overlay-opacity":"","overlay-gradient":""},"tablet":{"background-color":"","background-image":"","background-repeat":"repeat","background-position":"center center","background-size":"auto","background-attachment":"scroll","background-type":"","background-media":"","overlay-type":"","overlay-color":"","overlay-opacity":"","overlay-gradient":""},"mobile":{"background-color":"","background-image":"","background-repeat":"repeat","background-position":"center center","background-size":"auto","background-attachment":"scroll","background-type":"","background-media":"","overlay-type":"","overlay-color":"","overlay-opacity":"","overlay-gradient":""}},"ast-content-background-meta":{"desktop":{"background-color":"var(--ast-global-color-4)","background-image":"","background-repeat":"repeat","background-position":"center center","background-size":"auto","background-attachment":"scroll","background-type":"","background-media":"","overlay-type":"","overlay-color":"","overlay-opacity":"","overlay-gradient":""},"tablet":{"background-color":"var(--ast-global-color-4)","background-image":"","background-repeat":"repeat","background-position":"center center","background-size":"auto","background-attachment":"scroll","background-type":"","background-media":"","overlay-type":"","overlay-color":"","overlay-opacity":"","overlay-gradient":""},"mobile":{"background-color":"var(--ast-global-color-4)","background-image":"","background-repeat":"repeat","background-position":"center center","background-size":"auto","background-attachment":"scroll","background-type":"","background-media":"","overlay-type":"","overlay-color":"","overlay-opacity":"","overlay-gradient":""}},"footnotes":""},"categories":[6,1],"tags":[],"class_list":["post-544","post","type-post","status-publish","format-standard","hentry","category-politica-publica","category-sem-categoria"],"yoast_head":"<!-- This site is optimized with the Yoast SEO plugin v26.6 - https:\/\/yoast.com\/wordpress\/plugins\/seo\/ -->\n<title>Para onde querem levar o pa\u00eds com a cubaniza\u00e7\u00e3o da sa\u00fade - Ruy Palhano<\/title>\n<meta name=\"robots\" content=\"index, follow, max-snippet:-1, max-image-preview:large, max-video-preview:-1\" \/>\n<link rel=\"canonical\" href=\"https:\/\/www.blogsoestado.com\/ruypalhano\/2013\/10\/07\/para-onde-querem-levar-o-pais-com-a-cubanizacao-da-saude\/\" \/>\n<meta property=\"og:locale\" content=\"pt_BR\" \/>\n<meta property=\"og:type\" content=\"article\" \/>\n<meta property=\"og:title\" content=\"Para onde querem levar o pa\u00eds com a cubaniza\u00e7\u00e3o da sa\u00fade - Ruy Palhano\" \/>\n<meta property=\"og:description\" content=\"\u00a0\u00a0\u00a0\u00a0\u00a0\u00a0\u00a0\u00a0\u00a0\u00a0\u00a0 Apesar de terem sido largamente anunciado os argumentos das entidades m\u00e9dicas que se posicionaram contr\u00e1rias ao \u201cprograma mais m\u00e9dicos\u201d, [&hellip;]\" \/>\n<meta property=\"og:url\" content=\"https:\/\/www.blogsoestado.com\/ruypalhano\/2013\/10\/07\/para-onde-querem-levar-o-pais-com-a-cubanizacao-da-saude\/\" \/>\n<meta property=\"og:site_name\" content=\"Ruy Palhano\" \/>\n<meta property=\"article:published_time\" content=\"2013-10-08T00:33:44+00:00\" \/>\n<meta name=\"author\" content=\"Ruy Palhano\" \/>\n<meta name=\"twitter:card\" content=\"summary_large_image\" \/>\n<meta name=\"twitter:label1\" content=\"Escrito por\" \/>\n\t<meta name=\"twitter:data1\" content=\"Ruy Palhano\" \/>\n\t<meta name=\"twitter:label2\" content=\"Est. tempo de leitura\" \/>\n\t<meta name=\"twitter:data2\" content=\"4 minutos\" \/>\n<script type=\"application\/ld+json\" class=\"yoast-schema-graph\">{\"@context\":\"https:\/\/schema.org\",\"@graph\":[{\"@type\":\"WebPage\",\"@id\":\"https:\/\/www.blogsoestado.com\/ruypalhano\/2013\/10\/07\/para-onde-querem-levar-o-pais-com-a-cubanizacao-da-saude\/\",\"url\":\"https:\/\/www.blogsoestado.com\/ruypalhano\/2013\/10\/07\/para-onde-querem-levar-o-pais-com-a-cubanizacao-da-saude\/\",\"name\":\"Para onde querem levar o pa\u00eds com a cubaniza\u00e7\u00e3o da sa\u00fade - Ruy Palhano\",\"isPartOf\":{\"@id\":\"https:\/\/www.blogsoestado.com\/ruypalhano\/#website\"},\"datePublished\":\"2013-10-08T00:33:44+00:00\",\"author\":{\"@id\":\"https:\/\/www.blogsoestado.com\/ruypalhano\/#\/schema\/person\/ef49e08ec3e742dec1682f34674f2c84\"},\"breadcrumb\":{\"@id\":\"https:\/\/www.blogsoestado.com\/ruypalhano\/2013\/10\/07\/para-onde-querem-levar-o-pais-com-a-cubanizacao-da-saude\/#breadcrumb\"},\"inLanguage\":\"pt-BR\",\"potentialAction\":[{\"@type\":\"ReadAction\",\"target\":[\"https:\/\/www.blogsoestado.com\/ruypalhano\/2013\/10\/07\/para-onde-querem-levar-o-pais-com-a-cubanizacao-da-saude\/\"]}]},{\"@type\":\"BreadcrumbList\",\"@id\":\"https:\/\/www.blogsoestado.com\/ruypalhano\/2013\/10\/07\/para-onde-querem-levar-o-pais-com-a-cubanizacao-da-saude\/#breadcrumb\",\"itemListElement\":[{\"@type\":\"ListItem\",\"position\":1,\"name\":\"In\u00edcio\",\"item\":\"https:\/\/www.blogsoestado.com\/ruypalhano\/\"},{\"@type\":\"ListItem\",\"position\":2,\"name\":\"Para onde querem levar o pa\u00eds com a cubaniza\u00e7\u00e3o da sa\u00fade\"}]},{\"@type\":\"WebSite\",\"@id\":\"https:\/\/www.blogsoestado.com\/ruypalhano\/#website\",\"url\":\"https:\/\/www.blogsoestado.com\/ruypalhano\/\",\"name\":\"Ruy Palhano\",\"description\":\"\",\"potentialAction\":[{\"@type\":\"SearchAction\",\"target\":{\"@type\":\"EntryPoint\",\"urlTemplate\":\"https:\/\/www.blogsoestado.com\/ruypalhano\/?s={search_term_string}\"},\"query-input\":{\"@type\":\"PropertyValueSpecification\",\"valueRequired\":true,\"valueName\":\"search_term_string\"}}],\"inLanguage\":\"pt-BR\"},{\"@type\":\"Person\",\"@id\":\"https:\/\/www.blogsoestado.com\/ruypalhano\/#\/schema\/person\/ef49e08ec3e742dec1682f34674f2c84\",\"name\":\"Ruy Palhano\",\"image\":{\"@type\":\"ImageObject\",\"inLanguage\":\"pt-BR\",\"@id\":\"https:\/\/www.blogsoestado.com\/ruypalhano\/#\/schema\/person\/image\/\",\"url\":\"https:\/\/secure.gravatar.com\/avatar\/d08170dc68d65048f069f40789786091e8b070aa02b0d2e514ddd0244c684a5a?s=96&d=mm&r=g\",\"contentUrl\":\"https:\/\/secure.gravatar.com\/avatar\/d08170dc68d65048f069f40789786091e8b070aa02b0d2e514ddd0244c684a5a?s=96&d=mm&r=g\",\"caption\":\"Ruy Palhano\"},\"url\":\"https:\/\/www.blogsoestado.com\/ruypalhano\/author\/ruypalhano\/\"}]}<\/script>\n<!-- \/ Yoast SEO plugin. -->","yoast_head_json":{"title":"Para onde querem levar o pa\u00eds com a cubaniza\u00e7\u00e3o da sa\u00fade - Ruy Palhano","robots":{"index":"index","follow":"follow","max-snippet":"max-snippet:-1","max-image-preview":"max-image-preview:large","max-video-preview":"max-video-preview:-1"},"canonical":"https:\/\/www.blogsoestado.com\/ruypalhano\/2013\/10\/07\/para-onde-querem-levar-o-pais-com-a-cubanizacao-da-saude\/","og_locale":"pt_BR","og_type":"article","og_title":"Para onde querem levar o pa\u00eds com a cubaniza\u00e7\u00e3o da sa\u00fade - Ruy Palhano","og_description":"\u00a0\u00a0\u00a0\u00a0\u00a0\u00a0\u00a0\u00a0\u00a0\u00a0\u00a0 Apesar de terem sido largamente anunciado os argumentos das entidades m\u00e9dicas que se posicionaram contr\u00e1rias ao \u201cprograma mais m\u00e9dicos\u201d, [&hellip;]","og_url":"https:\/\/www.blogsoestado.com\/ruypalhano\/2013\/10\/07\/para-onde-querem-levar-o-pais-com-a-cubanizacao-da-saude\/","og_site_name":"Ruy Palhano","article_published_time":"2013-10-08T00:33:44+00:00","author":"Ruy Palhano","twitter_card":"summary_large_image","twitter_misc":{"Escrito por":"Ruy Palhano","Est. tempo de leitura":"4 minutos"},"schema":{"@context":"https:\/\/schema.org","@graph":[{"@type":"WebPage","@id":"https:\/\/www.blogsoestado.com\/ruypalhano\/2013\/10\/07\/para-onde-querem-levar-o-pais-com-a-cubanizacao-da-saude\/","url":"https:\/\/www.blogsoestado.com\/ruypalhano\/2013\/10\/07\/para-onde-querem-levar-o-pais-com-a-cubanizacao-da-saude\/","name":"Para onde querem levar o pa\u00eds com a cubaniza\u00e7\u00e3o da sa\u00fade - Ruy Palhano","isPartOf":{"@id":"https:\/\/www.blogsoestado.com\/ruypalhano\/#website"},"datePublished":"2013-10-08T00:33:44+00:00","author":{"@id":"https:\/\/www.blogsoestado.com\/ruypalhano\/#\/schema\/person\/ef49e08ec3e742dec1682f34674f2c84"},"breadcrumb":{"@id":"https:\/\/www.blogsoestado.com\/ruypalhano\/2013\/10\/07\/para-onde-querem-levar-o-pais-com-a-cubanizacao-da-saude\/#breadcrumb"},"inLanguage":"pt-BR","potentialAction":[{"@type":"ReadAction","target":["https:\/\/www.blogsoestado.com\/ruypalhano\/2013\/10\/07\/para-onde-querem-levar-o-pais-com-a-cubanizacao-da-saude\/"]}]},{"@type":"BreadcrumbList","@id":"https:\/\/www.blogsoestado.com\/ruypalhano\/2013\/10\/07\/para-onde-querem-levar-o-pais-com-a-cubanizacao-da-saude\/#breadcrumb","itemListElement":[{"@type":"ListItem","position":1,"name":"In\u00edcio","item":"https:\/\/www.blogsoestado.com\/ruypalhano\/"},{"@type":"ListItem","position":2,"name":"Para onde querem levar o pa\u00eds com a cubaniza\u00e7\u00e3o da sa\u00fade"}]},{"@type":"WebSite","@id":"https:\/\/www.blogsoestado.com\/ruypalhano\/#website","url":"https:\/\/www.blogsoestado.com\/ruypalhano\/","name":"Ruy Palhano","description":"","potentialAction":[{"@type":"SearchAction","target":{"@type":"EntryPoint","urlTemplate":"https:\/\/www.blogsoestado.com\/ruypalhano\/?s={search_term_string}"},"query-input":{"@type":"PropertyValueSpecification","valueRequired":true,"valueName":"search_term_string"}}],"inLanguage":"pt-BR"},{"@type":"Person","@id":"https:\/\/www.blogsoestado.com\/ruypalhano\/#\/schema\/person\/ef49e08ec3e742dec1682f34674f2c84","name":"Ruy Palhano","image":{"@type":"ImageObject","inLanguage":"pt-BR","@id":"https:\/\/www.blogsoestado.com\/ruypalhano\/#\/schema\/person\/image\/","url":"https:\/\/secure.gravatar.com\/avatar\/d08170dc68d65048f069f40789786091e8b070aa02b0d2e514ddd0244c684a5a?s=96&d=mm&r=g","contentUrl":"https:\/\/secure.gravatar.com\/avatar\/d08170dc68d65048f069f40789786091e8b070aa02b0d2e514ddd0244c684a5a?s=96&d=mm&r=g","caption":"Ruy Palhano"},"url":"https:\/\/www.blogsoestado.com\/ruypalhano\/author\/ruypalhano\/"}]}},"jetpack_featured_media_url":"","_links":{"self":[{"href":"https:\/\/www.blogsoestado.com\/ruypalhano\/wp-json\/wp\/v2\/posts\/544","targetHints":{"allow":["GET"]}}],"collection":[{"href":"https:\/\/www.blogsoestado.com\/ruypalhano\/wp-json\/wp\/v2\/posts"}],"about":[{"href":"https:\/\/www.blogsoestado.com\/ruypalhano\/wp-json\/wp\/v2\/types\/post"}],"author":[{"embeddable":true,"href":"https:\/\/www.blogsoestado.com\/ruypalhano\/wp-json\/wp\/v2\/users\/3"}],"replies":[{"embeddable":true,"href":"https:\/\/www.blogsoestado.com\/ruypalhano\/wp-json\/wp\/v2\/comments?post=544"}],"version-history":[{"count":0,"href":"https:\/\/www.blogsoestado.com\/ruypalhano\/wp-json\/wp\/v2\/posts\/544\/revisions"}],"wp:attachment":[{"href":"https:\/\/www.blogsoestado.com\/ruypalhano\/wp-json\/wp\/v2\/media?parent=544"}],"wp:term":[{"taxonomy":"category","embeddable":true,"href":"https:\/\/www.blogsoestado.com\/ruypalhano\/wp-json\/wp\/v2\/categories?post=544"},{"taxonomy":"post_tag","embeddable":true,"href":"https:\/\/www.blogsoestado.com\/ruypalhano\/wp-json\/wp\/v2\/tags?post=544"}],"curies":[{"name":"wp","href":"https:\/\/api.w.org\/{rel}","templated":true}]}}