{"id":556,"date":"2013-11-22T23:43:08","date_gmt":"2013-11-23T02:43:08","guid":{"rendered":"https:\/\/www.blogsoestado.com\/ruypalhano\/?p=556"},"modified":"2013-11-22T23:43:08","modified_gmt":"2013-11-23T02:43:08","slug":"o-transito-a-saude-e-o-comportamento-ii","status":"publish","type":"post","link":"https:\/\/www.blogsoestado.com\/ruypalhano\/2013\/11\/22\/o-transito-a-saude-e-o-comportamento-ii\/","title":{"rendered":"O Tr\u00e2nsito, a sa\u00fade e o comportamento II."},"content":{"rendered":"<p>Uma das quest\u00f5es que permanece na pauta do dia, \u00e9 o da mobilidade urbana entendida como um conjunto de pol\u00edticas de transporte e circula\u00e7\u00e3o entre as pessoas no espa\u00e7o urbano, sobretudo atrav\u00e9s dos modos de transporte coletivo e n\u00e3o motorizados de maneira efetiva visando garantir o bem estar de todos. \u00c9 um tema que nos leva repensar quest\u00f5es da inclus\u00e3o social, sendo o tr\u00e2nsito nas gandes cidades, um dos temas que mais se destaca.<\/p>\n<p>Tenho viajado com razo\u00e1vel frequencia e aonde chego uma das perguntas que sempre fa\u00e7o \u00e9: como est\u00e1 o tr\u00e2nsito em sua cidade? A resposta \u00e9 sempre a mesma: <b><i>\u201ct\u00e1 um caos, e em determinadas horas de pique a situa\u00e7\u00e3o \u00e9 bem pior\u201d<\/i><\/b>. As pessoas respondem indignadas, aborrecidas e inconformadas.<\/p>\n<p>Ocorre que apesar deste assunto ser reconhecidamente importante em pol\u00edticas p\u00fablicas e que se transformou em mais um apelo de campanha pol\u00edticas para ele\u00e7\u00f5es de candidatos, observa-se que as solu\u00e7\u00f5es que s\u00e3o oferecidas para se resolver tais problemas quase sempre s\u00e3o ineficases e sem resolutividade, n\u00e3o havendo qualquer indicador que sinalize para solu\u00e7\u00f5es de curto, m\u00e9dio e em longo prazo quanto a esses problemas de tr\u00e2nsito, tanto no pa\u00eds quanto em nossa cidade, levando-nos a crer que terempos que conviver com isso por muitos anos.<\/p>\n<p>J\u00e1 afirmei isso algumas vezes que cconsidero esse tema como de primeira ordem, pois afeta diretamente a sa\u00fade, a seguran\u00e7a e o bem estar das pessoas. E, que para se oferecer solu\u00e7\u00f5es efetivas e duradouras para os problemas que a\u00ed se encontram, teremos que consider\u00e1-lo como um epifen\u00f4meno, onde fatores como, aus\u00eancia de uma malha vi\u00e1ria moderna que garanta maior trafegabilidade, ve\u00edculos velhos e sucateados transitando nas ruas, engenharia de tr\u00e2nsito deficit\u00e1ria, aumento descontrolado do n\u00famero de ve\u00edculos, falta de investimentos na \u00e1rea de educa\u00e7\u00e3o para o tr\u00e2nsito nas escolas, fiscaliza\u00e7\u00e3o prec\u00e1ria das leis do tr\u00e2nsito, cal\u00e7adas mal projetadas e principalmente um tr\u00e2nsito voltado mais para ve\u00edculos que para os pedestres est\u00e3o presente em sua express\u00e3o.<\/p>\n<p>O impacto que um tr\u00e2nsito ca\u00f3tico provoca nas pessoas e na vida social \u00e9 t\u00e3o grande que poder\u00edamos considera-lo prioritariamente como sendo de sa\u00fade p\u00fablica e n\u00e3o somente de seguran\u00e7a como muitos o consideram, pois o mesmo est\u00e1 relacionado a uma variedade enorme de agravos e sofrimentos \u00e0 vida de muita gente provocados pelos acidentes, \u00a0invalidezes, danos materiais , mortes prematuras, preju\u00edzos financeiros, altos \u00edndices de viol\u00eancia, estresse, depress\u00f5es graves, entre outros transtornos.<\/p>\n<p>Vejam por exemplo que s\u00f3 em nosso pa\u00eds 45 mil pessoas morrem atropelas por um motorista dirigindo embriagado e 75 mil, em outros acidentes. O sofrimento que isso ocasiona nas fam\u00edlias, amigos, e outros parentes \u00e9 enorme. As perdas econ\u00f4micas avaliadas giram em torno de R$ 28 bilh\u00f5es de reais por essas ocorr\u00eancias. Sem contar o fato de os ve\u00edculos de transportes terrestres, principalmente os carros de passeio (mais de 80%), jogam na atmosfera quantidade superior a 27,5 milh\u00f5es de toneladas de res\u00edduos poluentes, conforme dados de 2007. S\u00e3o preju\u00edzos de tosos os lados.<\/p>\n<p>Os transtornos mentais do tipo estress, estress &#8211; p\u00f3s-traum\u00e1tico transtorno do sono, irritabilidade, comportamento agressivo, dist\u00farbios psicossom\u00e1ticos, impaci\u00eancia altera\u00e7\u00f5es da aten\u00e7\u00e3o e da mem\u00f3ria, e comportamento al\u00e9m de muitos outros dist\u00farbios emocionais e sociais s\u00e3o queixas muito comuns especialmente em popula\u00e7\u00f5es que trabalham e\/ou vivem no tr\u00e2nsito. Outro grave problema de sa\u00fade relacionado ao tr\u00e2nsito \u00e9 o uso de \u00e1lcool e outras drogas entre motoristas que trafegam em nossas ruas e estradas. 75 mil, nos acidentes. Estes \u00edndices provavelmente aumentar\u00e3o nos pr\u00f3ximos anos se n\u00e3o forem tomadas decis\u00f5es mais rigorosas nesta \u00e1rea.<\/p>\n<p>O importante, portanto, que os gestores p\u00fablicos entendam de uma vez por todas que tr\u00e2nsito n\u00e3o \u00e9 somente garantir trafegabilidade de ve\u00edculos \u00e9 tamb\u00e9m e principalmente, garantir a sa\u00fade e o bem estar da popula\u00e7\u00e3o em um transito seguro e humanizado que respeite e valorize a vida e que possa produzir prazer e n\u00e3o tristeza e sofrimento nas pessoas que dele fazem parte.<\/p>\n","protected":false},"excerpt":{"rendered":"<p>Uma das quest\u00f5es que permanece na pauta do dia, \u00e9 o da mobilidade urbana entendida como um conjunto de pol\u00edticas [&hellip;]<\/p>\n","protected":false},"author":3,"featured_media":0,"comment_status":"open","ping_status":"open","sticky":false,"template":"","format":"standard","meta":{"site-sidebar-layout":"default","site-content-layout":"","ast-site-content-layout":"default","site-content-style":"default","site-sidebar-style":"default","ast-global-header-display":"","ast-banner-title-visibility":"","ast-main-header-display":"","ast-hfb-above-header-display":"","ast-hfb-below-header-display":"","ast-hfb-mobile-header-display":"","site-post-title":"","ast-breadcrumbs-content":"","ast-featured-img":"","footer-sml-layout":"","ast-disable-related-posts":"","theme-transparent-header-meta":"","adv-header-id-meta":"","stick-header-meta":"","header-above-stick-meta":"","header-main-stick-meta":"","header-below-stick-meta":"","astra-migrate-meta-layouts":"default","ast-page-background-enabled":"default","ast-page-background-meta":{"desktop":{"background-color":"var(--ast-global-color-5)","background-image":"","background-repeat":"repeat","background-position":"center center","background-size":"auto","background-attachment":"scroll","background-type":"","background-media":"","overlay-type":"","overlay-color":"","overlay-opacity":"","overlay-gradient":""},"tablet":{"background-color":"","background-image":"","background-repeat":"repeat","background-position":"center center","background-size":"auto","background-attachment":"scroll","background-type":"","background-media":"","overlay-type":"","overlay-color":"","overlay-opacity":"","overlay-gradient":""},"mobile":{"background-color":"","background-image":"","background-repeat":"repeat","background-position":"center center","background-size":"auto","background-attachment":"scroll","background-type":"","background-media":"","overlay-type":"","overlay-color":"","overlay-opacity":"","overlay-gradient":""}},"ast-content-background-meta":{"desktop":{"background-color":"var(--ast-global-color-4)","background-image":"","background-repeat":"repeat","background-position":"center center","background-size":"auto","background-attachment":"scroll","background-type":"","background-media":"","overlay-type":"","overlay-color":"","overlay-opacity":"","overlay-gradient":""},"tablet":{"background-color":"var(--ast-global-color-4)","background-image":"","background-repeat":"repeat","background-position":"center center","background-size":"auto","background-attachment":"scroll","background-type":"","background-media":"","overlay-type":"","overlay-color":"","overlay-opacity":"","overlay-gradient":""},"mobile":{"background-color":"var(--ast-global-color-4)","background-image":"","background-repeat":"repeat","background-position":"center center","background-size":"auto","background-attachment":"scroll","background-type":"","background-media":"","overlay-type":"","overlay-color":"","overlay-opacity":"","overlay-gradient":""}},"footnotes":""},"categories":[7],"tags":[],"class_list":["post-556","post","type-post","status-publish","format-standard","hentry","category-saude-mental"],"yoast_head":"<!-- This site is optimized with the Yoast SEO plugin v26.6 - https:\/\/yoast.com\/wordpress\/plugins\/seo\/ -->\n<title>O Tr\u00e2nsito, a sa\u00fade e o comportamento II. - Ruy Palhano<\/title>\n<meta name=\"robots\" content=\"index, follow, max-snippet:-1, max-image-preview:large, max-video-preview:-1\" \/>\n<link rel=\"canonical\" href=\"https:\/\/www.blogsoestado.com\/ruypalhano\/2013\/11\/22\/o-transito-a-saude-e-o-comportamento-ii\/\" \/>\n<meta property=\"og:locale\" content=\"pt_BR\" \/>\n<meta property=\"og:type\" content=\"article\" \/>\n<meta property=\"og:title\" content=\"O Tr\u00e2nsito, a sa\u00fade e o comportamento II. - Ruy Palhano\" \/>\n<meta property=\"og:description\" content=\"Uma das quest\u00f5es que permanece na pauta do dia, \u00e9 o da mobilidade urbana entendida como um conjunto de pol\u00edticas [&hellip;]\" \/>\n<meta property=\"og:url\" content=\"https:\/\/www.blogsoestado.com\/ruypalhano\/2013\/11\/22\/o-transito-a-saude-e-o-comportamento-ii\/\" \/>\n<meta property=\"og:site_name\" content=\"Ruy Palhano\" \/>\n<meta property=\"article:published_time\" content=\"2013-11-23T02:43:08+00:00\" \/>\n<meta name=\"author\" content=\"Ruy Palhano\" \/>\n<meta name=\"twitter:card\" content=\"summary_large_image\" \/>\n<meta name=\"twitter:label1\" content=\"Escrito por\" \/>\n\t<meta name=\"twitter:data1\" content=\"Ruy Palhano\" \/>\n\t<meta name=\"twitter:label2\" content=\"Est. tempo de leitura\" \/>\n\t<meta name=\"twitter:data2\" content=\"4 minutos\" \/>\n<script type=\"application\/ld+json\" class=\"yoast-schema-graph\">{\"@context\":\"https:\/\/schema.org\",\"@graph\":[{\"@type\":\"WebPage\",\"@id\":\"https:\/\/www.blogsoestado.com\/ruypalhano\/2013\/11\/22\/o-transito-a-saude-e-o-comportamento-ii\/\",\"url\":\"https:\/\/www.blogsoestado.com\/ruypalhano\/2013\/11\/22\/o-transito-a-saude-e-o-comportamento-ii\/\",\"name\":\"O Tr\u00e2nsito, a sa\u00fade e o comportamento II. - Ruy Palhano\",\"isPartOf\":{\"@id\":\"https:\/\/www.blogsoestado.com\/ruypalhano\/#website\"},\"datePublished\":\"2013-11-23T02:43:08+00:00\",\"author\":{\"@id\":\"https:\/\/www.blogsoestado.com\/ruypalhano\/#\/schema\/person\/ef49e08ec3e742dec1682f34674f2c84\"},\"breadcrumb\":{\"@id\":\"https:\/\/www.blogsoestado.com\/ruypalhano\/2013\/11\/22\/o-transito-a-saude-e-o-comportamento-ii\/#breadcrumb\"},\"inLanguage\":\"pt-BR\",\"potentialAction\":[{\"@type\":\"ReadAction\",\"target\":[\"https:\/\/www.blogsoestado.com\/ruypalhano\/2013\/11\/22\/o-transito-a-saude-e-o-comportamento-ii\/\"]}]},{\"@type\":\"BreadcrumbList\",\"@id\":\"https:\/\/www.blogsoestado.com\/ruypalhano\/2013\/11\/22\/o-transito-a-saude-e-o-comportamento-ii\/#breadcrumb\",\"itemListElement\":[{\"@type\":\"ListItem\",\"position\":1,\"name\":\"In\u00edcio\",\"item\":\"https:\/\/www.blogsoestado.com\/ruypalhano\/\"},{\"@type\":\"ListItem\",\"position\":2,\"name\":\"O Tr\u00e2nsito, a sa\u00fade e o comportamento II.\"}]},{\"@type\":\"WebSite\",\"@id\":\"https:\/\/www.blogsoestado.com\/ruypalhano\/#website\",\"url\":\"https:\/\/www.blogsoestado.com\/ruypalhano\/\",\"name\":\"Ruy Palhano\",\"description\":\"\",\"potentialAction\":[{\"@type\":\"SearchAction\",\"target\":{\"@type\":\"EntryPoint\",\"urlTemplate\":\"https:\/\/www.blogsoestado.com\/ruypalhano\/?s={search_term_string}\"},\"query-input\":{\"@type\":\"PropertyValueSpecification\",\"valueRequired\":true,\"valueName\":\"search_term_string\"}}],\"inLanguage\":\"pt-BR\"},{\"@type\":\"Person\",\"@id\":\"https:\/\/www.blogsoestado.com\/ruypalhano\/#\/schema\/person\/ef49e08ec3e742dec1682f34674f2c84\",\"name\":\"Ruy Palhano\",\"image\":{\"@type\":\"ImageObject\",\"inLanguage\":\"pt-BR\",\"@id\":\"https:\/\/www.blogsoestado.com\/ruypalhano\/#\/schema\/person\/image\/\",\"url\":\"https:\/\/secure.gravatar.com\/avatar\/d08170dc68d65048f069f40789786091e8b070aa02b0d2e514ddd0244c684a5a?s=96&d=mm&r=g\",\"contentUrl\":\"https:\/\/secure.gravatar.com\/avatar\/d08170dc68d65048f069f40789786091e8b070aa02b0d2e514ddd0244c684a5a?s=96&d=mm&r=g\",\"caption\":\"Ruy Palhano\"},\"url\":\"https:\/\/www.blogsoestado.com\/ruypalhano\/author\/ruypalhano\/\"}]}<\/script>\n<!-- \/ Yoast SEO plugin. -->","yoast_head_json":{"title":"O Tr\u00e2nsito, a sa\u00fade e o comportamento II. - Ruy Palhano","robots":{"index":"index","follow":"follow","max-snippet":"max-snippet:-1","max-image-preview":"max-image-preview:large","max-video-preview":"max-video-preview:-1"},"canonical":"https:\/\/www.blogsoestado.com\/ruypalhano\/2013\/11\/22\/o-transito-a-saude-e-o-comportamento-ii\/","og_locale":"pt_BR","og_type":"article","og_title":"O Tr\u00e2nsito, a sa\u00fade e o comportamento II. - Ruy Palhano","og_description":"Uma das quest\u00f5es que permanece na pauta do dia, \u00e9 o da mobilidade urbana entendida como um conjunto de pol\u00edticas [&hellip;]","og_url":"https:\/\/www.blogsoestado.com\/ruypalhano\/2013\/11\/22\/o-transito-a-saude-e-o-comportamento-ii\/","og_site_name":"Ruy Palhano","article_published_time":"2013-11-23T02:43:08+00:00","author":"Ruy Palhano","twitter_card":"summary_large_image","twitter_misc":{"Escrito por":"Ruy Palhano","Est. tempo de leitura":"4 minutos"},"schema":{"@context":"https:\/\/schema.org","@graph":[{"@type":"WebPage","@id":"https:\/\/www.blogsoestado.com\/ruypalhano\/2013\/11\/22\/o-transito-a-saude-e-o-comportamento-ii\/","url":"https:\/\/www.blogsoestado.com\/ruypalhano\/2013\/11\/22\/o-transito-a-saude-e-o-comportamento-ii\/","name":"O Tr\u00e2nsito, a sa\u00fade e o comportamento II. - Ruy Palhano","isPartOf":{"@id":"https:\/\/www.blogsoestado.com\/ruypalhano\/#website"},"datePublished":"2013-11-23T02:43:08+00:00","author":{"@id":"https:\/\/www.blogsoestado.com\/ruypalhano\/#\/schema\/person\/ef49e08ec3e742dec1682f34674f2c84"},"breadcrumb":{"@id":"https:\/\/www.blogsoestado.com\/ruypalhano\/2013\/11\/22\/o-transito-a-saude-e-o-comportamento-ii\/#breadcrumb"},"inLanguage":"pt-BR","potentialAction":[{"@type":"ReadAction","target":["https:\/\/www.blogsoestado.com\/ruypalhano\/2013\/11\/22\/o-transito-a-saude-e-o-comportamento-ii\/"]}]},{"@type":"BreadcrumbList","@id":"https:\/\/www.blogsoestado.com\/ruypalhano\/2013\/11\/22\/o-transito-a-saude-e-o-comportamento-ii\/#breadcrumb","itemListElement":[{"@type":"ListItem","position":1,"name":"In\u00edcio","item":"https:\/\/www.blogsoestado.com\/ruypalhano\/"},{"@type":"ListItem","position":2,"name":"O Tr\u00e2nsito, a sa\u00fade e o comportamento II."}]},{"@type":"WebSite","@id":"https:\/\/www.blogsoestado.com\/ruypalhano\/#website","url":"https:\/\/www.blogsoestado.com\/ruypalhano\/","name":"Ruy Palhano","description":"","potentialAction":[{"@type":"SearchAction","target":{"@type":"EntryPoint","urlTemplate":"https:\/\/www.blogsoestado.com\/ruypalhano\/?s={search_term_string}"},"query-input":{"@type":"PropertyValueSpecification","valueRequired":true,"valueName":"search_term_string"}}],"inLanguage":"pt-BR"},{"@type":"Person","@id":"https:\/\/www.blogsoestado.com\/ruypalhano\/#\/schema\/person\/ef49e08ec3e742dec1682f34674f2c84","name":"Ruy Palhano","image":{"@type":"ImageObject","inLanguage":"pt-BR","@id":"https:\/\/www.blogsoestado.com\/ruypalhano\/#\/schema\/person\/image\/","url":"https:\/\/secure.gravatar.com\/avatar\/d08170dc68d65048f069f40789786091e8b070aa02b0d2e514ddd0244c684a5a?s=96&d=mm&r=g","contentUrl":"https:\/\/secure.gravatar.com\/avatar\/d08170dc68d65048f069f40789786091e8b070aa02b0d2e514ddd0244c684a5a?s=96&d=mm&r=g","caption":"Ruy Palhano"},"url":"https:\/\/www.blogsoestado.com\/ruypalhano\/author\/ruypalhano\/"}]}},"jetpack_featured_media_url":"","_links":{"self":[{"href":"https:\/\/www.blogsoestado.com\/ruypalhano\/wp-json\/wp\/v2\/posts\/556","targetHints":{"allow":["GET"]}}],"collection":[{"href":"https:\/\/www.blogsoestado.com\/ruypalhano\/wp-json\/wp\/v2\/posts"}],"about":[{"href":"https:\/\/www.blogsoestado.com\/ruypalhano\/wp-json\/wp\/v2\/types\/post"}],"author":[{"embeddable":true,"href":"https:\/\/www.blogsoestado.com\/ruypalhano\/wp-json\/wp\/v2\/users\/3"}],"replies":[{"embeddable":true,"href":"https:\/\/www.blogsoestado.com\/ruypalhano\/wp-json\/wp\/v2\/comments?post=556"}],"version-history":[{"count":0,"href":"https:\/\/www.blogsoestado.com\/ruypalhano\/wp-json\/wp\/v2\/posts\/556\/revisions"}],"wp:attachment":[{"href":"https:\/\/www.blogsoestado.com\/ruypalhano\/wp-json\/wp\/v2\/media?parent=556"}],"wp:term":[{"taxonomy":"category","embeddable":true,"href":"https:\/\/www.blogsoestado.com\/ruypalhano\/wp-json\/wp\/v2\/categories?post=556"},{"taxonomy":"post_tag","embeddable":true,"href":"https:\/\/www.blogsoestado.com\/ruypalhano\/wp-json\/wp\/v2\/tags?post=556"}],"curies":[{"name":"wp","href":"https:\/\/api.w.org\/{rel}","templated":true}]}}