{"id":575,"date":"2013-12-11T11:46:31","date_gmt":"2013-12-11T14:46:31","guid":{"rendered":"https:\/\/www.blogsoestado.com\/ruypalhano\/?p=575"},"modified":"2013-12-11T11:46:31","modified_gmt":"2013-12-11T14:46:31","slug":"dia-internacional-contra-a-corrupca","status":"publish","type":"post","link":"https:\/\/www.blogsoestado.com\/ruypalhano\/2013\/12\/11\/dia-internacional-contra-a-corrupca\/","title":{"rendered":"Dia Internacional Contra a Corrup\u00e7\u00e3o"},"content":{"rendered":"<p>Hoje, dia 9 de dezembro, comemora-se o dia Internacional contra a Corrup\u00e7\u00e3o. Esse dia refere-se a instala\u00e7\u00e3o da Conven\u00e7\u00e3o internacional das Na\u00e7\u00f5es Unidas contra o crime, realizada em 2003, em M\u00e9rida nos Estados Unidos. A ideia da conven\u00e7\u00e3o era fortalecer as medidas de preven\u00e7\u00e3o e combate a corrup\u00e7\u00e3o em todo mundo e nosso pais e signat\u00e1rio, inclusive a comemora\u00e7\u00e3o alusiva ao dia 09 foi sugest\u00e3o da delega\u00e7\u00e3o brasileira na conven\u00e7\u00e3o.<\/p>\n<p>Os Srs. j\u00e1 imaginaram se houvesse uma mobiliza\u00e7\u00e3o global na face da terra onde todos os continentes em um s\u00f3 voz e com a participa\u00e7\u00e3o de todos indistintamente desbancassem, de uma vez por todas, com essa praga chamada corrup\u00e7\u00e3o, que assola o mundo? J\u00e1 imaginaram um mundo livre dela, e mesmo que houvesse, os que a praticassem fossem punidos de forma mais rigorosa? Imaginem, se dispus\u00e9ssemos \u00a0uma justi\u00e7a \u00e1gil que obrigasse esses lar\u00e1pios devolvessem todos os bens, que fossem saqueados ao er\u00e1rio publico? Que governantes corruptos fossem para as cadeias?<\/p>\n<p>Muitos est\u00e3o dizendo; isso e utopia, isso n\u00e3o existe. Mas, eu pergunto: n\u00e3o s\u00e3o as utopias e os sonhos, que nos fazem mudar? Algu\u00e9m que n\u00e3o sonha, cresce na vida, progredi ou avan\u00e7a em seus prop\u00f3sitos? O que seria de nos se n\u00e3o sonh\u00e1ssemos? Posso afirmar, que sem sonhos a vida perde o sabor e o sentido, nada ocorre de importante quando n\u00e3o se sonha. Ocorre, que permanentemente somos convocados a enfrentar tantos desafios e tantos percal\u00e7os, que nos resta pouco tempo para sonhar. \u00a0O mundo sem corrup\u00e7\u00e3o e poss\u00edvel, e o que \u00a0todos querem, e o desejo de todos.<\/p>\n<p>Ocorre, que para se chegar onde se quer devemos fazer por onde. N\u00e3o se muda nada sem agirmos, tudo come\u00e7a no pensamento nas se materializa na a\u00e7\u00e3o. A corrup\u00e7\u00e3o, como a\u00e7\u00e3o criminosa e repudi\u00e1vel se alimenta de praticas esp\u00farias que fomentam indigna\u00e7\u00e3o e revolta. S\u00e3o crimes abomin\u00e1veis e praticados, por bandidos em geral vestidos de terno e gravata, que a rigor exercem fun\u00e7\u00f5es de notoriedade publica, se apossam do er\u00e1rio publico sem qualquer pudor, culpa ou remorso e os \u201cganhos\u201d os aplica em seu pr\u00f3prio beneficio. Esses lar\u00e1pios,\u00a0 aparecem vindo de todos os lados, sem avisar e, de forma lenta e insidiosa, semelhante a uma peste daninha, vai minando e destruindo todos os setores da vida publica ou privada, dilacerando prerrogativas de muito valor como a honradez, a \u00e9tica, a moralidade na gest\u00e3o da coisa publica, a justi\u00e7a, e principalmente as institui\u00e7\u00f5es.<\/p>\n<p>Ningu\u00e9m, muito menos uma sociedade, resiste aos efeitos delet\u00e9rios e devastadores da corrup\u00e7\u00e3o. Lamentavelmente e uma presen\u00e7a marcante e forte no mundo contempor\u00e2neo.<\/p>\n<p>Em recente relat\u00f3rio internacional sobre corrup\u00e7\u00e3o nosso pais figura na 72 posi\u00e7\u00e3o no ranque internacional da corrup\u00e7\u00e3o. Um fato curioso e que a popula\u00e7\u00e3o apesar de ainda se indignar diante das praticas de corrup\u00e7\u00e3o vem se tornando t\u00e3o comum\u00a0 e tao frequente frequente essa pratica em nossas institui\u00e7\u00f5es que parece que alguns segmentos dessa mesma popula\u00e7\u00e3o j\u00e1 se acostumou com esse c\u00e2ncer. Algo muito parecido ocorre quanto a onda de viol\u00eancia que assola o nosso pais e principalmente nosso estado. As vezes a impress\u00e3o que se tem e que se tornou t\u00e3o banal \u00a0corriqueiro se falar em assalto, assassinato, roubo e muitos outros crimes que j\u00e1 n\u00e3os nos assustamos como antes, isto e, estamos incorporando em nossa cultura essas praticas, situa\u00e7\u00e3o que ao meu ver nos imobiliza a todos .\u00a0 E tanto a pratica viol\u00eancia, em suas diferentes facetas, quanto a pratica da corrup\u00e7\u00e3o parecem que ambas as condi\u00e7\u00f5es que fazem parte do nosso dia a dia.<\/p>\n<p>Todavia, n\u00e3o devemos deixar que isso ocorra, devemos aproveitar o mote desse dia internacional para fortalecer movimentos internacionais, nacionais ou locais para se contestar de forma acirrada contra essas praticas antihumanas e abomin\u00e1veis. Devemos manter sempre acesa a chama anticorrup\u00e7\u00e3o e ante tudo que seja anti\u00e9tico e imoral para garantir nossa sustentabilidade como seres humanos.<\/p>\n<p>Na tentativa de controlar essa pratica da corrup\u00e7\u00e3o no pais, o governo federal prop\u00f5e que a corrup\u00e7\u00e3o seja considerada um crime hediondo. Essa condi\u00e7\u00e3o implicaria em puni\u00e7\u00f5es ,ais severas contra esses bandidos corruptos. Este projeto j\u00e1 foi aprovado na C\u00e2mara Federal, seguira para o Senado e, se aprovado ira para a sans\u00e3o da presidente.<\/p>\n<p>Em 01 de agosto desse ano, foi sancionada a lei brasileira anticorrup\u00e7\u00e3o de numero, 12.846 a qual disp\u00f5e sobre a responsabiliza\u00e7\u00e3o objetiva, administrativa e civil de pessoas jur\u00eddica pela pratica de atos contra a administra\u00e7\u00e3o publica nacional ou estrangeira sendo poss\u00edvel alcan\u00e7ar o patrim\u00f4nio da pessoa jur\u00eddica incidindo penas altas sobre o faturamento dessas empresas, caso se envolvam com atos de corru\u00e7\u00e3o ativa ou passiva.<\/p>\n<p>Haver\u00e1 em nossa cidade algumas manifesta\u00e7\u00f5es pontuais alusiva a esse dia, vamos participar, gritar, contestar exortando a import\u00e2ncia de um mundo, de um pais e de uma cidade sem corrup\u00e7\u00e3o. Vamos ficar\u00a0 apostos e fechar o cerco contra essas impostores e, uma arma a nosso favor e a denuncia. Denunciar corrup\u00e7\u00e3o aos \u00f3rg\u00e3os competentes e um dever c\u00edvico e \u00e9tico na medida um que fortalece as a\u00e7\u00f5es \u00a0de enfrentamento desse problema.<\/p>\n<p>&nbsp;<\/p>\n","protected":false},"excerpt":{"rendered":"<p>Hoje, dia 9 de dezembro, comemora-se o dia Internacional contra a Corrup\u00e7\u00e3o. Esse dia refere-se a instala\u00e7\u00e3o da Conven\u00e7\u00e3o internacional [&hellip;]<\/p>\n","protected":false},"author":3,"featured_media":0,"comment_status":"open","ping_status":"open","sticky":false,"template":"","format":"standard","meta":{"site-sidebar-layout":"default","site-content-layout":"","ast-site-content-layout":"default","site-content-style":"default","site-sidebar-style":"default","ast-global-header-display":"","ast-banner-title-visibility":"","ast-main-header-display":"","ast-hfb-above-header-display":"","ast-hfb-below-header-display":"","ast-hfb-mobile-header-display":"","site-post-title":"","ast-breadcrumbs-content":"","ast-featured-img":"","footer-sml-layout":"","ast-disable-related-posts":"","theme-transparent-header-meta":"","adv-header-id-meta":"","stick-header-meta":"","header-above-stick-meta":"","header-main-stick-meta":"","header-below-stick-meta":"","astra-migrate-meta-layouts":"default","ast-page-background-enabled":"default","ast-page-background-meta":{"desktop":{"background-color":"var(--ast-global-color-5)","background-image":"","background-repeat":"repeat","background-position":"center center","background-size":"auto","background-attachment":"scroll","background-type":"","background-media":"","overlay-type":"","overlay-color":"","overlay-opacity":"","overlay-gradient":""},"tablet":{"background-color":"","background-image":"","background-repeat":"repeat","background-position":"center center","background-size":"auto","background-attachment":"scroll","background-type":"","background-media":"","overlay-type":"","overlay-color":"","overlay-opacity":"","overlay-gradient":""},"mobile":{"background-color":"","background-image":"","background-repeat":"repeat","background-position":"center center","background-size":"auto","background-attachment":"scroll","background-type":"","background-media":"","overlay-type":"","overlay-color":"","overlay-opacity":"","overlay-gradient":""}},"ast-content-background-meta":{"desktop":{"background-color":"var(--ast-global-color-4)","background-image":"","background-repeat":"repeat","background-position":"center center","background-size":"auto","background-attachment":"scroll","background-type":"","background-media":"","overlay-type":"","overlay-color":"","overlay-opacity":"","overlay-gradient":""},"tablet":{"background-color":"var(--ast-global-color-4)","background-image":"","background-repeat":"repeat","background-position":"center center","background-size":"auto","background-attachment":"scroll","background-type":"","background-media":"","overlay-type":"","overlay-color":"","overlay-opacity":"","overlay-gradient":""},"mobile":{"background-color":"var(--ast-global-color-4)","background-image":"","background-repeat":"repeat","background-position":"center center","background-size":"auto","background-attachment":"scroll","background-type":"","background-media":"","overlay-type":"","overlay-color":"","overlay-opacity":"","overlay-gradient":""}},"footnotes":""},"categories":[1],"tags":[],"class_list":["post-575","post","type-post","status-publish","format-standard","hentry","category-sem-categoria"],"yoast_head":"<!-- This site is optimized with the Yoast SEO plugin v26.6 - https:\/\/yoast.com\/wordpress\/plugins\/seo\/ -->\n<title>Dia Internacional Contra a Corrup\u00e7\u00e3o - Ruy Palhano<\/title>\n<meta name=\"robots\" content=\"index, follow, max-snippet:-1, max-image-preview:large, max-video-preview:-1\" \/>\n<link rel=\"canonical\" href=\"https:\/\/www.blogsoestado.com\/ruypalhano\/2013\/12\/11\/dia-internacional-contra-a-corrupca\/\" \/>\n<meta property=\"og:locale\" content=\"pt_BR\" \/>\n<meta property=\"og:type\" content=\"article\" \/>\n<meta property=\"og:title\" content=\"Dia Internacional Contra a Corrup\u00e7\u00e3o - Ruy Palhano\" \/>\n<meta property=\"og:description\" content=\"Hoje, dia 9 de dezembro, comemora-se o dia Internacional contra a Corrup\u00e7\u00e3o. Esse dia refere-se a instala\u00e7\u00e3o da Conven\u00e7\u00e3o internacional [&hellip;]\" \/>\n<meta property=\"og:url\" content=\"https:\/\/www.blogsoestado.com\/ruypalhano\/2013\/12\/11\/dia-internacional-contra-a-corrupca\/\" \/>\n<meta property=\"og:site_name\" content=\"Ruy Palhano\" \/>\n<meta property=\"article:published_time\" content=\"2013-12-11T14:46:31+00:00\" \/>\n<meta name=\"author\" content=\"Ruy Palhano\" \/>\n<meta name=\"twitter:card\" content=\"summary_large_image\" \/>\n<meta name=\"twitter:label1\" content=\"Escrito por\" \/>\n\t<meta name=\"twitter:data1\" content=\"Ruy Palhano\" \/>\n\t<meta name=\"twitter:label2\" content=\"Est. tempo de leitura\" \/>\n\t<meta name=\"twitter:data2\" content=\"5 minutos\" \/>\n<script type=\"application\/ld+json\" class=\"yoast-schema-graph\">{\"@context\":\"https:\/\/schema.org\",\"@graph\":[{\"@type\":\"WebPage\",\"@id\":\"https:\/\/www.blogsoestado.com\/ruypalhano\/2013\/12\/11\/dia-internacional-contra-a-corrupca\/\",\"url\":\"https:\/\/www.blogsoestado.com\/ruypalhano\/2013\/12\/11\/dia-internacional-contra-a-corrupca\/\",\"name\":\"Dia Internacional Contra a Corrup\u00e7\u00e3o - Ruy Palhano\",\"isPartOf\":{\"@id\":\"https:\/\/www.blogsoestado.com\/ruypalhano\/#website\"},\"datePublished\":\"2013-12-11T14:46:31+00:00\",\"author\":{\"@id\":\"https:\/\/www.blogsoestado.com\/ruypalhano\/#\/schema\/person\/ef49e08ec3e742dec1682f34674f2c84\"},\"breadcrumb\":{\"@id\":\"https:\/\/www.blogsoestado.com\/ruypalhano\/2013\/12\/11\/dia-internacional-contra-a-corrupca\/#breadcrumb\"},\"inLanguage\":\"pt-BR\",\"potentialAction\":[{\"@type\":\"ReadAction\",\"target\":[\"https:\/\/www.blogsoestado.com\/ruypalhano\/2013\/12\/11\/dia-internacional-contra-a-corrupca\/\"]}]},{\"@type\":\"BreadcrumbList\",\"@id\":\"https:\/\/www.blogsoestado.com\/ruypalhano\/2013\/12\/11\/dia-internacional-contra-a-corrupca\/#breadcrumb\",\"itemListElement\":[{\"@type\":\"ListItem\",\"position\":1,\"name\":\"In\u00edcio\",\"item\":\"https:\/\/www.blogsoestado.com\/ruypalhano\/\"},{\"@type\":\"ListItem\",\"position\":2,\"name\":\"Dia Internacional Contra a Corrup\u00e7\u00e3o\"}]},{\"@type\":\"WebSite\",\"@id\":\"https:\/\/www.blogsoestado.com\/ruypalhano\/#website\",\"url\":\"https:\/\/www.blogsoestado.com\/ruypalhano\/\",\"name\":\"Ruy Palhano\",\"description\":\"\",\"potentialAction\":[{\"@type\":\"SearchAction\",\"target\":{\"@type\":\"EntryPoint\",\"urlTemplate\":\"https:\/\/www.blogsoestado.com\/ruypalhano\/?s={search_term_string}\"},\"query-input\":{\"@type\":\"PropertyValueSpecification\",\"valueRequired\":true,\"valueName\":\"search_term_string\"}}],\"inLanguage\":\"pt-BR\"},{\"@type\":\"Person\",\"@id\":\"https:\/\/www.blogsoestado.com\/ruypalhano\/#\/schema\/person\/ef49e08ec3e742dec1682f34674f2c84\",\"name\":\"Ruy Palhano\",\"image\":{\"@type\":\"ImageObject\",\"inLanguage\":\"pt-BR\",\"@id\":\"https:\/\/www.blogsoestado.com\/ruypalhano\/#\/schema\/person\/image\/\",\"url\":\"https:\/\/secure.gravatar.com\/avatar\/d08170dc68d65048f069f40789786091e8b070aa02b0d2e514ddd0244c684a5a?s=96&d=mm&r=g\",\"contentUrl\":\"https:\/\/secure.gravatar.com\/avatar\/d08170dc68d65048f069f40789786091e8b070aa02b0d2e514ddd0244c684a5a?s=96&d=mm&r=g\",\"caption\":\"Ruy Palhano\"},\"url\":\"https:\/\/www.blogsoestado.com\/ruypalhano\/author\/ruypalhano\/\"}]}<\/script>\n<!-- \/ Yoast SEO plugin. -->","yoast_head_json":{"title":"Dia Internacional Contra a Corrup\u00e7\u00e3o - Ruy Palhano","robots":{"index":"index","follow":"follow","max-snippet":"max-snippet:-1","max-image-preview":"max-image-preview:large","max-video-preview":"max-video-preview:-1"},"canonical":"https:\/\/www.blogsoestado.com\/ruypalhano\/2013\/12\/11\/dia-internacional-contra-a-corrupca\/","og_locale":"pt_BR","og_type":"article","og_title":"Dia Internacional Contra a Corrup\u00e7\u00e3o - Ruy Palhano","og_description":"Hoje, dia 9 de dezembro, comemora-se o dia Internacional contra a Corrup\u00e7\u00e3o. Esse dia refere-se a instala\u00e7\u00e3o da Conven\u00e7\u00e3o internacional [&hellip;]","og_url":"https:\/\/www.blogsoestado.com\/ruypalhano\/2013\/12\/11\/dia-internacional-contra-a-corrupca\/","og_site_name":"Ruy Palhano","article_published_time":"2013-12-11T14:46:31+00:00","author":"Ruy Palhano","twitter_card":"summary_large_image","twitter_misc":{"Escrito por":"Ruy Palhano","Est. tempo de leitura":"5 minutos"},"schema":{"@context":"https:\/\/schema.org","@graph":[{"@type":"WebPage","@id":"https:\/\/www.blogsoestado.com\/ruypalhano\/2013\/12\/11\/dia-internacional-contra-a-corrupca\/","url":"https:\/\/www.blogsoestado.com\/ruypalhano\/2013\/12\/11\/dia-internacional-contra-a-corrupca\/","name":"Dia Internacional Contra a Corrup\u00e7\u00e3o - Ruy Palhano","isPartOf":{"@id":"https:\/\/www.blogsoestado.com\/ruypalhano\/#website"},"datePublished":"2013-12-11T14:46:31+00:00","author":{"@id":"https:\/\/www.blogsoestado.com\/ruypalhano\/#\/schema\/person\/ef49e08ec3e742dec1682f34674f2c84"},"breadcrumb":{"@id":"https:\/\/www.blogsoestado.com\/ruypalhano\/2013\/12\/11\/dia-internacional-contra-a-corrupca\/#breadcrumb"},"inLanguage":"pt-BR","potentialAction":[{"@type":"ReadAction","target":["https:\/\/www.blogsoestado.com\/ruypalhano\/2013\/12\/11\/dia-internacional-contra-a-corrupca\/"]}]},{"@type":"BreadcrumbList","@id":"https:\/\/www.blogsoestado.com\/ruypalhano\/2013\/12\/11\/dia-internacional-contra-a-corrupca\/#breadcrumb","itemListElement":[{"@type":"ListItem","position":1,"name":"In\u00edcio","item":"https:\/\/www.blogsoestado.com\/ruypalhano\/"},{"@type":"ListItem","position":2,"name":"Dia Internacional Contra a Corrup\u00e7\u00e3o"}]},{"@type":"WebSite","@id":"https:\/\/www.blogsoestado.com\/ruypalhano\/#website","url":"https:\/\/www.blogsoestado.com\/ruypalhano\/","name":"Ruy Palhano","description":"","potentialAction":[{"@type":"SearchAction","target":{"@type":"EntryPoint","urlTemplate":"https:\/\/www.blogsoestado.com\/ruypalhano\/?s={search_term_string}"},"query-input":{"@type":"PropertyValueSpecification","valueRequired":true,"valueName":"search_term_string"}}],"inLanguage":"pt-BR"},{"@type":"Person","@id":"https:\/\/www.blogsoestado.com\/ruypalhano\/#\/schema\/person\/ef49e08ec3e742dec1682f34674f2c84","name":"Ruy Palhano","image":{"@type":"ImageObject","inLanguage":"pt-BR","@id":"https:\/\/www.blogsoestado.com\/ruypalhano\/#\/schema\/person\/image\/","url":"https:\/\/secure.gravatar.com\/avatar\/d08170dc68d65048f069f40789786091e8b070aa02b0d2e514ddd0244c684a5a?s=96&d=mm&r=g","contentUrl":"https:\/\/secure.gravatar.com\/avatar\/d08170dc68d65048f069f40789786091e8b070aa02b0d2e514ddd0244c684a5a?s=96&d=mm&r=g","caption":"Ruy Palhano"},"url":"https:\/\/www.blogsoestado.com\/ruypalhano\/author\/ruypalhano\/"}]}},"jetpack_featured_media_url":"","_links":{"self":[{"href":"https:\/\/www.blogsoestado.com\/ruypalhano\/wp-json\/wp\/v2\/posts\/575","targetHints":{"allow":["GET"]}}],"collection":[{"href":"https:\/\/www.blogsoestado.com\/ruypalhano\/wp-json\/wp\/v2\/posts"}],"about":[{"href":"https:\/\/www.blogsoestado.com\/ruypalhano\/wp-json\/wp\/v2\/types\/post"}],"author":[{"embeddable":true,"href":"https:\/\/www.blogsoestado.com\/ruypalhano\/wp-json\/wp\/v2\/users\/3"}],"replies":[{"embeddable":true,"href":"https:\/\/www.blogsoestado.com\/ruypalhano\/wp-json\/wp\/v2\/comments?post=575"}],"version-history":[{"count":0,"href":"https:\/\/www.blogsoestado.com\/ruypalhano\/wp-json\/wp\/v2\/posts\/575\/revisions"}],"wp:attachment":[{"href":"https:\/\/www.blogsoestado.com\/ruypalhano\/wp-json\/wp\/v2\/media?parent=575"}],"wp:term":[{"taxonomy":"category","embeddable":true,"href":"https:\/\/www.blogsoestado.com\/ruypalhano\/wp-json\/wp\/v2\/categories?post=575"},{"taxonomy":"post_tag","embeddable":true,"href":"https:\/\/www.blogsoestado.com\/ruypalhano\/wp-json\/wp\/v2\/tags?post=575"}],"curies":[{"name":"wp","href":"https:\/\/api.w.org\/{rel}","templated":true}]}}