{"id":580,"date":"2013-12-16T21:15:21","date_gmt":"2013-12-17T00:15:21","guid":{"rendered":"https:\/\/www.blogsoestado.com\/ruypalhano\/?p=580"},"modified":"2013-12-16T21:15:21","modified_gmt":"2013-12-17T00:15:21","slug":"a-oracao-a-fe-e-a-longevidade","status":"publish","type":"post","link":"https:\/\/www.blogsoestado.com\/ruypalhano\/2013\/12\/16\/a-oracao-a-fe-e-a-longevidade\/","title":{"rendered":"A ora\u00e7\u00e3o, a f\u00e9 e a longevidade"},"content":{"rendered":"<p style=\"text-align: left\" align=\"center\">\u00a0J\u00e1 somos sabedores das competentes orienta\u00e7\u00f5es m\u00e9dicas sobre o que devemos fazer para se viver bem, melhor e por mais tempo. Recomenda\u00e7\u00f5es como: evite gorduras, sal, excessos de a\u00e7ucar, vida sedent\u00e1ria, obesidade, stress, beba poco, nao fume e muitas outras recomenda\u00e7\u00f5es, j\u00e1 s\u00e3o por demais conhecidas. Todas, com o prop\u00f3sito de garantir a sa\u00fade, a qualidade de vida e a longevidade.<\/p>\n<p>Nesse sentido, foi anunciado recentimente, o resultado de uma importante pesquisa sobre a longevidade humana realizada pelo m\u00e9dico Lewis Terman da Universidade Stanford, na Calif\u00f3rnia, tendo ele iniciado seus estudos em 1921, selecionando um grupo de 1 500 crian\u00e7as para acompanh\u00e1-las durante os anos seguintes. Terman, faleceu em 1958, mas seus assistentes proseguiram com esses estudos acompanhando todo o grupo por d\u00e9cadas, na alegria e na tristeza, na riqueza e na pobreza, at\u00e9 que suas mortes os separassem.<\/p>\n<p>Em 2012, as conclus\u00f5es desses estudos foram anunciadas e entre estas, a confirma\u00e7\u00e3o da import\u00e2ncia dos conselhos m\u00e9dicos cl\u00e1ssicos, descritos acima. Os pesquisadores chegaram a conclus\u00f5es surpreendentes, por exemplo: trabalhar muito \u00e9 um caminho para viver muito, otimismo de mais pode ser prejudicial e a gen\u00e9tica n\u00e3o \u00e9 assim t\u00e3o determinante para prever seu futuro, pois h\u00e1 pessoas que por terem pais longevos, acreditam que tamb\u00e9m o ser\u00e3o e por isso n\u00e3o se cuidam.<\/p>\n<p>Entre as outras conclus\u00f5es uma nos chamou a aten\u00e7\u00e3o pelo fato de confirmar algo que j\u00e1 estava no senso popular h\u00e1 anos: a f\u00e9 cura e influencia\u00a0a longevidade e, quem comparece \u00e0 missa, culto, centro esp\u00edrita, sinagoga, terreiro etc. em geral vive mais. Esta conclus\u00e3o gerou um dilema: religiosos vivem mais porque rezam ou rezam porque vivem mais? Os dados n\u00e3o permitem concluir se a sa\u00fade dos anci\u00e3os \u00e9 beneficiada pela experi\u00eancia ou se, na verdade, quem tem disposi\u00e7\u00e3o para ritos religiosos s\u00e3o justamente os mais saud\u00e1veis. Moral da hist\u00f3ria: na d\u00favida, tenha f\u00e9 em alguma coisa.<\/p>\n<p>Quando se diz, a f\u00e9 cura, a f\u00e9 remove montanhas, a f\u00e9 salva e muitas outras afirma\u00e7\u00f5es oriundas da cren\u00e7a popular, nesse trabalho ficou demonstrado a veracidade cient\u00edfica dessas afirma\u00e7\u00f5es. A neuroci\u00eancia nesse sentido, h\u00e1 muito tempo, vem afirmando que a f\u00e9 como viv\u00eancia humana, est\u00e1 programada em nosso c\u00e9rebro, e que tal viv\u00eancia produziria, de diferentes maneiras, benef\u00edcios para a sa\u00fade.<\/p>\n<p>Charles Darwin, criador da teoria da evolu\u00e7\u00e3o h\u00e1 150 anos, j\u00e1 havia registrado no livro, A descend\u00eancia do homem, em 1871: \u201cUma cren\u00e7a em agentes espirituais onipresentes parece ser universal\u201d. \u201cSomos predispostos biologicamente a ter cren\u00e7as, entre elas a religiosa\u201d.<\/p>\n<p>Outro neurocientista, Andrew Newberg, da Universidade da Pensilv\u00e2nia &#8211; EUA, que estuda as manifesta\u00e7\u00f5es cerebrais da f\u00e9 h\u00e1 pelo menos 15 anos, demonstrou que as pr\u00e1ticas religiosas estimulam, entre outras regi\u00f5es do c\u00e9rebro, os lobos frontais, respons\u00e1veis pela capacidade de concentra\u00e7\u00e3o e os lobos parietais, que nos d\u00e3o a consci\u00eancia de n\u00f3s mesmos e do mundo. Outros estudos em andamento pretendem compreender melhor a medita\u00e7\u00e3o e a prece, mas a pesquisa de Newberg mostra que, durante essas atividades, o lobo frontal fica mais ativo que o lobo parietal demonstrando efetivamente a a\u00e7\u00e3o dessas atividades em nossa vida. \u00a0Em seu novo livro,\u201cComo Deus muda seu c\u00e9rebro\u201d, Newberg explora os efeitos da f\u00e9 sobre o c\u00e9rebro e o impcato disso na vida das pessoas. Estudos anteriores nesta \u00e0rea verificavam os efeitos \u00e0 curto prazo de pr\u00e1ticas como a medita\u00e7\u00e3o e a ora\u00e7\u00e3o. Agora, ele e seu grupo, pretendem responder \u00e0 seguinte quest\u00e3o: o que acontecer\u00e1 se voc\u00ea adotar, com frequ\u00eancia, uma pr\u00e1tica como a medita\u00e7\u00e3o ou a prece?<\/p>\n<p>&nbsp;<\/p>\n<p>Robert Hummer, soci\u00f3logo e professor da Universidade do Texas que tamb\u00e9m desenvolve trabalhos nesta \u00e0rea, que acompanha um grupo de pessoas desde 1992, estudando a rela\u00e7\u00e3o entre a religi\u00e3o e a sa\u00fade, garante que, quem nunca praticou uma religi\u00e3o tem um risco duas vezes maior de morrer nos pr\u00f3ximos oito anos do que algu\u00e9m que a pratica pelo menos uma vez por semana. As evid\u00eancias da influ\u00eancia da f\u00e9 na sa\u00fade s\u00e3o promissoras afirma o neurologista brasileiro Jorge Moll, diretor do Centro de Neuroci\u00eancia da Rede Labs-D\u2019Or: para ele o desafio \u00e9 quantificar a influ\u00eancia da f\u00e9 e tentar compar\u00e1-la com os efeitos de outras pr\u00e1ticas sem conota\u00e7\u00e3o religiosa.<\/p>\n<p>Algu\u00e9m duvida que a ora\u00e7\u00e3o sob inspira\u00e7\u00e3o da f\u00e9 e do amor, em momentos de sofrimentos, angustia, e dor, n\u00e3o juda? Que a f\u00e9 influencia muitas pessoas a se recuperarem de graves problemas, como depend\u00eancia de drogas e em outras doen\u00e7as? Que a ora\u00e7\u00e3o, nos d\u00e1 paz e serenidade? Todos esses efeitos est\u00e3o ligados a capacidade humana de ter f\u00e9 e de amar.<\/p>\n<p>Portanto, orar, rezar ter f\u00e9, entrar em comunh\u00e3o com Deus, ir a igreja com a finalidade religiosa n\u00e3o \u00e9 t\u00e3o somente s\u00f3 uma atitude social, e sim s\u00e3o atitudes eficazes que garantem mais bem estar, sa\u00fade e longevidade. Nesse natal que se aproxima, vamos rezar muito e cultivar a f\u00e9 para v\u00ea-la brotar em Deus, em n\u00f3s e nos homens.<\/p>\n<p>&nbsp;<\/p>\n<p>&nbsp;<\/p>\n<p>&nbsp;<\/p>\n<p>&nbsp;<\/p>\n","protected":false},"excerpt":{"rendered":"<p>\u00a0J\u00e1 somos sabedores das competentes orienta\u00e7\u00f5es m\u00e9dicas sobre o que devemos fazer para se viver bem, melhor e por mais [&hellip;]<\/p>\n","protected":false},"author":3,"featured_media":0,"comment_status":"open","ping_status":"open","sticky":false,"template":"","format":"standard","meta":{"site-sidebar-layout":"default","site-content-layout":"","ast-site-content-layout":"default","site-content-style":"default","site-sidebar-style":"default","ast-global-header-display":"","ast-banner-title-visibility":"","ast-main-header-display":"","ast-hfb-above-header-display":"","ast-hfb-below-header-display":"","ast-hfb-mobile-header-display":"","site-post-title":"","ast-breadcrumbs-content":"","ast-featured-img":"","footer-sml-layout":"","ast-disable-related-posts":"","theme-transparent-header-meta":"","adv-header-id-meta":"","stick-header-meta":"","header-above-stick-meta":"","header-main-stick-meta":"","header-below-stick-meta":"","astra-migrate-meta-layouts":"default","ast-page-background-enabled":"default","ast-page-background-meta":{"desktop":{"background-color":"var(--ast-global-color-5)","background-image":"","background-repeat":"repeat","background-position":"center center","background-size":"auto","background-attachment":"scroll","background-type":"","background-media":"","overlay-type":"","overlay-color":"","overlay-opacity":"","overlay-gradient":""},"tablet":{"background-color":"","background-image":"","background-repeat":"repeat","background-position":"center center","background-size":"auto","background-attachment":"scroll","background-type":"","background-media":"","overlay-type":"","overlay-color":"","overlay-opacity":"","overlay-gradient":""},"mobile":{"background-color":"","background-image":"","background-repeat":"repeat","background-position":"center center","background-size":"auto","background-attachment":"scroll","background-type":"","background-media":"","overlay-type":"","overlay-color":"","overlay-opacity":"","overlay-gradient":""}},"ast-content-background-meta":{"desktop":{"background-color":"var(--ast-global-color-4)","background-image":"","background-repeat":"repeat","background-position":"center center","background-size":"auto","background-attachment":"scroll","background-type":"","background-media":"","overlay-type":"","overlay-color":"","overlay-opacity":"","overlay-gradient":""},"tablet":{"background-color":"var(--ast-global-color-4)","background-image":"","background-repeat":"repeat","background-position":"center center","background-size":"auto","background-attachment":"scroll","background-type":"","background-media":"","overlay-type":"","overlay-color":"","overlay-opacity":"","overlay-gradient":""},"mobile":{"background-color":"var(--ast-global-color-4)","background-image":"","background-repeat":"repeat","background-position":"center center","background-size":"auto","background-attachment":"scroll","background-type":"","background-media":"","overlay-type":"","overlay-color":"","overlay-opacity":"","overlay-gradient":""}},"footnotes":""},"categories":[3],"tags":[],"class_list":["post-580","post","type-post","status-publish","format-standard","hentry","category-comportamento"],"yoast_head":"<!-- This site is optimized with the Yoast SEO plugin v26.6 - https:\/\/yoast.com\/wordpress\/plugins\/seo\/ -->\n<title>A ora\u00e7\u00e3o, a f\u00e9 e a longevidade - Ruy Palhano<\/title>\n<meta name=\"robots\" content=\"index, follow, max-snippet:-1, max-image-preview:large, max-video-preview:-1\" \/>\n<link rel=\"canonical\" href=\"https:\/\/www.blogsoestado.com\/ruypalhano\/2013\/12\/16\/a-oracao-a-fe-e-a-longevidade\/\" \/>\n<meta property=\"og:locale\" content=\"pt_BR\" \/>\n<meta property=\"og:type\" content=\"article\" \/>\n<meta property=\"og:title\" content=\"A ora\u00e7\u00e3o, a f\u00e9 e a longevidade - Ruy Palhano\" \/>\n<meta property=\"og:description\" content=\"\u00a0J\u00e1 somos sabedores das competentes orienta\u00e7\u00f5es m\u00e9dicas sobre o que devemos fazer para se viver bem, melhor e por mais [&hellip;]\" \/>\n<meta property=\"og:url\" content=\"https:\/\/www.blogsoestado.com\/ruypalhano\/2013\/12\/16\/a-oracao-a-fe-e-a-longevidade\/\" \/>\n<meta property=\"og:site_name\" content=\"Ruy Palhano\" \/>\n<meta property=\"article:published_time\" content=\"2013-12-17T00:15:21+00:00\" \/>\n<meta name=\"author\" content=\"Ruy Palhano\" \/>\n<meta name=\"twitter:card\" content=\"summary_large_image\" \/>\n<meta name=\"twitter:label1\" content=\"Escrito por\" \/>\n\t<meta name=\"twitter:data1\" content=\"Ruy Palhano\" \/>\n\t<meta name=\"twitter:label2\" content=\"Est. tempo de leitura\" \/>\n\t<meta name=\"twitter:data2\" content=\"5 minutos\" \/>\n<script type=\"application\/ld+json\" class=\"yoast-schema-graph\">{\"@context\":\"https:\/\/schema.org\",\"@graph\":[{\"@type\":\"WebPage\",\"@id\":\"https:\/\/www.blogsoestado.com\/ruypalhano\/2013\/12\/16\/a-oracao-a-fe-e-a-longevidade\/\",\"url\":\"https:\/\/www.blogsoestado.com\/ruypalhano\/2013\/12\/16\/a-oracao-a-fe-e-a-longevidade\/\",\"name\":\"A ora\u00e7\u00e3o, a f\u00e9 e a longevidade - Ruy Palhano\",\"isPartOf\":{\"@id\":\"https:\/\/www.blogsoestado.com\/ruypalhano\/#website\"},\"datePublished\":\"2013-12-17T00:15:21+00:00\",\"author\":{\"@id\":\"https:\/\/www.blogsoestado.com\/ruypalhano\/#\/schema\/person\/ef49e08ec3e742dec1682f34674f2c84\"},\"breadcrumb\":{\"@id\":\"https:\/\/www.blogsoestado.com\/ruypalhano\/2013\/12\/16\/a-oracao-a-fe-e-a-longevidade\/#breadcrumb\"},\"inLanguage\":\"pt-BR\",\"potentialAction\":[{\"@type\":\"ReadAction\",\"target\":[\"https:\/\/www.blogsoestado.com\/ruypalhano\/2013\/12\/16\/a-oracao-a-fe-e-a-longevidade\/\"]}]},{\"@type\":\"BreadcrumbList\",\"@id\":\"https:\/\/www.blogsoestado.com\/ruypalhano\/2013\/12\/16\/a-oracao-a-fe-e-a-longevidade\/#breadcrumb\",\"itemListElement\":[{\"@type\":\"ListItem\",\"position\":1,\"name\":\"In\u00edcio\",\"item\":\"https:\/\/www.blogsoestado.com\/ruypalhano\/\"},{\"@type\":\"ListItem\",\"position\":2,\"name\":\"A ora\u00e7\u00e3o, a f\u00e9 e a longevidade\"}]},{\"@type\":\"WebSite\",\"@id\":\"https:\/\/www.blogsoestado.com\/ruypalhano\/#website\",\"url\":\"https:\/\/www.blogsoestado.com\/ruypalhano\/\",\"name\":\"Ruy Palhano\",\"description\":\"\",\"potentialAction\":[{\"@type\":\"SearchAction\",\"target\":{\"@type\":\"EntryPoint\",\"urlTemplate\":\"https:\/\/www.blogsoestado.com\/ruypalhano\/?s={search_term_string}\"},\"query-input\":{\"@type\":\"PropertyValueSpecification\",\"valueRequired\":true,\"valueName\":\"search_term_string\"}}],\"inLanguage\":\"pt-BR\"},{\"@type\":\"Person\",\"@id\":\"https:\/\/www.blogsoestado.com\/ruypalhano\/#\/schema\/person\/ef49e08ec3e742dec1682f34674f2c84\",\"name\":\"Ruy Palhano\",\"image\":{\"@type\":\"ImageObject\",\"inLanguage\":\"pt-BR\",\"@id\":\"https:\/\/www.blogsoestado.com\/ruypalhano\/#\/schema\/person\/image\/\",\"url\":\"https:\/\/secure.gravatar.com\/avatar\/d08170dc68d65048f069f40789786091e8b070aa02b0d2e514ddd0244c684a5a?s=96&d=mm&r=g\",\"contentUrl\":\"https:\/\/secure.gravatar.com\/avatar\/d08170dc68d65048f069f40789786091e8b070aa02b0d2e514ddd0244c684a5a?s=96&d=mm&r=g\",\"caption\":\"Ruy Palhano\"},\"url\":\"https:\/\/www.blogsoestado.com\/ruypalhano\/author\/ruypalhano\/\"}]}<\/script>\n<!-- \/ Yoast SEO plugin. -->","yoast_head_json":{"title":"A ora\u00e7\u00e3o, a f\u00e9 e a longevidade - Ruy Palhano","robots":{"index":"index","follow":"follow","max-snippet":"max-snippet:-1","max-image-preview":"max-image-preview:large","max-video-preview":"max-video-preview:-1"},"canonical":"https:\/\/www.blogsoestado.com\/ruypalhano\/2013\/12\/16\/a-oracao-a-fe-e-a-longevidade\/","og_locale":"pt_BR","og_type":"article","og_title":"A ora\u00e7\u00e3o, a f\u00e9 e a longevidade - Ruy Palhano","og_description":"\u00a0J\u00e1 somos sabedores das competentes orienta\u00e7\u00f5es m\u00e9dicas sobre o que devemos fazer para se viver bem, melhor e por mais [&hellip;]","og_url":"https:\/\/www.blogsoestado.com\/ruypalhano\/2013\/12\/16\/a-oracao-a-fe-e-a-longevidade\/","og_site_name":"Ruy Palhano","article_published_time":"2013-12-17T00:15:21+00:00","author":"Ruy Palhano","twitter_card":"summary_large_image","twitter_misc":{"Escrito por":"Ruy Palhano","Est. tempo de leitura":"5 minutos"},"schema":{"@context":"https:\/\/schema.org","@graph":[{"@type":"WebPage","@id":"https:\/\/www.blogsoestado.com\/ruypalhano\/2013\/12\/16\/a-oracao-a-fe-e-a-longevidade\/","url":"https:\/\/www.blogsoestado.com\/ruypalhano\/2013\/12\/16\/a-oracao-a-fe-e-a-longevidade\/","name":"A ora\u00e7\u00e3o, a f\u00e9 e a longevidade - Ruy Palhano","isPartOf":{"@id":"https:\/\/www.blogsoestado.com\/ruypalhano\/#website"},"datePublished":"2013-12-17T00:15:21+00:00","author":{"@id":"https:\/\/www.blogsoestado.com\/ruypalhano\/#\/schema\/person\/ef49e08ec3e742dec1682f34674f2c84"},"breadcrumb":{"@id":"https:\/\/www.blogsoestado.com\/ruypalhano\/2013\/12\/16\/a-oracao-a-fe-e-a-longevidade\/#breadcrumb"},"inLanguage":"pt-BR","potentialAction":[{"@type":"ReadAction","target":["https:\/\/www.blogsoestado.com\/ruypalhano\/2013\/12\/16\/a-oracao-a-fe-e-a-longevidade\/"]}]},{"@type":"BreadcrumbList","@id":"https:\/\/www.blogsoestado.com\/ruypalhano\/2013\/12\/16\/a-oracao-a-fe-e-a-longevidade\/#breadcrumb","itemListElement":[{"@type":"ListItem","position":1,"name":"In\u00edcio","item":"https:\/\/www.blogsoestado.com\/ruypalhano\/"},{"@type":"ListItem","position":2,"name":"A ora\u00e7\u00e3o, a f\u00e9 e a longevidade"}]},{"@type":"WebSite","@id":"https:\/\/www.blogsoestado.com\/ruypalhano\/#website","url":"https:\/\/www.blogsoestado.com\/ruypalhano\/","name":"Ruy Palhano","description":"","potentialAction":[{"@type":"SearchAction","target":{"@type":"EntryPoint","urlTemplate":"https:\/\/www.blogsoestado.com\/ruypalhano\/?s={search_term_string}"},"query-input":{"@type":"PropertyValueSpecification","valueRequired":true,"valueName":"search_term_string"}}],"inLanguage":"pt-BR"},{"@type":"Person","@id":"https:\/\/www.blogsoestado.com\/ruypalhano\/#\/schema\/person\/ef49e08ec3e742dec1682f34674f2c84","name":"Ruy Palhano","image":{"@type":"ImageObject","inLanguage":"pt-BR","@id":"https:\/\/www.blogsoestado.com\/ruypalhano\/#\/schema\/person\/image\/","url":"https:\/\/secure.gravatar.com\/avatar\/d08170dc68d65048f069f40789786091e8b070aa02b0d2e514ddd0244c684a5a?s=96&d=mm&r=g","contentUrl":"https:\/\/secure.gravatar.com\/avatar\/d08170dc68d65048f069f40789786091e8b070aa02b0d2e514ddd0244c684a5a?s=96&d=mm&r=g","caption":"Ruy Palhano"},"url":"https:\/\/www.blogsoestado.com\/ruypalhano\/author\/ruypalhano\/"}]}},"jetpack_featured_media_url":"","_links":{"self":[{"href":"https:\/\/www.blogsoestado.com\/ruypalhano\/wp-json\/wp\/v2\/posts\/580","targetHints":{"allow":["GET"]}}],"collection":[{"href":"https:\/\/www.blogsoestado.com\/ruypalhano\/wp-json\/wp\/v2\/posts"}],"about":[{"href":"https:\/\/www.blogsoestado.com\/ruypalhano\/wp-json\/wp\/v2\/types\/post"}],"author":[{"embeddable":true,"href":"https:\/\/www.blogsoestado.com\/ruypalhano\/wp-json\/wp\/v2\/users\/3"}],"replies":[{"embeddable":true,"href":"https:\/\/www.blogsoestado.com\/ruypalhano\/wp-json\/wp\/v2\/comments?post=580"}],"version-history":[{"count":0,"href":"https:\/\/www.blogsoestado.com\/ruypalhano\/wp-json\/wp\/v2\/posts\/580\/revisions"}],"wp:attachment":[{"href":"https:\/\/www.blogsoestado.com\/ruypalhano\/wp-json\/wp\/v2\/media?parent=580"}],"wp:term":[{"taxonomy":"category","embeddable":true,"href":"https:\/\/www.blogsoestado.com\/ruypalhano\/wp-json\/wp\/v2\/categories?post=580"},{"taxonomy":"post_tag","embeddable":true,"href":"https:\/\/www.blogsoestado.com\/ruypalhano\/wp-json\/wp\/v2\/tags?post=580"}],"curies":[{"name":"wp","href":"https:\/\/api.w.org\/{rel}","templated":true}]}}