{"id":592,"date":"2013-12-23T23:01:46","date_gmt":"2013-12-24T02:01:46","guid":{"rendered":"https:\/\/www.blogsoestado.com\/ruypalhano\/?p=592"},"modified":"2013-12-23T23:01:46","modified_gmt":"2013-12-24T02:01:46","slug":"a-origem-das-doencas-metais","status":"publish","type":"post","link":"https:\/\/www.blogsoestado.com\/ruypalhano\/2013\/12\/23\/a-origem-das-doencas-metais\/","title":{"rendered":"A origem das doen\u00e7as metais"},"content":{"rendered":"<p>&nbsp;<\/p>\n<p><b>\u00a0<\/b><\/p>\n<p>A Psiquiatria cl\u00e1ssica, sempre tentou localizar no c\u00e9rebro as origens das doen\u00e7as mentais, muito embora h\u00e1 muitos tempo se sabe da natureza multicausal dessas doen\u00e7as. Nesse sentido a psiquiatria e a neurologia sempre caminharam juntas ao ponto de, por muitos anos, a jun\u00e7\u00e3o dessas duas especialidades ter sido designada de neuropsiquiatria. Com o avan\u00e7ar dos conhecimentos sobre as causas dessas doen\u00e7as percebeu-se que outras \u00e1reas do conhecimento, especialmente a psicologia, a sociologia, a antropologia, exerciam uma influ\u00eancia relevante nesse contexto pois, dificilmente explicar\u00edamos sua natureza t\u00e3o complexa, a partir t\u00e3o somente do conhecimento\u00a0 m\u00e9dico.<\/p>\n<p>Na atualidade, com bases cient\u00edficas s\u00f3lidas e baseadas em evid\u00eancias cl\u00ednicas sabe-se que a sede material de onde se origina tais doen\u00e7as \u00e9 neurobiol\u00f3gica sendo o c\u00e9rebro o ponto mais importante para se explicar tais ocorr\u00eancias. Ao mesmo tempo, disciplinas como a gen\u00e9tica, a bioqu\u00edmica, a imunologia, a farmacologia e a neurofisiologia, cl\u00ednica exercem um importante papel na rede complexa de suas causas.<\/p>\n<p>Um conhecimento que vem contribuindo de forma especial para esse esclarecimento , \u00e9 a neuroqu\u00edmica e a neurofisiologia do sistema nervoso central, pois ambos os aspectos, garantem atrav\u00e9s de seus mecanismos vitais,\u00a0 a totalidade das atividades cerebrais. Al\u00e9m disso, todos os estudos realizados nessas \u00e1rea demonstram que doen\u00e7as como as fobias, depress\u00e3o, ansiedade, transtorno obsessivo-compulsivo (TOC), a esquizofrenia e muitos outras, s\u00e3o explicados a partir de disfun\u00e7\u00f5es que acontecem em determinadas \u00e1reas do c\u00e9rebro desses enfermos.<\/p>\n<p>Os estudos de farmacologia das doen\u00e7as mentais fornecem informa\u00e7\u00f5es relevantes sobre as bases materiais das origens dessas doen\u00e7as. A farmacologia psiqui\u00e1trica, recurso imprescind\u00edvel para o tratamento das doen\u00e7as mentais, transformou o progn\u00f3stico sombrio que existia sobre a evolu\u00e7\u00e3o desses transtornos, em algo promissor\u00a0 garantindo chances reais de uma boa recupera\u00e7\u00e3o. De tal forma que gra\u00e7as a essa evolu\u00e7\u00e3o, desse conhecimentos, doen\u00e7as como a esquizofrenia e depress\u00e3o, consideradas doen\u00e7as muito graves no passado, hoje s\u00e3o enfermidade que tem um progn\u00f3stico favor\u00e1vel, com possibilidade desses enfermos levarem uma vida saud\u00e1vel.<\/p>\n<p><b><i>O c\u00e9rebro como sede dessas doen\u00e7as <\/i><\/b><\/p>\n<p>\u00c9 uma das partes mais importantes do sistema nervoso central situado no interior do cr\u00e2nio, pesa cerca de 1,3 kg, \u00e9 uma massa de tecido cinza-r\u00f3seo. Quando cortado, o c\u00e9rebro apresenta duas subst\u00e2ncias com tonalidades diferentes: uma branca, que ocupa o centro, e outra cinzenta, que \u00e9 a parte externa do c\u00e9rebro e forma o c\u00f3rtex cerebral. Esse est\u00e1 dividido em mais de quarenta \u00e1reas funcionalmente distintas. Cada uma delas respons\u00e1vel por uma atividade espec\u00edfica. \u00c9 no c\u00e9rebro que ocorrem diferentes fen\u00f4menos os quais garantem e promovem, entre outras coisas, o comportamento sadio e\/ou patol\u00f3gicos dos indiv\u00edduos. \u00c9 um \u00f3rg\u00e3o formado por um trilh\u00e3o de c\u00e9lulas nervosas, entre as quais cem bilh\u00f5es de neur\u00f4nio, todos encarregados de executar suas m\u00faltiplas fun\u00e7\u00f5es.<\/p>\n<p>A c\u00e9lula que comp\u00f5e o c\u00e9rebro \u00e9 o neur\u00f4nio, <b><i>c\u00e9lula altamente especializada na execu\u00e7\u00e3o dos processos de controle, armazenamento, gera\u00e7\u00e3o \u00a0e transmiss\u00e3o da informa\u00e7\u00e3o intercelular. <\/i><\/b>Estes neur\u00f4nios, juntamente com as outras c\u00e9lulas cerebrais se relacionam entre si constituindo em uma grande rede, onde todas se comunicam com milhares de outras e vive-versa. S\u00e3o bilh\u00f5es destas c\u00e9lulas organizadas anat\u00f4mica e funcionalmente para garantir a integridade do \u00f3rg\u00e3o e do nosso comportamento. Funcionam de forma articulada e sincronizada promovendo nossa sa\u00fade ou ao contr\u00e1rio as doen\u00e7as mentais.<\/p>\n<p>De tal forma, que os estudos atuais de neuroci\u00eancia das doen\u00e7as metais demonstram que grande parte das disfun\u00e7\u00f5es que ocorrem ao n\u00edvel dessas atividades cerebrais s\u00e3o respons\u00e1veis pelas doen\u00e7as mentais e dependendo da natureza destas altera\u00e7\u00f5es e o local do c\u00e9rebro onde elas ocorram, definir-se-\u00e3o o tipo cl\u00ednico dessas cl\u00ednica da doen\u00e7a.<\/p>\n<p>&nbsp;<\/p>\n","protected":false},"excerpt":{"rendered":"<p>&nbsp; \u00a0 A Psiquiatria cl\u00e1ssica, sempre tentou localizar no c\u00e9rebro as origens das doen\u00e7as mentais, muito embora h\u00e1 muitos tempo [&hellip;]<\/p>\n","protected":false},"author":3,"featured_media":0,"comment_status":"open","ping_status":"open","sticky":false,"template":"","format":"standard","meta":{"site-sidebar-layout":"default","site-content-layout":"","ast-site-content-layout":"default","site-content-style":"default","site-sidebar-style":"default","ast-global-header-display":"","ast-banner-title-visibility":"","ast-main-header-display":"","ast-hfb-above-header-display":"","ast-hfb-below-header-display":"","ast-hfb-mobile-header-display":"","site-post-title":"","ast-breadcrumbs-content":"","ast-featured-img":"","footer-sml-layout":"","ast-disable-related-posts":"","theme-transparent-header-meta":"","adv-header-id-meta":"","stick-header-meta":"","header-above-stick-meta":"","header-main-stick-meta":"","header-below-stick-meta":"","astra-migrate-meta-layouts":"default","ast-page-background-enabled":"default","ast-page-background-meta":{"desktop":{"background-color":"var(--ast-global-color-5)","background-image":"","background-repeat":"repeat","background-position":"center center","background-size":"auto","background-attachment":"scroll","background-type":"","background-media":"","overlay-type":"","overlay-color":"","overlay-opacity":"","overlay-gradient":""},"tablet":{"background-color":"","background-image":"","background-repeat":"repeat","background-position":"center center","background-size":"auto","background-attachment":"scroll","background-type":"","background-media":"","overlay-type":"","overlay-color":"","overlay-opacity":"","overlay-gradient":""},"mobile":{"background-color":"","background-image":"","background-repeat":"repeat","background-position":"center center","background-size":"auto","background-attachment":"scroll","background-type":"","background-media":"","overlay-type":"","overlay-color":"","overlay-opacity":"","overlay-gradient":""}},"ast-content-background-meta":{"desktop":{"background-color":"var(--ast-global-color-4)","background-image":"","background-repeat":"repeat","background-position":"center center","background-size":"auto","background-attachment":"scroll","background-type":"","background-media":"","overlay-type":"","overlay-color":"","overlay-opacity":"","overlay-gradient":""},"tablet":{"background-color":"var(--ast-global-color-4)","background-image":"","background-repeat":"repeat","background-position":"center center","background-size":"auto","background-attachment":"scroll","background-type":"","background-media":"","overlay-type":"","overlay-color":"","overlay-opacity":"","overlay-gradient":""},"mobile":{"background-color":"var(--ast-global-color-4)","background-image":"","background-repeat":"repeat","background-position":"center center","background-size":"auto","background-attachment":"scroll","background-type":"","background-media":"","overlay-type":"","overlay-color":"","overlay-opacity":"","overlay-gradient":""}},"footnotes":""},"categories":[1],"tags":[],"class_list":["post-592","post","type-post","status-publish","format-standard","hentry","category-sem-categoria"],"yoast_head":"<!-- This site is optimized with the Yoast SEO plugin v26.6 - https:\/\/yoast.com\/wordpress\/plugins\/seo\/ -->\n<title>A origem das doen\u00e7as metais - Ruy Palhano<\/title>\n<meta name=\"robots\" content=\"index, follow, max-snippet:-1, max-image-preview:large, max-video-preview:-1\" \/>\n<link rel=\"canonical\" href=\"https:\/\/www.blogsoestado.com\/ruypalhano\/2013\/12\/23\/a-origem-das-doencas-metais\/\" \/>\n<meta property=\"og:locale\" content=\"pt_BR\" \/>\n<meta property=\"og:type\" content=\"article\" \/>\n<meta property=\"og:title\" content=\"A origem das doen\u00e7as metais - Ruy Palhano\" \/>\n<meta property=\"og:description\" content=\"&nbsp; \u00a0 A Psiquiatria cl\u00e1ssica, sempre tentou localizar no c\u00e9rebro as origens das doen\u00e7as mentais, muito embora h\u00e1 muitos tempo [&hellip;]\" \/>\n<meta property=\"og:url\" content=\"https:\/\/www.blogsoestado.com\/ruypalhano\/2013\/12\/23\/a-origem-das-doencas-metais\/\" \/>\n<meta property=\"og:site_name\" content=\"Ruy Palhano\" \/>\n<meta property=\"article:published_time\" content=\"2013-12-24T02:01:46+00:00\" \/>\n<meta name=\"author\" content=\"Ruy Palhano\" \/>\n<meta name=\"twitter:card\" content=\"summary_large_image\" \/>\n<meta name=\"twitter:label1\" content=\"Escrito por\" \/>\n\t<meta name=\"twitter:data1\" content=\"Ruy Palhano\" \/>\n\t<meta name=\"twitter:label2\" content=\"Est. tempo de leitura\" \/>\n\t<meta name=\"twitter:data2\" content=\"3 minutos\" \/>\n<script type=\"application\/ld+json\" class=\"yoast-schema-graph\">{\"@context\":\"https:\/\/schema.org\",\"@graph\":[{\"@type\":\"WebPage\",\"@id\":\"https:\/\/www.blogsoestado.com\/ruypalhano\/2013\/12\/23\/a-origem-das-doencas-metais\/\",\"url\":\"https:\/\/www.blogsoestado.com\/ruypalhano\/2013\/12\/23\/a-origem-das-doencas-metais\/\",\"name\":\"A origem das doen\u00e7as metais - Ruy Palhano\",\"isPartOf\":{\"@id\":\"https:\/\/www.blogsoestado.com\/ruypalhano\/#website\"},\"datePublished\":\"2013-12-24T02:01:46+00:00\",\"author\":{\"@id\":\"https:\/\/www.blogsoestado.com\/ruypalhano\/#\/schema\/person\/ef49e08ec3e742dec1682f34674f2c84\"},\"breadcrumb\":{\"@id\":\"https:\/\/www.blogsoestado.com\/ruypalhano\/2013\/12\/23\/a-origem-das-doencas-metais\/#breadcrumb\"},\"inLanguage\":\"pt-BR\",\"potentialAction\":[{\"@type\":\"ReadAction\",\"target\":[\"https:\/\/www.blogsoestado.com\/ruypalhano\/2013\/12\/23\/a-origem-das-doencas-metais\/\"]}]},{\"@type\":\"BreadcrumbList\",\"@id\":\"https:\/\/www.blogsoestado.com\/ruypalhano\/2013\/12\/23\/a-origem-das-doencas-metais\/#breadcrumb\",\"itemListElement\":[{\"@type\":\"ListItem\",\"position\":1,\"name\":\"In\u00edcio\",\"item\":\"https:\/\/www.blogsoestado.com\/ruypalhano\/\"},{\"@type\":\"ListItem\",\"position\":2,\"name\":\"A origem das doen\u00e7as metais\"}]},{\"@type\":\"WebSite\",\"@id\":\"https:\/\/www.blogsoestado.com\/ruypalhano\/#website\",\"url\":\"https:\/\/www.blogsoestado.com\/ruypalhano\/\",\"name\":\"Ruy Palhano\",\"description\":\"\",\"potentialAction\":[{\"@type\":\"SearchAction\",\"target\":{\"@type\":\"EntryPoint\",\"urlTemplate\":\"https:\/\/www.blogsoestado.com\/ruypalhano\/?s={search_term_string}\"},\"query-input\":{\"@type\":\"PropertyValueSpecification\",\"valueRequired\":true,\"valueName\":\"search_term_string\"}}],\"inLanguage\":\"pt-BR\"},{\"@type\":\"Person\",\"@id\":\"https:\/\/www.blogsoestado.com\/ruypalhano\/#\/schema\/person\/ef49e08ec3e742dec1682f34674f2c84\",\"name\":\"Ruy Palhano\",\"image\":{\"@type\":\"ImageObject\",\"inLanguage\":\"pt-BR\",\"@id\":\"https:\/\/www.blogsoestado.com\/ruypalhano\/#\/schema\/person\/image\/\",\"url\":\"https:\/\/secure.gravatar.com\/avatar\/d08170dc68d65048f069f40789786091e8b070aa02b0d2e514ddd0244c684a5a?s=96&d=mm&r=g\",\"contentUrl\":\"https:\/\/secure.gravatar.com\/avatar\/d08170dc68d65048f069f40789786091e8b070aa02b0d2e514ddd0244c684a5a?s=96&d=mm&r=g\",\"caption\":\"Ruy Palhano\"},\"url\":\"https:\/\/www.blogsoestado.com\/ruypalhano\/author\/ruypalhano\/\"}]}<\/script>\n<!-- \/ Yoast SEO plugin. -->","yoast_head_json":{"title":"A origem das doen\u00e7as metais - Ruy Palhano","robots":{"index":"index","follow":"follow","max-snippet":"max-snippet:-1","max-image-preview":"max-image-preview:large","max-video-preview":"max-video-preview:-1"},"canonical":"https:\/\/www.blogsoestado.com\/ruypalhano\/2013\/12\/23\/a-origem-das-doencas-metais\/","og_locale":"pt_BR","og_type":"article","og_title":"A origem das doen\u00e7as metais - Ruy Palhano","og_description":"&nbsp; \u00a0 A Psiquiatria cl\u00e1ssica, sempre tentou localizar no c\u00e9rebro as origens das doen\u00e7as mentais, muito embora h\u00e1 muitos tempo [&hellip;]","og_url":"https:\/\/www.blogsoestado.com\/ruypalhano\/2013\/12\/23\/a-origem-das-doencas-metais\/","og_site_name":"Ruy Palhano","article_published_time":"2013-12-24T02:01:46+00:00","author":"Ruy Palhano","twitter_card":"summary_large_image","twitter_misc":{"Escrito por":"Ruy Palhano","Est. tempo de leitura":"3 minutos"},"schema":{"@context":"https:\/\/schema.org","@graph":[{"@type":"WebPage","@id":"https:\/\/www.blogsoestado.com\/ruypalhano\/2013\/12\/23\/a-origem-das-doencas-metais\/","url":"https:\/\/www.blogsoestado.com\/ruypalhano\/2013\/12\/23\/a-origem-das-doencas-metais\/","name":"A origem das doen\u00e7as metais - Ruy Palhano","isPartOf":{"@id":"https:\/\/www.blogsoestado.com\/ruypalhano\/#website"},"datePublished":"2013-12-24T02:01:46+00:00","author":{"@id":"https:\/\/www.blogsoestado.com\/ruypalhano\/#\/schema\/person\/ef49e08ec3e742dec1682f34674f2c84"},"breadcrumb":{"@id":"https:\/\/www.blogsoestado.com\/ruypalhano\/2013\/12\/23\/a-origem-das-doencas-metais\/#breadcrumb"},"inLanguage":"pt-BR","potentialAction":[{"@type":"ReadAction","target":["https:\/\/www.blogsoestado.com\/ruypalhano\/2013\/12\/23\/a-origem-das-doencas-metais\/"]}]},{"@type":"BreadcrumbList","@id":"https:\/\/www.blogsoestado.com\/ruypalhano\/2013\/12\/23\/a-origem-das-doencas-metais\/#breadcrumb","itemListElement":[{"@type":"ListItem","position":1,"name":"In\u00edcio","item":"https:\/\/www.blogsoestado.com\/ruypalhano\/"},{"@type":"ListItem","position":2,"name":"A origem das doen\u00e7as metais"}]},{"@type":"WebSite","@id":"https:\/\/www.blogsoestado.com\/ruypalhano\/#website","url":"https:\/\/www.blogsoestado.com\/ruypalhano\/","name":"Ruy Palhano","description":"","potentialAction":[{"@type":"SearchAction","target":{"@type":"EntryPoint","urlTemplate":"https:\/\/www.blogsoestado.com\/ruypalhano\/?s={search_term_string}"},"query-input":{"@type":"PropertyValueSpecification","valueRequired":true,"valueName":"search_term_string"}}],"inLanguage":"pt-BR"},{"@type":"Person","@id":"https:\/\/www.blogsoestado.com\/ruypalhano\/#\/schema\/person\/ef49e08ec3e742dec1682f34674f2c84","name":"Ruy Palhano","image":{"@type":"ImageObject","inLanguage":"pt-BR","@id":"https:\/\/www.blogsoestado.com\/ruypalhano\/#\/schema\/person\/image\/","url":"https:\/\/secure.gravatar.com\/avatar\/d08170dc68d65048f069f40789786091e8b070aa02b0d2e514ddd0244c684a5a?s=96&d=mm&r=g","contentUrl":"https:\/\/secure.gravatar.com\/avatar\/d08170dc68d65048f069f40789786091e8b070aa02b0d2e514ddd0244c684a5a?s=96&d=mm&r=g","caption":"Ruy Palhano"},"url":"https:\/\/www.blogsoestado.com\/ruypalhano\/author\/ruypalhano\/"}]}},"jetpack_featured_media_url":"","_links":{"self":[{"href":"https:\/\/www.blogsoestado.com\/ruypalhano\/wp-json\/wp\/v2\/posts\/592","targetHints":{"allow":["GET"]}}],"collection":[{"href":"https:\/\/www.blogsoestado.com\/ruypalhano\/wp-json\/wp\/v2\/posts"}],"about":[{"href":"https:\/\/www.blogsoestado.com\/ruypalhano\/wp-json\/wp\/v2\/types\/post"}],"author":[{"embeddable":true,"href":"https:\/\/www.blogsoestado.com\/ruypalhano\/wp-json\/wp\/v2\/users\/3"}],"replies":[{"embeddable":true,"href":"https:\/\/www.blogsoestado.com\/ruypalhano\/wp-json\/wp\/v2\/comments?post=592"}],"version-history":[{"count":0,"href":"https:\/\/www.blogsoestado.com\/ruypalhano\/wp-json\/wp\/v2\/posts\/592\/revisions"}],"wp:attachment":[{"href":"https:\/\/www.blogsoestado.com\/ruypalhano\/wp-json\/wp\/v2\/media?parent=592"}],"wp:term":[{"taxonomy":"category","embeddable":true,"href":"https:\/\/www.blogsoestado.com\/ruypalhano\/wp-json\/wp\/v2\/categories?post=592"},{"taxonomy":"post_tag","embeddable":true,"href":"https:\/\/www.blogsoestado.com\/ruypalhano\/wp-json\/wp\/v2\/tags?post=592"}],"curies":[{"name":"wp","href":"https:\/\/api.w.org\/{rel}","templated":true}]}}