{"id":600,"date":"2014-01-06T21:21:38","date_gmt":"2014-01-07T00:21:38","guid":{"rendered":"https:\/\/www.blogsoestado.com\/ruypalhano\/?p=600"},"modified":"2014-01-06T21:21:38","modified_gmt":"2014-01-07T00:21:38","slug":"a-depressao-de-final-de-ano","status":"publish","type":"post","link":"https:\/\/www.blogsoestado.com\/ruypalhano\/2014\/01\/06\/a-depressao-de-final-de-ano\/","title":{"rendered":"A depress\u00e3o de final de ano"},"content":{"rendered":"<p align=\"center\">A depress\u00e3o de final de ano<\/p>\n<p>&nbsp;<\/p>\n<p>Na virada do ano, em uma entrevista que concedi\u00a0 a uma TV local, me perguntaram porque tanta gente se deprimia nessa \u00e9poca. Pois, segundo as informa\u00e7\u00f5es do jornalista, isso era uma ocorr\u00eancia frequente e n\u00e3o era tratada com o devido respeito. Na realidade, o coment\u00e1rio do rep\u00f3rter procede, pois de fato a incid\u00eancia depress\u00e3o nessa \u00e9poca do ano \u00e9 comum, embora n\u00e3o se tenha muitos trabalhos cient\u00edficos no Brasil tratando desse assunto.<\/p>\n<p>A OMS, estima que entre 15 a 18% das pessoas ter\u00e3o depress\u00e3o em qualquer \u00e9poca da vida, independente do per\u00edodo do ano. As perspectivas atuais sobre o seu tratamento e preven\u00e7\u00e3o, s\u00e3o as melhores poss\u00edveis, falta todavia, uma ampla conscientiza\u00e7\u00e3o aos enfermos e \u00e0s suas fam\u00edlias, que os fa\u00e7a entender que depress\u00e3o \u00e9 uma doen\u00e7a recorrente e que se n\u00e3o preveni-la, fatalmente reaparecer\u00e1 em outras ocasi\u00f5es.<\/p>\n<p>Esse coment\u00e1rio acima, serve para mostrar que o aparecimento de depress\u00e3o em finais de ano pode ser, nada mais na da menos, que um epis\u00f3dio\u00a0 depressivo que ocorreu nesta \u00e9poca, assim como poderia ocorrer em qualquer outra. Isto \u00e9, a partir desse ponto de vista, o epis\u00f3dio depressivo est\u00e1 ligado \u00e1 natureza \u00a0da pr\u00f3pria doen\u00e7a e n\u00e3o \u00e1s mudan\u00e7as da \u00e9poca de ano. Pois, como sabemos, a mesma \u00e9 recorrente, ocorre por fases, podendo portanto, ocorrer em qualquer per\u00edodo.<\/p>\n<p>Outra explica\u00e7\u00e3o, \u00e9 que independente da autonomia da crise depressiva, como vimos acima, sabe-se que o \u201cclima e o tempo\u201d tem uma influ\u00eancia no curso natural em muitas doen\u00e7as humanas e a depress\u00e3o n\u00e3o escaparia a esse paradigma. Isto \u00e9, o clima exerce uma influ\u00eancia positiva ou negativa sobre nossas enfermidades. H\u00e1 muito se sabe, que em \u00e9pocas do inverno os depressivos entram em crise mais facilmente e as mesmas apresentam algumas carater\u00edsticas predominantes: se tornam mais melanc\u00f3licos, mais inibidos, \u00a0mais retra\u00eddos e mais entristecidos. Al\u00e9m do mais, referem com muita frequ\u00eancia baixa perspectiva quanto ao futuro e se apegam muito ao passado. Evidentemente que apresentam outros sintomas nessa \u00e1rea por\u00e9m os acima predominam.<\/p>\n<p>A neuroci\u00eancia e a psiquiatria ainda n\u00e3o disp\u00f5es de explica\u00e7\u00f5es amplas sobre \u00a0a rela\u00e7\u00e3o depress\u00e3o e inverno, todavia, sabe-se que h\u00e1 mecanismos neuro-hormonais importantes, ligados aos ciclos biol\u00f3gicos vitais que interfeririam com a eclos\u00e3o das crises nesse per\u00edodo. Algo parecido acontece com a s\u00edndrome pr\u00e9-menstrual,\u00a0 com o ciclo sono-vig\u00edlia, e muitas outras mudan\u00e7as que ocorrem em nossa fisiologia e em nosso comportamento dependendo do hor\u00e1rio do dia, do m\u00eas,\u00a0 do ano e do clima. O fato \u00e9 que h\u00e1 uma rela\u00e7\u00e3o estreita entre essa \u00e9poca e as doen\u00e7as metais, configurando as chamadas varia\u00e7\u00f5es circadianas do nosso estado psiqu\u00edco.<\/p>\n<p>Outro aspecto importante \u00e9 que a \u00e9poca do fim de ano e do natal, as pessoas se tornam mais sens\u00edveis, mais\u00a0 am\u00e1veis, mais emotivas, e por isso mesmo mais \u00a0vulner\u00e1veis ao clamor afetivo e emocional desse per\u00edodo. Natal e ano novo s\u00e3o datas muitos significativas, sempre carregadas de muitas tradi\u00e7\u00f5es e emo\u00e7\u00f5es onde muitos j\u00e1 se vulnerabilizam independentemente de serem depressivos ou n\u00e3o.<\/p>\n<p>A marca desse per\u00edodo \u00e9 o contentamento, a alegria envoltos a um clima de devo\u00e7\u00e3o, esperan\u00e7a e f\u00e9. Muitos, contagiados por essa onda de alegria nem se d\u00e3o conta de seus problemas do dia a dia. Ficar triste nessa data nem pensar, compartilham dor e sofrimento muito menos. Muitos tem problema de todos os tipos: nas rela\u00e7\u00f5es familiares, problemas financeiros, problemas no trabalho, problemas de sa\u00fade, com drogas e n\u00e3o examinam isso como deveriam examinar ao longo do ano e, quando chega essa data obrigatoriamente ter\u00e3o que rever todas essas mazelas e, muitos, n\u00e3o tem ferramentas ou estrutura emocional para faz\u00ea-lo, o que ser\u00e1 suficiente \u00a0para conduz\u00ed-los \u00a0a se deprimirem nessas ocasi\u00f5es.<\/p>\n<p>Esses tr\u00eas aspectos, o psicopatol\u00f3gico, ligado diretamente a doen\u00e7a depressiva; o neuroend\u00f3crimo que expressa as varia\u00e7\u00f5es circadianas do humor; e o psicol\u00f3gico comportamental, relativos a vida de cada um podem, em propor\u00e7\u00f5es distintas, colaborara com o surgimento da depress\u00e3o nesse per\u00edodo do ano. Independente de ser sazonal ou n\u00e3o, teremos que trat\u00e1-la a contento, e \u00a0preveni-la que \u00e9 atualmente o que mais se recomenda em psiquiatria. A depress\u00e3o portanto independente de ocorre de forma sazonal, \u00e9 uma doen\u00e7a trat\u00e1vel, evit\u00e1vel e preven\u00edvel.<\/p>\n<p>&nbsp;<\/p>\n<p>&nbsp;<\/p>\n","protected":false},"excerpt":{"rendered":"<p>A depress\u00e3o de final de ano &nbsp; Na virada do ano, em uma entrevista que concedi\u00a0 a uma TV local, [&hellip;]<\/p>\n","protected":false},"author":3,"featured_media":0,"comment_status":"open","ping_status":"open","sticky":false,"template":"","format":"standard","meta":{"site-sidebar-layout":"default","site-content-layout":"","ast-site-content-layout":"default","site-content-style":"default","site-sidebar-style":"default","ast-global-header-display":"","ast-banner-title-visibility":"","ast-main-header-display":"","ast-hfb-above-header-display":"","ast-hfb-below-header-display":"","ast-hfb-mobile-header-display":"","site-post-title":"","ast-breadcrumbs-content":"","ast-featured-img":"","footer-sml-layout":"","ast-disable-related-posts":"","theme-transparent-header-meta":"","adv-header-id-meta":"","stick-header-meta":"","header-above-stick-meta":"","header-main-stick-meta":"","header-below-stick-meta":"","astra-migrate-meta-layouts":"default","ast-page-background-enabled":"default","ast-page-background-meta":{"desktop":{"background-color":"var(--ast-global-color-5)","background-image":"","background-repeat":"repeat","background-position":"center center","background-size":"auto","background-attachment":"scroll","background-type":"","background-media":"","overlay-type":"","overlay-color":"","overlay-opacity":"","overlay-gradient":""},"tablet":{"background-color":"","background-image":"","background-repeat":"repeat","background-position":"center center","background-size":"auto","background-attachment":"scroll","background-type":"","background-media":"","overlay-type":"","overlay-color":"","overlay-opacity":"","overlay-gradient":""},"mobile":{"background-color":"","background-image":"","background-repeat":"repeat","background-position":"center center","background-size":"auto","background-attachment":"scroll","background-type":"","background-media":"","overlay-type":"","overlay-color":"","overlay-opacity":"","overlay-gradient":""}},"ast-content-background-meta":{"desktop":{"background-color":"var(--ast-global-color-4)","background-image":"","background-repeat":"repeat","background-position":"center center","background-size":"auto","background-attachment":"scroll","background-type":"","background-media":"","overlay-type":"","overlay-color":"","overlay-opacity":"","overlay-gradient":""},"tablet":{"background-color":"var(--ast-global-color-4)","background-image":"","background-repeat":"repeat","background-position":"center center","background-size":"auto","background-attachment":"scroll","background-type":"","background-media":"","overlay-type":"","overlay-color":"","overlay-opacity":"","overlay-gradient":""},"mobile":{"background-color":"var(--ast-global-color-4)","background-image":"","background-repeat":"repeat","background-position":"center center","background-size":"auto","background-attachment":"scroll","background-type":"","background-media":"","overlay-type":"","overlay-color":"","overlay-opacity":"","overlay-gradient":""}},"footnotes":""},"categories":[3,5],"tags":[],"class_list":["post-600","post","type-post","status-publish","format-standard","hentry","category-comportamento","category-doenca-mental"],"yoast_head":"<!-- This site is optimized with the Yoast SEO plugin v26.6 - https:\/\/yoast.com\/wordpress\/plugins\/seo\/ -->\n<title>A depress\u00e3o de final de ano - Ruy Palhano<\/title>\n<meta name=\"robots\" content=\"index, follow, max-snippet:-1, max-image-preview:large, max-video-preview:-1\" \/>\n<link rel=\"canonical\" href=\"https:\/\/www.blogsoestado.com\/ruypalhano\/2014\/01\/06\/a-depressao-de-final-de-ano\/\" \/>\n<meta property=\"og:locale\" content=\"pt_BR\" \/>\n<meta property=\"og:type\" content=\"article\" \/>\n<meta property=\"og:title\" content=\"A depress\u00e3o de final de ano - Ruy Palhano\" \/>\n<meta property=\"og:description\" content=\"A depress\u00e3o de final de ano &nbsp; Na virada do ano, em uma entrevista que concedi\u00a0 a uma TV local, [&hellip;]\" \/>\n<meta property=\"og:url\" content=\"https:\/\/www.blogsoestado.com\/ruypalhano\/2014\/01\/06\/a-depressao-de-final-de-ano\/\" \/>\n<meta property=\"og:site_name\" content=\"Ruy Palhano\" \/>\n<meta property=\"article:published_time\" content=\"2014-01-07T00:21:38+00:00\" \/>\n<meta name=\"author\" content=\"Ruy Palhano\" \/>\n<meta name=\"twitter:card\" content=\"summary_large_image\" \/>\n<meta name=\"twitter:label1\" content=\"Escrito por\" \/>\n\t<meta name=\"twitter:data1\" content=\"Ruy Palhano\" \/>\n\t<meta name=\"twitter:label2\" content=\"Est. tempo de leitura\" \/>\n\t<meta name=\"twitter:data2\" content=\"4 minutos\" \/>\n<script type=\"application\/ld+json\" class=\"yoast-schema-graph\">{\"@context\":\"https:\/\/schema.org\",\"@graph\":[{\"@type\":\"WebPage\",\"@id\":\"https:\/\/www.blogsoestado.com\/ruypalhano\/2014\/01\/06\/a-depressao-de-final-de-ano\/\",\"url\":\"https:\/\/www.blogsoestado.com\/ruypalhano\/2014\/01\/06\/a-depressao-de-final-de-ano\/\",\"name\":\"A depress\u00e3o de final de ano - Ruy Palhano\",\"isPartOf\":{\"@id\":\"https:\/\/www.blogsoestado.com\/ruypalhano\/#website\"},\"datePublished\":\"2014-01-07T00:21:38+00:00\",\"author\":{\"@id\":\"https:\/\/www.blogsoestado.com\/ruypalhano\/#\/schema\/person\/ef49e08ec3e742dec1682f34674f2c84\"},\"breadcrumb\":{\"@id\":\"https:\/\/www.blogsoestado.com\/ruypalhano\/2014\/01\/06\/a-depressao-de-final-de-ano\/#breadcrumb\"},\"inLanguage\":\"pt-BR\",\"potentialAction\":[{\"@type\":\"ReadAction\",\"target\":[\"https:\/\/www.blogsoestado.com\/ruypalhano\/2014\/01\/06\/a-depressao-de-final-de-ano\/\"]}]},{\"@type\":\"BreadcrumbList\",\"@id\":\"https:\/\/www.blogsoestado.com\/ruypalhano\/2014\/01\/06\/a-depressao-de-final-de-ano\/#breadcrumb\",\"itemListElement\":[{\"@type\":\"ListItem\",\"position\":1,\"name\":\"In\u00edcio\",\"item\":\"https:\/\/www.blogsoestado.com\/ruypalhano\/\"},{\"@type\":\"ListItem\",\"position\":2,\"name\":\"A depress\u00e3o de final de ano\"}]},{\"@type\":\"WebSite\",\"@id\":\"https:\/\/www.blogsoestado.com\/ruypalhano\/#website\",\"url\":\"https:\/\/www.blogsoestado.com\/ruypalhano\/\",\"name\":\"Ruy Palhano\",\"description\":\"\",\"potentialAction\":[{\"@type\":\"SearchAction\",\"target\":{\"@type\":\"EntryPoint\",\"urlTemplate\":\"https:\/\/www.blogsoestado.com\/ruypalhano\/?s={search_term_string}\"},\"query-input\":{\"@type\":\"PropertyValueSpecification\",\"valueRequired\":true,\"valueName\":\"search_term_string\"}}],\"inLanguage\":\"pt-BR\"},{\"@type\":\"Person\",\"@id\":\"https:\/\/www.blogsoestado.com\/ruypalhano\/#\/schema\/person\/ef49e08ec3e742dec1682f34674f2c84\",\"name\":\"Ruy Palhano\",\"image\":{\"@type\":\"ImageObject\",\"inLanguage\":\"pt-BR\",\"@id\":\"https:\/\/www.blogsoestado.com\/ruypalhano\/#\/schema\/person\/image\/\",\"url\":\"https:\/\/secure.gravatar.com\/avatar\/d08170dc68d65048f069f40789786091e8b070aa02b0d2e514ddd0244c684a5a?s=96&d=mm&r=g\",\"contentUrl\":\"https:\/\/secure.gravatar.com\/avatar\/d08170dc68d65048f069f40789786091e8b070aa02b0d2e514ddd0244c684a5a?s=96&d=mm&r=g\",\"caption\":\"Ruy Palhano\"},\"url\":\"https:\/\/www.blogsoestado.com\/ruypalhano\/author\/ruypalhano\/\"}]}<\/script>\n<!-- \/ Yoast SEO plugin. -->","yoast_head_json":{"title":"A depress\u00e3o de final de ano - Ruy Palhano","robots":{"index":"index","follow":"follow","max-snippet":"max-snippet:-1","max-image-preview":"max-image-preview:large","max-video-preview":"max-video-preview:-1"},"canonical":"https:\/\/www.blogsoestado.com\/ruypalhano\/2014\/01\/06\/a-depressao-de-final-de-ano\/","og_locale":"pt_BR","og_type":"article","og_title":"A depress\u00e3o de final de ano - Ruy Palhano","og_description":"A depress\u00e3o de final de ano &nbsp; Na virada do ano, em uma entrevista que concedi\u00a0 a uma TV local, [&hellip;]","og_url":"https:\/\/www.blogsoestado.com\/ruypalhano\/2014\/01\/06\/a-depressao-de-final-de-ano\/","og_site_name":"Ruy Palhano","article_published_time":"2014-01-07T00:21:38+00:00","author":"Ruy Palhano","twitter_card":"summary_large_image","twitter_misc":{"Escrito por":"Ruy Palhano","Est. tempo de leitura":"4 minutos"},"schema":{"@context":"https:\/\/schema.org","@graph":[{"@type":"WebPage","@id":"https:\/\/www.blogsoestado.com\/ruypalhano\/2014\/01\/06\/a-depressao-de-final-de-ano\/","url":"https:\/\/www.blogsoestado.com\/ruypalhano\/2014\/01\/06\/a-depressao-de-final-de-ano\/","name":"A depress\u00e3o de final de ano - Ruy Palhano","isPartOf":{"@id":"https:\/\/www.blogsoestado.com\/ruypalhano\/#website"},"datePublished":"2014-01-07T00:21:38+00:00","author":{"@id":"https:\/\/www.blogsoestado.com\/ruypalhano\/#\/schema\/person\/ef49e08ec3e742dec1682f34674f2c84"},"breadcrumb":{"@id":"https:\/\/www.blogsoestado.com\/ruypalhano\/2014\/01\/06\/a-depressao-de-final-de-ano\/#breadcrumb"},"inLanguage":"pt-BR","potentialAction":[{"@type":"ReadAction","target":["https:\/\/www.blogsoestado.com\/ruypalhano\/2014\/01\/06\/a-depressao-de-final-de-ano\/"]}]},{"@type":"BreadcrumbList","@id":"https:\/\/www.blogsoestado.com\/ruypalhano\/2014\/01\/06\/a-depressao-de-final-de-ano\/#breadcrumb","itemListElement":[{"@type":"ListItem","position":1,"name":"In\u00edcio","item":"https:\/\/www.blogsoestado.com\/ruypalhano\/"},{"@type":"ListItem","position":2,"name":"A depress\u00e3o de final de ano"}]},{"@type":"WebSite","@id":"https:\/\/www.blogsoestado.com\/ruypalhano\/#website","url":"https:\/\/www.blogsoestado.com\/ruypalhano\/","name":"Ruy Palhano","description":"","potentialAction":[{"@type":"SearchAction","target":{"@type":"EntryPoint","urlTemplate":"https:\/\/www.blogsoestado.com\/ruypalhano\/?s={search_term_string}"},"query-input":{"@type":"PropertyValueSpecification","valueRequired":true,"valueName":"search_term_string"}}],"inLanguage":"pt-BR"},{"@type":"Person","@id":"https:\/\/www.blogsoestado.com\/ruypalhano\/#\/schema\/person\/ef49e08ec3e742dec1682f34674f2c84","name":"Ruy Palhano","image":{"@type":"ImageObject","inLanguage":"pt-BR","@id":"https:\/\/www.blogsoestado.com\/ruypalhano\/#\/schema\/person\/image\/","url":"https:\/\/secure.gravatar.com\/avatar\/d08170dc68d65048f069f40789786091e8b070aa02b0d2e514ddd0244c684a5a?s=96&d=mm&r=g","contentUrl":"https:\/\/secure.gravatar.com\/avatar\/d08170dc68d65048f069f40789786091e8b070aa02b0d2e514ddd0244c684a5a?s=96&d=mm&r=g","caption":"Ruy Palhano"},"url":"https:\/\/www.blogsoestado.com\/ruypalhano\/author\/ruypalhano\/"}]}},"jetpack_featured_media_url":"","_links":{"self":[{"href":"https:\/\/www.blogsoestado.com\/ruypalhano\/wp-json\/wp\/v2\/posts\/600","targetHints":{"allow":["GET"]}}],"collection":[{"href":"https:\/\/www.blogsoestado.com\/ruypalhano\/wp-json\/wp\/v2\/posts"}],"about":[{"href":"https:\/\/www.blogsoestado.com\/ruypalhano\/wp-json\/wp\/v2\/types\/post"}],"author":[{"embeddable":true,"href":"https:\/\/www.blogsoestado.com\/ruypalhano\/wp-json\/wp\/v2\/users\/3"}],"replies":[{"embeddable":true,"href":"https:\/\/www.blogsoestado.com\/ruypalhano\/wp-json\/wp\/v2\/comments?post=600"}],"version-history":[{"count":0,"href":"https:\/\/www.blogsoestado.com\/ruypalhano\/wp-json\/wp\/v2\/posts\/600\/revisions"}],"wp:attachment":[{"href":"https:\/\/www.blogsoestado.com\/ruypalhano\/wp-json\/wp\/v2\/media?parent=600"}],"wp:term":[{"taxonomy":"category","embeddable":true,"href":"https:\/\/www.blogsoestado.com\/ruypalhano\/wp-json\/wp\/v2\/categories?post=600"},{"taxonomy":"post_tag","embeddable":true,"href":"https:\/\/www.blogsoestado.com\/ruypalhano\/wp-json\/wp\/v2\/tags?post=600"}],"curies":[{"name":"wp","href":"https:\/\/api.w.org\/{rel}","templated":true}]}}