{"id":640,"date":"2014-03-04T21:48:27","date_gmt":"2014-03-05T00:48:27","guid":{"rendered":"https:\/\/www.blogsoestado.com\/ruypalhano\/?p=640"},"modified":"2014-03-04T21:48:27","modified_gmt":"2014-03-05T00:48:27","slug":"um-brasil-triste-na-epoca-do-carnava","status":"publish","type":"post","link":"https:\/\/www.blogsoestado.com\/ruypalhano\/2014\/03\/04\/um-brasil-triste-na-epoca-do-carnava\/","title":{"rendered":"Um Brasil triste na \u00e9poca do carnava"},"content":{"rendered":"<p align=\"center\">Neste \u00faltimo 27 de fevereiro, as v\u00e9speras do carnaval uma das mais importantes festas populares desse pa\u00eds, onde muitos participam inspirados no \u201csamba, suor e cerveja\u201d, onde a alegria, a descontra\u00e7\u00e3o o entusiasmo s\u00e3o os que comandam a festa, ocorreu um fato lament\u00e1vel e entristecedor que descolore a alegria contagiante desse momento: a absolvi\u00e7\u00e3o dos bandidos do mensal\u00e3o, que estavam sendo julgados por crime de forma\u00e7\u00e3o de quadrilha.<\/p>\n<p>Os 08 mensaleiros, que j\u00e1 haviam sido condenados por seus crimes e que j\u00e1 cumprem suas penas, nesse novo julgamento, o Supremo Tribunal Federal- STF, entendeu que n\u00e3o houve forma\u00e7\u00e3o de quadrilha com esses envolvidos com o maior crime de bases pol\u00edticas desse pa\u00eds, conhecido como mensal\u00e3o.<\/p>\n<p>A decis\u00e3o, nos deixou a todos de \u201cqueixo ca\u00eddo\u201d. O pr\u00f3prio Presidente do STF, Ministro Joaquim Barbosa, visivelmente indignado com o resultado dissera em alto e bom tom, que os argumentos utilizado pelos ministros que votaram a favor da absolvi\u00e7\u00e3o desse criminosos, havida sido p\u00edfios, e esse adjetivo significa tudo que possui valor irris\u00f3rio; reles, vil; grosseiro; ordin\u00e1rio e comum. O termo pode tamb\u00e9m ser utilizado como uma caracter\u00edstica de quem \u00e9 ordin\u00e1rio, baixo; canalha, de tal forma que quando ele qualifica de p\u00edfios os argumentos desses ministros pr\u00f3 mensaleiros real\u00e7a as incongru\u00eancias e a incredibilidade no resultado desse julgamento ocorrido na maior corte de justi\u00e7a desse pa\u00eds. O presidente visivelmente indignado diz textualmente: <i>\u201cessa \u00e9 uma tarde triste para o STF, pois com argumentos p\u00edfios foi reformada, foi jogada por terra, extirpada do mundo jur\u00eddico uma decis\u00e3o plen\u00e1ria s\u00f3lida extremamente bem fundamentada que foi aquela tomada por esse tribunal, no segundo semestre de 2012\u201d<\/i> ao se referir ao rigoroso trabalho que fora feito no STF, na primeira etapa desse processo, que resultou na condena\u00e7\u00e3o desses pol\u00edticos criminosos.<\/p>\n<p>Para n\u00f3s brasileiros \u201cpobres mortais\u201d j\u00e1 estamos cansados de tantas incongru\u00eancias e contradi\u00e7\u00f5es e de conviver com tantos descompasso no exerc\u00edcio da justi\u00e7a, da\u00a0 pol\u00edtica e na gest\u00e3o da coisa p\u00fablica esse resultado, passa a ser mais uma que teremos que \u201cengolir guela abaixo\u201d. O impacto maior sobre n\u00f3s foi no campo \u00e9tico pois esper\u00e1vamos que o STF, ratificasse o que j\u00e1 haviam decido por ocasi\u00e3o\u00a0 do primeira fase do julgamento desses mensaleiros que pela abrang\u00eancia e variedade dos crimes que cometeram, pagassem suas penas como estavam previstas, mas contraditoriamente, retiraram a modalidade de pena que fizeram jus (regime fechado) e o tempo de perman\u00eancia de cada um na cadeia.<\/p>\n<p>A decep\u00e7\u00e3o se espalhou pelo Brasil a fora. Todos os brasileiros, desencantados com o resultado desse julgamento e comprometidos com a moral publica, manifestou sua indigna\u00e7\u00e3o com uma frase cl\u00e1ssica: j\u00e1 sabia que iria d\u00e1 nisso. Mas uma vez vence o poder, a engenharia pol\u00edtica mau versada, vence as contradi\u00e7\u00f5es como nunca visto antes. O favoritismo, o utilitarismo, condutas anti\u00e9tica e muitas outras falcatruas tomam corpo entre n\u00f3s e em nossa institui\u00e7\u00f5es nos decepcionando. Isto \u00e9, de fato estamos mergulhados em uma das piores crises no \u00e2mbito da moralidade p\u00fablica e esse resultado mostrou isso.<\/p>\n<p>O resultado do julgamento em 2012, reacendeu em todos n\u00f3s o sentimento de credibilidade, de confian\u00e7a e de punidade da justi\u00e7a, que vinha com sua imagem combalida e prejudicada pelas contradi\u00e7\u00f5es que l\u00e1 ocorriam e, ao vernos os \u201cbandidos de colarinho branco\u201d sendo levados para a cadeia, ente os quais, o ex-ministro e chefe da quadrilha da \u201crep\u00fablica petista\u201d, z\u00e9 Dirceu, renovaram-se nossas esperan\u00e7as e confian\u00e7as\u00a0 no exerc\u00edcio da justi\u00e7a.<\/p>\n<p>Por\u00e9m, como diriam os antigos, \u201ca alegria de pobre dura pouco\u201d, pois nesse novo julgamento, ocorrido no dia 27 de fevereiro de 2014, como diz o pr\u00f3prio Joaquim Barbosa onde <i>\u201ca decis\u00e3o s\u00f3lida extremamente bem fundamentada que fora tomada por esse tribunal, (no primeiro julgamento) foi jogada por terra, extirpada do mundo jur\u00eddico com argumentos p\u00edfios\u201d<\/i>, e essa express\u00e3o reascende em n\u00f3s o implac\u00e1vel sentimento de impunidade, de desalento, de tristeza e de severa decep\u00e7\u00e3o nas institui\u00e7\u00f5es desse pa\u00eds encarregadas de promoverem a justi\u00e7a.<\/p>\n<p>A impress\u00e3o que se tem \u00e9 que tudo fora uma farsa, um jogo de cartas marcadas ou mesmo uma \u201cencena\u00e7\u00e3o feitas por h\u00e1beis profissionais\u201d simplesmente para encobrir a \u201cverdadeira inten\u00e7\u00e3o dos mandat\u00e1rios do poder\u201d que \u00e9 de libertar esses criminosos, isentando-lhes de suas responsabilidades e das penas pelos crimes que cometeram e daqui ha pouco estarem do nosso lado desfrutando dos benef\u00edcios de um estado injusto contra n\u00f3s trabalhadores\u00a0 brasileiros.<\/p>\n<p>De qualquer forma resta-nos a esperan\u00e7a, qual seja, a de permanecermos acreditando que isso um dia ir\u00e1 mudar. Um dia onde prevalecer\u00e1 a plena justi\u00e7a e a honradez e, delas nos orgulhar.\u00a0 A esperan\u00e7a de nascer outros Joaquim Barbosa, corajoso, contestador, combativo, irreverente e justo, para nos ajudar a prender esses falsos brasileiros que <i>\u201cv\u00e3o para a cadeia com sorrisos nos dentes, de punho cerrados vociferando frases de efeito com: vamos pra luta companheiros\u201d.<\/i> Um dia onde a maioria possa decidir sobre os rumos que querem seguir na vida e n\u00e3o uma meia d\u00fazia de n\u00e3o-patriotas, oportunista e aproveitadores que tiram proveito de seus cargos e fun\u00e7\u00f5es no estado. A esperan\u00e7a enfim de vivermos em um mundo justo onde ele mesmo \u00e9 a ordem natural e o grande alicerce da dignidade humana.<\/p>\n<p>&nbsp;<\/p>\n<p>&nbsp;<\/p>\n","protected":false},"excerpt":{"rendered":"<p>Neste \u00faltimo 27 de fevereiro, as v\u00e9speras do carnaval uma das mais importantes festas populares desse pa\u00eds, onde muitos participam [&hellip;]<\/p>\n","protected":false},"author":3,"featured_media":0,"comment_status":"open","ping_status":"open","sticky":false,"template":"","format":"standard","meta":{"site-sidebar-layout":"default","site-content-layout":"","ast-site-content-layout":"default","site-content-style":"default","site-sidebar-style":"default","ast-global-header-display":"","ast-banner-title-visibility":"","ast-main-header-display":"","ast-hfb-above-header-display":"","ast-hfb-below-header-display":"","ast-hfb-mobile-header-display":"","site-post-title":"","ast-breadcrumbs-content":"","ast-featured-img":"","footer-sml-layout":"","ast-disable-related-posts":"","theme-transparent-header-meta":"","adv-header-id-meta":"","stick-header-meta":"","header-above-stick-meta":"","header-main-stick-meta":"","header-below-stick-meta":"","astra-migrate-meta-layouts":"default","ast-page-background-enabled":"default","ast-page-background-meta":{"desktop":{"background-color":"var(--ast-global-color-5)","background-image":"","background-repeat":"repeat","background-position":"center center","background-size":"auto","background-attachment":"scroll","background-type":"","background-media":"","overlay-type":"","overlay-color":"","overlay-opacity":"","overlay-gradient":""},"tablet":{"background-color":"","background-image":"","background-repeat":"repeat","background-position":"center center","background-size":"auto","background-attachment":"scroll","background-type":"","background-media":"","overlay-type":"","overlay-color":"","overlay-opacity":"","overlay-gradient":""},"mobile":{"background-color":"","background-image":"","background-repeat":"repeat","background-position":"center center","background-size":"auto","background-attachment":"scroll","background-type":"","background-media":"","overlay-type":"","overlay-color":"","overlay-opacity":"","overlay-gradient":""}},"ast-content-background-meta":{"desktop":{"background-color":"var(--ast-global-color-4)","background-image":"","background-repeat":"repeat","background-position":"center center","background-size":"auto","background-attachment":"scroll","background-type":"","background-media":"","overlay-type":"","overlay-color":"","overlay-opacity":"","overlay-gradient":""},"tablet":{"background-color":"var(--ast-global-color-4)","background-image":"","background-repeat":"repeat","background-position":"center center","background-size":"auto","background-attachment":"scroll","background-type":"","background-media":"","overlay-type":"","overlay-color":"","overlay-opacity":"","overlay-gradient":""},"mobile":{"background-color":"var(--ast-global-color-4)","background-image":"","background-repeat":"repeat","background-position":"center center","background-size":"auto","background-attachment":"scroll","background-type":"","background-media":"","overlay-type":"","overlay-color":"","overlay-opacity":"","overlay-gradient":""}},"footnotes":""},"categories":[1],"tags":[],"class_list":["post-640","post","type-post","status-publish","format-standard","hentry","category-sem-categoria"],"yoast_head":"<!-- This site is optimized with the Yoast SEO plugin v26.6 - https:\/\/yoast.com\/wordpress\/plugins\/seo\/ -->\n<title>Um Brasil triste na \u00e9poca do carnava - Ruy Palhano<\/title>\n<meta name=\"robots\" content=\"index, follow, max-snippet:-1, max-image-preview:large, max-video-preview:-1\" \/>\n<link rel=\"canonical\" href=\"https:\/\/www.blogsoestado.com\/ruypalhano\/2014\/03\/04\/um-brasil-triste-na-epoca-do-carnava\/\" \/>\n<meta property=\"og:locale\" content=\"pt_BR\" \/>\n<meta property=\"og:type\" content=\"article\" \/>\n<meta property=\"og:title\" content=\"Um Brasil triste na \u00e9poca do carnava - Ruy Palhano\" \/>\n<meta property=\"og:description\" content=\"Neste \u00faltimo 27 de fevereiro, as v\u00e9speras do carnaval uma das mais importantes festas populares desse pa\u00eds, onde muitos participam [&hellip;]\" \/>\n<meta property=\"og:url\" content=\"https:\/\/www.blogsoestado.com\/ruypalhano\/2014\/03\/04\/um-brasil-triste-na-epoca-do-carnava\/\" \/>\n<meta property=\"og:site_name\" content=\"Ruy Palhano\" \/>\n<meta property=\"article:published_time\" content=\"2014-03-05T00:48:27+00:00\" \/>\n<meta name=\"author\" content=\"Ruy Palhano\" \/>\n<meta name=\"twitter:card\" content=\"summary_large_image\" \/>\n<meta name=\"twitter:label1\" content=\"Escrito por\" \/>\n\t<meta name=\"twitter:data1\" content=\"Ruy Palhano\" \/>\n\t<meta name=\"twitter:label2\" content=\"Est. tempo de leitura\" \/>\n\t<meta name=\"twitter:data2\" content=\"5 minutos\" \/>\n<script type=\"application\/ld+json\" class=\"yoast-schema-graph\">{\"@context\":\"https:\/\/schema.org\",\"@graph\":[{\"@type\":\"WebPage\",\"@id\":\"https:\/\/www.blogsoestado.com\/ruypalhano\/2014\/03\/04\/um-brasil-triste-na-epoca-do-carnava\/\",\"url\":\"https:\/\/www.blogsoestado.com\/ruypalhano\/2014\/03\/04\/um-brasil-triste-na-epoca-do-carnava\/\",\"name\":\"Um Brasil triste na \u00e9poca do carnava - Ruy Palhano\",\"isPartOf\":{\"@id\":\"https:\/\/www.blogsoestado.com\/ruypalhano\/#website\"},\"datePublished\":\"2014-03-05T00:48:27+00:00\",\"author\":{\"@id\":\"https:\/\/www.blogsoestado.com\/ruypalhano\/#\/schema\/person\/ef49e08ec3e742dec1682f34674f2c84\"},\"breadcrumb\":{\"@id\":\"https:\/\/www.blogsoestado.com\/ruypalhano\/2014\/03\/04\/um-brasil-triste-na-epoca-do-carnava\/#breadcrumb\"},\"inLanguage\":\"pt-BR\",\"potentialAction\":[{\"@type\":\"ReadAction\",\"target\":[\"https:\/\/www.blogsoestado.com\/ruypalhano\/2014\/03\/04\/um-brasil-triste-na-epoca-do-carnava\/\"]}]},{\"@type\":\"BreadcrumbList\",\"@id\":\"https:\/\/www.blogsoestado.com\/ruypalhano\/2014\/03\/04\/um-brasil-triste-na-epoca-do-carnava\/#breadcrumb\",\"itemListElement\":[{\"@type\":\"ListItem\",\"position\":1,\"name\":\"In\u00edcio\",\"item\":\"https:\/\/www.blogsoestado.com\/ruypalhano\/\"},{\"@type\":\"ListItem\",\"position\":2,\"name\":\"Um Brasil triste na \u00e9poca do carnava\"}]},{\"@type\":\"WebSite\",\"@id\":\"https:\/\/www.blogsoestado.com\/ruypalhano\/#website\",\"url\":\"https:\/\/www.blogsoestado.com\/ruypalhano\/\",\"name\":\"Ruy Palhano\",\"description\":\"\",\"potentialAction\":[{\"@type\":\"SearchAction\",\"target\":{\"@type\":\"EntryPoint\",\"urlTemplate\":\"https:\/\/www.blogsoestado.com\/ruypalhano\/?s={search_term_string}\"},\"query-input\":{\"@type\":\"PropertyValueSpecification\",\"valueRequired\":true,\"valueName\":\"search_term_string\"}}],\"inLanguage\":\"pt-BR\"},{\"@type\":\"Person\",\"@id\":\"https:\/\/www.blogsoestado.com\/ruypalhano\/#\/schema\/person\/ef49e08ec3e742dec1682f34674f2c84\",\"name\":\"Ruy Palhano\",\"image\":{\"@type\":\"ImageObject\",\"inLanguage\":\"pt-BR\",\"@id\":\"https:\/\/www.blogsoestado.com\/ruypalhano\/#\/schema\/person\/image\/\",\"url\":\"https:\/\/secure.gravatar.com\/avatar\/d08170dc68d65048f069f40789786091e8b070aa02b0d2e514ddd0244c684a5a?s=96&d=mm&r=g\",\"contentUrl\":\"https:\/\/secure.gravatar.com\/avatar\/d08170dc68d65048f069f40789786091e8b070aa02b0d2e514ddd0244c684a5a?s=96&d=mm&r=g\",\"caption\":\"Ruy Palhano\"},\"url\":\"https:\/\/www.blogsoestado.com\/ruypalhano\/author\/ruypalhano\/\"}]}<\/script>\n<!-- \/ Yoast SEO plugin. -->","yoast_head_json":{"title":"Um Brasil triste na \u00e9poca do carnava - Ruy Palhano","robots":{"index":"index","follow":"follow","max-snippet":"max-snippet:-1","max-image-preview":"max-image-preview:large","max-video-preview":"max-video-preview:-1"},"canonical":"https:\/\/www.blogsoestado.com\/ruypalhano\/2014\/03\/04\/um-brasil-triste-na-epoca-do-carnava\/","og_locale":"pt_BR","og_type":"article","og_title":"Um Brasil triste na \u00e9poca do carnava - Ruy Palhano","og_description":"Neste \u00faltimo 27 de fevereiro, as v\u00e9speras do carnaval uma das mais importantes festas populares desse pa\u00eds, onde muitos participam [&hellip;]","og_url":"https:\/\/www.blogsoestado.com\/ruypalhano\/2014\/03\/04\/um-brasil-triste-na-epoca-do-carnava\/","og_site_name":"Ruy Palhano","article_published_time":"2014-03-05T00:48:27+00:00","author":"Ruy Palhano","twitter_card":"summary_large_image","twitter_misc":{"Escrito por":"Ruy Palhano","Est. tempo de leitura":"5 minutos"},"schema":{"@context":"https:\/\/schema.org","@graph":[{"@type":"WebPage","@id":"https:\/\/www.blogsoestado.com\/ruypalhano\/2014\/03\/04\/um-brasil-triste-na-epoca-do-carnava\/","url":"https:\/\/www.blogsoestado.com\/ruypalhano\/2014\/03\/04\/um-brasil-triste-na-epoca-do-carnava\/","name":"Um Brasil triste na \u00e9poca do carnava - Ruy Palhano","isPartOf":{"@id":"https:\/\/www.blogsoestado.com\/ruypalhano\/#website"},"datePublished":"2014-03-05T00:48:27+00:00","author":{"@id":"https:\/\/www.blogsoestado.com\/ruypalhano\/#\/schema\/person\/ef49e08ec3e742dec1682f34674f2c84"},"breadcrumb":{"@id":"https:\/\/www.blogsoestado.com\/ruypalhano\/2014\/03\/04\/um-brasil-triste-na-epoca-do-carnava\/#breadcrumb"},"inLanguage":"pt-BR","potentialAction":[{"@type":"ReadAction","target":["https:\/\/www.blogsoestado.com\/ruypalhano\/2014\/03\/04\/um-brasil-triste-na-epoca-do-carnava\/"]}]},{"@type":"BreadcrumbList","@id":"https:\/\/www.blogsoestado.com\/ruypalhano\/2014\/03\/04\/um-brasil-triste-na-epoca-do-carnava\/#breadcrumb","itemListElement":[{"@type":"ListItem","position":1,"name":"In\u00edcio","item":"https:\/\/www.blogsoestado.com\/ruypalhano\/"},{"@type":"ListItem","position":2,"name":"Um Brasil triste na \u00e9poca do carnava"}]},{"@type":"WebSite","@id":"https:\/\/www.blogsoestado.com\/ruypalhano\/#website","url":"https:\/\/www.blogsoestado.com\/ruypalhano\/","name":"Ruy Palhano","description":"","potentialAction":[{"@type":"SearchAction","target":{"@type":"EntryPoint","urlTemplate":"https:\/\/www.blogsoestado.com\/ruypalhano\/?s={search_term_string}"},"query-input":{"@type":"PropertyValueSpecification","valueRequired":true,"valueName":"search_term_string"}}],"inLanguage":"pt-BR"},{"@type":"Person","@id":"https:\/\/www.blogsoestado.com\/ruypalhano\/#\/schema\/person\/ef49e08ec3e742dec1682f34674f2c84","name":"Ruy Palhano","image":{"@type":"ImageObject","inLanguage":"pt-BR","@id":"https:\/\/www.blogsoestado.com\/ruypalhano\/#\/schema\/person\/image\/","url":"https:\/\/secure.gravatar.com\/avatar\/d08170dc68d65048f069f40789786091e8b070aa02b0d2e514ddd0244c684a5a?s=96&d=mm&r=g","contentUrl":"https:\/\/secure.gravatar.com\/avatar\/d08170dc68d65048f069f40789786091e8b070aa02b0d2e514ddd0244c684a5a?s=96&d=mm&r=g","caption":"Ruy Palhano"},"url":"https:\/\/www.blogsoestado.com\/ruypalhano\/author\/ruypalhano\/"}]}},"jetpack_featured_media_url":"","_links":{"self":[{"href":"https:\/\/www.blogsoestado.com\/ruypalhano\/wp-json\/wp\/v2\/posts\/640","targetHints":{"allow":["GET"]}}],"collection":[{"href":"https:\/\/www.blogsoestado.com\/ruypalhano\/wp-json\/wp\/v2\/posts"}],"about":[{"href":"https:\/\/www.blogsoestado.com\/ruypalhano\/wp-json\/wp\/v2\/types\/post"}],"author":[{"embeddable":true,"href":"https:\/\/www.blogsoestado.com\/ruypalhano\/wp-json\/wp\/v2\/users\/3"}],"replies":[{"embeddable":true,"href":"https:\/\/www.blogsoestado.com\/ruypalhano\/wp-json\/wp\/v2\/comments?post=640"}],"version-history":[{"count":0,"href":"https:\/\/www.blogsoestado.com\/ruypalhano\/wp-json\/wp\/v2\/posts\/640\/revisions"}],"wp:attachment":[{"href":"https:\/\/www.blogsoestado.com\/ruypalhano\/wp-json\/wp\/v2\/media?parent=640"}],"wp:term":[{"taxonomy":"category","embeddable":true,"href":"https:\/\/www.blogsoestado.com\/ruypalhano\/wp-json\/wp\/v2\/categories?post=640"},{"taxonomy":"post_tag","embeddable":true,"href":"https:\/\/www.blogsoestado.com\/ruypalhano\/wp-json\/wp\/v2\/tags?post=640"}],"curies":[{"name":"wp","href":"https:\/\/api.w.org\/{rel}","templated":true}]}}