{"id":647,"date":"2014-04-21T16:06:05","date_gmt":"2014-04-21T19:06:05","guid":{"rendered":"https:\/\/www.blogsoestado.com\/ruypalhano\/?p=647"},"modified":"2014-04-21T16:06:05","modified_gmt":"2014-04-21T19:06:05","slug":"abaixo-os-preconceitos-contra-os-doentes-mentais","status":"publish","type":"post","link":"https:\/\/www.blogsoestado.com\/ruypalhano\/2014\/04\/21\/abaixo-os-preconceitos-contra-os-doentes-mentais\/","title":{"rendered":"Abaixo os preconceitos contra os doentes mentais"},"content":{"rendered":"<p align=\"center\">\n<p>\u00a0Cada vez mais a sociedade civil deste pa\u00eds se insurge contra as incongru\u00eancias e a viol\u00eancia contida nos preconceitos e nos estigmas sociais. Preconceitos de todos os tipos: contra gays, negros, pobres, prostitutas, nacionalidades e sobre tudo, contra os doentes mentais. Nesse particular, estes s\u00e3o profundos e antigos, pois desde os prim\u00f3rdios da psiquiatria que se sabe dos danos e preju\u00edzos ocasionados por eles e pelos estigmas que h\u00e1 em torno desses doentes.<\/p>\n<p>Preconceitos e estigmas s\u00e3o na realidade condi\u00e7\u00f5es pejorativas desvalorativas dirigidas contra algu\u00e9m ou contra algo que ocorra na realidade. S\u00e3o conceitos antecipados, que antecedem o que de fato ocorre, o que representam ou mesmo o que s\u00e3o na realidade. Os preconceitos est\u00e3o quase sempre inseridos em um contexto social, ps\u00edquico ou cultural ou a condi\u00e7\u00f5es espec\u00edficas que fazem parte dos indiv\u00edduos. Em geral os preconceitos s\u00e3o estigmatizantes e segregacionistas onde indiv\u00edduos e\/ou condi\u00e7\u00f5es psicossociais s\u00e3o desqualificados e postos \u00e1 margem. S\u00e3o repletos de viol\u00eancias contra o que, e a quem se dirige.<\/p>\n<p>A Associa\u00e7\u00e3o Brasileira de Psiquiatria \u2013 ABP, h\u00e1 quatro anos, desenvolveu a campanha <b><i>\u201cA Sociedade Contra o Preconceito\u201d,<\/i><\/b> lan\u00e7ada durante o XXIX CBP. Essa campanha ganhou notoriedade de tal forma que culminou com o projeto \u201cPsicofobia \u00e9 um Crime\u201d que, ap\u00f3s v\u00e1rias audi\u00eancias p\u00fablicas, apresentou emenda ao projeto de reforma do C\u00f3digo Penal, para criminalizar a segrega\u00e7\u00e3o de portadores de transtornos mentais.<\/p>\n<p>O programa \u201cPsicofobia \u00e9 um Crime\u201d visa institucionalizar nossa luta de combater os preconceitos e os estigmas que ocorrem na psiquiatria. Trata-se de um manifesto consciente, respons\u00e1vel, humanizador, que visa extirpar os preconceitos e\/ou qualquer outra forma de descrimina\u00e7\u00e3o que exista sobre os doentes mentais. \u00c9 uma forma de demonstrar nossa indigna\u00e7\u00e3o e disposi\u00e7\u00e3o de lutar contra aos preconceitos \u00e1 esses doentes, aos m\u00e9dicos psiquiatras e a psiquiatria como especialidade m\u00e9dica.<\/p>\n<p>Atrav\u00e9s deste Programa \u201cPsicofobia \u00e9 um Crime\u201d, j\u00e1 avan\u00e7amos muito. Artistas, poetas, pol\u00edticos e escritores, j\u00e1 se apresentaram na abertura dos nossos Congressos de Psiquiatria tratando de tais preconceitos relatando suas experi\u00eancias como portadores de alguns transtornos psiqui\u00e1tricos ou de alguns parentes seus. Al\u00e9m disso, redes de tvs e grandes jornais nacionais atualmente se dirigem \u00e1 ABP para ouvi-la quando o assunto \u00e9 sobre doen\u00e7a mental, fatos que nunca houve na hist\u00f3ria da psiquiatria desse pa\u00eds.<\/p>\n<p>Entre essas figuras de notoriedade p\u00fablica destacamos o grande humorista Chico An\u00edzio, o narrador e comentarista esportivo Luciano do Vale, o grande poeta maranhense Ferreira Gullar e tantas outras personalidades p\u00fablicas, n\u00e3o menos importantes, j\u00e1 se pronunciaram contra os estigmas contra os doentes mentais.<\/p>\n<p>\u00c9 bom que se diga que as doen\u00e7as mentais obedecem \u00e0s mesmas regras, leis e princ\u00edpios que regem as demais doen\u00e7as humanas, s\u00f3 diferindo quanto a forma de se expressarem clinicamente, e nada mais. S\u00e3o doen\u00e7as que, como muitas outras, se tiverem precocemente um bom diagn\u00f3stico e um tratamento adequado ter\u00e3o um progn\u00f3stico favor\u00e1vel e muitos desses enfermos se recuperam inteiramente ao ponto de levarem uma vida absolutamente normal, como qualquer um.<\/p>\n<p>A evolu\u00e7\u00e3o nos crit\u00e9rios de diagn\u00f3sticos dessas enfermidades, os avan\u00e7os farmacol\u00f3gicos e outras formas de tratamentos bem como os avan\u00e7os nos recursos laboratoriais hoje dispon\u00edveis s\u00e3o consideradas avan\u00e7os absolutamente importante no controle cl\u00ednico e epidemiol\u00f3gico dessas enfermidades. Fatos que vem colaborando sobre maneira para a derrubada dos estigmas aqui encontrados.<\/p>\n<p>De tal forma que essa imagem mal\u00e9vola, demon\u00edaca, amedrontadora, segregacionista bem como de que os doentes mentais s\u00e3o doentes violentos, \u00e9 um puro legado dos preconceitos e dos estigmas que existem contra esses pacientes que, que por extens\u00e3o, resvala na psiquiatria como especialidade m\u00e9dica, nos psiquiatras, nos hospitais psiqui\u00e1tricos e, porque n\u00e3o dizer, nos tratamentos a eles oferecidos.<\/p>\n<p>A meu ver, o que deveria ser feito e, que infelizmente n\u00e3o o \u00e9, seria dispormos de uma pol\u00edtica p\u00fablica que tratasse desse assunto de forma decente, ampla, humanizada, tecnicamente eficiente, para se oferecer aos doentes mentais e \u00e1s suas fam\u00edlias. Ocorre, todavia, que os governos de forma irrespons\u00e1vel e negligente n\u00e3o d\u00e3o a menor bola para essa \u00e1rea da sa\u00fade p\u00fablica. Os pacientes s\u00e3o segregados, tratados de forma negligente e desumana o que refor\u00e7a muito mais os preconceitos e estigmas que h\u00e1 sobre eles.<\/p>\n<p>De tal forma que se houvesse de fato uma reforma da assist\u00eancia psiqui\u00e1trica e em sa\u00fade mental, oferecendo a esses enfermos os que eles de fato necessitam e tem direito constitucional, estar\u00edamos de fato destruindo seu pior inimigo, os preconceitos, que h\u00e1 em seu entorno.<\/p>\n<p>&nbsp;<\/p>\n","protected":false},"excerpt":{"rendered":"<p>\u00a0Cada vez mais a sociedade civil deste pa\u00eds se insurge contra as incongru\u00eancias e a viol\u00eancia contida nos preconceitos e [&hellip;]<\/p>\n","protected":false},"author":3,"featured_media":0,"comment_status":"open","ping_status":"open","sticky":false,"template":"","format":"standard","meta":{"site-sidebar-layout":"default","site-content-layout":"","ast-site-content-layout":"default","site-content-style":"default","site-sidebar-style":"default","ast-global-header-display":"","ast-banner-title-visibility":"","ast-main-header-display":"","ast-hfb-above-header-display":"","ast-hfb-below-header-display":"","ast-hfb-mobile-header-display":"","site-post-title":"","ast-breadcrumbs-content":"","ast-featured-img":"","footer-sml-layout":"","ast-disable-related-posts":"","theme-transparent-header-meta":"","adv-header-id-meta":"","stick-header-meta":"","header-above-stick-meta":"","header-main-stick-meta":"","header-below-stick-meta":"","astra-migrate-meta-layouts":"default","ast-page-background-enabled":"default","ast-page-background-meta":{"desktop":{"background-color":"var(--ast-global-color-5)","background-image":"","background-repeat":"repeat","background-position":"center center","background-size":"auto","background-attachment":"scroll","background-type":"","background-media":"","overlay-type":"","overlay-color":"","overlay-opacity":"","overlay-gradient":""},"tablet":{"background-color":"","background-image":"","background-repeat":"repeat","background-position":"center center","background-size":"auto","background-attachment":"scroll","background-type":"","background-media":"","overlay-type":"","overlay-color":"","overlay-opacity":"","overlay-gradient":""},"mobile":{"background-color":"","background-image":"","background-repeat":"repeat","background-position":"center center","background-size":"auto","background-attachment":"scroll","background-type":"","background-media":"","overlay-type":"","overlay-color":"","overlay-opacity":"","overlay-gradient":""}},"ast-content-background-meta":{"desktop":{"background-color":"var(--ast-global-color-4)","background-image":"","background-repeat":"repeat","background-position":"center center","background-size":"auto","background-attachment":"scroll","background-type":"","background-media":"","overlay-type":"","overlay-color":"","overlay-opacity":"","overlay-gradient":""},"tablet":{"background-color":"var(--ast-global-color-4)","background-image":"","background-repeat":"repeat","background-position":"center center","background-size":"auto","background-attachment":"scroll","background-type":"","background-media":"","overlay-type":"","overlay-color":"","overlay-opacity":"","overlay-gradient":""},"mobile":{"background-color":"var(--ast-global-color-4)","background-image":"","background-repeat":"repeat","background-position":"center center","background-size":"auto","background-attachment":"scroll","background-type":"","background-media":"","overlay-type":"","overlay-color":"","overlay-opacity":"","overlay-gradient":""}},"footnotes":""},"categories":[1],"tags":[],"class_list":["post-647","post","type-post","status-publish","format-standard","hentry","category-sem-categoria"],"yoast_head":"<!-- This site is optimized with the Yoast SEO plugin v26.6 - https:\/\/yoast.com\/wordpress\/plugins\/seo\/ -->\n<title>Abaixo os preconceitos contra os doentes mentais - Ruy Palhano<\/title>\n<meta name=\"robots\" content=\"index, follow, max-snippet:-1, max-image-preview:large, max-video-preview:-1\" \/>\n<link rel=\"canonical\" href=\"https:\/\/www.blogsoestado.com\/ruypalhano\/2014\/04\/21\/abaixo-os-preconceitos-contra-os-doentes-mentais\/\" \/>\n<meta property=\"og:locale\" content=\"pt_BR\" \/>\n<meta property=\"og:type\" content=\"article\" \/>\n<meta property=\"og:title\" content=\"Abaixo os preconceitos contra os doentes mentais - Ruy Palhano\" \/>\n<meta property=\"og:description\" content=\"\u00a0Cada vez mais a sociedade civil deste pa\u00eds se insurge contra as incongru\u00eancias e a viol\u00eancia contida nos preconceitos e [&hellip;]\" \/>\n<meta property=\"og:url\" content=\"https:\/\/www.blogsoestado.com\/ruypalhano\/2014\/04\/21\/abaixo-os-preconceitos-contra-os-doentes-mentais\/\" \/>\n<meta property=\"og:site_name\" content=\"Ruy Palhano\" \/>\n<meta property=\"article:published_time\" content=\"2014-04-21T19:06:05+00:00\" \/>\n<meta name=\"author\" content=\"Ruy Palhano\" \/>\n<meta name=\"twitter:card\" content=\"summary_large_image\" \/>\n<meta name=\"twitter:label1\" content=\"Escrito por\" \/>\n\t<meta name=\"twitter:data1\" content=\"Ruy Palhano\" \/>\n\t<meta name=\"twitter:label2\" content=\"Est. tempo de leitura\" \/>\n\t<meta name=\"twitter:data2\" content=\"4 minutos\" \/>\n<script type=\"application\/ld+json\" class=\"yoast-schema-graph\">{\"@context\":\"https:\/\/schema.org\",\"@graph\":[{\"@type\":\"WebPage\",\"@id\":\"https:\/\/www.blogsoestado.com\/ruypalhano\/2014\/04\/21\/abaixo-os-preconceitos-contra-os-doentes-mentais\/\",\"url\":\"https:\/\/www.blogsoestado.com\/ruypalhano\/2014\/04\/21\/abaixo-os-preconceitos-contra-os-doentes-mentais\/\",\"name\":\"Abaixo os preconceitos contra os doentes mentais - Ruy Palhano\",\"isPartOf\":{\"@id\":\"https:\/\/www.blogsoestado.com\/ruypalhano\/#website\"},\"datePublished\":\"2014-04-21T19:06:05+00:00\",\"author\":{\"@id\":\"https:\/\/www.blogsoestado.com\/ruypalhano\/#\/schema\/person\/ef49e08ec3e742dec1682f34674f2c84\"},\"breadcrumb\":{\"@id\":\"https:\/\/www.blogsoestado.com\/ruypalhano\/2014\/04\/21\/abaixo-os-preconceitos-contra-os-doentes-mentais\/#breadcrumb\"},\"inLanguage\":\"pt-BR\",\"potentialAction\":[{\"@type\":\"ReadAction\",\"target\":[\"https:\/\/www.blogsoestado.com\/ruypalhano\/2014\/04\/21\/abaixo-os-preconceitos-contra-os-doentes-mentais\/\"]}]},{\"@type\":\"BreadcrumbList\",\"@id\":\"https:\/\/www.blogsoestado.com\/ruypalhano\/2014\/04\/21\/abaixo-os-preconceitos-contra-os-doentes-mentais\/#breadcrumb\",\"itemListElement\":[{\"@type\":\"ListItem\",\"position\":1,\"name\":\"In\u00edcio\",\"item\":\"https:\/\/www.blogsoestado.com\/ruypalhano\/\"},{\"@type\":\"ListItem\",\"position\":2,\"name\":\"Abaixo os preconceitos contra os doentes mentais\"}]},{\"@type\":\"WebSite\",\"@id\":\"https:\/\/www.blogsoestado.com\/ruypalhano\/#website\",\"url\":\"https:\/\/www.blogsoestado.com\/ruypalhano\/\",\"name\":\"Ruy Palhano\",\"description\":\"\",\"potentialAction\":[{\"@type\":\"SearchAction\",\"target\":{\"@type\":\"EntryPoint\",\"urlTemplate\":\"https:\/\/www.blogsoestado.com\/ruypalhano\/?s={search_term_string}\"},\"query-input\":{\"@type\":\"PropertyValueSpecification\",\"valueRequired\":true,\"valueName\":\"search_term_string\"}}],\"inLanguage\":\"pt-BR\"},{\"@type\":\"Person\",\"@id\":\"https:\/\/www.blogsoestado.com\/ruypalhano\/#\/schema\/person\/ef49e08ec3e742dec1682f34674f2c84\",\"name\":\"Ruy Palhano\",\"image\":{\"@type\":\"ImageObject\",\"inLanguage\":\"pt-BR\",\"@id\":\"https:\/\/www.blogsoestado.com\/ruypalhano\/#\/schema\/person\/image\/\",\"url\":\"https:\/\/secure.gravatar.com\/avatar\/d08170dc68d65048f069f40789786091e8b070aa02b0d2e514ddd0244c684a5a?s=96&d=mm&r=g\",\"contentUrl\":\"https:\/\/secure.gravatar.com\/avatar\/d08170dc68d65048f069f40789786091e8b070aa02b0d2e514ddd0244c684a5a?s=96&d=mm&r=g\",\"caption\":\"Ruy Palhano\"},\"url\":\"https:\/\/www.blogsoestado.com\/ruypalhano\/author\/ruypalhano\/\"}]}<\/script>\n<!-- \/ Yoast SEO plugin. -->","yoast_head_json":{"title":"Abaixo os preconceitos contra os doentes mentais - Ruy Palhano","robots":{"index":"index","follow":"follow","max-snippet":"max-snippet:-1","max-image-preview":"max-image-preview:large","max-video-preview":"max-video-preview:-1"},"canonical":"https:\/\/www.blogsoestado.com\/ruypalhano\/2014\/04\/21\/abaixo-os-preconceitos-contra-os-doentes-mentais\/","og_locale":"pt_BR","og_type":"article","og_title":"Abaixo os preconceitos contra os doentes mentais - Ruy Palhano","og_description":"\u00a0Cada vez mais a sociedade civil deste pa\u00eds se insurge contra as incongru\u00eancias e a viol\u00eancia contida nos preconceitos e [&hellip;]","og_url":"https:\/\/www.blogsoestado.com\/ruypalhano\/2014\/04\/21\/abaixo-os-preconceitos-contra-os-doentes-mentais\/","og_site_name":"Ruy Palhano","article_published_time":"2014-04-21T19:06:05+00:00","author":"Ruy Palhano","twitter_card":"summary_large_image","twitter_misc":{"Escrito por":"Ruy Palhano","Est. tempo de leitura":"4 minutos"},"schema":{"@context":"https:\/\/schema.org","@graph":[{"@type":"WebPage","@id":"https:\/\/www.blogsoestado.com\/ruypalhano\/2014\/04\/21\/abaixo-os-preconceitos-contra-os-doentes-mentais\/","url":"https:\/\/www.blogsoestado.com\/ruypalhano\/2014\/04\/21\/abaixo-os-preconceitos-contra-os-doentes-mentais\/","name":"Abaixo os preconceitos contra os doentes mentais - Ruy Palhano","isPartOf":{"@id":"https:\/\/www.blogsoestado.com\/ruypalhano\/#website"},"datePublished":"2014-04-21T19:06:05+00:00","author":{"@id":"https:\/\/www.blogsoestado.com\/ruypalhano\/#\/schema\/person\/ef49e08ec3e742dec1682f34674f2c84"},"breadcrumb":{"@id":"https:\/\/www.blogsoestado.com\/ruypalhano\/2014\/04\/21\/abaixo-os-preconceitos-contra-os-doentes-mentais\/#breadcrumb"},"inLanguage":"pt-BR","potentialAction":[{"@type":"ReadAction","target":["https:\/\/www.blogsoestado.com\/ruypalhano\/2014\/04\/21\/abaixo-os-preconceitos-contra-os-doentes-mentais\/"]}]},{"@type":"BreadcrumbList","@id":"https:\/\/www.blogsoestado.com\/ruypalhano\/2014\/04\/21\/abaixo-os-preconceitos-contra-os-doentes-mentais\/#breadcrumb","itemListElement":[{"@type":"ListItem","position":1,"name":"In\u00edcio","item":"https:\/\/www.blogsoestado.com\/ruypalhano\/"},{"@type":"ListItem","position":2,"name":"Abaixo os preconceitos contra os doentes mentais"}]},{"@type":"WebSite","@id":"https:\/\/www.blogsoestado.com\/ruypalhano\/#website","url":"https:\/\/www.blogsoestado.com\/ruypalhano\/","name":"Ruy Palhano","description":"","potentialAction":[{"@type":"SearchAction","target":{"@type":"EntryPoint","urlTemplate":"https:\/\/www.blogsoestado.com\/ruypalhano\/?s={search_term_string}"},"query-input":{"@type":"PropertyValueSpecification","valueRequired":true,"valueName":"search_term_string"}}],"inLanguage":"pt-BR"},{"@type":"Person","@id":"https:\/\/www.blogsoestado.com\/ruypalhano\/#\/schema\/person\/ef49e08ec3e742dec1682f34674f2c84","name":"Ruy Palhano","image":{"@type":"ImageObject","inLanguage":"pt-BR","@id":"https:\/\/www.blogsoestado.com\/ruypalhano\/#\/schema\/person\/image\/","url":"https:\/\/secure.gravatar.com\/avatar\/d08170dc68d65048f069f40789786091e8b070aa02b0d2e514ddd0244c684a5a?s=96&d=mm&r=g","contentUrl":"https:\/\/secure.gravatar.com\/avatar\/d08170dc68d65048f069f40789786091e8b070aa02b0d2e514ddd0244c684a5a?s=96&d=mm&r=g","caption":"Ruy Palhano"},"url":"https:\/\/www.blogsoestado.com\/ruypalhano\/author\/ruypalhano\/"}]}},"jetpack_featured_media_url":"","_links":{"self":[{"href":"https:\/\/www.blogsoestado.com\/ruypalhano\/wp-json\/wp\/v2\/posts\/647","targetHints":{"allow":["GET"]}}],"collection":[{"href":"https:\/\/www.blogsoestado.com\/ruypalhano\/wp-json\/wp\/v2\/posts"}],"about":[{"href":"https:\/\/www.blogsoestado.com\/ruypalhano\/wp-json\/wp\/v2\/types\/post"}],"author":[{"embeddable":true,"href":"https:\/\/www.blogsoestado.com\/ruypalhano\/wp-json\/wp\/v2\/users\/3"}],"replies":[{"embeddable":true,"href":"https:\/\/www.blogsoestado.com\/ruypalhano\/wp-json\/wp\/v2\/comments?post=647"}],"version-history":[{"count":0,"href":"https:\/\/www.blogsoestado.com\/ruypalhano\/wp-json\/wp\/v2\/posts\/647\/revisions"}],"wp:attachment":[{"href":"https:\/\/www.blogsoestado.com\/ruypalhano\/wp-json\/wp\/v2\/media?parent=647"}],"wp:term":[{"taxonomy":"category","embeddable":true,"href":"https:\/\/www.blogsoestado.com\/ruypalhano\/wp-json\/wp\/v2\/categories?post=647"},{"taxonomy":"post_tag","embeddable":true,"href":"https:\/\/www.blogsoestado.com\/ruypalhano\/wp-json\/wp\/v2\/tags?post=647"}],"curies":[{"name":"wp","href":"https:\/\/api.w.org\/{rel}","templated":true}]}}