{"id":652,"date":"2014-04-29T02:29:26","date_gmt":"2014-04-29T05:29:26","guid":{"rendered":"https:\/\/www.blogsoestado.com\/ruypalhano\/?p=652"},"modified":"2014-04-29T02:29:26","modified_gmt":"2014-04-29T05:29:26","slug":"para-onde-estao-indo-as-criancas-doentes-mentais","status":"publish","type":"post","link":"https:\/\/www.blogsoestado.com\/ruypalhano\/2014\/04\/29\/para-onde-estao-indo-as-criancas-doentes-mentais\/","title":{"rendered":"Para onde est\u00e3o indo as crian\u00e7as doentes mentais?"},"content":{"rendered":"<p align=\"center\">\n<p>Nos \u00faltimos meses tenho utilizado esse ve\u00edculo de comunica\u00e7\u00e3o para manifestar minha indigna\u00e7\u00e3o sobre as incongru\u00eancias da pol\u00edtica brasileira que trata das quest\u00f5es da sa\u00fade mental. Dada a complexidade desse assunto e sua abrang\u00eancia epidemiol\u00f3gica, a pol\u00edtica de sa\u00fade mental deveria ser uma das pol\u00edticas priorit\u00e1rias dos governos, todavia verifica-se o contr\u00e1rio.<\/p>\n<p>Especificamente sobre sa\u00fade mental, \u00e9 lament\u00e1vel aonde chegamos. Uma pol\u00edtica mal aparelhada, desarticulada, sem refer\u00eancia, com poucos recursos financeiros e, confusa em sua aplicabilidade. A situa\u00e7\u00e3o \u00e9 mais preocupante quando se trata de sa\u00fade mental na inf\u00e2ncia e na adolesc\u00eancia. Etapas da vida que pela sua natureza deveriam dispor do que h\u00e1 de melhor nesse sentido, para dela desfrutarem. Mas, aqui reina o contr\u00e1rio, crian\u00e7as e adolescentes est\u00e3o literalmente desassistidos quanto aos seus direitos constitucionais de ter acesso \u00e1 sa\u00fade no mais amplo sentido.\u00a0 \u00c9 mais um setor que vai muito mal nesse pa\u00eds entre tantos outros e, algumas iniciativas aqui tomadas pelo poder p\u00fablico passam \u00e1 margem da toler\u00e2ncia quanto aos cuidados que deveriam ter sido tomados em benef\u00edcios de crian\u00e7as e\u00a0 adolescentes. D\u00e3o-nos a impress\u00e3o que os problemas nessa \u00e1rea n\u00e3o existem ou n\u00e3o tem a menor import\u00e2ncia.<\/p>\n<p>O Brasil, segundo a UNICEF, possui uma popula\u00e7\u00e3o de quase 200 milh\u00f5es de pessoas, dos quais 60 milh\u00f5es t\u00eam menos de 18 anos de idade, o que equivale a pouco mais de um ter\u00e7o de toda a popula\u00e7\u00e3o de crian\u00e7as e adolescentes da Am\u00e9rica Latina e do Caribe. S\u00e3o dezenas de milh\u00f5es de pessoas que possuem direitos e deveres e que necessitam de condi\u00e7\u00f5es para se desenvolverem com plenitude.<\/p>\n<p>Segundo ainda a UNICEF, essas crian\u00e7as est\u00e3o especialmente vulner\u00e1veis \u00e0s viola\u00e7\u00f5es de direitos, \u00e0 pobreza e \u00e0 iniquidade no Pa\u00eds. Por exemplo, 29% da popula\u00e7\u00e3o vivem em fam\u00edlias pobres, mas, entre as crian\u00e7as, esse n\u00famero chega a 45,6%. As crian\u00e7as negras, por exemplo, t\u00eam quase 70% mais chance de viver na pobreza do que as brancas; o mesmo pode ser observado em crian\u00e7as que vivem em \u00e1reas rurais, onde 70% das 13 milh\u00f5es que vivem nessas condi\u00e7\u00f5es s\u00e3o classificadas como pobres. Essas condi\u00e7\u00f5es socioecon\u00f4micas s\u00e3o absolutamente desfavor\u00e1veis e incompat\u00edveis \u00e0 um bom desenvolvimento emocional, social e comportamental do ponto de vista psiqui\u00e1trico e da sa\u00fade mental, fatos que agravam mais ainda o problema.<\/p>\n<p>Em, nosso pa\u00eds, 21 milh\u00f5es de adolescentes com idade entre 12 e 17 anos e as crian\u00e7as s\u00e3o especialmente afetados pela viol\u00eancia. As estat\u00edsticas mostram um cen\u00e1rio desolador em rela\u00e7\u00e3o \u00e0 viol\u00eancia contra esses jovens. A cada dia, s\u00e3o registrados 129 casos de viol\u00eancia psicol\u00f3gica e f\u00edsica, incluindo a sexual, e outras neglig\u00eancias contra esses jovens, conforme o Disque Den\u00fancia 100. Isso quer dizer que, a cada hora, cinco casos de viol\u00eancia contra meninas e meninos s\u00e3o registrados no Pa\u00eds. Imaginem o impacto dessas experi\u00eancias na mente de um ser em desenvolvimento, pois tais ocorr\u00eancias poder\u00e3o tamb\u00e9m marc\u00e1-las para sempre.<\/p>\n<p>Tanto as inj\u00farias socioecon\u00f4micas quanto as viol\u00eancias dos quais s\u00e3o v\u00edtimas esses pequenos seres humanos provocar\u00e3o uma carga muito grande de dor e sofrimento que interferir\u00e1 na sua estrutura afetivo-emocional, comportamental e na pr\u00f3pria forma\u00e7\u00e3o da personalidade dos mesmos, com consequ\u00eancias imprevis\u00edveis em sua dimens\u00e3o moral, comportamental e biopsicossocial.<\/p>\n<p>Por conta dessas experi\u00eancias traum\u00e1ticas e muitos outros fatores psicopatol\u00f3gicos que esses jovens s\u00e3o v\u00edtimas, estima-se que entre 12 e 20% da popula\u00e7\u00e3o infanto-juvenil apresentar\u00e1 na vida, algum transtorno mental e entre esses: autismo, depress\u00e3o, dist\u00farbios ansiosos, dist\u00farbios hipercin\u00e9ticos, dist\u00farbios da aten\u00e7\u00e3o, dist\u00farbios de comportamentos, alcoolismo, esquizofrenia, retardo mental e outras depend\u00eancias qu\u00edmicas.\u00a0 Entre esses que apresentam tais dist\u00farbios, 2 a 3 % exigir\u00e3o cuidados intensivos para seu enfrentamento, portanto apresentar\u00e3o condi\u00e7\u00f5es psiqui\u00e1tricas graves que necessitar\u00e3o aten\u00e7\u00f5es especiais.<\/p>\n<p>S\u00f3 o alcoolismo, doen\u00e7a mental severa e prevalente entre n\u00f3s, ser\u00e1 desenvolvido por 7% da popula\u00e7\u00e3o masculina at\u00e9 17 anos e, uma em cada 4 crian\u00e7as e adolescentes, com idade entre 10 e 18 anos, estar\u00e3o expostos ao abuso de \u00e1lcool no ambiente familiar.\u00a0 \u00a0Os \u00edndices de consumo de outras drogas crescem assustadoramente, sem qualquer controle.<\/p>\n<p>E o que est\u00e1 sendo feito a essa juventude enferma em mat\u00e9ria de assist\u00eancia, de preven\u00e7\u00e3o ou de reabilita\u00e7\u00e3o psicossocial? Para onde os pais dessas crian\u00e7as e adolescentes portadoras desses transtornos est\u00e3o levando seus filhos na \u00e1rea p\u00fablica? E os dependentes de \u00e1lcool e outras drogas, onde est\u00e3o sendo tratados? E os pais angustiados e desesperados como os vejo quase sempre, onde ir\u00e3o buscar apoio?\u00a0 Se houver necessidade, onde internar os mais graves? As perguntas est\u00e3o postas, o desafio agora \u00e9 saber quem do poder p\u00fablico vai responder. Essa popula\u00e7\u00e3o de jovens brasileiros e maranhenses sofredores desassistidos que est\u00e3o a merc\u00ea da sorte ou da boa vontade dos outros, quem vai cuidar? Eles est\u00e3o a\u00ed entre n\u00f3s. Precisamos d\u00e1 um rumo decente, digno e humanizado \u00e1 politica de seguran\u00e7a, social e de sa\u00fade para essa juventude que tanto esperam da gente, nesse estado e nesse pa\u00eds.<\/p>\n<p>&nbsp;<\/p>\n<p>&nbsp;<\/p>\n<p>&nbsp;<\/p>\n","protected":false},"excerpt":{"rendered":"<p>Nos \u00faltimos meses tenho utilizado esse ve\u00edculo de comunica\u00e7\u00e3o para manifestar minha indigna\u00e7\u00e3o sobre as incongru\u00eancias da pol\u00edtica brasileira que [&hellip;]<\/p>\n","protected":false},"author":3,"featured_media":0,"comment_status":"open","ping_status":"open","sticky":false,"template":"","format":"standard","meta":{"site-sidebar-layout":"default","site-content-layout":"","ast-site-content-layout":"default","site-content-style":"default","site-sidebar-style":"default","ast-global-header-display":"","ast-banner-title-visibility":"","ast-main-header-display":"","ast-hfb-above-header-display":"","ast-hfb-below-header-display":"","ast-hfb-mobile-header-display":"","site-post-title":"","ast-breadcrumbs-content":"","ast-featured-img":"","footer-sml-layout":"","ast-disable-related-posts":"","theme-transparent-header-meta":"","adv-header-id-meta":"","stick-header-meta":"","header-above-stick-meta":"","header-main-stick-meta":"","header-below-stick-meta":"","astra-migrate-meta-layouts":"default","ast-page-background-enabled":"default","ast-page-background-meta":{"desktop":{"background-color":"var(--ast-global-color-5)","background-image":"","background-repeat":"repeat","background-position":"center center","background-size":"auto","background-attachment":"scroll","background-type":"","background-media":"","overlay-type":"","overlay-color":"","overlay-opacity":"","overlay-gradient":""},"tablet":{"background-color":"","background-image":"","background-repeat":"repeat","background-position":"center center","background-size":"auto","background-attachment":"scroll","background-type":"","background-media":"","overlay-type":"","overlay-color":"","overlay-opacity":"","overlay-gradient":""},"mobile":{"background-color":"","background-image":"","background-repeat":"repeat","background-position":"center center","background-size":"auto","background-attachment":"scroll","background-type":"","background-media":"","overlay-type":"","overlay-color":"","overlay-opacity":"","overlay-gradient":""}},"ast-content-background-meta":{"desktop":{"background-color":"var(--ast-global-color-4)","background-image":"","background-repeat":"repeat","background-position":"center center","background-size":"auto","background-attachment":"scroll","background-type":"","background-media":"","overlay-type":"","overlay-color":"","overlay-opacity":"","overlay-gradient":""},"tablet":{"background-color":"var(--ast-global-color-4)","background-image":"","background-repeat":"repeat","background-position":"center center","background-size":"auto","background-attachment":"scroll","background-type":"","background-media":"","overlay-type":"","overlay-color":"","overlay-opacity":"","overlay-gradient":""},"mobile":{"background-color":"var(--ast-global-color-4)","background-image":"","background-repeat":"repeat","background-position":"center center","background-size":"auto","background-attachment":"scroll","background-type":"","background-media":"","overlay-type":"","overlay-color":"","overlay-opacity":"","overlay-gradient":""}},"footnotes":""},"categories":[5],"tags":[],"class_list":["post-652","post","type-post","status-publish","format-standard","hentry","category-doenca-mental"],"yoast_head":"<!-- This site is optimized with the Yoast SEO plugin v26.6 - https:\/\/yoast.com\/wordpress\/plugins\/seo\/ -->\n<title>Para onde est\u00e3o indo as crian\u00e7as doentes mentais? - Ruy Palhano<\/title>\n<meta name=\"robots\" content=\"index, follow, max-snippet:-1, max-image-preview:large, max-video-preview:-1\" \/>\n<link rel=\"canonical\" href=\"https:\/\/www.blogsoestado.com\/ruypalhano\/2014\/04\/29\/para-onde-estao-indo-as-criancas-doentes-mentais\/\" \/>\n<meta property=\"og:locale\" content=\"pt_BR\" \/>\n<meta property=\"og:type\" content=\"article\" \/>\n<meta property=\"og:title\" content=\"Para onde est\u00e3o indo as crian\u00e7as doentes mentais? - Ruy Palhano\" \/>\n<meta property=\"og:description\" content=\"Nos \u00faltimos meses tenho utilizado esse ve\u00edculo de comunica\u00e7\u00e3o para manifestar minha indigna\u00e7\u00e3o sobre as incongru\u00eancias da pol\u00edtica brasileira que [&hellip;]\" \/>\n<meta property=\"og:url\" content=\"https:\/\/www.blogsoestado.com\/ruypalhano\/2014\/04\/29\/para-onde-estao-indo-as-criancas-doentes-mentais\/\" \/>\n<meta property=\"og:site_name\" content=\"Ruy Palhano\" \/>\n<meta property=\"article:published_time\" content=\"2014-04-29T05:29:26+00:00\" \/>\n<meta name=\"author\" content=\"Ruy Palhano\" \/>\n<meta name=\"twitter:card\" content=\"summary_large_image\" \/>\n<meta name=\"twitter:label1\" content=\"Escrito por\" \/>\n\t<meta name=\"twitter:data1\" content=\"Ruy Palhano\" \/>\n\t<meta name=\"twitter:label2\" content=\"Est. tempo de leitura\" \/>\n\t<meta name=\"twitter:data2\" content=\"5 minutos\" \/>\n<script type=\"application\/ld+json\" class=\"yoast-schema-graph\">{\"@context\":\"https:\/\/schema.org\",\"@graph\":[{\"@type\":\"WebPage\",\"@id\":\"https:\/\/www.blogsoestado.com\/ruypalhano\/2014\/04\/29\/para-onde-estao-indo-as-criancas-doentes-mentais\/\",\"url\":\"https:\/\/www.blogsoestado.com\/ruypalhano\/2014\/04\/29\/para-onde-estao-indo-as-criancas-doentes-mentais\/\",\"name\":\"Para onde est\u00e3o indo as crian\u00e7as doentes mentais? - Ruy Palhano\",\"isPartOf\":{\"@id\":\"https:\/\/www.blogsoestado.com\/ruypalhano\/#website\"},\"datePublished\":\"2014-04-29T05:29:26+00:00\",\"author\":{\"@id\":\"https:\/\/www.blogsoestado.com\/ruypalhano\/#\/schema\/person\/ef49e08ec3e742dec1682f34674f2c84\"},\"breadcrumb\":{\"@id\":\"https:\/\/www.blogsoestado.com\/ruypalhano\/2014\/04\/29\/para-onde-estao-indo-as-criancas-doentes-mentais\/#breadcrumb\"},\"inLanguage\":\"pt-BR\",\"potentialAction\":[{\"@type\":\"ReadAction\",\"target\":[\"https:\/\/www.blogsoestado.com\/ruypalhano\/2014\/04\/29\/para-onde-estao-indo-as-criancas-doentes-mentais\/\"]}]},{\"@type\":\"BreadcrumbList\",\"@id\":\"https:\/\/www.blogsoestado.com\/ruypalhano\/2014\/04\/29\/para-onde-estao-indo-as-criancas-doentes-mentais\/#breadcrumb\",\"itemListElement\":[{\"@type\":\"ListItem\",\"position\":1,\"name\":\"In\u00edcio\",\"item\":\"https:\/\/www.blogsoestado.com\/ruypalhano\/\"},{\"@type\":\"ListItem\",\"position\":2,\"name\":\"Para onde est\u00e3o indo as crian\u00e7as doentes mentais?\"}]},{\"@type\":\"WebSite\",\"@id\":\"https:\/\/www.blogsoestado.com\/ruypalhano\/#website\",\"url\":\"https:\/\/www.blogsoestado.com\/ruypalhano\/\",\"name\":\"Ruy Palhano\",\"description\":\"\",\"potentialAction\":[{\"@type\":\"SearchAction\",\"target\":{\"@type\":\"EntryPoint\",\"urlTemplate\":\"https:\/\/www.blogsoestado.com\/ruypalhano\/?s={search_term_string}\"},\"query-input\":{\"@type\":\"PropertyValueSpecification\",\"valueRequired\":true,\"valueName\":\"search_term_string\"}}],\"inLanguage\":\"pt-BR\"},{\"@type\":\"Person\",\"@id\":\"https:\/\/www.blogsoestado.com\/ruypalhano\/#\/schema\/person\/ef49e08ec3e742dec1682f34674f2c84\",\"name\":\"Ruy Palhano\",\"image\":{\"@type\":\"ImageObject\",\"inLanguage\":\"pt-BR\",\"@id\":\"https:\/\/www.blogsoestado.com\/ruypalhano\/#\/schema\/person\/image\/\",\"url\":\"https:\/\/secure.gravatar.com\/avatar\/d08170dc68d65048f069f40789786091e8b070aa02b0d2e514ddd0244c684a5a?s=96&d=mm&r=g\",\"contentUrl\":\"https:\/\/secure.gravatar.com\/avatar\/d08170dc68d65048f069f40789786091e8b070aa02b0d2e514ddd0244c684a5a?s=96&d=mm&r=g\",\"caption\":\"Ruy Palhano\"},\"url\":\"https:\/\/www.blogsoestado.com\/ruypalhano\/author\/ruypalhano\/\"}]}<\/script>\n<!-- \/ Yoast SEO plugin. -->","yoast_head_json":{"title":"Para onde est\u00e3o indo as crian\u00e7as doentes mentais? - Ruy Palhano","robots":{"index":"index","follow":"follow","max-snippet":"max-snippet:-1","max-image-preview":"max-image-preview:large","max-video-preview":"max-video-preview:-1"},"canonical":"https:\/\/www.blogsoestado.com\/ruypalhano\/2014\/04\/29\/para-onde-estao-indo-as-criancas-doentes-mentais\/","og_locale":"pt_BR","og_type":"article","og_title":"Para onde est\u00e3o indo as crian\u00e7as doentes mentais? - Ruy Palhano","og_description":"Nos \u00faltimos meses tenho utilizado esse ve\u00edculo de comunica\u00e7\u00e3o para manifestar minha indigna\u00e7\u00e3o sobre as incongru\u00eancias da pol\u00edtica brasileira que [&hellip;]","og_url":"https:\/\/www.blogsoestado.com\/ruypalhano\/2014\/04\/29\/para-onde-estao-indo-as-criancas-doentes-mentais\/","og_site_name":"Ruy Palhano","article_published_time":"2014-04-29T05:29:26+00:00","author":"Ruy Palhano","twitter_card":"summary_large_image","twitter_misc":{"Escrito por":"Ruy Palhano","Est. tempo de leitura":"5 minutos"},"schema":{"@context":"https:\/\/schema.org","@graph":[{"@type":"WebPage","@id":"https:\/\/www.blogsoestado.com\/ruypalhano\/2014\/04\/29\/para-onde-estao-indo-as-criancas-doentes-mentais\/","url":"https:\/\/www.blogsoestado.com\/ruypalhano\/2014\/04\/29\/para-onde-estao-indo-as-criancas-doentes-mentais\/","name":"Para onde est\u00e3o indo as crian\u00e7as doentes mentais? - Ruy Palhano","isPartOf":{"@id":"https:\/\/www.blogsoestado.com\/ruypalhano\/#website"},"datePublished":"2014-04-29T05:29:26+00:00","author":{"@id":"https:\/\/www.blogsoestado.com\/ruypalhano\/#\/schema\/person\/ef49e08ec3e742dec1682f34674f2c84"},"breadcrumb":{"@id":"https:\/\/www.blogsoestado.com\/ruypalhano\/2014\/04\/29\/para-onde-estao-indo-as-criancas-doentes-mentais\/#breadcrumb"},"inLanguage":"pt-BR","potentialAction":[{"@type":"ReadAction","target":["https:\/\/www.blogsoestado.com\/ruypalhano\/2014\/04\/29\/para-onde-estao-indo-as-criancas-doentes-mentais\/"]}]},{"@type":"BreadcrumbList","@id":"https:\/\/www.blogsoestado.com\/ruypalhano\/2014\/04\/29\/para-onde-estao-indo-as-criancas-doentes-mentais\/#breadcrumb","itemListElement":[{"@type":"ListItem","position":1,"name":"In\u00edcio","item":"https:\/\/www.blogsoestado.com\/ruypalhano\/"},{"@type":"ListItem","position":2,"name":"Para onde est\u00e3o indo as crian\u00e7as doentes mentais?"}]},{"@type":"WebSite","@id":"https:\/\/www.blogsoestado.com\/ruypalhano\/#website","url":"https:\/\/www.blogsoestado.com\/ruypalhano\/","name":"Ruy Palhano","description":"","potentialAction":[{"@type":"SearchAction","target":{"@type":"EntryPoint","urlTemplate":"https:\/\/www.blogsoestado.com\/ruypalhano\/?s={search_term_string}"},"query-input":{"@type":"PropertyValueSpecification","valueRequired":true,"valueName":"search_term_string"}}],"inLanguage":"pt-BR"},{"@type":"Person","@id":"https:\/\/www.blogsoestado.com\/ruypalhano\/#\/schema\/person\/ef49e08ec3e742dec1682f34674f2c84","name":"Ruy Palhano","image":{"@type":"ImageObject","inLanguage":"pt-BR","@id":"https:\/\/www.blogsoestado.com\/ruypalhano\/#\/schema\/person\/image\/","url":"https:\/\/secure.gravatar.com\/avatar\/d08170dc68d65048f069f40789786091e8b070aa02b0d2e514ddd0244c684a5a?s=96&d=mm&r=g","contentUrl":"https:\/\/secure.gravatar.com\/avatar\/d08170dc68d65048f069f40789786091e8b070aa02b0d2e514ddd0244c684a5a?s=96&d=mm&r=g","caption":"Ruy Palhano"},"url":"https:\/\/www.blogsoestado.com\/ruypalhano\/author\/ruypalhano\/"}]}},"jetpack_featured_media_url":"","_links":{"self":[{"href":"https:\/\/www.blogsoestado.com\/ruypalhano\/wp-json\/wp\/v2\/posts\/652","targetHints":{"allow":["GET"]}}],"collection":[{"href":"https:\/\/www.blogsoestado.com\/ruypalhano\/wp-json\/wp\/v2\/posts"}],"about":[{"href":"https:\/\/www.blogsoestado.com\/ruypalhano\/wp-json\/wp\/v2\/types\/post"}],"author":[{"embeddable":true,"href":"https:\/\/www.blogsoestado.com\/ruypalhano\/wp-json\/wp\/v2\/users\/3"}],"replies":[{"embeddable":true,"href":"https:\/\/www.blogsoestado.com\/ruypalhano\/wp-json\/wp\/v2\/comments?post=652"}],"version-history":[{"count":0,"href":"https:\/\/www.blogsoestado.com\/ruypalhano\/wp-json\/wp\/v2\/posts\/652\/revisions"}],"wp:attachment":[{"href":"https:\/\/www.blogsoestado.com\/ruypalhano\/wp-json\/wp\/v2\/media?parent=652"}],"wp:term":[{"taxonomy":"category","embeddable":true,"href":"https:\/\/www.blogsoestado.com\/ruypalhano\/wp-json\/wp\/v2\/categories?post=652"},{"taxonomy":"post_tag","embeddable":true,"href":"https:\/\/www.blogsoestado.com\/ruypalhano\/wp-json\/wp\/v2\/tags?post=652"}],"curies":[{"name":"wp","href":"https:\/\/api.w.org\/{rel}","templated":true}]}}