{"id":661,"date":"2014-09-01T13:31:53","date_gmt":"2014-09-01T16:31:53","guid":{"rendered":"https:\/\/www.blogsoestado.com\/ruypalhano\/?p=661"},"modified":"2014-09-01T13:31:53","modified_gmt":"2014-09-01T16:31:53","slug":"eu-os-outros-e-o-mundo","status":"publish","type":"post","link":"https:\/\/www.blogsoestado.com\/ruypalhano\/2014\/09\/01\/eu-os-outros-e-o-mundo\/","title":{"rendered":"Eu, os outros e o mundo"},"content":{"rendered":"<p>Conversando recentemente sobre diferentes assuntos com um dos \u00edcones da medicina brasileira e um dos mais respeitados m\u00e9dicos desse estado, Dr. Haroldo Silva e Sousa, meu mestre, professor e amigo, ex\u00edmio cardiologista, houve certo instante que me disse: \u201cRuy, temos que entender o homem em sua rela\u00e7\u00e3o consigo, com os outros e com o mundo\u201d, \u00e9 dessa forma que entenderemos o que acontece conosco e todos na vida.<\/p>\n<p>Disse-lhe, Prof. Haroldo o Senhor tem raz\u00e3o temos que sempre ter essa vis\u00e3o do homem para poder entend\u00ea-lo. Depois dessa conversa, prosseguimos, tratando de outros assuntos. J\u00e1 em casa, voltei a pensar na conversa que t\u00ednhamos tido e vi que a rela\u00e7\u00e3o: <strong><em>eu, os outros e o mundo<\/em><\/strong>, representam de fato o paradigma de nossa existencialidade. Tudo ocorre e funciona a partir disso. Veja que tudo que nos diz respeito e o que se passa conosco est\u00e1 subjugado a essa realidade. Nada ocorre sem ser por essa via.<\/p>\n<p>As circunst\u00e2ncias, as rotas que tra\u00e7amos para n\u00f3s mesmos, nossas rela\u00e7\u00f5es com os outros e com o mundo s\u00e3o atribui\u00e7\u00f5es e consequ\u00eancias diretos dessa tr\u00edade de fatores justapostos uns aos outros. De tal forma que quando algo se distancia desse tri\u00e2ngulo, as consequ\u00eancias aparecer\u00e3o cedo ou tarde na vida de algu\u00e9m.<\/p>\n<p>Atrevo-me a dizer que aquilo que entendemos como felicidade, que todos querem alcan\u00e7a-la, essencialmente s\u00f3 brota em nossos cora\u00e7\u00f5es quando estamos em absoluto conson\u00e2ncia e equil\u00edbrio com essas dimens\u00f5es. S\u00f3 somos felizes quando essas tr\u00eas entidades se alcan\u00e7am, a um s\u00f3 tempo, se unem em um \u00fanico sentido por isso \u00e9 dif\u00edcil a alcan\u00e7armos a todo o momento, pois n\u00e3o \u00e9 a todo o momento que estamos nesse equil\u00edbrio desejado.<\/p>\n<p>Nessa perspectiva cada dimens\u00e3o desta, <strong><em>eu o outro e o mundo<\/em><\/strong>, t\u00eam identidade pr\u00f3pria, import\u00e2ncias e valores distintos entre si. S\u00e3o dimens\u00f5es diferentes uns dos outros, por\u00e9m n\u00e3o se sustentam isoladamente. Da mesma forma como n\u00f3s, s\u00f3 nos tornamos seres humanos havendo plena harmonia entre n\u00f3s, os outros e o e o mundo. Nessa triangularidade \u00e9 que ser\u00e3o constru\u00eddos e garantidos todos os pressupostos necess\u00e1rios para uma vida promissora e feliz. E, entendo que o resultado dessa triangula\u00e7\u00e3o \u00e9 que vai dar sentido \u00e1 nossa exist\u00eancia.<\/p>\n<p>H\u00e1 teorias que julgam que n\u00f3s humanos somos o centro do universo, e as outras coisas secund\u00e1rias \u00e1 isso &#8211; antropocentrismo. Outras v\u00eam na natureza (o mundo), o centro de tudo e a raz\u00e3o da pr\u00f3pria vida \u2013 geocentrismo. Por \u00faltimo, h\u00e1 os que afirmam serem as rela\u00e7\u00f5es sociais a raz\u00e3o maior da vida humana(sociog\u00eanese). Todas essas teorias t\u00eam suas raz\u00f5es, mas vejo que nenhuma dessas sozinhas, faz qualquer sentido. A primazia da exist\u00eancia est\u00e1 nas rela\u00e7\u00f5es entre essas diferentes for\u00e7as especiais e singulares interagindo entre si, isso faz brotar a vida que temos e o que somos.<\/p>\n<p>O ambiente, o ar, as \u00e1rvores, os animais, os rios, o mar, os sons, a lua o sol, o c\u00e9u, a noite, as estrelas, o infinito, o outro e tudo mais, que nos toca, nos diz respeito e que ocupa nossa consci\u00eancia, nos comp\u00f5em. <strong><em>O mundo, n\u00f3s e os outros<\/em><\/strong> formamos <strong><em>um \u00fanico ser<\/em><\/strong> atrav\u00e9s da qual nos definimos, damos sentido \u00e1 nossa exist\u00eancia. Essa rela\u00e7\u00e3o triangular \u00e9 t\u00e3o estreita, que se tornam insepar\u00e1veis, \u00edntimas imprescind\u00edveis umas as outras, surgindo, por isso mesmo, algo novo e uma nova ordem nessa rela\u00e7\u00e3o. Essa nova realidade, somos n\u00f3s.<\/p>\n<p>No transcurso da vida, dependendo das circunst\u00e2ncias, haver\u00e1 momentos em que <strong><em>o eu se sobressair\u00e1 sobre o outro e sobre o mundo<\/em><\/strong>. Em outros, <strong><em>o mundo se sobressair\u00e1 sobre o eu e o ou outro<\/em><\/strong> e haver\u00e1 outros momentos em que <strong><em>o outro se sobressa\u00edra sobre o eu e o mundo<\/em><\/strong>. Mas nunca se separam na rela\u00e7\u00e3o. Essas dimens\u00f5es est\u00e3o ligadas intestinamente uma a outras garantindo a viabilidade da vida. \u00c9 atrav\u00e9s dessa dial\u00e9tica e dessa din\u00e2mica existencial que a vida caminha. A flexibilidade entre essas dimens\u00f5es \u00e9 que ir\u00e1 definir e garantir a primazia da nossa exist\u00eancia<\/p>\n<p>Portanto, <strong><em>n\u00f3s, os outros e o mundo<\/em><\/strong> somos facetas distintas de um mesmo fen\u00f4meno, onde reside a ess\u00eancia da vida humana. Achar que somos uma coisa totalit\u00e1ria independente \u00e9 um tremendo equ\u00edvoco. Temos que ter e desenvolver uma consci\u00eancia plena e total, onde somos uma parte importante no processo do viver, mas sem o outro e o mundo os quais nos cercam, fatalmente iremos fracassar.<\/p>\n<p>Essa \u00e9 a vis\u00e3o singular da vida que nos d\u00e1 autonomia e a certeza de nossa exist\u00eancia. \u00c9 a partir dessa vis\u00e3o biopsicossocial e geopol\u00edtica do ser, que garantiremos e damos sentido da de nossa exist\u00eancia. A valoriza\u00e7\u00e3o s\u00f3 de um aspecto dessa trindade sagrada desrespeitaria, em principio, a universalidade da nossa exist\u00eancia.<\/p>\n<p>&nbsp;<\/p>\n","protected":false},"excerpt":{"rendered":"<p>Conversando recentemente sobre diferentes assuntos com um dos \u00edcones da medicina brasileira e um dos mais respeitados m\u00e9dicos desse estado, [&hellip;]<\/p>\n","protected":false},"author":3,"featured_media":0,"comment_status":"open","ping_status":"open","sticky":false,"template":"","format":"standard","meta":{"site-sidebar-layout":"default","site-content-layout":"","ast-site-content-layout":"default","site-content-style":"default","site-sidebar-style":"default","ast-global-header-display":"","ast-banner-title-visibility":"","ast-main-header-display":"","ast-hfb-above-header-display":"","ast-hfb-below-header-display":"","ast-hfb-mobile-header-display":"","site-post-title":"","ast-breadcrumbs-content":"","ast-featured-img":"","footer-sml-layout":"","ast-disable-related-posts":"","theme-transparent-header-meta":"","adv-header-id-meta":"","stick-header-meta":"","header-above-stick-meta":"","header-main-stick-meta":"","header-below-stick-meta":"","astra-migrate-meta-layouts":"default","ast-page-background-enabled":"default","ast-page-background-meta":{"desktop":{"background-color":"var(--ast-global-color-5)","background-image":"","background-repeat":"repeat","background-position":"center center","background-size":"auto","background-attachment":"scroll","background-type":"","background-media":"","overlay-type":"","overlay-color":"","overlay-opacity":"","overlay-gradient":""},"tablet":{"background-color":"","background-image":"","background-repeat":"repeat","background-position":"center center","background-size":"auto","background-attachment":"scroll","background-type":"","background-media":"","overlay-type":"","overlay-color":"","overlay-opacity":"","overlay-gradient":""},"mobile":{"background-color":"","background-image":"","background-repeat":"repeat","background-position":"center center","background-size":"auto","background-attachment":"scroll","background-type":"","background-media":"","overlay-type":"","overlay-color":"","overlay-opacity":"","overlay-gradient":""}},"ast-content-background-meta":{"desktop":{"background-color":"var(--ast-global-color-4)","background-image":"","background-repeat":"repeat","background-position":"center center","background-size":"auto","background-attachment":"scroll","background-type":"","background-media":"","overlay-type":"","overlay-color":"","overlay-opacity":"","overlay-gradient":""},"tablet":{"background-color":"var(--ast-global-color-4)","background-image":"","background-repeat":"repeat","background-position":"center center","background-size":"auto","background-attachment":"scroll","background-type":"","background-media":"","overlay-type":"","overlay-color":"","overlay-opacity":"","overlay-gradient":""},"mobile":{"background-color":"var(--ast-global-color-4)","background-image":"","background-repeat":"repeat","background-position":"center center","background-size":"auto","background-attachment":"scroll","background-type":"","background-media":"","overlay-type":"","overlay-color":"","overlay-opacity":"","overlay-gradient":""}},"footnotes":""},"categories":[3],"tags":[],"class_list":["post-661","post","type-post","status-publish","format-standard","hentry","category-comportamento"],"yoast_head":"<!-- This site is optimized with the Yoast SEO plugin v26.6 - https:\/\/yoast.com\/wordpress\/plugins\/seo\/ -->\n<title>Eu, os outros e o mundo - Ruy Palhano<\/title>\n<meta name=\"robots\" content=\"index, follow, max-snippet:-1, max-image-preview:large, max-video-preview:-1\" \/>\n<link rel=\"canonical\" href=\"https:\/\/www.blogsoestado.com\/ruypalhano\/2014\/09\/01\/eu-os-outros-e-o-mundo\/\" \/>\n<meta property=\"og:locale\" content=\"pt_BR\" \/>\n<meta property=\"og:type\" content=\"article\" \/>\n<meta property=\"og:title\" content=\"Eu, os outros e o mundo - Ruy Palhano\" \/>\n<meta property=\"og:description\" content=\"Conversando recentemente sobre diferentes assuntos com um dos \u00edcones da medicina brasileira e um dos mais respeitados m\u00e9dicos desse estado, [&hellip;]\" \/>\n<meta property=\"og:url\" content=\"https:\/\/www.blogsoestado.com\/ruypalhano\/2014\/09\/01\/eu-os-outros-e-o-mundo\/\" \/>\n<meta property=\"og:site_name\" content=\"Ruy Palhano\" \/>\n<meta property=\"article:published_time\" content=\"2014-09-01T16:31:53+00:00\" \/>\n<meta name=\"author\" content=\"Ruy Palhano\" \/>\n<meta name=\"twitter:card\" content=\"summary_large_image\" \/>\n<meta name=\"twitter:label1\" content=\"Escrito por\" \/>\n\t<meta name=\"twitter:data1\" content=\"Ruy Palhano\" \/>\n\t<meta name=\"twitter:label2\" content=\"Est. tempo de leitura\" \/>\n\t<meta name=\"twitter:data2\" content=\"4 minutos\" \/>\n<script type=\"application\/ld+json\" class=\"yoast-schema-graph\">{\"@context\":\"https:\/\/schema.org\",\"@graph\":[{\"@type\":\"WebPage\",\"@id\":\"https:\/\/www.blogsoestado.com\/ruypalhano\/2014\/09\/01\/eu-os-outros-e-o-mundo\/\",\"url\":\"https:\/\/www.blogsoestado.com\/ruypalhano\/2014\/09\/01\/eu-os-outros-e-o-mundo\/\",\"name\":\"Eu, os outros e o mundo - Ruy Palhano\",\"isPartOf\":{\"@id\":\"https:\/\/www.blogsoestado.com\/ruypalhano\/#website\"},\"datePublished\":\"2014-09-01T16:31:53+00:00\",\"author\":{\"@id\":\"https:\/\/www.blogsoestado.com\/ruypalhano\/#\/schema\/person\/ef49e08ec3e742dec1682f34674f2c84\"},\"breadcrumb\":{\"@id\":\"https:\/\/www.blogsoestado.com\/ruypalhano\/2014\/09\/01\/eu-os-outros-e-o-mundo\/#breadcrumb\"},\"inLanguage\":\"pt-BR\",\"potentialAction\":[{\"@type\":\"ReadAction\",\"target\":[\"https:\/\/www.blogsoestado.com\/ruypalhano\/2014\/09\/01\/eu-os-outros-e-o-mundo\/\"]}]},{\"@type\":\"BreadcrumbList\",\"@id\":\"https:\/\/www.blogsoestado.com\/ruypalhano\/2014\/09\/01\/eu-os-outros-e-o-mundo\/#breadcrumb\",\"itemListElement\":[{\"@type\":\"ListItem\",\"position\":1,\"name\":\"In\u00edcio\",\"item\":\"https:\/\/www.blogsoestado.com\/ruypalhano\/\"},{\"@type\":\"ListItem\",\"position\":2,\"name\":\"Eu, os outros e o mundo\"}]},{\"@type\":\"WebSite\",\"@id\":\"https:\/\/www.blogsoestado.com\/ruypalhano\/#website\",\"url\":\"https:\/\/www.blogsoestado.com\/ruypalhano\/\",\"name\":\"Ruy Palhano\",\"description\":\"\",\"potentialAction\":[{\"@type\":\"SearchAction\",\"target\":{\"@type\":\"EntryPoint\",\"urlTemplate\":\"https:\/\/www.blogsoestado.com\/ruypalhano\/?s={search_term_string}\"},\"query-input\":{\"@type\":\"PropertyValueSpecification\",\"valueRequired\":true,\"valueName\":\"search_term_string\"}}],\"inLanguage\":\"pt-BR\"},{\"@type\":\"Person\",\"@id\":\"https:\/\/www.blogsoestado.com\/ruypalhano\/#\/schema\/person\/ef49e08ec3e742dec1682f34674f2c84\",\"name\":\"Ruy Palhano\",\"image\":{\"@type\":\"ImageObject\",\"inLanguage\":\"pt-BR\",\"@id\":\"https:\/\/www.blogsoestado.com\/ruypalhano\/#\/schema\/person\/image\/\",\"url\":\"https:\/\/secure.gravatar.com\/avatar\/d08170dc68d65048f069f40789786091e8b070aa02b0d2e514ddd0244c684a5a?s=96&d=mm&r=g\",\"contentUrl\":\"https:\/\/secure.gravatar.com\/avatar\/d08170dc68d65048f069f40789786091e8b070aa02b0d2e514ddd0244c684a5a?s=96&d=mm&r=g\",\"caption\":\"Ruy Palhano\"},\"url\":\"https:\/\/www.blogsoestado.com\/ruypalhano\/author\/ruypalhano\/\"}]}<\/script>\n<!-- \/ Yoast SEO plugin. -->","yoast_head_json":{"title":"Eu, os outros e o mundo - Ruy Palhano","robots":{"index":"index","follow":"follow","max-snippet":"max-snippet:-1","max-image-preview":"max-image-preview:large","max-video-preview":"max-video-preview:-1"},"canonical":"https:\/\/www.blogsoestado.com\/ruypalhano\/2014\/09\/01\/eu-os-outros-e-o-mundo\/","og_locale":"pt_BR","og_type":"article","og_title":"Eu, os outros e o mundo - Ruy Palhano","og_description":"Conversando recentemente sobre diferentes assuntos com um dos \u00edcones da medicina brasileira e um dos mais respeitados m\u00e9dicos desse estado, [&hellip;]","og_url":"https:\/\/www.blogsoestado.com\/ruypalhano\/2014\/09\/01\/eu-os-outros-e-o-mundo\/","og_site_name":"Ruy Palhano","article_published_time":"2014-09-01T16:31:53+00:00","author":"Ruy Palhano","twitter_card":"summary_large_image","twitter_misc":{"Escrito por":"Ruy Palhano","Est. tempo de leitura":"4 minutos"},"schema":{"@context":"https:\/\/schema.org","@graph":[{"@type":"WebPage","@id":"https:\/\/www.blogsoestado.com\/ruypalhano\/2014\/09\/01\/eu-os-outros-e-o-mundo\/","url":"https:\/\/www.blogsoestado.com\/ruypalhano\/2014\/09\/01\/eu-os-outros-e-o-mundo\/","name":"Eu, os outros e o mundo - Ruy Palhano","isPartOf":{"@id":"https:\/\/www.blogsoestado.com\/ruypalhano\/#website"},"datePublished":"2014-09-01T16:31:53+00:00","author":{"@id":"https:\/\/www.blogsoestado.com\/ruypalhano\/#\/schema\/person\/ef49e08ec3e742dec1682f34674f2c84"},"breadcrumb":{"@id":"https:\/\/www.blogsoestado.com\/ruypalhano\/2014\/09\/01\/eu-os-outros-e-o-mundo\/#breadcrumb"},"inLanguage":"pt-BR","potentialAction":[{"@type":"ReadAction","target":["https:\/\/www.blogsoestado.com\/ruypalhano\/2014\/09\/01\/eu-os-outros-e-o-mundo\/"]}]},{"@type":"BreadcrumbList","@id":"https:\/\/www.blogsoestado.com\/ruypalhano\/2014\/09\/01\/eu-os-outros-e-o-mundo\/#breadcrumb","itemListElement":[{"@type":"ListItem","position":1,"name":"In\u00edcio","item":"https:\/\/www.blogsoestado.com\/ruypalhano\/"},{"@type":"ListItem","position":2,"name":"Eu, os outros e o mundo"}]},{"@type":"WebSite","@id":"https:\/\/www.blogsoestado.com\/ruypalhano\/#website","url":"https:\/\/www.blogsoestado.com\/ruypalhano\/","name":"Ruy Palhano","description":"","potentialAction":[{"@type":"SearchAction","target":{"@type":"EntryPoint","urlTemplate":"https:\/\/www.blogsoestado.com\/ruypalhano\/?s={search_term_string}"},"query-input":{"@type":"PropertyValueSpecification","valueRequired":true,"valueName":"search_term_string"}}],"inLanguage":"pt-BR"},{"@type":"Person","@id":"https:\/\/www.blogsoestado.com\/ruypalhano\/#\/schema\/person\/ef49e08ec3e742dec1682f34674f2c84","name":"Ruy Palhano","image":{"@type":"ImageObject","inLanguage":"pt-BR","@id":"https:\/\/www.blogsoestado.com\/ruypalhano\/#\/schema\/person\/image\/","url":"https:\/\/secure.gravatar.com\/avatar\/d08170dc68d65048f069f40789786091e8b070aa02b0d2e514ddd0244c684a5a?s=96&d=mm&r=g","contentUrl":"https:\/\/secure.gravatar.com\/avatar\/d08170dc68d65048f069f40789786091e8b070aa02b0d2e514ddd0244c684a5a?s=96&d=mm&r=g","caption":"Ruy Palhano"},"url":"https:\/\/www.blogsoestado.com\/ruypalhano\/author\/ruypalhano\/"}]}},"jetpack_featured_media_url":"","_links":{"self":[{"href":"https:\/\/www.blogsoestado.com\/ruypalhano\/wp-json\/wp\/v2\/posts\/661","targetHints":{"allow":["GET"]}}],"collection":[{"href":"https:\/\/www.blogsoestado.com\/ruypalhano\/wp-json\/wp\/v2\/posts"}],"about":[{"href":"https:\/\/www.blogsoestado.com\/ruypalhano\/wp-json\/wp\/v2\/types\/post"}],"author":[{"embeddable":true,"href":"https:\/\/www.blogsoestado.com\/ruypalhano\/wp-json\/wp\/v2\/users\/3"}],"replies":[{"embeddable":true,"href":"https:\/\/www.blogsoestado.com\/ruypalhano\/wp-json\/wp\/v2\/comments?post=661"}],"version-history":[{"count":0,"href":"https:\/\/www.blogsoestado.com\/ruypalhano\/wp-json\/wp\/v2\/posts\/661\/revisions"}],"wp:attachment":[{"href":"https:\/\/www.blogsoestado.com\/ruypalhano\/wp-json\/wp\/v2\/media?parent=661"}],"wp:term":[{"taxonomy":"category","embeddable":true,"href":"https:\/\/www.blogsoestado.com\/ruypalhano\/wp-json\/wp\/v2\/categories?post=661"},{"taxonomy":"post_tag","embeddable":true,"href":"https:\/\/www.blogsoestado.com\/ruypalhano\/wp-json\/wp\/v2\/tags?post=661"}],"curies":[{"name":"wp","href":"https:\/\/api.w.org\/{rel}","templated":true}]}}