{"id":666,"date":"2014-09-02T00:13:40","date_gmt":"2014-09-02T03:13:40","guid":{"rendered":"https:\/\/www.blogsoestado.com\/ruypalhano\/?p=666"},"modified":"2014-09-02T00:13:40","modified_gmt":"2014-09-02T03:13:40","slug":"farmacia-como-unidade-de-saude","status":"publish","type":"post","link":"https:\/\/www.blogsoestado.com\/ruypalhano\/2014\/09\/02\/farmacia-como-unidade-de-saude\/","title":{"rendered":"F\u00e1rmacia como unidade de sa\u00fade"},"content":{"rendered":"<p>Hoje foi promulgado a lei que transforma as farm\u00e1cias em unidades de assist\u00eancia de sa\u00fade, incorporando definitivamente as farm\u00e1cias em uma rede de servi\u00e7os encarregados de promoverem sa\u00fade p\u00fablica nesse pa\u00eds, em que ao inv\u00e9s de ser simplesmente um ponto de venda de medicamentos e outros produtos se transformar\u00e3o em unidades de sa\u00fade, ampliando portanto, em boa hora a sua responsabilidade social.<br \/>\nCom isso, abre-se novos horizontes para classe farmac\u00eautica do ponto de vista do mercado de trabalho pois novas frentes surgir\u00e3o, j\u00e1 que pela lei as farm\u00e1cias dever\u00e3o contar com a presen\u00e7a do farmac\u00eautico em todo seu expediente de funcionamento. Novos empregos e maiores responsabilidade as farm\u00e1cias<span class=\"text_exposed_show\">. Um ponto altamente relevante que dever\u00e1 ser alcan\u00e7ado pela medida \u00e9 a quest\u00e3o da auto medica\u00e7\u00e3o, um problema grave que ocorre\u00a0na popula\u00e7\u00e3o brasileira\u00a0<\/span><span class=\"text_exposed_show\">ocasionando s\u00e9rios danos\u00a0\u00e1 sa\u00fade p\u00fablica desse pa\u00eds.<br \/>\nNo mesmo texto legal, foi concedido ao farmac\u00eautico a prerrogativa de prescrever medicamentos que n\u00e3o exigem uma prescri\u00e7\u00e3o m\u00e9dica, isto \u00e9, prescrever medicamentos que n\u00e3o seja exigida a receita m\u00e9dica.<br \/>\nNesse ponto gostaria de refletir um pouco.\u00a0Trata-se de uma\u00a0quest\u00e3o complexa, pol\u00eamica e profunda que exige uma releitura do que est\u00e3o propondo para essa nobre e importante profiss\u00e3o, at\u00e9 porque entendo que a farm\u00e1cia pode e deve se inserir em uma infinidade de outras atividades profissionais a serem realizados pelos farmac\u00eauticos que n\u00e3o seja essa de prescrever f\u00e1rmacos para justificar sua nova condi\u00e7\u00e3o de unidade de sa\u00fade, uma reinvindica\u00e7\u00e3o antiga e justa dessa classe importante dos farmac\u00eautica que h\u00e1 mais de 20 anos vem lutando para tanto, portanto a lei coroa a luta dessa categoria com os quais me confraternizo.<\/span><\/p>\n<p>Em suas novas atribui\u00e7\u00f5es, j\u00e1 vimos que a lei outorga a esses profissionais a prerrogativa de prescrever os tais medicamentos inalcan\u00e7ados pelas receitas m\u00e9dicas, seja qual for. Ao meu ver, uma a\u00e7\u00e3o no m\u00ednimo temer\u00e1ria pela imensa responsabilidade exigida por esse procedimento\u00a0sobre cada profissional que ir\u00e1 faz\u00ea-lo. Prescrever um f\u00e1rmaco, seja qual for, a uma determinada pessoa \u00e9 uma a\u00e7\u00e3o complexa que exige antes de tudo um diagn\u00f3stico e conhecimentos profundos de terap\u00eautica. Exige um conhecimento abalizado de cl\u00ednica m\u00e9dica, de farmacologia, fisiopatologia, de proped\u00eautica e muitos outros conhecimentos sobre sa\u00fade que justifiquem o ato de se prescrever um medicamento a algu\u00e9m. N\u00e3o \u00e9 s\u00f3 passar por passar tem que se saber o que, como passar, para quem passar, e porque passar. Al\u00e9m do mais, deve-se assumir a total responsabilidade em faz\u00ea-lo. Passar um analg\u00e9sico, um antit\u00e9rmico, um antidiarreico ou um ante em\u00e9tico (para v\u00f4mito), pode parecer simpl\u00f3rio, n\u00e3o o \u00e9. Todas essas condi\u00e7\u00f5es cl\u00ednicas podem esconder enfermidades graves que se revelam por tais sintomas em que o profissional deve conhece-los muito bem para\u00a0prescrever \u00a0algum medicamento.<br \/>\nAs implica\u00e7\u00f5es, \u00e9tica, m\u00e9dica e jur\u00eddica que h\u00e1 por tr\u00e1s de uma prescri\u00e7\u00e3o s\u00e3o muitas e, entre outras coisas, ter\u00e3o que se responsabilizar pelas consequ\u00eancias impostas pela sua a\u00e7\u00e3o. Estar\u00e3o preparados os farmac\u00eauticos e devidamente habilitados para faz\u00ea-lo?<\/p>\n<p><span class=\"text_exposed_show\">\u00c9 da compet\u00eancia dos Farmac\u00eauticos tratar de algu\u00e9m mesmo que seja um sintoma como dor, a febre, o v\u00f4mito? Quem se responsabilizar\u00e1 se der algo errado com esse pacientes devido sua prescri\u00e7\u00e3o? Estar\u00e3o os Farmac\u00eauticos habilitados e preparados para fazer diagn\u00f3sticos? Essas e muitas outras quest\u00f5es deveriam ser levantadas e discutidas para se verificar o alcance profissional e social de tais medidas.<br \/>\nOutro aspecto, ao meu ver relevante, \u00e9: porque atribuir a esses profissionais a responsabilidade de prescreverem somente medicamentos fora do alcance dos receitu\u00e1rio m\u00e9dicos? j\u00e1 que qualquer f\u00e1rmaco, independente de estarem dentro ou n\u00e3o de um receitu\u00e1rio m\u00e9dico,\u00a0tem seus princ\u00edpios ativos, seu mecanismos de a\u00e7\u00e3o, sua faramacocin\u00e9tica, sua famacodin\u00e2mica, seu metabolismo e sua indica\u00e7\u00e3o m\u00e9dica de uso? Mas, no outro lado da quest\u00e3o, n\u00e3o seria muito pouco atribuir a esses profissionais, ante a enorme responsabilidade que\u00a0ter\u00e3o ao prescrever algo para algu\u00e9m, prescreverem somente os medicamentos fora do alcance do receitu\u00e1rios m\u00e9dicos? N\u00e3o estar\u00e1 esse governo\u00a0 atribuindo a esses profissionais responsabilidades que seriam dele governo, n\u00e3o oferecendo mais postos de sa\u00fade, mais hospitais, mais saneamento b\u00e1sico, mais laborat\u00f3rios, mais\u00a0ambulat\u00f3rios<\/span><span class=\"text_exposed_show\"> de especialidades e muitos outros servi\u00e7os\u00a0 de sa\u00fade \u00e1 popula\u00e7\u00e3o\u00a0ao inv\u00e9s de aumentar a\u00a0responsabilidade desses profissionais?<br \/>\nComo se trata de um fato ligado a sa\u00fade p\u00fablica a sociedade, os outros profissionais e a pr\u00f3pria categoria devem se manifestar mais para que n\u00f3s possamos compreender melhor a natureza de tais medidas e o\u00a0 impacto que isso causar\u00e1 \u00e1 nossa\u00a0popula\u00e7\u00e3o.<br \/>\nDe qualquer forma, considerem meus coment\u00e1rios uma contribui\u00e7\u00e3o para o engrandecimento da classe farmac\u00eautica de nosso estado considerando que os reconhe\u00e7o como profissionais altamente importantes e de uma enorme responsabilidade social na promo\u00e7\u00e3o e manuten\u00e7\u00e3o da sa\u00fade e da vida.<\/span><\/p>\n","protected":false},"excerpt":{"rendered":"<p>Hoje foi promulgado a lei que transforma as farm\u00e1cias em unidades de assist\u00eancia de sa\u00fade, incorporando definitivamente as farm\u00e1cias em [&hellip;]<\/p>\n","protected":false},"author":3,"featured_media":0,"comment_status":"open","ping_status":"open","sticky":false,"template":"","format":"standard","meta":{"site-sidebar-layout":"default","site-content-layout":"","ast-site-content-layout":"default","site-content-style":"default","site-sidebar-style":"default","ast-global-header-display":"","ast-banner-title-visibility":"","ast-main-header-display":"","ast-hfb-above-header-display":"","ast-hfb-below-header-display":"","ast-hfb-mobile-header-display":"","site-post-title":"","ast-breadcrumbs-content":"","ast-featured-img":"","footer-sml-layout":"","ast-disable-related-posts":"","theme-transparent-header-meta":"","adv-header-id-meta":"","stick-header-meta":"","header-above-stick-meta":"","header-main-stick-meta":"","header-below-stick-meta":"","astra-migrate-meta-layouts":"default","ast-page-background-enabled":"default","ast-page-background-meta":{"desktop":{"background-color":"var(--ast-global-color-5)","background-image":"","background-repeat":"repeat","background-position":"center center","background-size":"auto","background-attachment":"scroll","background-type":"","background-media":"","overlay-type":"","overlay-color":"","overlay-opacity":"","overlay-gradient":""},"tablet":{"background-color":"","background-image":"","background-repeat":"repeat","background-position":"center center","background-size":"auto","background-attachment":"scroll","background-type":"","background-media":"","overlay-type":"","overlay-color":"","overlay-opacity":"","overlay-gradient":""},"mobile":{"background-color":"","background-image":"","background-repeat":"repeat","background-position":"center center","background-size":"auto","background-attachment":"scroll","background-type":"","background-media":"","overlay-type":"","overlay-color":"","overlay-opacity":"","overlay-gradient":""}},"ast-content-background-meta":{"desktop":{"background-color":"var(--ast-global-color-4)","background-image":"","background-repeat":"repeat","background-position":"center center","background-size":"auto","background-attachment":"scroll","background-type":"","background-media":"","overlay-type":"","overlay-color":"","overlay-opacity":"","overlay-gradient":""},"tablet":{"background-color":"var(--ast-global-color-4)","background-image":"","background-repeat":"repeat","background-position":"center center","background-size":"auto","background-attachment":"scroll","background-type":"","background-media":"","overlay-type":"","overlay-color":"","overlay-opacity":"","overlay-gradient":""},"mobile":{"background-color":"var(--ast-global-color-4)","background-image":"","background-repeat":"repeat","background-position":"center center","background-size":"auto","background-attachment":"scroll","background-type":"","background-media":"","overlay-type":"","overlay-color":"","overlay-opacity":"","overlay-gradient":""}},"footnotes":""},"categories":[1],"tags":[],"class_list":["post-666","post","type-post","status-publish","format-standard","hentry","category-sem-categoria"],"yoast_head":"<!-- This site is optimized with the Yoast SEO plugin v26.6 - https:\/\/yoast.com\/wordpress\/plugins\/seo\/ -->\n<title>F\u00e1rmacia como unidade de sa\u00fade - Ruy Palhano<\/title>\n<meta name=\"robots\" content=\"index, follow, max-snippet:-1, max-image-preview:large, max-video-preview:-1\" \/>\n<link rel=\"canonical\" href=\"https:\/\/www.blogsoestado.com\/ruypalhano\/2014\/09\/02\/farmacia-como-unidade-de-saude\/\" \/>\n<meta property=\"og:locale\" content=\"pt_BR\" \/>\n<meta property=\"og:type\" content=\"article\" \/>\n<meta property=\"og:title\" content=\"F\u00e1rmacia como unidade de sa\u00fade - Ruy Palhano\" \/>\n<meta property=\"og:description\" content=\"Hoje foi promulgado a lei que transforma as farm\u00e1cias em unidades de assist\u00eancia de sa\u00fade, incorporando definitivamente as farm\u00e1cias em [&hellip;]\" \/>\n<meta property=\"og:url\" content=\"https:\/\/www.blogsoestado.com\/ruypalhano\/2014\/09\/02\/farmacia-como-unidade-de-saude\/\" \/>\n<meta property=\"og:site_name\" content=\"Ruy Palhano\" \/>\n<meta property=\"article:published_time\" content=\"2014-09-02T03:13:40+00:00\" \/>\n<meta name=\"author\" content=\"Ruy Palhano\" \/>\n<meta name=\"twitter:card\" content=\"summary_large_image\" \/>\n<meta name=\"twitter:label1\" content=\"Escrito por\" \/>\n\t<meta name=\"twitter:data1\" content=\"Ruy Palhano\" \/>\n\t<meta name=\"twitter:label2\" content=\"Est. tempo de leitura\" \/>\n\t<meta name=\"twitter:data2\" content=\"4 minutos\" \/>\n<script type=\"application\/ld+json\" class=\"yoast-schema-graph\">{\"@context\":\"https:\/\/schema.org\",\"@graph\":[{\"@type\":\"WebPage\",\"@id\":\"https:\/\/www.blogsoestado.com\/ruypalhano\/2014\/09\/02\/farmacia-como-unidade-de-saude\/\",\"url\":\"https:\/\/www.blogsoestado.com\/ruypalhano\/2014\/09\/02\/farmacia-como-unidade-de-saude\/\",\"name\":\"F\u00e1rmacia como unidade de sa\u00fade - Ruy Palhano\",\"isPartOf\":{\"@id\":\"https:\/\/www.blogsoestado.com\/ruypalhano\/#website\"},\"datePublished\":\"2014-09-02T03:13:40+00:00\",\"author\":{\"@id\":\"https:\/\/www.blogsoestado.com\/ruypalhano\/#\/schema\/person\/ef49e08ec3e742dec1682f34674f2c84\"},\"breadcrumb\":{\"@id\":\"https:\/\/www.blogsoestado.com\/ruypalhano\/2014\/09\/02\/farmacia-como-unidade-de-saude\/#breadcrumb\"},\"inLanguage\":\"pt-BR\",\"potentialAction\":[{\"@type\":\"ReadAction\",\"target\":[\"https:\/\/www.blogsoestado.com\/ruypalhano\/2014\/09\/02\/farmacia-como-unidade-de-saude\/\"]}]},{\"@type\":\"BreadcrumbList\",\"@id\":\"https:\/\/www.blogsoestado.com\/ruypalhano\/2014\/09\/02\/farmacia-como-unidade-de-saude\/#breadcrumb\",\"itemListElement\":[{\"@type\":\"ListItem\",\"position\":1,\"name\":\"In\u00edcio\",\"item\":\"https:\/\/www.blogsoestado.com\/ruypalhano\/\"},{\"@type\":\"ListItem\",\"position\":2,\"name\":\"F\u00e1rmacia como unidade de sa\u00fade\"}]},{\"@type\":\"WebSite\",\"@id\":\"https:\/\/www.blogsoestado.com\/ruypalhano\/#website\",\"url\":\"https:\/\/www.blogsoestado.com\/ruypalhano\/\",\"name\":\"Ruy Palhano\",\"description\":\"\",\"potentialAction\":[{\"@type\":\"SearchAction\",\"target\":{\"@type\":\"EntryPoint\",\"urlTemplate\":\"https:\/\/www.blogsoestado.com\/ruypalhano\/?s={search_term_string}\"},\"query-input\":{\"@type\":\"PropertyValueSpecification\",\"valueRequired\":true,\"valueName\":\"search_term_string\"}}],\"inLanguage\":\"pt-BR\"},{\"@type\":\"Person\",\"@id\":\"https:\/\/www.blogsoestado.com\/ruypalhano\/#\/schema\/person\/ef49e08ec3e742dec1682f34674f2c84\",\"name\":\"Ruy Palhano\",\"image\":{\"@type\":\"ImageObject\",\"inLanguage\":\"pt-BR\",\"@id\":\"https:\/\/www.blogsoestado.com\/ruypalhano\/#\/schema\/person\/image\/\",\"url\":\"https:\/\/secure.gravatar.com\/avatar\/d08170dc68d65048f069f40789786091e8b070aa02b0d2e514ddd0244c684a5a?s=96&d=mm&r=g\",\"contentUrl\":\"https:\/\/secure.gravatar.com\/avatar\/d08170dc68d65048f069f40789786091e8b070aa02b0d2e514ddd0244c684a5a?s=96&d=mm&r=g\",\"caption\":\"Ruy Palhano\"},\"url\":\"https:\/\/www.blogsoestado.com\/ruypalhano\/author\/ruypalhano\/\"}]}<\/script>\n<!-- \/ Yoast SEO plugin. -->","yoast_head_json":{"title":"F\u00e1rmacia como unidade de sa\u00fade - Ruy Palhano","robots":{"index":"index","follow":"follow","max-snippet":"max-snippet:-1","max-image-preview":"max-image-preview:large","max-video-preview":"max-video-preview:-1"},"canonical":"https:\/\/www.blogsoestado.com\/ruypalhano\/2014\/09\/02\/farmacia-como-unidade-de-saude\/","og_locale":"pt_BR","og_type":"article","og_title":"F\u00e1rmacia como unidade de sa\u00fade - Ruy Palhano","og_description":"Hoje foi promulgado a lei que transforma as farm\u00e1cias em unidades de assist\u00eancia de sa\u00fade, incorporando definitivamente as farm\u00e1cias em [&hellip;]","og_url":"https:\/\/www.blogsoestado.com\/ruypalhano\/2014\/09\/02\/farmacia-como-unidade-de-saude\/","og_site_name":"Ruy Palhano","article_published_time":"2014-09-02T03:13:40+00:00","author":"Ruy Palhano","twitter_card":"summary_large_image","twitter_misc":{"Escrito por":"Ruy Palhano","Est. tempo de leitura":"4 minutos"},"schema":{"@context":"https:\/\/schema.org","@graph":[{"@type":"WebPage","@id":"https:\/\/www.blogsoestado.com\/ruypalhano\/2014\/09\/02\/farmacia-como-unidade-de-saude\/","url":"https:\/\/www.blogsoestado.com\/ruypalhano\/2014\/09\/02\/farmacia-como-unidade-de-saude\/","name":"F\u00e1rmacia como unidade de sa\u00fade - Ruy Palhano","isPartOf":{"@id":"https:\/\/www.blogsoestado.com\/ruypalhano\/#website"},"datePublished":"2014-09-02T03:13:40+00:00","author":{"@id":"https:\/\/www.blogsoestado.com\/ruypalhano\/#\/schema\/person\/ef49e08ec3e742dec1682f34674f2c84"},"breadcrumb":{"@id":"https:\/\/www.blogsoestado.com\/ruypalhano\/2014\/09\/02\/farmacia-como-unidade-de-saude\/#breadcrumb"},"inLanguage":"pt-BR","potentialAction":[{"@type":"ReadAction","target":["https:\/\/www.blogsoestado.com\/ruypalhano\/2014\/09\/02\/farmacia-como-unidade-de-saude\/"]}]},{"@type":"BreadcrumbList","@id":"https:\/\/www.blogsoestado.com\/ruypalhano\/2014\/09\/02\/farmacia-como-unidade-de-saude\/#breadcrumb","itemListElement":[{"@type":"ListItem","position":1,"name":"In\u00edcio","item":"https:\/\/www.blogsoestado.com\/ruypalhano\/"},{"@type":"ListItem","position":2,"name":"F\u00e1rmacia como unidade de sa\u00fade"}]},{"@type":"WebSite","@id":"https:\/\/www.blogsoestado.com\/ruypalhano\/#website","url":"https:\/\/www.blogsoestado.com\/ruypalhano\/","name":"Ruy Palhano","description":"","potentialAction":[{"@type":"SearchAction","target":{"@type":"EntryPoint","urlTemplate":"https:\/\/www.blogsoestado.com\/ruypalhano\/?s={search_term_string}"},"query-input":{"@type":"PropertyValueSpecification","valueRequired":true,"valueName":"search_term_string"}}],"inLanguage":"pt-BR"},{"@type":"Person","@id":"https:\/\/www.blogsoestado.com\/ruypalhano\/#\/schema\/person\/ef49e08ec3e742dec1682f34674f2c84","name":"Ruy Palhano","image":{"@type":"ImageObject","inLanguage":"pt-BR","@id":"https:\/\/www.blogsoestado.com\/ruypalhano\/#\/schema\/person\/image\/","url":"https:\/\/secure.gravatar.com\/avatar\/d08170dc68d65048f069f40789786091e8b070aa02b0d2e514ddd0244c684a5a?s=96&d=mm&r=g","contentUrl":"https:\/\/secure.gravatar.com\/avatar\/d08170dc68d65048f069f40789786091e8b070aa02b0d2e514ddd0244c684a5a?s=96&d=mm&r=g","caption":"Ruy Palhano"},"url":"https:\/\/www.blogsoestado.com\/ruypalhano\/author\/ruypalhano\/"}]}},"jetpack_featured_media_url":"","_links":{"self":[{"href":"https:\/\/www.blogsoestado.com\/ruypalhano\/wp-json\/wp\/v2\/posts\/666","targetHints":{"allow":["GET"]}}],"collection":[{"href":"https:\/\/www.blogsoestado.com\/ruypalhano\/wp-json\/wp\/v2\/posts"}],"about":[{"href":"https:\/\/www.blogsoestado.com\/ruypalhano\/wp-json\/wp\/v2\/types\/post"}],"author":[{"embeddable":true,"href":"https:\/\/www.blogsoestado.com\/ruypalhano\/wp-json\/wp\/v2\/users\/3"}],"replies":[{"embeddable":true,"href":"https:\/\/www.blogsoestado.com\/ruypalhano\/wp-json\/wp\/v2\/comments?post=666"}],"version-history":[{"count":0,"href":"https:\/\/www.blogsoestado.com\/ruypalhano\/wp-json\/wp\/v2\/posts\/666\/revisions"}],"wp:attachment":[{"href":"https:\/\/www.blogsoestado.com\/ruypalhano\/wp-json\/wp\/v2\/media?parent=666"}],"wp:term":[{"taxonomy":"category","embeddable":true,"href":"https:\/\/www.blogsoestado.com\/ruypalhano\/wp-json\/wp\/v2\/categories?post=666"},{"taxonomy":"post_tag","embeddable":true,"href":"https:\/\/www.blogsoestado.com\/ruypalhano\/wp-json\/wp\/v2\/tags?post=666"}],"curies":[{"name":"wp","href":"https:\/\/api.w.org\/{rel}","templated":true}]}}