{"id":686,"date":"2015-01-22T10:11:04","date_gmt":"2015-01-22T13:11:04","guid":{"rendered":"https:\/\/www.blogsoestado.com\/ruypalhano\/?p=686"},"modified":"2015-01-22T10:11:04","modified_gmt":"2015-01-22T13:11:04","slug":"alcool-prejudica-o-descanso","status":"publish","type":"post","link":"https:\/\/www.blogsoestado.com\/ruypalhano\/2015\/01\/22\/alcool-prejudica-o-descanso\/","title":{"rendered":"\u00c1lcool prejudica o descanso"},"content":{"rendered":"<p style=\"text-align: justify;\"><em><a href=\"https:\/\/www.blogsoestado.com\/ruypalhano\/wp-content\/uploads\/sites\/4\/2015\/01\/1acerveja-1.jpg\"><img fetchpriority=\"high\" decoding=\"async\" class=\"alignleft  wp-image-687\" src=\"https:\/\/www.blogsoestado.com\/ruypalhano\/wp-content\/uploads\/sites\/4\/2015\/01\/1acerveja-1.jpg\" alt=\"1acerveja\" width=\"346\" height=\"168\" srcset=\"https:\/\/www.blogsoestado.com\/ruypalhano\/wp-content\/uploads\/sites\/4\/2015\/01\/1acerveja-1.jpg 400w, https:\/\/www.blogsoestado.com\/ruypalhano\/wp-content\/uploads\/sites\/4\/2015\/01\/1acerveja-1-300x146.jpg 300w\" sizes=\"(max-width: 346px) 100vw, 346px\" \/><\/a><\/em><\/p>\n<p style=\"text-align: justify;\">\n<p style=\"text-align: justify;\">Pesquisa mostra que, apesar de inicialmente atuar como sedativo, subst\u00e2ncia provoca um aumento na pot\u00eancia de determinadas ondas cerebrais associadas a um sono agitado e pouco reparador<\/p>\n<p style=\"text-align: justify;\">Tomar uma ta\u00e7a de vinho ou outra bebida antes de se deitar pode ajudar uma pessoa a dormir mais r\u00e1pido, mas apesar de inicialmente atuar como sedativo, o \u00e1lcool provoca perturba\u00e7\u00f5es no sono que atrapalham mais o descanso, diz estudo publicado ontem on-line em adiantamento \u00e0 edi\u00e7\u00e3o de fevereiro do peri\u00f3dico cient\u00edfico \u201cAlcoholism: Clinical &amp; Experimental Research\u201d. Segundo os pesquisadores, embora a subst\u00e2ncia promova a atividade das chamadas ondas delta no c\u00e9rebro, associadas a est\u00e1gios de sono profundo sem sonhos, ela tamb\u00e9m traz um aumento na pot\u00eancia das ondas alfa na regi\u00e3o frontal do \u00f3rg\u00e3o, vistas como reflexo de um sono agitado.<br \/>\n\u2014 As pessoas tendem a se focar nos relatos das propriedades sedativas do \u00e1lcool, que se traduzem em um menor tempo para dormir, particularmente em adultos, do que nas perturba\u00e7\u00f5es que ele provoca mais tarde na noite \u2014 critica Christian L. Nicholas, cientista do Laborat\u00f3rio de Pesquisas do Sono da Universidade de Melbourne, na Austr\u00e1lia, e um dos autores do estudo.<br \/>\nA atividade das ondas delta no c\u00e9rebro costuma ser maior na inf\u00e2ncia e vai caindo com a idade, passando por redu\u00e7\u00f5es significativas entre os 12 e 16 anos. Os cientistas acreditam que \u00e9 por isso que as crian\u00e7as e jovens dormem mais que os adultos e idosos, j\u00e1 que elas est\u00e3o ligadas ao chamado \u201cSono de Ondas Lentas\u201d (SWS, na sigla em ingl\u00eas) e ao \u201cSono sem Movimento R\u00e1pido dos Olhos\u201d (NREM, tamb\u00e9m na sigla em ingl\u00eas), ambos est\u00e1gios sem sonhos do per\u00edodo em que estamos dormindo. O problema \u00e9 que tamb\u00e9m \u00e9 justamente nesta \u00e9poca da juventude que as pessoas experimentam o \u00e1lcool pela primeira vez, com o consumo em geral se elevando com o tempo.<br \/>\n\u2014 A redu\u00e7\u00e3o na frequ\u00eancia das ondas delta nos eletroencefalogramas que observamos com a idade \u00e9 vista como uma representa\u00e7\u00e3o do processo normal de matura\u00e7\u00e3o do c\u00e9rebro \u00e0 medida que o c\u00e9rebro adolescente continua a se desenvolver rumo \u00e0 maturidade \u2014 lembra Nicholas. \u2014 E embora a fun\u00e7\u00e3o exata do sono NREM, e em particular do SWS, ainda seja motivo de debates, acredita-se que eles refletem as necessidades de sono e sua qualidade. Assim, qualquer perturba\u00e7\u00e3o neles pode afetar as propriedades restauradoras do sono e serem prejudiciais \u00e0 funcionalidade durante o dia.<br \/>\nNo estudo, Nicholas e sua equipe recrutaram 24 volunt\u00e1rios (12 mulheres e 12 homens) saud\u00e1veis com entre 18 e 21 anos de idade que beberam \u201csocialmente\u201d, isto \u00e9, menos de sete doses-padr\u00e3o por semana, nos 30 dias anteriores. Cada um dos participantes da pesquisa foi ent\u00e3o analisado com exames de polissonografia e eletroencefalogramas enquanto dormia sob duas condi\u00e7\u00f5es: tendo consumido \u00e1lcool antes de se deitarem ou apenas um placebo. Os resultados mostraram que o \u00e1lcool de fato aumentou a atividade das ondas delta durante o SWS, mas que tamb\u00e9m houve simultaneamente uma alta nos registros de ondas alfa na regi\u00e3o frontal do c\u00e9rebro.<br \/>\n\u2014 Eleva\u00e7\u00f5es similares na atividade das ondas delta e alfa, que est\u00e3o associadas com um sono pobre ou pouco reparador, tamb\u00e9m foram observadas em indiv\u00edduos com dores cr\u00f4nicas \u2014 destaca Nicholas. \u2014 Assim, se o sono est\u00e1 sendo perturbado regularmente pelo consumo de \u00e1lcool antes de dormir, particularmente ao longo de grandes per\u00edodos de tempo, isso pode ter efeitos prejudiciais significativos no bem-estar durante o dia e em fun\u00e7\u00f5es neurocognitivas como os processos de aprendizado e mem\u00f3ria. A mensagem a se levar deste estudo \u00e9 que o \u00e1lcool na verdade n\u00e3o \u00e9 um bom aux\u00edlio para o sono mesmo que ele pare\u00e7a te ajudar a dormir mais r\u00e1pido. De fato, a qualidade do sono que voc\u00ea obt\u00e9m foi significativamente alterada e perturbada por ele.<\/p>\n<p style=\"text-align: justify;\">Portal Araruna <a title=\"Portal Araruma Online\" href=\"http:\/\/www.ararunaonline.com\/todas?Ultimas-noticias\" target=\"_blank\">Online<\/a><\/p>\n<div class=\"ast-oembed-container \" style=\"height: 100%;\"><iframe title=\"Estudo indica aumento no n\u00famero de mulheres que bebem.\" width=\"500\" height=\"375\" src=\"https:\/\/www.youtube.com\/embed\/jh1ixAVE7Yk?start=7&#038;feature=oembed\" frameborder=\"0\" allow=\"accelerometer; autoplay; clipboard-write; encrypted-media; gyroscope; picture-in-picture; web-share\" referrerpolicy=\"strict-origin-when-cross-origin\" allowfullscreen><\/iframe><\/div>\n","protected":false},"excerpt":{"rendered":"<p>Pesquisa mostra que, apesar de inicialmente atuar como sedativo, subst\u00e2ncia provoca um aumento na pot\u00eancia de determinadas ondas cerebrais associadas [&hellip;]<\/p>\n","protected":false},"author":3,"featured_media":0,"comment_status":"open","ping_status":"open","sticky":false,"template":"","format":"standard","meta":{"site-sidebar-layout":"default","site-content-layout":"","ast-site-content-layout":"default","site-content-style":"default","site-sidebar-style":"default","ast-global-header-display":"","ast-banner-title-visibility":"","ast-main-header-display":"","ast-hfb-above-header-display":"","ast-hfb-below-header-display":"","ast-hfb-mobile-header-display":"","site-post-title":"","ast-breadcrumbs-content":"","ast-featured-img":"","footer-sml-layout":"","ast-disable-related-posts":"","theme-transparent-header-meta":"","adv-header-id-meta":"","stick-header-meta":"","header-above-stick-meta":"","header-main-stick-meta":"","header-below-stick-meta":"","astra-migrate-meta-layouts":"default","ast-page-background-enabled":"default","ast-page-background-meta":{"desktop":{"background-color":"var(--ast-global-color-5)","background-image":"","background-repeat":"repeat","background-position":"center center","background-size":"auto","background-attachment":"scroll","background-type":"","background-media":"","overlay-type":"","overlay-color":"","overlay-opacity":"","overlay-gradient":""},"tablet":{"background-color":"","background-image":"","background-repeat":"repeat","background-position":"center center","background-size":"auto","background-attachment":"scroll","background-type":"","background-media":"","overlay-type":"","overlay-color":"","overlay-opacity":"","overlay-gradient":""},"mobile":{"background-color":"","background-image":"","background-repeat":"repeat","background-position":"center center","background-size":"auto","background-attachment":"scroll","background-type":"","background-media":"","overlay-type":"","overlay-color":"","overlay-opacity":"","overlay-gradient":""}},"ast-content-background-meta":{"desktop":{"background-color":"var(--ast-global-color-4)","background-image":"","background-repeat":"repeat","background-position":"center center","background-size":"auto","background-attachment":"scroll","background-type":"","background-media":"","overlay-type":"","overlay-color":"","overlay-opacity":"","overlay-gradient":""},"tablet":{"background-color":"var(--ast-global-color-4)","background-image":"","background-repeat":"repeat","background-position":"center center","background-size":"auto","background-attachment":"scroll","background-type":"","background-media":"","overlay-type":"","overlay-color":"","overlay-opacity":"","overlay-gradient":""},"mobile":{"background-color":"var(--ast-global-color-4)","background-image":"","background-repeat":"repeat","background-position":"center center","background-size":"auto","background-attachment":"scroll","background-type":"","background-media":"","overlay-type":"","overlay-color":"","overlay-opacity":"","overlay-gradient":""}},"footnotes":""},"categories":[3,4,5,6,7,1],"tags":[],"class_list":["post-686","post","type-post","status-publish","format-standard","hentry","category-comportamento","category-dependencia-quimica","category-doenca-mental","category-politica-publica","category-saude-mental","category-sem-categoria"],"yoast_head":"<!-- This site is optimized with the Yoast SEO plugin v26.6 - https:\/\/yoast.com\/wordpress\/plugins\/seo\/ -->\n<title>\u00c1lcool prejudica o descanso - Ruy Palhano<\/title>\n<meta name=\"robots\" content=\"index, follow, max-snippet:-1, max-image-preview:large, max-video-preview:-1\" \/>\n<link rel=\"canonical\" href=\"https:\/\/www.blogsoestado.com\/ruypalhano\/2015\/01\/22\/alcool-prejudica-o-descanso\/\" \/>\n<meta property=\"og:locale\" content=\"pt_BR\" \/>\n<meta property=\"og:type\" content=\"article\" \/>\n<meta property=\"og:title\" content=\"\u00c1lcool prejudica o descanso - Ruy Palhano\" \/>\n<meta property=\"og:description\" content=\"Pesquisa mostra que, apesar de inicialmente atuar como sedativo, subst\u00e2ncia provoca um aumento na pot\u00eancia de determinadas ondas cerebrais associadas [&hellip;]\" \/>\n<meta property=\"og:url\" content=\"https:\/\/www.blogsoestado.com\/ruypalhano\/2015\/01\/22\/alcool-prejudica-o-descanso\/\" \/>\n<meta property=\"og:site_name\" content=\"Ruy Palhano\" \/>\n<meta property=\"article:published_time\" content=\"2015-01-22T13:11:04+00:00\" \/>\n<meta property=\"og:image\" content=\"https:\/\/www.blogsoestado.com\/ruypalhano\/wp-content\/uploads\/sites\/4\/2015\/01\/1acerveja-1.jpg\" \/>\n<meta name=\"author\" content=\"Ruy Palhano\" \/>\n<meta name=\"twitter:card\" content=\"summary_large_image\" \/>\n<meta name=\"twitter:label1\" content=\"Escrito por\" \/>\n\t<meta name=\"twitter:data1\" content=\"Ruy Palhano\" \/>\n\t<meta name=\"twitter:label2\" content=\"Est. tempo de leitura\" \/>\n\t<meta name=\"twitter:data2\" content=\"3 minutos\" \/>\n<script type=\"application\/ld+json\" class=\"yoast-schema-graph\">{\"@context\":\"https:\/\/schema.org\",\"@graph\":[{\"@type\":\"WebPage\",\"@id\":\"https:\/\/www.blogsoestado.com\/ruypalhano\/2015\/01\/22\/alcool-prejudica-o-descanso\/\",\"url\":\"https:\/\/www.blogsoestado.com\/ruypalhano\/2015\/01\/22\/alcool-prejudica-o-descanso\/\",\"name\":\"\u00c1lcool prejudica o descanso - Ruy Palhano\",\"isPartOf\":{\"@id\":\"https:\/\/www.blogsoestado.com\/ruypalhano\/#website\"},\"primaryImageOfPage\":{\"@id\":\"https:\/\/www.blogsoestado.com\/ruypalhano\/2015\/01\/22\/alcool-prejudica-o-descanso\/#primaryimage\"},\"image\":{\"@id\":\"https:\/\/www.blogsoestado.com\/ruypalhano\/2015\/01\/22\/alcool-prejudica-o-descanso\/#primaryimage\"},\"thumbnailUrl\":\"https:\/\/www.blogsoestado.com\/ruypalhano\/wp-content\/uploads\/sites\/4\/2015\/01\/1acerveja-1.jpg\",\"datePublished\":\"2015-01-22T13:11:04+00:00\",\"author\":{\"@id\":\"https:\/\/www.blogsoestado.com\/ruypalhano\/#\/schema\/person\/ef49e08ec3e742dec1682f34674f2c84\"},\"breadcrumb\":{\"@id\":\"https:\/\/www.blogsoestado.com\/ruypalhano\/2015\/01\/22\/alcool-prejudica-o-descanso\/#breadcrumb\"},\"inLanguage\":\"pt-BR\",\"potentialAction\":[{\"@type\":\"ReadAction\",\"target\":[\"https:\/\/www.blogsoestado.com\/ruypalhano\/2015\/01\/22\/alcool-prejudica-o-descanso\/\"]}]},{\"@type\":\"ImageObject\",\"inLanguage\":\"pt-BR\",\"@id\":\"https:\/\/www.blogsoestado.com\/ruypalhano\/2015\/01\/22\/alcool-prejudica-o-descanso\/#primaryimage\",\"url\":\"https:\/\/www.blogsoestado.com\/ruypalhano\/wp-content\/uploads\/sites\/4\/2015\/01\/1acerveja-1.jpg\",\"contentUrl\":\"https:\/\/www.blogsoestado.com\/ruypalhano\/wp-content\/uploads\/sites\/4\/2015\/01\/1acerveja-1.jpg\",\"width\":400,\"height\":194},{\"@type\":\"BreadcrumbList\",\"@id\":\"https:\/\/www.blogsoestado.com\/ruypalhano\/2015\/01\/22\/alcool-prejudica-o-descanso\/#breadcrumb\",\"itemListElement\":[{\"@type\":\"ListItem\",\"position\":1,\"name\":\"In\u00edcio\",\"item\":\"https:\/\/www.blogsoestado.com\/ruypalhano\/\"},{\"@type\":\"ListItem\",\"position\":2,\"name\":\"\u00c1lcool prejudica o descanso\"}]},{\"@type\":\"WebSite\",\"@id\":\"https:\/\/www.blogsoestado.com\/ruypalhano\/#website\",\"url\":\"https:\/\/www.blogsoestado.com\/ruypalhano\/\",\"name\":\"Ruy Palhano\",\"description\":\"\",\"potentialAction\":[{\"@type\":\"SearchAction\",\"target\":{\"@type\":\"EntryPoint\",\"urlTemplate\":\"https:\/\/www.blogsoestado.com\/ruypalhano\/?s={search_term_string}\"},\"query-input\":{\"@type\":\"PropertyValueSpecification\",\"valueRequired\":true,\"valueName\":\"search_term_string\"}}],\"inLanguage\":\"pt-BR\"},{\"@type\":\"Person\",\"@id\":\"https:\/\/www.blogsoestado.com\/ruypalhano\/#\/schema\/person\/ef49e08ec3e742dec1682f34674f2c84\",\"name\":\"Ruy Palhano\",\"image\":{\"@type\":\"ImageObject\",\"inLanguage\":\"pt-BR\",\"@id\":\"https:\/\/www.blogsoestado.com\/ruypalhano\/#\/schema\/person\/image\/\",\"url\":\"https:\/\/secure.gravatar.com\/avatar\/d08170dc68d65048f069f40789786091e8b070aa02b0d2e514ddd0244c684a5a?s=96&d=mm&r=g\",\"contentUrl\":\"https:\/\/secure.gravatar.com\/avatar\/d08170dc68d65048f069f40789786091e8b070aa02b0d2e514ddd0244c684a5a?s=96&d=mm&r=g\",\"caption\":\"Ruy Palhano\"},\"url\":\"https:\/\/www.blogsoestado.com\/ruypalhano\/author\/ruypalhano\/\"}]}<\/script>\n<!-- \/ Yoast SEO plugin. -->","yoast_head_json":{"title":"\u00c1lcool prejudica o descanso - Ruy Palhano","robots":{"index":"index","follow":"follow","max-snippet":"max-snippet:-1","max-image-preview":"max-image-preview:large","max-video-preview":"max-video-preview:-1"},"canonical":"https:\/\/www.blogsoestado.com\/ruypalhano\/2015\/01\/22\/alcool-prejudica-o-descanso\/","og_locale":"pt_BR","og_type":"article","og_title":"\u00c1lcool prejudica o descanso - Ruy Palhano","og_description":"Pesquisa mostra que, apesar de inicialmente atuar como sedativo, subst\u00e2ncia provoca um aumento na pot\u00eancia de determinadas ondas cerebrais associadas [&hellip;]","og_url":"https:\/\/www.blogsoestado.com\/ruypalhano\/2015\/01\/22\/alcool-prejudica-o-descanso\/","og_site_name":"Ruy Palhano","article_published_time":"2015-01-22T13:11:04+00:00","og_image":[{"url":"https:\/\/www.blogsoestado.com\/ruypalhano\/wp-content\/uploads\/sites\/4\/2015\/01\/1acerveja-1.jpg","type":"","width":"","height":""}],"author":"Ruy Palhano","twitter_card":"summary_large_image","twitter_misc":{"Escrito por":"Ruy Palhano","Est. tempo de leitura":"3 minutos"},"schema":{"@context":"https:\/\/schema.org","@graph":[{"@type":"WebPage","@id":"https:\/\/www.blogsoestado.com\/ruypalhano\/2015\/01\/22\/alcool-prejudica-o-descanso\/","url":"https:\/\/www.blogsoestado.com\/ruypalhano\/2015\/01\/22\/alcool-prejudica-o-descanso\/","name":"\u00c1lcool prejudica o descanso - Ruy Palhano","isPartOf":{"@id":"https:\/\/www.blogsoestado.com\/ruypalhano\/#website"},"primaryImageOfPage":{"@id":"https:\/\/www.blogsoestado.com\/ruypalhano\/2015\/01\/22\/alcool-prejudica-o-descanso\/#primaryimage"},"image":{"@id":"https:\/\/www.blogsoestado.com\/ruypalhano\/2015\/01\/22\/alcool-prejudica-o-descanso\/#primaryimage"},"thumbnailUrl":"https:\/\/www.blogsoestado.com\/ruypalhano\/wp-content\/uploads\/sites\/4\/2015\/01\/1acerveja-1.jpg","datePublished":"2015-01-22T13:11:04+00:00","author":{"@id":"https:\/\/www.blogsoestado.com\/ruypalhano\/#\/schema\/person\/ef49e08ec3e742dec1682f34674f2c84"},"breadcrumb":{"@id":"https:\/\/www.blogsoestado.com\/ruypalhano\/2015\/01\/22\/alcool-prejudica-o-descanso\/#breadcrumb"},"inLanguage":"pt-BR","potentialAction":[{"@type":"ReadAction","target":["https:\/\/www.blogsoestado.com\/ruypalhano\/2015\/01\/22\/alcool-prejudica-o-descanso\/"]}]},{"@type":"ImageObject","inLanguage":"pt-BR","@id":"https:\/\/www.blogsoestado.com\/ruypalhano\/2015\/01\/22\/alcool-prejudica-o-descanso\/#primaryimage","url":"https:\/\/www.blogsoestado.com\/ruypalhano\/wp-content\/uploads\/sites\/4\/2015\/01\/1acerveja-1.jpg","contentUrl":"https:\/\/www.blogsoestado.com\/ruypalhano\/wp-content\/uploads\/sites\/4\/2015\/01\/1acerveja-1.jpg","width":400,"height":194},{"@type":"BreadcrumbList","@id":"https:\/\/www.blogsoestado.com\/ruypalhano\/2015\/01\/22\/alcool-prejudica-o-descanso\/#breadcrumb","itemListElement":[{"@type":"ListItem","position":1,"name":"In\u00edcio","item":"https:\/\/www.blogsoestado.com\/ruypalhano\/"},{"@type":"ListItem","position":2,"name":"\u00c1lcool prejudica o descanso"}]},{"@type":"WebSite","@id":"https:\/\/www.blogsoestado.com\/ruypalhano\/#website","url":"https:\/\/www.blogsoestado.com\/ruypalhano\/","name":"Ruy Palhano","description":"","potentialAction":[{"@type":"SearchAction","target":{"@type":"EntryPoint","urlTemplate":"https:\/\/www.blogsoestado.com\/ruypalhano\/?s={search_term_string}"},"query-input":{"@type":"PropertyValueSpecification","valueRequired":true,"valueName":"search_term_string"}}],"inLanguage":"pt-BR"},{"@type":"Person","@id":"https:\/\/www.blogsoestado.com\/ruypalhano\/#\/schema\/person\/ef49e08ec3e742dec1682f34674f2c84","name":"Ruy Palhano","image":{"@type":"ImageObject","inLanguage":"pt-BR","@id":"https:\/\/www.blogsoestado.com\/ruypalhano\/#\/schema\/person\/image\/","url":"https:\/\/secure.gravatar.com\/avatar\/d08170dc68d65048f069f40789786091e8b070aa02b0d2e514ddd0244c684a5a?s=96&d=mm&r=g","contentUrl":"https:\/\/secure.gravatar.com\/avatar\/d08170dc68d65048f069f40789786091e8b070aa02b0d2e514ddd0244c684a5a?s=96&d=mm&r=g","caption":"Ruy Palhano"},"url":"https:\/\/www.blogsoestado.com\/ruypalhano\/author\/ruypalhano\/"}]}},"jetpack_featured_media_url":"","_links":{"self":[{"href":"https:\/\/www.blogsoestado.com\/ruypalhano\/wp-json\/wp\/v2\/posts\/686","targetHints":{"allow":["GET"]}}],"collection":[{"href":"https:\/\/www.blogsoestado.com\/ruypalhano\/wp-json\/wp\/v2\/posts"}],"about":[{"href":"https:\/\/www.blogsoestado.com\/ruypalhano\/wp-json\/wp\/v2\/types\/post"}],"author":[{"embeddable":true,"href":"https:\/\/www.blogsoestado.com\/ruypalhano\/wp-json\/wp\/v2\/users\/3"}],"replies":[{"embeddable":true,"href":"https:\/\/www.blogsoestado.com\/ruypalhano\/wp-json\/wp\/v2\/comments?post=686"}],"version-history":[{"count":0,"href":"https:\/\/www.blogsoestado.com\/ruypalhano\/wp-json\/wp\/v2\/posts\/686\/revisions"}],"wp:attachment":[{"href":"https:\/\/www.blogsoestado.com\/ruypalhano\/wp-json\/wp\/v2\/media?parent=686"}],"wp:term":[{"taxonomy":"category","embeddable":true,"href":"https:\/\/www.blogsoestado.com\/ruypalhano\/wp-json\/wp\/v2\/categories?post=686"},{"taxonomy":"post_tag","embeddable":true,"href":"https:\/\/www.blogsoestado.com\/ruypalhano\/wp-json\/wp\/v2\/tags?post=686"}],"curies":[{"name":"wp","href":"https:\/\/api.w.org\/{rel}","templated":true}]}}