{"id":708,"date":"2015-03-30T19:40:38","date_gmt":"2015-03-30T22:40:38","guid":{"rendered":"https:\/\/www.blogsoestado.com\/ruypalhano\/?p=708"},"modified":"2015-03-30T19:40:38","modified_gmt":"2015-03-30T22:40:38","slug":"prevencao-de-recaidas-a-grande-estrategia-em-saude-mental","status":"publish","type":"post","link":"https:\/\/www.blogsoestado.com\/ruypalhano\/2015\/03\/30\/prevencao-de-recaidas-a-grande-estrategia-em-saude-mental\/","title":{"rendered":"Preven\u00e7\u00e3o de reca\u00eddas, a grande estrat\u00e9gia em sa\u00fade mental"},"content":{"rendered":"<p>       A Organiza\u00e7\u00e3o Mundial de Sa\u00fade &#8211; OMS estima que at\u00e9 2020 a depress\u00e3o ser\u00e1 a principal causa de incapacita\u00e7\u00e3o em todo o mundo. Muitas pessoas se tornar\u00e3o incapazes e improdutivas do ponto de vista laborativo e social. A depress\u00e3o, al\u00e9m disso, acarretar\u00e1 muitos outros preju\u00edzos: na previd\u00eancia, na sa\u00fade, na economia, na vida afetiva e emocional etc.<br \/>\n      H\u00e1 atualmente, mais de 350 milh\u00f5es de pessoas que sofrem de depress\u00e3o e pelo menos 5% dessas pessoas que vivem nas cidades sofrem de depress\u00e3o. No Brasil, estima-se que existam mais de 17 milh\u00f5es de pessoas afetadas pela doen\u00e7a. Cerca de 850 mil pessoas morrem, por ano, em decorr\u00eancia dessa enfermidade, especialmente por suic\u00eddio, do qual a depress\u00e3o corresponde ao principal fator causal. A OMS informa tamb\u00e9m que, nos pr\u00f3ximos 20 anos, essa enfermidade se tornar\u00e1 a mais comum do mundo, afetando mais pessoas do que qualquer outro problema de sa\u00fade.<br \/>\n       No aspecto socioecon\u00f4mico, a depress\u00e3o \u00e9, entre as doen\u00e7as mentais, a que mais acarreta custos econ\u00f4micos e sociais para os governos, em raz\u00e3o do seu tratamento e por alterar a capacidade produtiva das pessoas. Na Europa, estima-se que a depress\u00e3o gere um custo de 250 euros por habitante e atinja 21 milh\u00f5es de europeus, produzindo custos para a economia em torno de 118 bilh\u00f5es de euros por ano.<br \/>\nOs pa\u00edses pobres ser\u00e3o os que mais sofrer\u00e3o com esse problema, pois registram mais casos de depress\u00e3o, comparados com os pa\u00edses desenvolvidos. E os custos da depress\u00e3o ser\u00e3o sentidos de maneira mais aguda em pa\u00edses em desenvolvimento, pois esses t\u00eam menos recursos para tratar desse transtorno mental.<br \/>\nEsses dados mostram claramente que, embora a ci\u00eancia j\u00e1 tenha desvendado o car\u00e1ter biol\u00f3gico da doen\u00e7a, o ambiente s\u00f3cio cultural, as condi\u00e7\u00f5es psicossociais e econ\u00f4micas exercem um peso enorme na cl\u00ednica, na epidemiologia e na recupera\u00e7\u00e3o dos pacientes.<br \/>\n      O fato de vivermos em uma \u00e9poca e em uma sociedade conflitante, amea\u00e7adora e inst\u00e1vel do ponto de vista pol\u00edtico, econ\u00f4mico, social e da seguran\u00e7a p\u00fablica, isso colabora para gerar danos irrepar\u00e1veis \u00e0 estabilidade emocional, psicol\u00f3gica e social das pessoas. A descren\u00e7a, as decep\u00e7\u00f5es e a desesperan\u00e7a, sentimentos comuns nos dias atuais, provocam profundas rupturas psicossociais, influenciando sobremaneira comportamentos depressivos. As frequentes mudan\u00e7as em nossas refer\u00eancias sociais, \u00e9ticas, religiosas e afetivas, tamb\u00e9m nos tornam mais vulner\u00e1veis a ocorr\u00eancias depressivas.<br \/>\nO uso cr\u00f4nico de \u00e1lcool e de outras drogas da forma como vem ocorrendo largamente em nossa sociedade, onde cada dia se bebe mais e, cada vez mais surgem drogas mais poderosas para o consumo indevido, representa uma condi\u00e7\u00e3o importante entre as causas de depress\u00e3o na sociedade atual. Isso certamente explicaria o fato de muitos jovens de pouca idade e mesmo crian\u00e7as estarem apresentando cada vez mais depress\u00f5es e outras doen\u00e7as mentais.<br \/>\n       Do ponto de vista psicol\u00f3gico, a depress\u00e3o \u00e9 considerada uma das piores condi\u00e7\u00f5es humanas. As que j\u00e1 passaram por crises depressivas a referem como \u201cuma dor na alma\u201d, incompar\u00e1vel a qualquer outro sofrimento. Os depressivos apresentam uma ang\u00fastia vital que s\u00f3 eles s\u00e3o capazes de senti-la e descrev\u00ea-la. A vida perde a cor, o sabor e o sentido. As pessoas est\u00e3o sempre amarguradas, inexpressivas e infelizes. Se sentem s\u00f3s no mundo e perdem inteiramente a esperan\u00e7a de se recuperarem de seus problemas. Para muitos, a crise depressiva \u00e9 uma morte lenta e infind\u00e1vel, por isso muitos recorrem ao suic\u00eddio.<br \/>\n        Apesar de tudo, os avan\u00e7os verificados nos \u00faltimos 20 anos no tratamento da depress\u00e3o, foram muito grandes. Os tratamentos s\u00e3o cada vez mais efetivos fazendo com que as pessoas afetadas pela doen\u00e7a se recuperam inteiramente. A depress\u00e3o \u00e9 uma doen\u00e7a recorrente, isto \u00e9, vai e volta. O recomend\u00e1vel \u00e9 que, al\u00e9m do tratamento rigoroso da crise, que deve iniciar o mais cedo poss\u00edvel, as pessoas que j\u00e1 tiveram algumas crises na vida realizem \u201ctratamento de preven\u00e7\u00e3o de reca\u00edda\u201d que impede que a pessoa volte a adoecer. Isso evoluiu muito nos \u00faltimos anos.<br \/>\n\t\u00c9 preciso, portanto, que desde o momento em que aparecerem os primeiros sintomas depressivos, como ins\u00f4nia, des\u00e2nimo inexplic\u00e1vel, desinteresse, apatia retraimento social, ang\u00fastia insuport\u00e1vel, ideias de ru\u00edna ou culpa e outros sintomas depressivos, busque-se socorro m\u00e9dico, para impedir que esses sintomas evoluam. Fazendo isso, as depress\u00f5es se revertem inteiramente retirando a pessoa de um \u201cburaco sem fim\u201d, como muitos dizem.<br \/>\n           Na \u00e1rea da sa\u00fade mental faz-se necess\u00e1rio dispormos de ambulat\u00f3rios especializados para atendimento do paciente depressivo, bem como suas fam\u00edlias para lidarem com o problema: &#8220;A depress\u00e3o \u00e9 uma doen\u00e7a como qualquer outra doen\u00e7a e as pessoas t\u00eam o direito de ser aconselhadas e receberem os mesmos cuidados m\u00e9dicos que s\u00e3o dados aos portadores de quaisquer outras enfermidades. \u00c9 uma doen\u00e7a evit\u00e1vel, preven\u00edvel e cur\u00e1vel&#8221;. Infelizmente, ainda existem muitos preconceitos em rela\u00e7\u00e3o a ela, fato que, a meu ver, complica mais ainda seu manejo. <\/p>\n","protected":false},"excerpt":{"rendered":"<p>A Organiza\u00e7\u00e3o Mundial de Sa\u00fade &#8211; OMS estima que at\u00e9 2020 a depress\u00e3o ser\u00e1 a principal causa de incapacita\u00e7\u00e3o em [&hellip;]<\/p>\n","protected":false},"author":3,"featured_media":0,"comment_status":"open","ping_status":"open","sticky":false,"template":"","format":"standard","meta":{"site-sidebar-layout":"default","site-content-layout":"","ast-site-content-layout":"default","site-content-style":"default","site-sidebar-style":"default","ast-global-header-display":"","ast-banner-title-visibility":"","ast-main-header-display":"","ast-hfb-above-header-display":"","ast-hfb-below-header-display":"","ast-hfb-mobile-header-display":"","site-post-title":"","ast-breadcrumbs-content":"","ast-featured-img":"","footer-sml-layout":"","ast-disable-related-posts":"","theme-transparent-header-meta":"","adv-header-id-meta":"","stick-header-meta":"","header-above-stick-meta":"","header-main-stick-meta":"","header-below-stick-meta":"","astra-migrate-meta-layouts":"default","ast-page-background-enabled":"default","ast-page-background-meta":{"desktop":{"background-color":"var(--ast-global-color-5)","background-image":"","background-repeat":"repeat","background-position":"center center","background-size":"auto","background-attachment":"scroll","background-type":"","background-media":"","overlay-type":"","overlay-color":"","overlay-opacity":"","overlay-gradient":""},"tablet":{"background-color":"","background-image":"","background-repeat":"repeat","background-position":"center center","background-size":"auto","background-attachment":"scroll","background-type":"","background-media":"","overlay-type":"","overlay-color":"","overlay-opacity":"","overlay-gradient":""},"mobile":{"background-color":"","background-image":"","background-repeat":"repeat","background-position":"center center","background-size":"auto","background-attachment":"scroll","background-type":"","background-media":"","overlay-type":"","overlay-color":"","overlay-opacity":"","overlay-gradient":""}},"ast-content-background-meta":{"desktop":{"background-color":"var(--ast-global-color-4)","background-image":"","background-repeat":"repeat","background-position":"center center","background-size":"auto","background-attachment":"scroll","background-type":"","background-media":"","overlay-type":"","overlay-color":"","overlay-opacity":"","overlay-gradient":""},"tablet":{"background-color":"var(--ast-global-color-4)","background-image":"","background-repeat":"repeat","background-position":"center center","background-size":"auto","background-attachment":"scroll","background-type":"","background-media":"","overlay-type":"","overlay-color":"","overlay-opacity":"","overlay-gradient":""},"mobile":{"background-color":"var(--ast-global-color-4)","background-image":"","background-repeat":"repeat","background-position":"center center","background-size":"auto","background-attachment":"scroll","background-type":"","background-media":"","overlay-type":"","overlay-color":"","overlay-opacity":"","overlay-gradient":""}},"footnotes":""},"categories":[3,5,6,7],"tags":[],"class_list":["post-708","post","type-post","status-publish","format-standard","hentry","category-comportamento","category-doenca-mental","category-politica-publica","category-saude-mental"],"yoast_head":"<!-- This site is optimized with the Yoast SEO plugin v26.6 - https:\/\/yoast.com\/wordpress\/plugins\/seo\/ -->\n<title>Preven\u00e7\u00e3o de reca\u00eddas, a grande estrat\u00e9gia em sa\u00fade mental - Ruy Palhano<\/title>\n<meta name=\"robots\" content=\"index, follow, max-snippet:-1, max-image-preview:large, max-video-preview:-1\" \/>\n<link rel=\"canonical\" href=\"https:\/\/www.blogsoestado.com\/ruypalhano\/2015\/03\/30\/prevencao-de-recaidas-a-grande-estrategia-em-saude-mental\/\" \/>\n<meta property=\"og:locale\" content=\"pt_BR\" \/>\n<meta property=\"og:type\" content=\"article\" \/>\n<meta property=\"og:title\" content=\"Preven\u00e7\u00e3o de reca\u00eddas, a grande estrat\u00e9gia em sa\u00fade mental - Ruy Palhano\" \/>\n<meta property=\"og:description\" content=\"A Organiza\u00e7\u00e3o Mundial de Sa\u00fade &#8211; OMS estima que at\u00e9 2020 a depress\u00e3o ser\u00e1 a principal causa de incapacita\u00e7\u00e3o em [&hellip;]\" \/>\n<meta property=\"og:url\" content=\"https:\/\/www.blogsoestado.com\/ruypalhano\/2015\/03\/30\/prevencao-de-recaidas-a-grande-estrategia-em-saude-mental\/\" \/>\n<meta property=\"og:site_name\" content=\"Ruy Palhano\" \/>\n<meta property=\"article:published_time\" content=\"2015-03-30T22:40:38+00:00\" \/>\n<meta name=\"author\" content=\"Ruy Palhano\" \/>\n<meta name=\"twitter:card\" content=\"summary_large_image\" \/>\n<meta name=\"twitter:label1\" content=\"Escrito por\" \/>\n\t<meta name=\"twitter:data1\" content=\"Ruy Palhano\" \/>\n\t<meta name=\"twitter:label2\" content=\"Est. tempo de leitura\" \/>\n\t<meta name=\"twitter:data2\" content=\"4 minutos\" \/>\n<script type=\"application\/ld+json\" class=\"yoast-schema-graph\">{\"@context\":\"https:\/\/schema.org\",\"@graph\":[{\"@type\":\"WebPage\",\"@id\":\"https:\/\/www.blogsoestado.com\/ruypalhano\/2015\/03\/30\/prevencao-de-recaidas-a-grande-estrategia-em-saude-mental\/\",\"url\":\"https:\/\/www.blogsoestado.com\/ruypalhano\/2015\/03\/30\/prevencao-de-recaidas-a-grande-estrategia-em-saude-mental\/\",\"name\":\"Preven\u00e7\u00e3o de reca\u00eddas, a grande estrat\u00e9gia em sa\u00fade mental - Ruy Palhano\",\"isPartOf\":{\"@id\":\"https:\/\/www.blogsoestado.com\/ruypalhano\/#website\"},\"datePublished\":\"2015-03-30T22:40:38+00:00\",\"author\":{\"@id\":\"https:\/\/www.blogsoestado.com\/ruypalhano\/#\/schema\/person\/ef49e08ec3e742dec1682f34674f2c84\"},\"breadcrumb\":{\"@id\":\"https:\/\/www.blogsoestado.com\/ruypalhano\/2015\/03\/30\/prevencao-de-recaidas-a-grande-estrategia-em-saude-mental\/#breadcrumb\"},\"inLanguage\":\"pt-BR\",\"potentialAction\":[{\"@type\":\"ReadAction\",\"target\":[\"https:\/\/www.blogsoestado.com\/ruypalhano\/2015\/03\/30\/prevencao-de-recaidas-a-grande-estrategia-em-saude-mental\/\"]}]},{\"@type\":\"BreadcrumbList\",\"@id\":\"https:\/\/www.blogsoestado.com\/ruypalhano\/2015\/03\/30\/prevencao-de-recaidas-a-grande-estrategia-em-saude-mental\/#breadcrumb\",\"itemListElement\":[{\"@type\":\"ListItem\",\"position\":1,\"name\":\"In\u00edcio\",\"item\":\"https:\/\/www.blogsoestado.com\/ruypalhano\/\"},{\"@type\":\"ListItem\",\"position\":2,\"name\":\"Preven\u00e7\u00e3o de reca\u00eddas, a grande estrat\u00e9gia em sa\u00fade mental\"}]},{\"@type\":\"WebSite\",\"@id\":\"https:\/\/www.blogsoestado.com\/ruypalhano\/#website\",\"url\":\"https:\/\/www.blogsoestado.com\/ruypalhano\/\",\"name\":\"Ruy Palhano\",\"description\":\"\",\"potentialAction\":[{\"@type\":\"SearchAction\",\"target\":{\"@type\":\"EntryPoint\",\"urlTemplate\":\"https:\/\/www.blogsoestado.com\/ruypalhano\/?s={search_term_string}\"},\"query-input\":{\"@type\":\"PropertyValueSpecification\",\"valueRequired\":true,\"valueName\":\"search_term_string\"}}],\"inLanguage\":\"pt-BR\"},{\"@type\":\"Person\",\"@id\":\"https:\/\/www.blogsoestado.com\/ruypalhano\/#\/schema\/person\/ef49e08ec3e742dec1682f34674f2c84\",\"name\":\"Ruy Palhano\",\"image\":{\"@type\":\"ImageObject\",\"inLanguage\":\"pt-BR\",\"@id\":\"https:\/\/www.blogsoestado.com\/ruypalhano\/#\/schema\/person\/image\/\",\"url\":\"https:\/\/secure.gravatar.com\/avatar\/d08170dc68d65048f069f40789786091e8b070aa02b0d2e514ddd0244c684a5a?s=96&d=mm&r=g\",\"contentUrl\":\"https:\/\/secure.gravatar.com\/avatar\/d08170dc68d65048f069f40789786091e8b070aa02b0d2e514ddd0244c684a5a?s=96&d=mm&r=g\",\"caption\":\"Ruy Palhano\"},\"url\":\"https:\/\/www.blogsoestado.com\/ruypalhano\/author\/ruypalhano\/\"}]}<\/script>\n<!-- \/ Yoast SEO plugin. -->","yoast_head_json":{"title":"Preven\u00e7\u00e3o de reca\u00eddas, a grande estrat\u00e9gia em sa\u00fade mental - Ruy Palhano","robots":{"index":"index","follow":"follow","max-snippet":"max-snippet:-1","max-image-preview":"max-image-preview:large","max-video-preview":"max-video-preview:-1"},"canonical":"https:\/\/www.blogsoestado.com\/ruypalhano\/2015\/03\/30\/prevencao-de-recaidas-a-grande-estrategia-em-saude-mental\/","og_locale":"pt_BR","og_type":"article","og_title":"Preven\u00e7\u00e3o de reca\u00eddas, a grande estrat\u00e9gia em sa\u00fade mental - Ruy Palhano","og_description":"A Organiza\u00e7\u00e3o Mundial de Sa\u00fade &#8211; OMS estima que at\u00e9 2020 a depress\u00e3o ser\u00e1 a principal causa de incapacita\u00e7\u00e3o em [&hellip;]","og_url":"https:\/\/www.blogsoestado.com\/ruypalhano\/2015\/03\/30\/prevencao-de-recaidas-a-grande-estrategia-em-saude-mental\/","og_site_name":"Ruy Palhano","article_published_time":"2015-03-30T22:40:38+00:00","author":"Ruy Palhano","twitter_card":"summary_large_image","twitter_misc":{"Escrito por":"Ruy Palhano","Est. tempo de leitura":"4 minutos"},"schema":{"@context":"https:\/\/schema.org","@graph":[{"@type":"WebPage","@id":"https:\/\/www.blogsoestado.com\/ruypalhano\/2015\/03\/30\/prevencao-de-recaidas-a-grande-estrategia-em-saude-mental\/","url":"https:\/\/www.blogsoestado.com\/ruypalhano\/2015\/03\/30\/prevencao-de-recaidas-a-grande-estrategia-em-saude-mental\/","name":"Preven\u00e7\u00e3o de reca\u00eddas, a grande estrat\u00e9gia em sa\u00fade mental - Ruy Palhano","isPartOf":{"@id":"https:\/\/www.blogsoestado.com\/ruypalhano\/#website"},"datePublished":"2015-03-30T22:40:38+00:00","author":{"@id":"https:\/\/www.blogsoestado.com\/ruypalhano\/#\/schema\/person\/ef49e08ec3e742dec1682f34674f2c84"},"breadcrumb":{"@id":"https:\/\/www.blogsoestado.com\/ruypalhano\/2015\/03\/30\/prevencao-de-recaidas-a-grande-estrategia-em-saude-mental\/#breadcrumb"},"inLanguage":"pt-BR","potentialAction":[{"@type":"ReadAction","target":["https:\/\/www.blogsoestado.com\/ruypalhano\/2015\/03\/30\/prevencao-de-recaidas-a-grande-estrategia-em-saude-mental\/"]}]},{"@type":"BreadcrumbList","@id":"https:\/\/www.blogsoestado.com\/ruypalhano\/2015\/03\/30\/prevencao-de-recaidas-a-grande-estrategia-em-saude-mental\/#breadcrumb","itemListElement":[{"@type":"ListItem","position":1,"name":"In\u00edcio","item":"https:\/\/www.blogsoestado.com\/ruypalhano\/"},{"@type":"ListItem","position":2,"name":"Preven\u00e7\u00e3o de reca\u00eddas, a grande estrat\u00e9gia em sa\u00fade mental"}]},{"@type":"WebSite","@id":"https:\/\/www.blogsoestado.com\/ruypalhano\/#website","url":"https:\/\/www.blogsoestado.com\/ruypalhano\/","name":"Ruy Palhano","description":"","potentialAction":[{"@type":"SearchAction","target":{"@type":"EntryPoint","urlTemplate":"https:\/\/www.blogsoestado.com\/ruypalhano\/?s={search_term_string}"},"query-input":{"@type":"PropertyValueSpecification","valueRequired":true,"valueName":"search_term_string"}}],"inLanguage":"pt-BR"},{"@type":"Person","@id":"https:\/\/www.blogsoestado.com\/ruypalhano\/#\/schema\/person\/ef49e08ec3e742dec1682f34674f2c84","name":"Ruy Palhano","image":{"@type":"ImageObject","inLanguage":"pt-BR","@id":"https:\/\/www.blogsoestado.com\/ruypalhano\/#\/schema\/person\/image\/","url":"https:\/\/secure.gravatar.com\/avatar\/d08170dc68d65048f069f40789786091e8b070aa02b0d2e514ddd0244c684a5a?s=96&d=mm&r=g","contentUrl":"https:\/\/secure.gravatar.com\/avatar\/d08170dc68d65048f069f40789786091e8b070aa02b0d2e514ddd0244c684a5a?s=96&d=mm&r=g","caption":"Ruy Palhano"},"url":"https:\/\/www.blogsoestado.com\/ruypalhano\/author\/ruypalhano\/"}]}},"jetpack_featured_media_url":"","_links":{"self":[{"href":"https:\/\/www.blogsoestado.com\/ruypalhano\/wp-json\/wp\/v2\/posts\/708","targetHints":{"allow":["GET"]}}],"collection":[{"href":"https:\/\/www.blogsoestado.com\/ruypalhano\/wp-json\/wp\/v2\/posts"}],"about":[{"href":"https:\/\/www.blogsoestado.com\/ruypalhano\/wp-json\/wp\/v2\/types\/post"}],"author":[{"embeddable":true,"href":"https:\/\/www.blogsoestado.com\/ruypalhano\/wp-json\/wp\/v2\/users\/3"}],"replies":[{"embeddable":true,"href":"https:\/\/www.blogsoestado.com\/ruypalhano\/wp-json\/wp\/v2\/comments?post=708"}],"version-history":[{"count":0,"href":"https:\/\/www.blogsoestado.com\/ruypalhano\/wp-json\/wp\/v2\/posts\/708\/revisions"}],"wp:attachment":[{"href":"https:\/\/www.blogsoestado.com\/ruypalhano\/wp-json\/wp\/v2\/media?parent=708"}],"wp:term":[{"taxonomy":"category","embeddable":true,"href":"https:\/\/www.blogsoestado.com\/ruypalhano\/wp-json\/wp\/v2\/categories?post=708"},{"taxonomy":"post_tag","embeddable":true,"href":"https:\/\/www.blogsoestado.com\/ruypalhano\/wp-json\/wp\/v2\/tags?post=708"}],"curies":[{"name":"wp","href":"https:\/\/api.w.org\/{rel}","templated":true}]}}