{"id":718,"date":"2015-04-13T22:50:40","date_gmt":"2015-04-14T01:50:40","guid":{"rendered":"https:\/\/www.blogsoestado.com\/ruypalhano\/?p=718"},"modified":"2015-04-13T22:50:40","modified_gmt":"2015-04-14T01:50:40","slug":"diagnostico-e-tratamento-da-depressao-na-infancia-e-na-adolescencia-2","status":"publish","type":"post","link":"https:\/\/www.blogsoestado.com\/ruypalhano\/2015\/04\/13\/diagnostico-e-tratamento-da-depressao-na-infancia-e-na-adolescencia-2\/","title":{"rendered":"Diagn\u00f3stico e tratamento da depress\u00e3o na inf\u00e2ncia e na adolesc\u00eancia"},"content":{"rendered":"<p>       H\u00e1 algum um tempo, dificilmente se fazia diagn\u00f3stico de depress\u00e3o na inf\u00e2ncia e, mais raramente, na adolesc\u00eancia e isso era devido, entre outras coisas, a falta de instrumentos de diagn\u00f3sticos mais precisos desse transtorno e aos imensos e prejudiciais preconceitos que ainda h\u00e1 em torno dessa doen\u00e7a. Nesse sentido, avan\u00e7ou-se muito nos \u00faltimos anos quanto ao manejo dessa transtorno, pois houve uma retra\u00e7\u00e3o desses preconceitos, houve avan\u00e7os cient\u00edficos sobre o conhecimento da natureza da depress\u00e3o, e simultaneamente, aperfei\u00e7oaram-se as t\u00e9cnicas e instrumentos no seu diagn\u00f3stico e tratamento.<br \/>\n      Segundo dados recentes da Organiza\u00e7\u00e3o Mundial da Sa\u00fade \u2013 OMS a depress\u00e3o atinge cerca de 2% das crian\u00e7as e 5% dos adolescentes do mundo. A OMS informa que at\u00e9 2025, a depress\u00e3o se tornar\u00e1 a doen\u00e7a mais comum do mundo, e a mais invalidante laboral e socialmente, atingindo mais pessoas do que o c\u00e2ncer e as doen\u00e7as cardiovasculares. Atualmente, mais de 450 milh\u00f5es de pessoas no mundo s\u00e3o afetadas por transtornos mentais diversos, sendo a depress\u00e3o a principal e, a maioria delas ocorre em pa\u00edses em desenvolvimento.<br \/>\n      Entre as crian\u00e7as, o \u00edndice de depress\u00e3o tamb\u00e9m \u00e9 preocupante. A depress\u00e3o incide em torno de 6 a 10 % na popula\u00e7\u00e3o geral e nos \u00faltimos 15 anos, o n\u00famero de diagn\u00f3stico de depress\u00e3o em crian\u00e7as, entre 6 e 12 anos, passou de 4,5 para 8%, o que representa um problema ascendente. Muitos adultos que apresentam quadro de depress\u00e3o t\u00eam hist\u00f3rico da doen\u00e7a na inf\u00e2ncia, de tal forma que se n\u00e3o os tratarmos bem cedo, isso contribuir\u00e1 para a cronifica\u00e7\u00e3o dessa doen\u00e7a, (F\u00e1bio Barbirato, Neuropsiquiatra da Associa\u00e7\u00e3o Brasileira de Psiquiatria -ABP).<br \/>\n      Do ponto de vista cl\u00ednico, diagnosticar depress\u00e3o na inf\u00e2ncia n\u00e3o \u00e9 f\u00e1cil, pois nessa fase, os sintomas depressivos podem ser confundidos com alguns comportamentais naturais visto nessa etapa da vida: m\u00e1-cria\u00e7\u00e3o, birra, mau humor, tristeza, agressividade, irritabilidade ou nervosismo, impaci\u00eancia, inquietude, condi\u00e7\u00f5es psicossociais e emocionais frequentes e que fazem parte das caracter\u00edsticas do desenvolvimento psicol\u00f3gico dessas crian\u00e7as. O que vai distinguir uma coisa da outra \u00e9 a evolu\u00e7\u00e3o, a avalia\u00e7\u00e3o neuropsicol\u00f3gica e laboratorial e as caracter\u00edsticas cl\u00ednicas dessas queixas.<br \/>\n      Na adolesc\u00eancia, o diagn\u00f3stico de depress\u00e3o \u00e9 tamb\u00e9m complexo, pois o mesmo tamb\u00e9m se insere no espectro das carater\u00edsticas pr\u00f3prias dessa etapa da vida, tais como: desinteresse, apatia e retraimento social, irritabilidade, negativismo e comportamento contestat\u00f3rio, mudan\u00e7as do humor etc. Tem que haver experi\u00eancia, acuidade e compet\u00eancia do profissional para se fornecer esse diagn\u00f3stico at\u00e9 porque s\u00e3o elevados \u00edndices de suic\u00eddio na adolesc\u00eancia especialmente se a situa\u00e7\u00e3o n\u00e3o for adequadamente diagnosticada e tratada.<br \/>\n      N\u00e3o devemos confundir depress\u00e3o com as ang\u00fastias provenientes dos conflitos naturais pr\u00f3prios da inf\u00e2ncia ou da adolesc\u00eancia, j\u00e1 que adolescer \u00e9 uma condi\u00e7\u00e3o delicada e que se caracteriza, entre outras coisas, pelas contradi\u00e7\u00f5es, rebeldias, insatisfa\u00e7\u00f5es constantes e \u00e2nsias de mudan\u00e7as onde alguns sintomas da depress\u00e3o podem se mascarar com estas peculiaridades naturais da idade.<br \/>\n      Entre os principais sintomas de depress\u00e3o est\u00e3o: mudan\u00e7as de humor, irritabilidade e\/ou choro f\u00e1cil, desinteresse geral, falta de aten\u00e7\u00e3o e de concentra\u00e7\u00e3o, queda no rendimento escolar, ins\u00f4nia, ou hipers\u00f4nia, anedonia (falta de prazer) perda de energia f\u00edsica e mental, reclama\u00e7\u00f5es por cansa\u00e7o, sofrimento moral ou insatisfa\u00e7\u00e3o consigo mesmo, sentimento de que nada do que faz est\u00e1 certo, dores difusas no corpo, sentimento de auto rejei\u00e7\u00e3o, condutas anti-sociais e destrutivas, dist\u00farbios de peso (emagrecer ou engordar demais), enurese e encoprese (xixi na cama e elimina\u00e7\u00e3o involunt\u00e1ria das fezes).<br \/>\n       Para a OMS se a pessoa apresentar cinco, entre os sintomas acima, o diagn\u00f3stico poder\u00e1 ser efetivado.E, neste caso ante os primeiros sinais ou sintomas da depress\u00e3o, os pais devem encaminh\u00e1-los a um profissional o mais r\u00e1pido poss\u00edvel. Na maioria das vezes, o apoio da fam\u00edlia e a psicoterapia s\u00e3o suficientes para ultrapassar a situa\u00e7\u00e3o. Se, a partir dos 9 anos de idade, persistirem ou se agravarem tais sintomas, faz-se necess\u00e1rio, em alguns casos, intervir com medicamentos. Al\u00e9m do mais a depress\u00e3o infantil pode desencadear v\u00e1rias outras condi\u00e7\u00f5es m\u00e9dicas, tais como: anorexia, bulimia, etc.<br \/>\n       A depress\u00e3o, como outros transtornos psiqui\u00e1tricos, tem causas multifatoriais, nunca uma \u00fanica causa, por isso mesmo o tratamento e a reabilita\u00e7\u00e3o devem envolver uma fama de procedimentos onde o uso de medicamentos \u00e9 um dos procedimentos. Aspectos gen\u00e9ticos, ambientais e socioculturais s\u00e3o condi\u00e7\u00f5es relevantes como causadores dessas doen\u00e7as.<br \/>\n      Portanto, o mais importante \u00e9 que tanto o diagn\u00f3stico quanto o tratamento sejam realizados o mais cedo poss\u00edvel para evitar que a doen\u00e7a se cronifique, dificultando muito a recupera\u00e7\u00e3o dessas pessoas e, gra\u00e7as aos avan\u00e7os, sobretudo em farmaterapia da depress\u00e3o, as respostas aos tratamentos atualmente empregados s\u00e3o sempre muito favor\u00e1veis e efetivos.<\/p>\n","protected":false},"excerpt":{"rendered":"<p>H\u00e1 algum um tempo, dificilmente se fazia diagn\u00f3stico de depress\u00e3o na inf\u00e2ncia e, mais raramente, na adolesc\u00eancia e isso era [&hellip;]<\/p>\n","protected":false},"author":3,"featured_media":0,"comment_status":"open","ping_status":"open","sticky":false,"template":"","format":"standard","meta":{"site-sidebar-layout":"default","site-content-layout":"","ast-site-content-layout":"default","site-content-style":"default","site-sidebar-style":"default","ast-global-header-display":"","ast-banner-title-visibility":"","ast-main-header-display":"","ast-hfb-above-header-display":"","ast-hfb-below-header-display":"","ast-hfb-mobile-header-display":"","site-post-title":"","ast-breadcrumbs-content":"","ast-featured-img":"","footer-sml-layout":"","ast-disable-related-posts":"","theme-transparent-header-meta":"","adv-header-id-meta":"","stick-header-meta":"","header-above-stick-meta":"","header-main-stick-meta":"","header-below-stick-meta":"","astra-migrate-meta-layouts":"default","ast-page-background-enabled":"default","ast-page-background-meta":{"desktop":{"background-color":"var(--ast-global-color-5)","background-image":"","background-repeat":"repeat","background-position":"center center","background-size":"auto","background-attachment":"scroll","background-type":"","background-media":"","overlay-type":"","overlay-color":"","overlay-opacity":"","overlay-gradient":""},"tablet":{"background-color":"","background-image":"","background-repeat":"repeat","background-position":"center center","background-size":"auto","background-attachment":"scroll","background-type":"","background-media":"","overlay-type":"","overlay-color":"","overlay-opacity":"","overlay-gradient":""},"mobile":{"background-color":"","background-image":"","background-repeat":"repeat","background-position":"center center","background-size":"auto","background-attachment":"scroll","background-type":"","background-media":"","overlay-type":"","overlay-color":"","overlay-opacity":"","overlay-gradient":""}},"ast-content-background-meta":{"desktop":{"background-color":"var(--ast-global-color-4)","background-image":"","background-repeat":"repeat","background-position":"center center","background-size":"auto","background-attachment":"scroll","background-type":"","background-media":"","overlay-type":"","overlay-color":"","overlay-opacity":"","overlay-gradient":""},"tablet":{"background-color":"var(--ast-global-color-4)","background-image":"","background-repeat":"repeat","background-position":"center center","background-size":"auto","background-attachment":"scroll","background-type":"","background-media":"","overlay-type":"","overlay-color":"","overlay-opacity":"","overlay-gradient":""},"mobile":{"background-color":"var(--ast-global-color-4)","background-image":"","background-repeat":"repeat","background-position":"center center","background-size":"auto","background-attachment":"scroll","background-type":"","background-media":"","overlay-type":"","overlay-color":"","overlay-opacity":"","overlay-gradient":""}},"footnotes":""},"categories":[3,5,1],"tags":[],"class_list":["post-718","post","type-post","status-publish","format-standard","hentry","category-comportamento","category-doenca-mental","category-sem-categoria"],"yoast_head":"<!-- This site is optimized with the Yoast SEO plugin v26.6 - https:\/\/yoast.com\/wordpress\/plugins\/seo\/ -->\n<title>Diagn\u00f3stico e tratamento da depress\u00e3o na inf\u00e2ncia e na adolesc\u00eancia - Ruy Palhano<\/title>\n<meta name=\"robots\" content=\"index, follow, max-snippet:-1, max-image-preview:large, max-video-preview:-1\" \/>\n<link rel=\"canonical\" href=\"https:\/\/www.blogsoestado.com\/ruypalhano\/2015\/04\/13\/diagnostico-e-tratamento-da-depressao-na-infancia-e-na-adolescencia-2\/\" \/>\n<meta property=\"og:locale\" content=\"pt_BR\" \/>\n<meta property=\"og:type\" content=\"article\" \/>\n<meta property=\"og:title\" content=\"Diagn\u00f3stico e tratamento da depress\u00e3o na inf\u00e2ncia e na adolesc\u00eancia - Ruy Palhano\" \/>\n<meta property=\"og:description\" content=\"H\u00e1 algum um tempo, dificilmente se fazia diagn\u00f3stico de depress\u00e3o na inf\u00e2ncia e, mais raramente, na adolesc\u00eancia e isso era [&hellip;]\" \/>\n<meta property=\"og:url\" content=\"https:\/\/www.blogsoestado.com\/ruypalhano\/2015\/04\/13\/diagnostico-e-tratamento-da-depressao-na-infancia-e-na-adolescencia-2\/\" \/>\n<meta property=\"og:site_name\" content=\"Ruy Palhano\" \/>\n<meta property=\"article:published_time\" content=\"2015-04-14T01:50:40+00:00\" \/>\n<meta name=\"author\" content=\"Ruy Palhano\" \/>\n<meta name=\"twitter:card\" content=\"summary_large_image\" \/>\n<meta name=\"twitter:label1\" content=\"Escrito por\" \/>\n\t<meta name=\"twitter:data1\" content=\"Ruy Palhano\" \/>\n\t<meta name=\"twitter:label2\" content=\"Est. tempo de leitura\" \/>\n\t<meta name=\"twitter:data2\" content=\"4 minutos\" \/>\n<script type=\"application\/ld+json\" class=\"yoast-schema-graph\">{\"@context\":\"https:\/\/schema.org\",\"@graph\":[{\"@type\":\"WebPage\",\"@id\":\"https:\/\/www.blogsoestado.com\/ruypalhano\/2015\/04\/13\/diagnostico-e-tratamento-da-depressao-na-infancia-e-na-adolescencia-2\/\",\"url\":\"https:\/\/www.blogsoestado.com\/ruypalhano\/2015\/04\/13\/diagnostico-e-tratamento-da-depressao-na-infancia-e-na-adolescencia-2\/\",\"name\":\"Diagn\u00f3stico e tratamento da depress\u00e3o na inf\u00e2ncia e na adolesc\u00eancia - Ruy Palhano\",\"isPartOf\":{\"@id\":\"https:\/\/www.blogsoestado.com\/ruypalhano\/#website\"},\"datePublished\":\"2015-04-14T01:50:40+00:00\",\"author\":{\"@id\":\"https:\/\/www.blogsoestado.com\/ruypalhano\/#\/schema\/person\/ef49e08ec3e742dec1682f34674f2c84\"},\"breadcrumb\":{\"@id\":\"https:\/\/www.blogsoestado.com\/ruypalhano\/2015\/04\/13\/diagnostico-e-tratamento-da-depressao-na-infancia-e-na-adolescencia-2\/#breadcrumb\"},\"inLanguage\":\"pt-BR\",\"potentialAction\":[{\"@type\":\"ReadAction\",\"target\":[\"https:\/\/www.blogsoestado.com\/ruypalhano\/2015\/04\/13\/diagnostico-e-tratamento-da-depressao-na-infancia-e-na-adolescencia-2\/\"]}]},{\"@type\":\"BreadcrumbList\",\"@id\":\"https:\/\/www.blogsoestado.com\/ruypalhano\/2015\/04\/13\/diagnostico-e-tratamento-da-depressao-na-infancia-e-na-adolescencia-2\/#breadcrumb\",\"itemListElement\":[{\"@type\":\"ListItem\",\"position\":1,\"name\":\"In\u00edcio\",\"item\":\"https:\/\/www.blogsoestado.com\/ruypalhano\/\"},{\"@type\":\"ListItem\",\"position\":2,\"name\":\"Diagn\u00f3stico e tratamento da depress\u00e3o na inf\u00e2ncia e na adolesc\u00eancia\"}]},{\"@type\":\"WebSite\",\"@id\":\"https:\/\/www.blogsoestado.com\/ruypalhano\/#website\",\"url\":\"https:\/\/www.blogsoestado.com\/ruypalhano\/\",\"name\":\"Ruy Palhano\",\"description\":\"\",\"potentialAction\":[{\"@type\":\"SearchAction\",\"target\":{\"@type\":\"EntryPoint\",\"urlTemplate\":\"https:\/\/www.blogsoestado.com\/ruypalhano\/?s={search_term_string}\"},\"query-input\":{\"@type\":\"PropertyValueSpecification\",\"valueRequired\":true,\"valueName\":\"search_term_string\"}}],\"inLanguage\":\"pt-BR\"},{\"@type\":\"Person\",\"@id\":\"https:\/\/www.blogsoestado.com\/ruypalhano\/#\/schema\/person\/ef49e08ec3e742dec1682f34674f2c84\",\"name\":\"Ruy Palhano\",\"image\":{\"@type\":\"ImageObject\",\"inLanguage\":\"pt-BR\",\"@id\":\"https:\/\/www.blogsoestado.com\/ruypalhano\/#\/schema\/person\/image\/\",\"url\":\"https:\/\/secure.gravatar.com\/avatar\/d08170dc68d65048f069f40789786091e8b070aa02b0d2e514ddd0244c684a5a?s=96&d=mm&r=g\",\"contentUrl\":\"https:\/\/secure.gravatar.com\/avatar\/d08170dc68d65048f069f40789786091e8b070aa02b0d2e514ddd0244c684a5a?s=96&d=mm&r=g\",\"caption\":\"Ruy Palhano\"},\"url\":\"https:\/\/www.blogsoestado.com\/ruypalhano\/author\/ruypalhano\/\"}]}<\/script>\n<!-- \/ Yoast SEO plugin. -->","yoast_head_json":{"title":"Diagn\u00f3stico e tratamento da depress\u00e3o na inf\u00e2ncia e na adolesc\u00eancia - Ruy Palhano","robots":{"index":"index","follow":"follow","max-snippet":"max-snippet:-1","max-image-preview":"max-image-preview:large","max-video-preview":"max-video-preview:-1"},"canonical":"https:\/\/www.blogsoestado.com\/ruypalhano\/2015\/04\/13\/diagnostico-e-tratamento-da-depressao-na-infancia-e-na-adolescencia-2\/","og_locale":"pt_BR","og_type":"article","og_title":"Diagn\u00f3stico e tratamento da depress\u00e3o na inf\u00e2ncia e na adolesc\u00eancia - Ruy Palhano","og_description":"H\u00e1 algum um tempo, dificilmente se fazia diagn\u00f3stico de depress\u00e3o na inf\u00e2ncia e, mais raramente, na adolesc\u00eancia e isso era [&hellip;]","og_url":"https:\/\/www.blogsoestado.com\/ruypalhano\/2015\/04\/13\/diagnostico-e-tratamento-da-depressao-na-infancia-e-na-adolescencia-2\/","og_site_name":"Ruy Palhano","article_published_time":"2015-04-14T01:50:40+00:00","author":"Ruy Palhano","twitter_card":"summary_large_image","twitter_misc":{"Escrito por":"Ruy Palhano","Est. tempo de leitura":"4 minutos"},"schema":{"@context":"https:\/\/schema.org","@graph":[{"@type":"WebPage","@id":"https:\/\/www.blogsoestado.com\/ruypalhano\/2015\/04\/13\/diagnostico-e-tratamento-da-depressao-na-infancia-e-na-adolescencia-2\/","url":"https:\/\/www.blogsoestado.com\/ruypalhano\/2015\/04\/13\/diagnostico-e-tratamento-da-depressao-na-infancia-e-na-adolescencia-2\/","name":"Diagn\u00f3stico e tratamento da depress\u00e3o na inf\u00e2ncia e na adolesc\u00eancia - Ruy Palhano","isPartOf":{"@id":"https:\/\/www.blogsoestado.com\/ruypalhano\/#website"},"datePublished":"2015-04-14T01:50:40+00:00","author":{"@id":"https:\/\/www.blogsoestado.com\/ruypalhano\/#\/schema\/person\/ef49e08ec3e742dec1682f34674f2c84"},"breadcrumb":{"@id":"https:\/\/www.blogsoestado.com\/ruypalhano\/2015\/04\/13\/diagnostico-e-tratamento-da-depressao-na-infancia-e-na-adolescencia-2\/#breadcrumb"},"inLanguage":"pt-BR","potentialAction":[{"@type":"ReadAction","target":["https:\/\/www.blogsoestado.com\/ruypalhano\/2015\/04\/13\/diagnostico-e-tratamento-da-depressao-na-infancia-e-na-adolescencia-2\/"]}]},{"@type":"BreadcrumbList","@id":"https:\/\/www.blogsoestado.com\/ruypalhano\/2015\/04\/13\/diagnostico-e-tratamento-da-depressao-na-infancia-e-na-adolescencia-2\/#breadcrumb","itemListElement":[{"@type":"ListItem","position":1,"name":"In\u00edcio","item":"https:\/\/www.blogsoestado.com\/ruypalhano\/"},{"@type":"ListItem","position":2,"name":"Diagn\u00f3stico e tratamento da depress\u00e3o na inf\u00e2ncia e na adolesc\u00eancia"}]},{"@type":"WebSite","@id":"https:\/\/www.blogsoestado.com\/ruypalhano\/#website","url":"https:\/\/www.blogsoestado.com\/ruypalhano\/","name":"Ruy Palhano","description":"","potentialAction":[{"@type":"SearchAction","target":{"@type":"EntryPoint","urlTemplate":"https:\/\/www.blogsoestado.com\/ruypalhano\/?s={search_term_string}"},"query-input":{"@type":"PropertyValueSpecification","valueRequired":true,"valueName":"search_term_string"}}],"inLanguage":"pt-BR"},{"@type":"Person","@id":"https:\/\/www.blogsoestado.com\/ruypalhano\/#\/schema\/person\/ef49e08ec3e742dec1682f34674f2c84","name":"Ruy Palhano","image":{"@type":"ImageObject","inLanguage":"pt-BR","@id":"https:\/\/www.blogsoestado.com\/ruypalhano\/#\/schema\/person\/image\/","url":"https:\/\/secure.gravatar.com\/avatar\/d08170dc68d65048f069f40789786091e8b070aa02b0d2e514ddd0244c684a5a?s=96&d=mm&r=g","contentUrl":"https:\/\/secure.gravatar.com\/avatar\/d08170dc68d65048f069f40789786091e8b070aa02b0d2e514ddd0244c684a5a?s=96&d=mm&r=g","caption":"Ruy Palhano"},"url":"https:\/\/www.blogsoestado.com\/ruypalhano\/author\/ruypalhano\/"}]}},"jetpack_featured_media_url":"","_links":{"self":[{"href":"https:\/\/www.blogsoestado.com\/ruypalhano\/wp-json\/wp\/v2\/posts\/718","targetHints":{"allow":["GET"]}}],"collection":[{"href":"https:\/\/www.blogsoestado.com\/ruypalhano\/wp-json\/wp\/v2\/posts"}],"about":[{"href":"https:\/\/www.blogsoestado.com\/ruypalhano\/wp-json\/wp\/v2\/types\/post"}],"author":[{"embeddable":true,"href":"https:\/\/www.blogsoestado.com\/ruypalhano\/wp-json\/wp\/v2\/users\/3"}],"replies":[{"embeddable":true,"href":"https:\/\/www.blogsoestado.com\/ruypalhano\/wp-json\/wp\/v2\/comments?post=718"}],"version-history":[{"count":0,"href":"https:\/\/www.blogsoestado.com\/ruypalhano\/wp-json\/wp\/v2\/posts\/718\/revisions"}],"wp:attachment":[{"href":"https:\/\/www.blogsoestado.com\/ruypalhano\/wp-json\/wp\/v2\/media?parent=718"}],"wp:term":[{"taxonomy":"category","embeddable":true,"href":"https:\/\/www.blogsoestado.com\/ruypalhano\/wp-json\/wp\/v2\/categories?post=718"},{"taxonomy":"post_tag","embeddable":true,"href":"https:\/\/www.blogsoestado.com\/ruypalhano\/wp-json\/wp\/v2\/tags?post=718"}],"curies":[{"name":"wp","href":"https:\/\/api.w.org\/{rel}","templated":true}]}}