{"id":747,"date":"2015-05-04T12:33:22","date_gmt":"2015-05-04T15:33:22","guid":{"rendered":"https:\/\/www.blogsoestado.com\/ruypalhano\/?p=747"},"modified":"2015-05-04T12:33:22","modified_gmt":"2015-05-04T15:33:22","slug":"prevencao-de-recaidas-no-tratamento-das-doencas-mentais-i","status":"publish","type":"post","link":"https:\/\/www.blogsoestado.com\/ruypalhano\/2015\/05\/04\/prevencao-de-recaidas-no-tratamento-das-doencas-mentais-i\/","title":{"rendered":"Preven\u00e7\u00e3o de Reca\u00eddas no  Tratamento das Doen\u00e7as Mentais II"},"content":{"rendered":"<p>Define-se <strong><em>preven\u00e7\u00e3o de reca\u00edda<\/em><\/strong>, como estrat\u00e9gia de natureza m\u00e9dica e psicossocial aplicada por diferentes t\u00e9cnicas e m\u00e9todos com o intuito de evitar o reaparecimento de diferentes doen\u00e7as, posterirormente a um tratamento. Recair, \u00e9 retomar, retornar, vir a acontecer, reaparecer etc. Em medicina, muitas doen\u00e7as s\u00e3o insinuantes e sempre tendem a reaparecer, de tempos em tempos, independente do tratamento que receberam.<\/p>\n<p>Em artigos anteriores tomamos a depress\u00e3o como exemplo de uma das doen\u00e7as mentais que mais tendem a recair, mesmo que tenho sido bem feito o tratamento da crise. Dissemos, tamb\u00e9m que quanto maior o n\u00famero de crises depressivas que algu\u00e9m venha a ter, maiores ser\u00e3o as chances dessas pessoas, voltarem a adoecer. Da\u00ed porque, no tratamento das depress\u00f5es, exige-se que o m\u00e9dico estabele\u00e7a desde cedo as orienta\u00e7\u00f5es devidas para prevenir outras crises que poder\u00e3o surgir ao longo da vida desses enfermos.<\/p>\n<p>Os f\u00e1rmacos, s\u00e3o medicamentos altamente eficazes, tanto para o tratamento de crises agudas, quanto de prevenirem reca\u00eddas entre essas patologias. Os estabilizadores do humor, os antipsic\u00f3ticos e ansiol\u00edticos s\u00e3o medicamentos altamente efetivos que s\u00e3o aplicados com finalidade preventiva. Todavia, \u00e9 bom que se diga, que preven\u00e7\u00e3o de reca\u00edda, n\u00e3o ocorre somente atrav\u00e9s da utiliza\u00e7\u00e3o de medicamentos, embora esses sejam os mais utilizados. Pode se tamb\u00e9m utilizar meios f\u00edsicos, como Eletroconvulsoterapia \u2013 ECT e Estimula\u00e7\u00e3o Magn\u00e9tica Transcraniana \u2013 EMT, para se chegar a essa finalidade. T\u00e9cnicas de psicoterapia, terapia comportamental e ocupacional s\u00e3o outros procedimentos e estrat\u00e9gias muito efetivas, largamente utilizadas em terap\u00eauticas para se prevenir a recorr\u00eancia de uma doen\u00e7a. A prefer\u00eancia ou escolha de uma dessas estrat\u00e9gias, ou v\u00e1rias dessas estrat\u00e9gias, depender\u00e1 do diagn\u00f3stico e da situa\u00e7\u00e3o cl\u00ednica do enfermo.<\/p>\n<p>Gra\u00e7as aos novos conhecimentos da cl\u00ednica psiqui\u00e1trica, da neuroci\u00eancia e dos conhecimentos baseados em evid\u00eancias cl\u00ednicas, que n\u00e3o se pode pensar em tratar somente das crises agudas desses enfermos. Deve-se, desde o in\u00edcio, pensar em prevenir reca\u00eddas. A equa\u00e7\u00e3o \u00e9 mais ou menos essa, em se tratando de depress\u00e3o: quem teve uma crise na vida, ter\u00e1 cerva de 30% de chance de ter a segunda. Se, essa mesma pessoa relatar que j\u00e1 sofrera de duas crises depressivas, sua chance de ter a terceira ser\u00e1 de 50 a 60%. Se, por acaso, j\u00e1 tiver tido tr\u00eas crises ou mais de depress\u00e3o, sua chance de ter outras ser\u00e1 de mais de 75% de chance. Mais de tr\u00eas crises na vida ter\u00e1 100% de chance de ter outras. Esse conhecimento da evolu\u00e7\u00e3o dessa doen\u00e7a serve de base para se garantir a necessidade de se fazer preven\u00e7\u00e3o e n\u00e3o permitir que esse enfermos voltem a adoecer.<\/p>\n<p>Nos <strong><em>guide lines, (orienta\u00e7\u00f5es para se realizar os tratamentos) psiqui\u00e1tricos, todos recomendam a ado\u00e7\u00e3o de preven\u00e7\u00e3o de reca\u00eddas, independente do tratamento que seja oferecido a esses enfermos em suas crises atuais, justamente pela certeza da recorr\u00eancia dessas enfermidades<\/em><\/strong>.<\/p>\n<p>Pode e dever ser institu\u00edda praticamente em todas as grandes doen\u00e7as mentais, entre essas: esquizofrenias, depend\u00eancia qu\u00edmica, transtorno bipolares, depress\u00f5es etc. Ela est\u00e1 sendo utilizada em muitas outras especialidades m\u00e9dias. Todas as doen\u00e7as humanas que evoluem cronicamente, independentes de sua natureza, atualmente se recomenda essa estrat\u00e9gia. Entre essas, destacamos doen\u00e7as metab\u00f3licas, doen\u00e7as cardiovasculares, cerebrovasculares e muitas outras. De tal forma que \u00e9 cada vez mais imperioso prevenir que remediar.<\/p>\n<p>S\u00f3 \u00e1 guisa de informa\u00e7\u00f5es, a Organiza\u00e7\u00e3o Mundial de Sa\u00fade &#8211; OMS em seu relat\u00f3rio anual sobre doen\u00e7as mentais\/2014 mostrou que 45 % dos doentes depressivos recaem por desuso ou uso incorreto de medicamentos, (interrup\u00e7\u00e3o indevida do uso de medicamentos, subdoses terap\u00eauticas, reduzido tempo de tratamento, doses irregulares, etc).<\/p>\n<p>Outro aspecto relevante s\u00e3o os custos financeiros com os tratamentos de crises. As fam\u00edlias sabem que pesa muito no bolso custear o tratamento desses doentes. Pois, o tempo previsto de tratamento, os custos com interna\u00e7\u00e3o hospitalar, com os medicamentos ou outros procedimentos utilizados para esses tratamentos, acabam onerando muito as fam\u00edlias, provocando mais sofrimento para todos.<\/p>\n<p>Dissemos acima que a resposta aos medicamentos \u00e9 muito influenciada pela condi\u00e7\u00e3o evolutiva dessas doen\u00e7as. Quanto menor n\u00famero de crises, melhor ser\u00e1 a evolu\u00e7\u00e3o, melhor ser\u00e1 sua recupera\u00e7\u00e3o e melhor ser\u00e1 sua qualidade de vida. Como s\u00e3o enfermidades que evoluem cronicamente, as reca\u00eddas sucessivas, dificultam a recupera\u00e7\u00e3o desses enfermos pela baixa resposta aos medicamentos de tal forma que o melhor que pode fazer \u00e9 prevenir.<\/p>\n<p>&nbsp;<\/p>\n","protected":false},"excerpt":{"rendered":"<p>Define-se preven\u00e7\u00e3o de reca\u00edda, como estrat\u00e9gia de natureza m\u00e9dica e psicossocial aplicada por diferentes t\u00e9cnicas e m\u00e9todos com o intuito [&hellip;]<\/p>\n","protected":false},"author":3,"featured_media":0,"comment_status":"open","ping_status":"open","sticky":false,"template":"","format":"standard","meta":{"site-sidebar-layout":"default","site-content-layout":"","ast-site-content-layout":"default","site-content-style":"default","site-sidebar-style":"default","ast-global-header-display":"","ast-banner-title-visibility":"","ast-main-header-display":"","ast-hfb-above-header-display":"","ast-hfb-below-header-display":"","ast-hfb-mobile-header-display":"","site-post-title":"","ast-breadcrumbs-content":"","ast-featured-img":"","footer-sml-layout":"","ast-disable-related-posts":"","theme-transparent-header-meta":"","adv-header-id-meta":"","stick-header-meta":"","header-above-stick-meta":"","header-main-stick-meta":"","header-below-stick-meta":"","astra-migrate-meta-layouts":"default","ast-page-background-enabled":"default","ast-page-background-meta":{"desktop":{"background-color":"var(--ast-global-color-5)","background-image":"","background-repeat":"repeat","background-position":"center center","background-size":"auto","background-attachment":"scroll","background-type":"","background-media":"","overlay-type":"","overlay-color":"","overlay-opacity":"","overlay-gradient":""},"tablet":{"background-color":"","background-image":"","background-repeat":"repeat","background-position":"center center","background-size":"auto","background-attachment":"scroll","background-type":"","background-media":"","overlay-type":"","overlay-color":"","overlay-opacity":"","overlay-gradient":""},"mobile":{"background-color":"","background-image":"","background-repeat":"repeat","background-position":"center center","background-size":"auto","background-attachment":"scroll","background-type":"","background-media":"","overlay-type":"","overlay-color":"","overlay-opacity":"","overlay-gradient":""}},"ast-content-background-meta":{"desktop":{"background-color":"var(--ast-global-color-4)","background-image":"","background-repeat":"repeat","background-position":"center center","background-size":"auto","background-attachment":"scroll","background-type":"","background-media":"","overlay-type":"","overlay-color":"","overlay-opacity":"","overlay-gradient":""},"tablet":{"background-color":"var(--ast-global-color-4)","background-image":"","background-repeat":"repeat","background-position":"center center","background-size":"auto","background-attachment":"scroll","background-type":"","background-media":"","overlay-type":"","overlay-color":"","overlay-opacity":"","overlay-gradient":""},"mobile":{"background-color":"var(--ast-global-color-4)","background-image":"","background-repeat":"repeat","background-position":"center center","background-size":"auto","background-attachment":"scroll","background-type":"","background-media":"","overlay-type":"","overlay-color":"","overlay-opacity":"","overlay-gradient":""}},"footnotes":""},"categories":[3,5,6,7],"tags":[],"class_list":["post-747","post","type-post","status-publish","format-standard","hentry","category-comportamento","category-doenca-mental","category-politica-publica","category-saude-mental"],"yoast_head":"<!-- This site is optimized with the Yoast SEO plugin v26.6 - https:\/\/yoast.com\/wordpress\/plugins\/seo\/ -->\n<title>Preven\u00e7\u00e3o de Reca\u00eddas no Tratamento das Doen\u00e7as Mentais II - Ruy Palhano<\/title>\n<meta name=\"robots\" content=\"index, follow, max-snippet:-1, max-image-preview:large, max-video-preview:-1\" \/>\n<link rel=\"canonical\" href=\"https:\/\/www.blogsoestado.com\/ruypalhano\/2015\/05\/04\/prevencao-de-recaidas-no-tratamento-das-doencas-mentais-i\/\" \/>\n<meta property=\"og:locale\" content=\"pt_BR\" \/>\n<meta property=\"og:type\" content=\"article\" \/>\n<meta property=\"og:title\" content=\"Preven\u00e7\u00e3o de Reca\u00eddas no Tratamento das Doen\u00e7as Mentais II - Ruy Palhano\" \/>\n<meta property=\"og:description\" content=\"Define-se preven\u00e7\u00e3o de reca\u00edda, como estrat\u00e9gia de natureza m\u00e9dica e psicossocial aplicada por diferentes t\u00e9cnicas e m\u00e9todos com o intuito [&hellip;]\" \/>\n<meta property=\"og:url\" content=\"https:\/\/www.blogsoestado.com\/ruypalhano\/2015\/05\/04\/prevencao-de-recaidas-no-tratamento-das-doencas-mentais-i\/\" \/>\n<meta property=\"og:site_name\" content=\"Ruy Palhano\" \/>\n<meta property=\"article:published_time\" content=\"2015-05-04T15:33:22+00:00\" \/>\n<meta name=\"author\" content=\"Ruy Palhano\" \/>\n<meta name=\"twitter:card\" content=\"summary_large_image\" \/>\n<meta name=\"twitter:label1\" content=\"Escrito por\" \/>\n\t<meta name=\"twitter:data1\" content=\"Ruy Palhano\" \/>\n\t<meta name=\"twitter:label2\" content=\"Est. tempo de leitura\" \/>\n\t<meta name=\"twitter:data2\" content=\"4 minutos\" \/>\n<script type=\"application\/ld+json\" class=\"yoast-schema-graph\">{\"@context\":\"https:\/\/schema.org\",\"@graph\":[{\"@type\":\"WebPage\",\"@id\":\"https:\/\/www.blogsoestado.com\/ruypalhano\/2015\/05\/04\/prevencao-de-recaidas-no-tratamento-das-doencas-mentais-i\/\",\"url\":\"https:\/\/www.blogsoestado.com\/ruypalhano\/2015\/05\/04\/prevencao-de-recaidas-no-tratamento-das-doencas-mentais-i\/\",\"name\":\"Preven\u00e7\u00e3o de Reca\u00eddas no Tratamento das Doen\u00e7as Mentais II - Ruy Palhano\",\"isPartOf\":{\"@id\":\"https:\/\/www.blogsoestado.com\/ruypalhano\/#website\"},\"datePublished\":\"2015-05-04T15:33:22+00:00\",\"author\":{\"@id\":\"https:\/\/www.blogsoestado.com\/ruypalhano\/#\/schema\/person\/ef49e08ec3e742dec1682f34674f2c84\"},\"breadcrumb\":{\"@id\":\"https:\/\/www.blogsoestado.com\/ruypalhano\/2015\/05\/04\/prevencao-de-recaidas-no-tratamento-das-doencas-mentais-i\/#breadcrumb\"},\"inLanguage\":\"pt-BR\",\"potentialAction\":[{\"@type\":\"ReadAction\",\"target\":[\"https:\/\/www.blogsoestado.com\/ruypalhano\/2015\/05\/04\/prevencao-de-recaidas-no-tratamento-das-doencas-mentais-i\/\"]}]},{\"@type\":\"BreadcrumbList\",\"@id\":\"https:\/\/www.blogsoestado.com\/ruypalhano\/2015\/05\/04\/prevencao-de-recaidas-no-tratamento-das-doencas-mentais-i\/#breadcrumb\",\"itemListElement\":[{\"@type\":\"ListItem\",\"position\":1,\"name\":\"In\u00edcio\",\"item\":\"https:\/\/www.blogsoestado.com\/ruypalhano\/\"},{\"@type\":\"ListItem\",\"position\":2,\"name\":\"Preven\u00e7\u00e3o de Reca\u00eddas no Tratamento das Doen\u00e7as Mentais II\"}]},{\"@type\":\"WebSite\",\"@id\":\"https:\/\/www.blogsoestado.com\/ruypalhano\/#website\",\"url\":\"https:\/\/www.blogsoestado.com\/ruypalhano\/\",\"name\":\"Ruy Palhano\",\"description\":\"\",\"potentialAction\":[{\"@type\":\"SearchAction\",\"target\":{\"@type\":\"EntryPoint\",\"urlTemplate\":\"https:\/\/www.blogsoestado.com\/ruypalhano\/?s={search_term_string}\"},\"query-input\":{\"@type\":\"PropertyValueSpecification\",\"valueRequired\":true,\"valueName\":\"search_term_string\"}}],\"inLanguage\":\"pt-BR\"},{\"@type\":\"Person\",\"@id\":\"https:\/\/www.blogsoestado.com\/ruypalhano\/#\/schema\/person\/ef49e08ec3e742dec1682f34674f2c84\",\"name\":\"Ruy Palhano\",\"image\":{\"@type\":\"ImageObject\",\"inLanguage\":\"pt-BR\",\"@id\":\"https:\/\/www.blogsoestado.com\/ruypalhano\/#\/schema\/person\/image\/\",\"url\":\"https:\/\/secure.gravatar.com\/avatar\/d08170dc68d65048f069f40789786091e8b070aa02b0d2e514ddd0244c684a5a?s=96&d=mm&r=g\",\"contentUrl\":\"https:\/\/secure.gravatar.com\/avatar\/d08170dc68d65048f069f40789786091e8b070aa02b0d2e514ddd0244c684a5a?s=96&d=mm&r=g\",\"caption\":\"Ruy Palhano\"},\"url\":\"https:\/\/www.blogsoestado.com\/ruypalhano\/author\/ruypalhano\/\"}]}<\/script>\n<!-- \/ Yoast SEO plugin. -->","yoast_head_json":{"title":"Preven\u00e7\u00e3o de Reca\u00eddas no Tratamento das Doen\u00e7as Mentais II - Ruy Palhano","robots":{"index":"index","follow":"follow","max-snippet":"max-snippet:-1","max-image-preview":"max-image-preview:large","max-video-preview":"max-video-preview:-1"},"canonical":"https:\/\/www.blogsoestado.com\/ruypalhano\/2015\/05\/04\/prevencao-de-recaidas-no-tratamento-das-doencas-mentais-i\/","og_locale":"pt_BR","og_type":"article","og_title":"Preven\u00e7\u00e3o de Reca\u00eddas no Tratamento das Doen\u00e7as Mentais II - Ruy Palhano","og_description":"Define-se preven\u00e7\u00e3o de reca\u00edda, como estrat\u00e9gia de natureza m\u00e9dica e psicossocial aplicada por diferentes t\u00e9cnicas e m\u00e9todos com o intuito [&hellip;]","og_url":"https:\/\/www.blogsoestado.com\/ruypalhano\/2015\/05\/04\/prevencao-de-recaidas-no-tratamento-das-doencas-mentais-i\/","og_site_name":"Ruy Palhano","article_published_time":"2015-05-04T15:33:22+00:00","author":"Ruy Palhano","twitter_card":"summary_large_image","twitter_misc":{"Escrito por":"Ruy Palhano","Est. tempo de leitura":"4 minutos"},"schema":{"@context":"https:\/\/schema.org","@graph":[{"@type":"WebPage","@id":"https:\/\/www.blogsoestado.com\/ruypalhano\/2015\/05\/04\/prevencao-de-recaidas-no-tratamento-das-doencas-mentais-i\/","url":"https:\/\/www.blogsoestado.com\/ruypalhano\/2015\/05\/04\/prevencao-de-recaidas-no-tratamento-das-doencas-mentais-i\/","name":"Preven\u00e7\u00e3o de Reca\u00eddas no Tratamento das Doen\u00e7as Mentais II - Ruy Palhano","isPartOf":{"@id":"https:\/\/www.blogsoestado.com\/ruypalhano\/#website"},"datePublished":"2015-05-04T15:33:22+00:00","author":{"@id":"https:\/\/www.blogsoestado.com\/ruypalhano\/#\/schema\/person\/ef49e08ec3e742dec1682f34674f2c84"},"breadcrumb":{"@id":"https:\/\/www.blogsoestado.com\/ruypalhano\/2015\/05\/04\/prevencao-de-recaidas-no-tratamento-das-doencas-mentais-i\/#breadcrumb"},"inLanguage":"pt-BR","potentialAction":[{"@type":"ReadAction","target":["https:\/\/www.blogsoestado.com\/ruypalhano\/2015\/05\/04\/prevencao-de-recaidas-no-tratamento-das-doencas-mentais-i\/"]}]},{"@type":"BreadcrumbList","@id":"https:\/\/www.blogsoestado.com\/ruypalhano\/2015\/05\/04\/prevencao-de-recaidas-no-tratamento-das-doencas-mentais-i\/#breadcrumb","itemListElement":[{"@type":"ListItem","position":1,"name":"In\u00edcio","item":"https:\/\/www.blogsoestado.com\/ruypalhano\/"},{"@type":"ListItem","position":2,"name":"Preven\u00e7\u00e3o de Reca\u00eddas no Tratamento das Doen\u00e7as Mentais II"}]},{"@type":"WebSite","@id":"https:\/\/www.blogsoestado.com\/ruypalhano\/#website","url":"https:\/\/www.blogsoestado.com\/ruypalhano\/","name":"Ruy Palhano","description":"","potentialAction":[{"@type":"SearchAction","target":{"@type":"EntryPoint","urlTemplate":"https:\/\/www.blogsoestado.com\/ruypalhano\/?s={search_term_string}"},"query-input":{"@type":"PropertyValueSpecification","valueRequired":true,"valueName":"search_term_string"}}],"inLanguage":"pt-BR"},{"@type":"Person","@id":"https:\/\/www.blogsoestado.com\/ruypalhano\/#\/schema\/person\/ef49e08ec3e742dec1682f34674f2c84","name":"Ruy Palhano","image":{"@type":"ImageObject","inLanguage":"pt-BR","@id":"https:\/\/www.blogsoestado.com\/ruypalhano\/#\/schema\/person\/image\/","url":"https:\/\/secure.gravatar.com\/avatar\/d08170dc68d65048f069f40789786091e8b070aa02b0d2e514ddd0244c684a5a?s=96&d=mm&r=g","contentUrl":"https:\/\/secure.gravatar.com\/avatar\/d08170dc68d65048f069f40789786091e8b070aa02b0d2e514ddd0244c684a5a?s=96&d=mm&r=g","caption":"Ruy Palhano"},"url":"https:\/\/www.blogsoestado.com\/ruypalhano\/author\/ruypalhano\/"}]}},"jetpack_featured_media_url":"","_links":{"self":[{"href":"https:\/\/www.blogsoestado.com\/ruypalhano\/wp-json\/wp\/v2\/posts\/747","targetHints":{"allow":["GET"]}}],"collection":[{"href":"https:\/\/www.blogsoestado.com\/ruypalhano\/wp-json\/wp\/v2\/posts"}],"about":[{"href":"https:\/\/www.blogsoestado.com\/ruypalhano\/wp-json\/wp\/v2\/types\/post"}],"author":[{"embeddable":true,"href":"https:\/\/www.blogsoestado.com\/ruypalhano\/wp-json\/wp\/v2\/users\/3"}],"replies":[{"embeddable":true,"href":"https:\/\/www.blogsoestado.com\/ruypalhano\/wp-json\/wp\/v2\/comments?post=747"}],"version-history":[{"count":0,"href":"https:\/\/www.blogsoestado.com\/ruypalhano\/wp-json\/wp\/v2\/posts\/747\/revisions"}],"wp:attachment":[{"href":"https:\/\/www.blogsoestado.com\/ruypalhano\/wp-json\/wp\/v2\/media?parent=747"}],"wp:term":[{"taxonomy":"category","embeddable":true,"href":"https:\/\/www.blogsoestado.com\/ruypalhano\/wp-json\/wp\/v2\/categories?post=747"},{"taxonomy":"post_tag","embeddable":true,"href":"https:\/\/www.blogsoestado.com\/ruypalhano\/wp-json\/wp\/v2\/tags?post=747"}],"curies":[{"name":"wp","href":"https:\/\/api.w.org\/{rel}","templated":true}]}}