{"id":760,"date":"2015-05-11T15:46:53","date_gmt":"2015-05-11T18:46:53","guid":{"rendered":"https:\/\/www.blogsoestado.com\/ruypalhano\/?p=760"},"modified":"2015-05-11T15:46:53","modified_gmt":"2015-05-11T18:46:53","slug":"a-propaganda-de-bebida-alcoolica-as-tragedias-e-a-reacao-socia","status":"publish","type":"post","link":"https:\/\/www.blogsoestado.com\/ruypalhano\/2015\/05\/11\/a-propaganda-de-bebida-alcoolica-as-tragedias-e-a-reacao-socia\/","title":{"rendered":"A propaganda de bebida alco\u00f3lica, as trag\u00e9dias e a rea\u00e7\u00e3o socia"},"content":{"rendered":"<p>A propaganda de bebida alco\u00f3lica, as trag\u00e9dias e a rea\u00e7\u00e3o social\u00a0\u00a0\u00a0\u00a0\u00a0\u00a0\u00a0\u00a0\u00a0\u00a0 H\u00e1 uns 10 dias, nossa cidade fora mais uma vez foi abalada por uma trag\u00e9dia, ao ser anunciada a morte de Laura Burnett Mar\u00e3o, uma crian\u00e7a de apenas 8 anos de idade, que nem come\u00e7ou a viver que, na companhia de seu pais, fora v\u00edtima de mais um grave abalroamento entre o ve\u00edculo que a conduzia e outro dirigido por uma pessoa em estado de embriaguez alco\u00f3lica.<\/p>\n<p>Junto a Laura, se v\u00e3o milhares de outras v\u00edtimas nessas mesmas condi\u00e7\u00f5es diariamente nesse pa\u00eds. V\u00e3o-se sonhos, esperan\u00e7a, e ficam a imensa dor e a tristeza insuper\u00e1vel de se perder um filho, uma filha ou um ente querido nessas condi\u00e7\u00f5es inaceit\u00e1veis. Pais, filhos, m\u00e3es, e muitas outras pessoas em estado deplor\u00e1veis por verem seus entes queridos sumirem, como um sopro de m\u00e1gica, desaparecerem na vida. Como Laura, s\u00e3o milhares de pessoas, que j\u00e1 n\u00e3o est\u00e3o mais conosco, porque, algu\u00e9m embriagado, irresponsavelmente sem qualquer condi\u00e7\u00e3o de dirigir um ve\u00edculo, lan\u00e7a o contra outrem, que esperava viver mais. Estima-se que no Brasil 45 mil pessoas, morram anualmente nessas condi\u00e7\u00f5es.<\/p>\n<p>Em consequ\u00eancia dessas trag\u00e9dias, ontem a litor\u00e2nea foi sede de mais manifesta\u00e7\u00f5es sociais, de apoio e de solidariedade \u00e0 fam\u00edlia de Laura e de milhares de outras v\u00edtimas desses acontecimentos. A Avenida, repleta de pessoas que foram solidarizar-se com a fam\u00edlia dessa crian\u00e7a e com todas as outras fam\u00edlias v\u00edtimas dessas trag\u00e9dias e que no fundo alimentam uma grande esperan\u00e7a de n\u00e3o se v\u00ea mais isso em nosso cotidiano. Esperan\u00e7a de termos medidas mais ostensivas e que sejam aplicadas \u00e1s pessoas que irresponsavelmente tiram a vida dos outros protegidos por um manto da impunibilidade e do esquecimento.<\/p>\n<p>Pessoalmente acho que temos que continuar avan\u00e7ando no rumo de medidas mais ostensivas, mais preventivas e mais educativas que nos auxiliem a lidar melhor com tais problemas, muito embora se reconhe\u00e7a que se avan\u00e7ou nessa \u00e1rea nos \u00faltimos 5 anos. Temos hoje leis mais pontuais, mais duras definindo medidas mais efetivas, que est\u00e3o sendo aplicadas em nosso territ\u00f3rio nacional para controlar todos esses abusos e transgress\u00f5es \u00e1 vida e as regras sociais.<\/p>\n<p>Algumas dessas medidas funcionam outras n\u00e3o, pela fiscaliza\u00e7\u00e3o deficiente na aplicabilidade dessas medidas, ou ainda pelo exagerado abrandamento das penalidades sobre os que transgridem, de forma grave, as regras e as leis que existem nesse contexto. Por\u00e9m, h\u00e1 uma situa\u00e7\u00e3o que me parece intoc\u00e1vel, \u00e1 vista do que \u00e9 feito no sentido de controlar o uso de \u00e1lcool em diferentes contextos, qual seja, a perman\u00eancia da vigorosa propaganda de bebidas alco\u00f3licas em nossos meios de comunica\u00e7\u00e3o. Quanto a isso, nos d\u00e1 a impress\u00e3o que estamos diante de algo sagrado, intoc\u00e1vel, pois ningu\u00e9m ousa mexer um dedo sequer, nas diferentes \u00e1reas do poder, para se alterar essa quest\u00e3o.<\/p>\n<p>Todos sabem do grande impacto que estas propagandas exercem quanto ao consumo de \u00e1lcool pela popula\u00e7\u00e3o e os danos que esse consumo ocasiona \u00e1 sa\u00fade p\u00fablica, ao bem estar social, \u00e1 seguran\u00e7a da popula\u00e7\u00e3o, aos custos previdenci\u00e1rio, \u00e1 economia e ao setor trabalhista deste pa\u00eds. H\u00e1 incongru\u00eancias estabelecidas na acintosa permissividade de se fazer propaganda de bebidas alco\u00f3lica, ante os \u00edndices alarmantes e assustadores das mazelas de todos os tipos ocasionados pelo consumo de \u00e1lcool. E, a quest\u00e3o \u00e9 mais relevante ao se verificar que essa propaganda \u00e9 feita em um pa\u00eds como nosso, que tem uma popula\u00e7\u00e3o predominantemente jovem, o seguimento mais influenciado diretamente por essas propagandas.<\/p>\n<p>S\u00f3 para os senhores terem uma ideia, h\u00e1 altos \u00edndices de suic\u00eddio entre jovens usu\u00e1rios e dependentes de \u00e1lcool; 13% dos que bebem s\u00e3o dependentes; 45% dos leitos hospitalares brasileiros s\u00e3o ocupados por algu\u00e9m com problema relacionado ao consumo de \u00e1lcool; que 75% dos acidentes automobil\u00edsticos com resultados fatais envolvem motorista que dirigia embriagado; mais da metade dos leitos dos hospitais psiqui\u00e1tricos t\u00eam algu\u00e9m com doen\u00e7as alco\u00f3licas; e, 90% dos homic\u00eddios ocorrem ap\u00f3s ingest\u00e3o de \u00e1lcool. Volto a dizer s\u00e3o 45 mil pessoa que morre anualmente ocasionado por um motorista dirigindo embriagado.<\/p>\n<p>S\u00e3o \u00edndices assustadores que deveriam ser levados em conta quando se analisa a propaganda de bebida alco\u00f3lica, cuja capacidade de influenciar condutas no sentido de induzir o consumo \u00e9 ineg\u00e1vel, sobretudo entre os jovens. Esses, com idade entre 14 e 17 anos responde por 6% de todo o consumo anual de \u00e1lcool do pa\u00eds. O n\u00famero \u00e9 preocupante, j\u00e1 que a lei pro\u00edbe o consumo de bebidas alco\u00f3licas entre menores de 18 anos. Jovens de 18 a 29 anos s\u00e3o respons\u00e1veis por 40% do consumo de \u00e1lcool e, segundo o IBGE, esse grupo representa 22% (1\/5) da popula\u00e7\u00e3o brasileira.<\/p>\n<p>Outro n\u00famero estarrecedor, 7% da popula\u00e7\u00e3o jovem brasileira com at\u00e9 17 anos, j\u00e1 s\u00e3o dependentes de \u00e1lcool, isto \u00e9, s\u00e3o alco\u00f3latras.\u00a0 Se pensarmos que apenas pouco mais de 60% da popula\u00e7\u00e3o bebe 40% de todo o consumo anual de \u00e1lcool e, mais ainda, que s\u00e3o jovens, fica evidente o risco representado pela publicidade que cada vez mais se volta para esse p\u00fablico.<\/p>\n<p>Evidentemente, for\u00e7as econ\u00f4micas poderos\u00edssimas est\u00e3o por tr\u00e1s das decis\u00f5es pol\u00edticas de n\u00e3o se tratar nem de proibir essas propagandas. Sei que a ind\u00fastria gasta, anualmente, 30 bilh\u00f5es de d\u00f3lares com publicidade e que emprega 30 mil pessoas de forma direta nesse neg\u00f3cio. Um neg\u00f3cio gigantesco. S\u00f3 que os custos m\u00e9dicos, sociais, econ\u00f4micos e outros j\u00e1 apontados acima, deveriam funcionar pelo menos como um incentivador para o debate p\u00fablico sobre essa quest\u00e3o, se n\u00e3o, pelo menos, incentivar um debate \u00e9tico sobre propaganda dessa droga nesse pa\u00eds.<\/p>\n<p>Quero finalmente me solidarizar com Laura e com sua fam\u00edlia com a de todos os milhares de outras fam\u00edlias que nesse pa\u00eds est\u00e3o passando por essa dor insuport\u00e1vel, por perder um filho, uma filha ou um ente querido, nessas condi\u00e7\u00f5es. E, \u00e9 com muito pesar e tristeza que digo, vamos nos mobilizar cada vez mais para pressionarmos essas autoridades constitu\u00eddas a combaterem de forma mais ostensiva o consumo de \u00e1lcool em nossas cidades e com isso, evitar trag\u00e9dia como a que houve com Laura e com sua fam\u00edlia, que nos atingiu a todos.<\/p>\n","protected":false},"excerpt":{"rendered":"<p>A propaganda de bebida alco\u00f3lica, as trag\u00e9dias e a rea\u00e7\u00e3o social\u00a0\u00a0\u00a0\u00a0\u00a0\u00a0\u00a0\u00a0\u00a0\u00a0 H\u00e1 uns 10 dias, nossa cidade fora mais uma [&hellip;]<\/p>\n","protected":false},"author":3,"featured_media":0,"comment_status":"open","ping_status":"open","sticky":false,"template":"","format":"standard","meta":{"site-sidebar-layout":"default","site-content-layout":"","ast-site-content-layout":"default","site-content-style":"default","site-sidebar-style":"default","ast-global-header-display":"","ast-banner-title-visibility":"","ast-main-header-display":"","ast-hfb-above-header-display":"","ast-hfb-below-header-display":"","ast-hfb-mobile-header-display":"","site-post-title":"","ast-breadcrumbs-content":"","ast-featured-img":"","footer-sml-layout":"","ast-disable-related-posts":"","theme-transparent-header-meta":"","adv-header-id-meta":"","stick-header-meta":"","header-above-stick-meta":"","header-main-stick-meta":"","header-below-stick-meta":"","astra-migrate-meta-layouts":"default","ast-page-background-enabled":"default","ast-page-background-meta":{"desktop":{"background-color":"var(--ast-global-color-5)","background-image":"","background-repeat":"repeat","background-position":"center center","background-size":"auto","background-attachment":"scroll","background-type":"","background-media":"","overlay-type":"","overlay-color":"","overlay-opacity":"","overlay-gradient":""},"tablet":{"background-color":"","background-image":"","background-repeat":"repeat","background-position":"center center","background-size":"auto","background-attachment":"scroll","background-type":"","background-media":"","overlay-type":"","overlay-color":"","overlay-opacity":"","overlay-gradient":""},"mobile":{"background-color":"","background-image":"","background-repeat":"repeat","background-position":"center center","background-size":"auto","background-attachment":"scroll","background-type":"","background-media":"","overlay-type":"","overlay-color":"","overlay-opacity":"","overlay-gradient":""}},"ast-content-background-meta":{"desktop":{"background-color":"var(--ast-global-color-4)","background-image":"","background-repeat":"repeat","background-position":"center center","background-size":"auto","background-attachment":"scroll","background-type":"","background-media":"","overlay-type":"","overlay-color":"","overlay-opacity":"","overlay-gradient":""},"tablet":{"background-color":"var(--ast-global-color-4)","background-image":"","background-repeat":"repeat","background-position":"center center","background-size":"auto","background-attachment":"scroll","background-type":"","background-media":"","overlay-type":"","overlay-color":"","overlay-opacity":"","overlay-gradient":""},"mobile":{"background-color":"var(--ast-global-color-4)","background-image":"","background-repeat":"repeat","background-position":"center center","background-size":"auto","background-attachment":"scroll","background-type":"","background-media":"","overlay-type":"","overlay-color":"","overlay-opacity":"","overlay-gradient":""}},"footnotes":""},"categories":[3,4,6],"tags":[],"class_list":["post-760","post","type-post","status-publish","format-standard","hentry","category-comportamento","category-dependencia-quimica","category-politica-publica"],"yoast_head":"<!-- This site is optimized with the Yoast SEO plugin v26.6 - https:\/\/yoast.com\/wordpress\/plugins\/seo\/ -->\n<title>A propaganda de bebida alco\u00f3lica, as trag\u00e9dias e a rea\u00e7\u00e3o socia - Ruy Palhano<\/title>\n<meta name=\"robots\" content=\"index, follow, max-snippet:-1, max-image-preview:large, max-video-preview:-1\" \/>\n<link rel=\"canonical\" href=\"https:\/\/www.blogsoestado.com\/ruypalhano\/2015\/05\/11\/a-propaganda-de-bebida-alcoolica-as-tragedias-e-a-reacao-socia\/\" \/>\n<meta property=\"og:locale\" content=\"pt_BR\" \/>\n<meta property=\"og:type\" content=\"article\" \/>\n<meta property=\"og:title\" content=\"A propaganda de bebida alco\u00f3lica, as trag\u00e9dias e a rea\u00e7\u00e3o socia - Ruy Palhano\" \/>\n<meta property=\"og:description\" content=\"A propaganda de bebida alco\u00f3lica, as trag\u00e9dias e a rea\u00e7\u00e3o social\u00a0\u00a0\u00a0\u00a0\u00a0\u00a0\u00a0\u00a0\u00a0\u00a0 H\u00e1 uns 10 dias, nossa cidade fora mais uma [&hellip;]\" \/>\n<meta property=\"og:url\" content=\"https:\/\/www.blogsoestado.com\/ruypalhano\/2015\/05\/11\/a-propaganda-de-bebida-alcoolica-as-tragedias-e-a-reacao-socia\/\" \/>\n<meta property=\"og:site_name\" content=\"Ruy Palhano\" \/>\n<meta property=\"article:published_time\" content=\"2015-05-11T18:46:53+00:00\" \/>\n<meta name=\"author\" content=\"Ruy Palhano\" \/>\n<meta name=\"twitter:card\" content=\"summary_large_image\" \/>\n<meta name=\"twitter:label1\" content=\"Escrito por\" \/>\n\t<meta name=\"twitter:data1\" content=\"Ruy Palhano\" \/>\n\t<meta name=\"twitter:label2\" content=\"Est. tempo de leitura\" \/>\n\t<meta name=\"twitter:data2\" content=\"5 minutos\" \/>\n<script type=\"application\/ld+json\" class=\"yoast-schema-graph\">{\"@context\":\"https:\/\/schema.org\",\"@graph\":[{\"@type\":\"WebPage\",\"@id\":\"https:\/\/www.blogsoestado.com\/ruypalhano\/2015\/05\/11\/a-propaganda-de-bebida-alcoolica-as-tragedias-e-a-reacao-socia\/\",\"url\":\"https:\/\/www.blogsoestado.com\/ruypalhano\/2015\/05\/11\/a-propaganda-de-bebida-alcoolica-as-tragedias-e-a-reacao-socia\/\",\"name\":\"A propaganda de bebida alco\u00f3lica, as trag\u00e9dias e a rea\u00e7\u00e3o socia - Ruy Palhano\",\"isPartOf\":{\"@id\":\"https:\/\/www.blogsoestado.com\/ruypalhano\/#website\"},\"datePublished\":\"2015-05-11T18:46:53+00:00\",\"author\":{\"@id\":\"https:\/\/www.blogsoestado.com\/ruypalhano\/#\/schema\/person\/ef49e08ec3e742dec1682f34674f2c84\"},\"breadcrumb\":{\"@id\":\"https:\/\/www.blogsoestado.com\/ruypalhano\/2015\/05\/11\/a-propaganda-de-bebida-alcoolica-as-tragedias-e-a-reacao-socia\/#breadcrumb\"},\"inLanguage\":\"pt-BR\",\"potentialAction\":[{\"@type\":\"ReadAction\",\"target\":[\"https:\/\/www.blogsoestado.com\/ruypalhano\/2015\/05\/11\/a-propaganda-de-bebida-alcoolica-as-tragedias-e-a-reacao-socia\/\"]}]},{\"@type\":\"BreadcrumbList\",\"@id\":\"https:\/\/www.blogsoestado.com\/ruypalhano\/2015\/05\/11\/a-propaganda-de-bebida-alcoolica-as-tragedias-e-a-reacao-socia\/#breadcrumb\",\"itemListElement\":[{\"@type\":\"ListItem\",\"position\":1,\"name\":\"In\u00edcio\",\"item\":\"https:\/\/www.blogsoestado.com\/ruypalhano\/\"},{\"@type\":\"ListItem\",\"position\":2,\"name\":\"A propaganda de bebida alco\u00f3lica, as trag\u00e9dias e a rea\u00e7\u00e3o socia\"}]},{\"@type\":\"WebSite\",\"@id\":\"https:\/\/www.blogsoestado.com\/ruypalhano\/#website\",\"url\":\"https:\/\/www.blogsoestado.com\/ruypalhano\/\",\"name\":\"Ruy Palhano\",\"description\":\"\",\"potentialAction\":[{\"@type\":\"SearchAction\",\"target\":{\"@type\":\"EntryPoint\",\"urlTemplate\":\"https:\/\/www.blogsoestado.com\/ruypalhano\/?s={search_term_string}\"},\"query-input\":{\"@type\":\"PropertyValueSpecification\",\"valueRequired\":true,\"valueName\":\"search_term_string\"}}],\"inLanguage\":\"pt-BR\"},{\"@type\":\"Person\",\"@id\":\"https:\/\/www.blogsoestado.com\/ruypalhano\/#\/schema\/person\/ef49e08ec3e742dec1682f34674f2c84\",\"name\":\"Ruy Palhano\",\"image\":{\"@type\":\"ImageObject\",\"inLanguage\":\"pt-BR\",\"@id\":\"https:\/\/www.blogsoestado.com\/ruypalhano\/#\/schema\/person\/image\/\",\"url\":\"https:\/\/secure.gravatar.com\/avatar\/d08170dc68d65048f069f40789786091e8b070aa02b0d2e514ddd0244c684a5a?s=96&d=mm&r=g\",\"contentUrl\":\"https:\/\/secure.gravatar.com\/avatar\/d08170dc68d65048f069f40789786091e8b070aa02b0d2e514ddd0244c684a5a?s=96&d=mm&r=g\",\"caption\":\"Ruy Palhano\"},\"url\":\"https:\/\/www.blogsoestado.com\/ruypalhano\/author\/ruypalhano\/\"}]}<\/script>\n<!-- \/ Yoast SEO plugin. -->","yoast_head_json":{"title":"A propaganda de bebida alco\u00f3lica, as trag\u00e9dias e a rea\u00e7\u00e3o socia - Ruy Palhano","robots":{"index":"index","follow":"follow","max-snippet":"max-snippet:-1","max-image-preview":"max-image-preview:large","max-video-preview":"max-video-preview:-1"},"canonical":"https:\/\/www.blogsoestado.com\/ruypalhano\/2015\/05\/11\/a-propaganda-de-bebida-alcoolica-as-tragedias-e-a-reacao-socia\/","og_locale":"pt_BR","og_type":"article","og_title":"A propaganda de bebida alco\u00f3lica, as trag\u00e9dias e a rea\u00e7\u00e3o socia - Ruy Palhano","og_description":"A propaganda de bebida alco\u00f3lica, as trag\u00e9dias e a rea\u00e7\u00e3o social\u00a0\u00a0\u00a0\u00a0\u00a0\u00a0\u00a0\u00a0\u00a0\u00a0 H\u00e1 uns 10 dias, nossa cidade fora mais uma [&hellip;]","og_url":"https:\/\/www.blogsoestado.com\/ruypalhano\/2015\/05\/11\/a-propaganda-de-bebida-alcoolica-as-tragedias-e-a-reacao-socia\/","og_site_name":"Ruy Palhano","article_published_time":"2015-05-11T18:46:53+00:00","author":"Ruy Palhano","twitter_card":"summary_large_image","twitter_misc":{"Escrito por":"Ruy Palhano","Est. tempo de leitura":"5 minutos"},"schema":{"@context":"https:\/\/schema.org","@graph":[{"@type":"WebPage","@id":"https:\/\/www.blogsoestado.com\/ruypalhano\/2015\/05\/11\/a-propaganda-de-bebida-alcoolica-as-tragedias-e-a-reacao-socia\/","url":"https:\/\/www.blogsoestado.com\/ruypalhano\/2015\/05\/11\/a-propaganda-de-bebida-alcoolica-as-tragedias-e-a-reacao-socia\/","name":"A propaganda de bebida alco\u00f3lica, as trag\u00e9dias e a rea\u00e7\u00e3o socia - Ruy Palhano","isPartOf":{"@id":"https:\/\/www.blogsoestado.com\/ruypalhano\/#website"},"datePublished":"2015-05-11T18:46:53+00:00","author":{"@id":"https:\/\/www.blogsoestado.com\/ruypalhano\/#\/schema\/person\/ef49e08ec3e742dec1682f34674f2c84"},"breadcrumb":{"@id":"https:\/\/www.blogsoestado.com\/ruypalhano\/2015\/05\/11\/a-propaganda-de-bebida-alcoolica-as-tragedias-e-a-reacao-socia\/#breadcrumb"},"inLanguage":"pt-BR","potentialAction":[{"@type":"ReadAction","target":["https:\/\/www.blogsoestado.com\/ruypalhano\/2015\/05\/11\/a-propaganda-de-bebida-alcoolica-as-tragedias-e-a-reacao-socia\/"]}]},{"@type":"BreadcrumbList","@id":"https:\/\/www.blogsoestado.com\/ruypalhano\/2015\/05\/11\/a-propaganda-de-bebida-alcoolica-as-tragedias-e-a-reacao-socia\/#breadcrumb","itemListElement":[{"@type":"ListItem","position":1,"name":"In\u00edcio","item":"https:\/\/www.blogsoestado.com\/ruypalhano\/"},{"@type":"ListItem","position":2,"name":"A propaganda de bebida alco\u00f3lica, as trag\u00e9dias e a rea\u00e7\u00e3o socia"}]},{"@type":"WebSite","@id":"https:\/\/www.blogsoestado.com\/ruypalhano\/#website","url":"https:\/\/www.blogsoestado.com\/ruypalhano\/","name":"Ruy Palhano","description":"","potentialAction":[{"@type":"SearchAction","target":{"@type":"EntryPoint","urlTemplate":"https:\/\/www.blogsoestado.com\/ruypalhano\/?s={search_term_string}"},"query-input":{"@type":"PropertyValueSpecification","valueRequired":true,"valueName":"search_term_string"}}],"inLanguage":"pt-BR"},{"@type":"Person","@id":"https:\/\/www.blogsoestado.com\/ruypalhano\/#\/schema\/person\/ef49e08ec3e742dec1682f34674f2c84","name":"Ruy Palhano","image":{"@type":"ImageObject","inLanguage":"pt-BR","@id":"https:\/\/www.blogsoestado.com\/ruypalhano\/#\/schema\/person\/image\/","url":"https:\/\/secure.gravatar.com\/avatar\/d08170dc68d65048f069f40789786091e8b070aa02b0d2e514ddd0244c684a5a?s=96&d=mm&r=g","contentUrl":"https:\/\/secure.gravatar.com\/avatar\/d08170dc68d65048f069f40789786091e8b070aa02b0d2e514ddd0244c684a5a?s=96&d=mm&r=g","caption":"Ruy Palhano"},"url":"https:\/\/www.blogsoestado.com\/ruypalhano\/author\/ruypalhano\/"}]}},"jetpack_featured_media_url":"","_links":{"self":[{"href":"https:\/\/www.blogsoestado.com\/ruypalhano\/wp-json\/wp\/v2\/posts\/760","targetHints":{"allow":["GET"]}}],"collection":[{"href":"https:\/\/www.blogsoestado.com\/ruypalhano\/wp-json\/wp\/v2\/posts"}],"about":[{"href":"https:\/\/www.blogsoestado.com\/ruypalhano\/wp-json\/wp\/v2\/types\/post"}],"author":[{"embeddable":true,"href":"https:\/\/www.blogsoestado.com\/ruypalhano\/wp-json\/wp\/v2\/users\/3"}],"replies":[{"embeddable":true,"href":"https:\/\/www.blogsoestado.com\/ruypalhano\/wp-json\/wp\/v2\/comments?post=760"}],"version-history":[{"count":0,"href":"https:\/\/www.blogsoestado.com\/ruypalhano\/wp-json\/wp\/v2\/posts\/760\/revisions"}],"wp:attachment":[{"href":"https:\/\/www.blogsoestado.com\/ruypalhano\/wp-json\/wp\/v2\/media?parent=760"}],"wp:term":[{"taxonomy":"category","embeddable":true,"href":"https:\/\/www.blogsoestado.com\/ruypalhano\/wp-json\/wp\/v2\/categories?post=760"},{"taxonomy":"post_tag","embeddable":true,"href":"https:\/\/www.blogsoestado.com\/ruypalhano\/wp-json\/wp\/v2\/tags?post=760"}],"curies":[{"name":"wp","href":"https:\/\/api.w.org\/{rel}","templated":true}]}}