{"id":805,"date":"2016-10-31T21:14:58","date_gmt":"2016-11-01T00:14:58","guid":{"rendered":"https:\/\/www.blogsoestado.com\/ruypalhano\/?p=805"},"modified":"2016-10-31T21:14:58","modified_gmt":"2016-11-01T00:14:58","slug":"pesquisa-investiga-saude-mental-de-maes-de-bebes-com-microcefalia","status":"publish","type":"post","link":"https:\/\/www.blogsoestado.com\/ruypalhano\/2016\/10\/31\/pesquisa-investiga-saude-mental-de-maes-de-bebes-com-microcefalia\/","title":{"rendered":"Pesquisa investiga sa\u00fade mental de m\u00e3es de beb\u00eas com microcefalia"},"content":{"rendered":"<p style=\"text-align: justify;\">\u00a0 \u00a0 \u00a0 \u00a0 \u00a0 \u00a0 \u00a0Cuidar de quem cuida. Esta \u00e9 a linha de um estudo in\u00e9dito realizado por pesquisadores do Hospital Oswaldo Cruz (Huoc), que fica no bairro de Santo Amaro, \u00e1rea central do Recife, sobre a sa\u00fade mental de m\u00e3es de beb\u00eas com microcefalia. O projeto, realizado por m\u00e9dicos de v\u00e1rias \u00e1reas do hospital, foi submetido ao Conselho Nacional de Desenvolvimento Cient\u00edfico e Tecnol\u00f3gico (CNPq) e ao Comit\u00ea de \u00c9tica em Pesquisa da Universidade de Pernambuco para aprova\u00e7\u00e3o na segunda-feira (29).<\/p>\n<p style=\"text-align: justify;\">\u00a0 \u00a0 \u00a0 \u00a0 \u00a0 \u00a0 Cuidar de quem cuida. Esta \u00e9 a linha de um estudo in\u00e9dito realizado por pesquisadores do Hospital Oswaldo Cruz (Huoc), que fica no bairro de Santo Amaro, \u00e1rea central do Recife, sobre a sa\u00fade mental de m\u00e3es de beb\u00eas com microcefalia. O projeto, realizado por m\u00e9dicos de v\u00e1rias \u00e1reas do hospital, foi submetido ao Conselho Nacional de Desenvolvimento Cient\u00edfico e Tecnol\u00f3gico (CNPq) e ao Comit\u00ea de \u00c9tica em Pesquisa da Universidade de Pernambuco para aprova\u00e7\u00e3o na segunda-feira (29).<\/p>\n<p style=\"text-align: justify;\">\u00a0 \u00a0 \u00a0 \u00a0 \u00a0 \u00a0 A pesquisa \u00e9 coordenada pela psiquiatra do Huoc e pesquisadora K\u00e1tia Petrib\u00fa, que desenvolveu a tem\u00e1tica a partir da pr\u00f3pria experi\u00eancia nos corredores da unidade de sa\u00fade. &#8220;Eu trabalho h\u00e1 21 anos no hospital e passo quase que diariamente pela pediatria. Eu nunca tinha visto tanta desola\u00e7\u00e3o como no caso das m\u00e3es de beb\u00eas com microcefalia. Elas tinham um olhar de choque, perplexidade. Foi a partir deste comportamento que resolvi dar in\u00edcio ao estudo&#8221;, afirma a psiquiatra.<\/p>\n<p style=\"text-align: justify;\">\u00a0 \u00a0 \u00a0 \u00a0 \u00a0 \u00a0 \u00a0A metodologia de pesquisa j\u00e1 havia come\u00e7ado de maneira mais informal com conversas na sala de espera; cerca de 40 m\u00e3es participaram desta primeira parte. O estudo vai ser dividido entre m\u00e3es de beb\u00eas com microcefalia e m\u00e3es de beb\u00eas sem a malforma\u00e7\u00e3o, que nasceram no mesmo per\u00edodo, para fazer um quadro comparativo. A primeira parte da pesquisa vai estudar beb\u00eas com at\u00e9 20 semanas e, nas seguintes, crian\u00e7as de 1 ano a 1 ano e meio.<\/p>\n<p style=\"text-align: justify;\">\u00a0 \u00a0 \u00a0 \u00a0 \u00a0 \u00a0 \u00a0Em boletim divulgado pela Secretaria de Sa\u00fade nesta ter\u00e7a (1\u00ba), foram contabilizados 1.672 casos notificados de beb\u00eas com microcefalia em Pernambuco. Destes, 215 foram confirmados como tendo realmente a malforma\u00e7\u00e3o atrav\u00e9s de exames de imagem.<\/p>\n<p style=\"text-align: justify;\">&#8220;A gente precisa fazer algo por elas. Na maioria das vezes, s\u00f3 sabemos de caso de depress\u00e3o p\u00f3s-parto. Esses beb\u00eas, por exemplo, n\u00e3o se desenvolvem da mesma forma porque a m\u00e3e n\u00e3o d\u00e1 o mesmo afeto, a mesma estimula\u00e7\u00e3o. Em casos de beb\u00eas com algum problema de sa\u00fade o risco do adoecimento mental dessas m\u00e3es cresce in\u00fameras propor\u00e7\u00f5es. Se a m\u00e3e n\u00e3o estiver bem, logo, o beb\u00ea tamb\u00e9m n\u00e3o ficar\u00e1&#8221;, pondera.<\/p>\n<p style=\"text-align: justify;\">Nessa semana, de acordo com a m\u00e9dica, m\u00e3es de beb\u00eas com microcefalia receber\u00e3o atendimento psiqui\u00e1trico gratuito no ambulat\u00f3rio do hospital. Haver\u00e1 tamb\u00e9m um grupo de psicoterapia duas vezes por semana na unidade de sa\u00fade. O Grupo de Ajuda \u00e0 Crian\u00e7a Carente com C\u00e2ncer (GAC) tamb\u00e9m deve treinar volunt\u00e1rias para darem assist\u00eancias a essas m\u00e3es com orienta\u00e7\u00f5es dentro do hospital.<\/p>\n<p>Fonte: ABP<\/p>\n<p>http:\/\/www.abp.org.br\/portal\/imprensa\/clipping-2\/<\/p>\n<p>&nbsp;<\/p>\n","protected":false},"excerpt":{"rendered":"<p>\u00a0 \u00a0 \u00a0 \u00a0 \u00a0 \u00a0 \u00a0Cuidar de quem cuida. Esta \u00e9 a linha de um estudo in\u00e9dito realizado por [&hellip;]<\/p>\n","protected":false},"author":3,"featured_media":0,"comment_status":"open","ping_status":"open","sticky":false,"template":"","format":"standard","meta":{"site-sidebar-layout":"default","site-content-layout":"","ast-site-content-layout":"default","site-content-style":"default","site-sidebar-style":"default","ast-global-header-display":"","ast-banner-title-visibility":"","ast-main-header-display":"","ast-hfb-above-header-display":"","ast-hfb-below-header-display":"","ast-hfb-mobile-header-display":"","site-post-title":"","ast-breadcrumbs-content":"","ast-featured-img":"","footer-sml-layout":"","ast-disable-related-posts":"","theme-transparent-header-meta":"","adv-header-id-meta":"","stick-header-meta":"","header-above-stick-meta":"","header-main-stick-meta":"","header-below-stick-meta":"","astra-migrate-meta-layouts":"default","ast-page-background-enabled":"default","ast-page-background-meta":{"desktop":{"background-color":"var(--ast-global-color-5)","background-image":"","background-repeat":"repeat","background-position":"center center","background-size":"auto","background-attachment":"scroll","background-type":"","background-media":"","overlay-type":"","overlay-color":"","overlay-opacity":"","overlay-gradient":""},"tablet":{"background-color":"","background-image":"","background-repeat":"repeat","background-position":"center center","background-size":"auto","background-attachment":"scroll","background-type":"","background-media":"","overlay-type":"","overlay-color":"","overlay-opacity":"","overlay-gradient":""},"mobile":{"background-color":"","background-image":"","background-repeat":"repeat","background-position":"center center","background-size":"auto","background-attachment":"scroll","background-type":"","background-media":"","overlay-type":"","overlay-color":"","overlay-opacity":"","overlay-gradient":""}},"ast-content-background-meta":{"desktop":{"background-color":"var(--ast-global-color-4)","background-image":"","background-repeat":"repeat","background-position":"center center","background-size":"auto","background-attachment":"scroll","background-type":"","background-media":"","overlay-type":"","overlay-color":"","overlay-opacity":"","overlay-gradient":""},"tablet":{"background-color":"var(--ast-global-color-4)","background-image":"","background-repeat":"repeat","background-position":"center center","background-size":"auto","background-attachment":"scroll","background-type":"","background-media":"","overlay-type":"","overlay-color":"","overlay-opacity":"","overlay-gradient":""},"mobile":{"background-color":"var(--ast-global-color-4)","background-image":"","background-repeat":"repeat","background-position":"center center","background-size":"auto","background-attachment":"scroll","background-type":"","background-media":"","overlay-type":"","overlay-color":"","overlay-opacity":"","overlay-gradient":""}},"footnotes":""},"categories":[2,3,6,7],"tags":[],"class_list":["post-805","post","type-post","status-publish","format-standard","hentry","category-alcoolismo","category-comportamento","category-politica-publica","category-saude-mental"],"yoast_head":"<!-- This site is optimized with the Yoast SEO plugin v26.6 - https:\/\/yoast.com\/wordpress\/plugins\/seo\/ -->\n<title>Pesquisa investiga sa\u00fade mental de m\u00e3es de beb\u00eas com microcefalia - Ruy Palhano<\/title>\n<meta name=\"robots\" content=\"index, follow, max-snippet:-1, max-image-preview:large, max-video-preview:-1\" \/>\n<link rel=\"canonical\" href=\"https:\/\/www.blogsoestado.com\/ruypalhano\/2016\/10\/31\/pesquisa-investiga-saude-mental-de-maes-de-bebes-com-microcefalia\/\" \/>\n<meta property=\"og:locale\" content=\"pt_BR\" \/>\n<meta property=\"og:type\" content=\"article\" \/>\n<meta property=\"og:title\" content=\"Pesquisa investiga sa\u00fade mental de m\u00e3es de beb\u00eas com microcefalia - Ruy Palhano\" \/>\n<meta property=\"og:description\" content=\"\u00a0 \u00a0 \u00a0 \u00a0 \u00a0 \u00a0 \u00a0Cuidar de quem cuida. Esta \u00e9 a linha de um estudo in\u00e9dito realizado por [&hellip;]\" \/>\n<meta property=\"og:url\" content=\"https:\/\/www.blogsoestado.com\/ruypalhano\/2016\/10\/31\/pesquisa-investiga-saude-mental-de-maes-de-bebes-com-microcefalia\/\" \/>\n<meta property=\"og:site_name\" content=\"Ruy Palhano\" \/>\n<meta property=\"article:published_time\" content=\"2016-11-01T00:14:58+00:00\" \/>\n<meta name=\"author\" content=\"Ruy Palhano\" \/>\n<meta name=\"twitter:card\" content=\"summary_large_image\" \/>\n<meta name=\"twitter:label1\" content=\"Escrito por\" \/>\n\t<meta name=\"twitter:data1\" content=\"Ruy Palhano\" \/>\n\t<meta name=\"twitter:label2\" content=\"Est. tempo de leitura\" \/>\n\t<meta name=\"twitter:data2\" content=\"3 minutos\" \/>\n<script type=\"application\/ld+json\" class=\"yoast-schema-graph\">{\"@context\":\"https:\/\/schema.org\",\"@graph\":[{\"@type\":\"WebPage\",\"@id\":\"https:\/\/www.blogsoestado.com\/ruypalhano\/2016\/10\/31\/pesquisa-investiga-saude-mental-de-maes-de-bebes-com-microcefalia\/\",\"url\":\"https:\/\/www.blogsoestado.com\/ruypalhano\/2016\/10\/31\/pesquisa-investiga-saude-mental-de-maes-de-bebes-com-microcefalia\/\",\"name\":\"Pesquisa investiga sa\u00fade mental de m\u00e3es de beb\u00eas com microcefalia - Ruy Palhano\",\"isPartOf\":{\"@id\":\"https:\/\/www.blogsoestado.com\/ruypalhano\/#website\"},\"datePublished\":\"2016-11-01T00:14:58+00:00\",\"author\":{\"@id\":\"https:\/\/www.blogsoestado.com\/ruypalhano\/#\/schema\/person\/ef49e08ec3e742dec1682f34674f2c84\"},\"breadcrumb\":{\"@id\":\"https:\/\/www.blogsoestado.com\/ruypalhano\/2016\/10\/31\/pesquisa-investiga-saude-mental-de-maes-de-bebes-com-microcefalia\/#breadcrumb\"},\"inLanguage\":\"pt-BR\",\"potentialAction\":[{\"@type\":\"ReadAction\",\"target\":[\"https:\/\/www.blogsoestado.com\/ruypalhano\/2016\/10\/31\/pesquisa-investiga-saude-mental-de-maes-de-bebes-com-microcefalia\/\"]}]},{\"@type\":\"BreadcrumbList\",\"@id\":\"https:\/\/www.blogsoestado.com\/ruypalhano\/2016\/10\/31\/pesquisa-investiga-saude-mental-de-maes-de-bebes-com-microcefalia\/#breadcrumb\",\"itemListElement\":[{\"@type\":\"ListItem\",\"position\":1,\"name\":\"In\u00edcio\",\"item\":\"https:\/\/www.blogsoestado.com\/ruypalhano\/\"},{\"@type\":\"ListItem\",\"position\":2,\"name\":\"Pesquisa investiga sa\u00fade mental de m\u00e3es de beb\u00eas com microcefalia\"}]},{\"@type\":\"WebSite\",\"@id\":\"https:\/\/www.blogsoestado.com\/ruypalhano\/#website\",\"url\":\"https:\/\/www.blogsoestado.com\/ruypalhano\/\",\"name\":\"Ruy Palhano\",\"description\":\"\",\"potentialAction\":[{\"@type\":\"SearchAction\",\"target\":{\"@type\":\"EntryPoint\",\"urlTemplate\":\"https:\/\/www.blogsoestado.com\/ruypalhano\/?s={search_term_string}\"},\"query-input\":{\"@type\":\"PropertyValueSpecification\",\"valueRequired\":true,\"valueName\":\"search_term_string\"}}],\"inLanguage\":\"pt-BR\"},{\"@type\":\"Person\",\"@id\":\"https:\/\/www.blogsoestado.com\/ruypalhano\/#\/schema\/person\/ef49e08ec3e742dec1682f34674f2c84\",\"name\":\"Ruy Palhano\",\"image\":{\"@type\":\"ImageObject\",\"inLanguage\":\"pt-BR\",\"@id\":\"https:\/\/www.blogsoestado.com\/ruypalhano\/#\/schema\/person\/image\/\",\"url\":\"https:\/\/secure.gravatar.com\/avatar\/d08170dc68d65048f069f40789786091e8b070aa02b0d2e514ddd0244c684a5a?s=96&d=mm&r=g\",\"contentUrl\":\"https:\/\/secure.gravatar.com\/avatar\/d08170dc68d65048f069f40789786091e8b070aa02b0d2e514ddd0244c684a5a?s=96&d=mm&r=g\",\"caption\":\"Ruy Palhano\"},\"url\":\"https:\/\/www.blogsoestado.com\/ruypalhano\/author\/ruypalhano\/\"}]}<\/script>\n<!-- \/ Yoast SEO plugin. -->","yoast_head_json":{"title":"Pesquisa investiga sa\u00fade mental de m\u00e3es de beb\u00eas com microcefalia - Ruy Palhano","robots":{"index":"index","follow":"follow","max-snippet":"max-snippet:-1","max-image-preview":"max-image-preview:large","max-video-preview":"max-video-preview:-1"},"canonical":"https:\/\/www.blogsoestado.com\/ruypalhano\/2016\/10\/31\/pesquisa-investiga-saude-mental-de-maes-de-bebes-com-microcefalia\/","og_locale":"pt_BR","og_type":"article","og_title":"Pesquisa investiga sa\u00fade mental de m\u00e3es de beb\u00eas com microcefalia - Ruy Palhano","og_description":"\u00a0 \u00a0 \u00a0 \u00a0 \u00a0 \u00a0 \u00a0Cuidar de quem cuida. Esta \u00e9 a linha de um estudo in\u00e9dito realizado por [&hellip;]","og_url":"https:\/\/www.blogsoestado.com\/ruypalhano\/2016\/10\/31\/pesquisa-investiga-saude-mental-de-maes-de-bebes-com-microcefalia\/","og_site_name":"Ruy Palhano","article_published_time":"2016-11-01T00:14:58+00:00","author":"Ruy Palhano","twitter_card":"summary_large_image","twitter_misc":{"Escrito por":"Ruy Palhano","Est. tempo de leitura":"3 minutos"},"schema":{"@context":"https:\/\/schema.org","@graph":[{"@type":"WebPage","@id":"https:\/\/www.blogsoestado.com\/ruypalhano\/2016\/10\/31\/pesquisa-investiga-saude-mental-de-maes-de-bebes-com-microcefalia\/","url":"https:\/\/www.blogsoestado.com\/ruypalhano\/2016\/10\/31\/pesquisa-investiga-saude-mental-de-maes-de-bebes-com-microcefalia\/","name":"Pesquisa investiga sa\u00fade mental de m\u00e3es de beb\u00eas com microcefalia - Ruy Palhano","isPartOf":{"@id":"https:\/\/www.blogsoestado.com\/ruypalhano\/#website"},"datePublished":"2016-11-01T00:14:58+00:00","author":{"@id":"https:\/\/www.blogsoestado.com\/ruypalhano\/#\/schema\/person\/ef49e08ec3e742dec1682f34674f2c84"},"breadcrumb":{"@id":"https:\/\/www.blogsoestado.com\/ruypalhano\/2016\/10\/31\/pesquisa-investiga-saude-mental-de-maes-de-bebes-com-microcefalia\/#breadcrumb"},"inLanguage":"pt-BR","potentialAction":[{"@type":"ReadAction","target":["https:\/\/www.blogsoestado.com\/ruypalhano\/2016\/10\/31\/pesquisa-investiga-saude-mental-de-maes-de-bebes-com-microcefalia\/"]}]},{"@type":"BreadcrumbList","@id":"https:\/\/www.blogsoestado.com\/ruypalhano\/2016\/10\/31\/pesquisa-investiga-saude-mental-de-maes-de-bebes-com-microcefalia\/#breadcrumb","itemListElement":[{"@type":"ListItem","position":1,"name":"In\u00edcio","item":"https:\/\/www.blogsoestado.com\/ruypalhano\/"},{"@type":"ListItem","position":2,"name":"Pesquisa investiga sa\u00fade mental de m\u00e3es de beb\u00eas com microcefalia"}]},{"@type":"WebSite","@id":"https:\/\/www.blogsoestado.com\/ruypalhano\/#website","url":"https:\/\/www.blogsoestado.com\/ruypalhano\/","name":"Ruy Palhano","description":"","potentialAction":[{"@type":"SearchAction","target":{"@type":"EntryPoint","urlTemplate":"https:\/\/www.blogsoestado.com\/ruypalhano\/?s={search_term_string}"},"query-input":{"@type":"PropertyValueSpecification","valueRequired":true,"valueName":"search_term_string"}}],"inLanguage":"pt-BR"},{"@type":"Person","@id":"https:\/\/www.blogsoestado.com\/ruypalhano\/#\/schema\/person\/ef49e08ec3e742dec1682f34674f2c84","name":"Ruy Palhano","image":{"@type":"ImageObject","inLanguage":"pt-BR","@id":"https:\/\/www.blogsoestado.com\/ruypalhano\/#\/schema\/person\/image\/","url":"https:\/\/secure.gravatar.com\/avatar\/d08170dc68d65048f069f40789786091e8b070aa02b0d2e514ddd0244c684a5a?s=96&d=mm&r=g","contentUrl":"https:\/\/secure.gravatar.com\/avatar\/d08170dc68d65048f069f40789786091e8b070aa02b0d2e514ddd0244c684a5a?s=96&d=mm&r=g","caption":"Ruy Palhano"},"url":"https:\/\/www.blogsoestado.com\/ruypalhano\/author\/ruypalhano\/"}]}},"jetpack_featured_media_url":"","_links":{"self":[{"href":"https:\/\/www.blogsoestado.com\/ruypalhano\/wp-json\/wp\/v2\/posts\/805","targetHints":{"allow":["GET"]}}],"collection":[{"href":"https:\/\/www.blogsoestado.com\/ruypalhano\/wp-json\/wp\/v2\/posts"}],"about":[{"href":"https:\/\/www.blogsoestado.com\/ruypalhano\/wp-json\/wp\/v2\/types\/post"}],"author":[{"embeddable":true,"href":"https:\/\/www.blogsoestado.com\/ruypalhano\/wp-json\/wp\/v2\/users\/3"}],"replies":[{"embeddable":true,"href":"https:\/\/www.blogsoestado.com\/ruypalhano\/wp-json\/wp\/v2\/comments?post=805"}],"version-history":[{"count":0,"href":"https:\/\/www.blogsoestado.com\/ruypalhano\/wp-json\/wp\/v2\/posts\/805\/revisions"}],"wp:attachment":[{"href":"https:\/\/www.blogsoestado.com\/ruypalhano\/wp-json\/wp\/v2\/media?parent=805"}],"wp:term":[{"taxonomy":"category","embeddable":true,"href":"https:\/\/www.blogsoestado.com\/ruypalhano\/wp-json\/wp\/v2\/categories?post=805"},{"taxonomy":"post_tag","embeddable":true,"href":"https:\/\/www.blogsoestado.com\/ruypalhano\/wp-json\/wp\/v2\/tags?post=805"}],"curies":[{"name":"wp","href":"https:\/\/api.w.org\/{rel}","templated":true}]}}