{"id":905,"date":"2018-06-17T08:45:27","date_gmt":"2018-06-17T11:45:27","guid":{"rendered":"https:\/\/www.blogsoestado.com\/ruypalhano\/?p=905"},"modified":"2018-06-17T08:45:27","modified_gmt":"2018-06-17T11:45:27","slug":"avancos-e-retrocessos-em-psiquiatria","status":"publish","type":"post","link":"https:\/\/www.blogsoestado.com\/ruypalhano\/2018\/06\/17\/avancos-e-retrocessos-em-psiquiatria\/","title":{"rendered":"Avan\u00e7os e Retrocessos em Psiquiatria"},"content":{"rendered":"<p>Avan\u00e7os e Retrocessos em Psiquiatria<\/p>\n<p>As doen\u00e7as mentais, inexoravelmente, caminham para uma cronifica\u00e7\u00e3o e essa evolu\u00e7\u00e3o \u00e9 da natureza desses transtornos. Ocorre, que essa evolu\u00e7\u00e3o n\u00e3o \u00e9 prorrogativa \u00fanica das doen\u00e7as psiqui\u00e1tricas, pois, a maioria absoluta das doen\u00e7as humanas, evoluem tamb\u00e9m nesse sentido. Vejam-se as doen\u00e7as metab\u00f3licas, autoimunes, cardiovasculares, renais, hep\u00e1ticas, end\u00f3crinas, reumatol\u00f3gicas e assim por diante.<\/p>\n<p>Particularmente, o tratamento das doen\u00e7as mentais, desde seus prim\u00f3rdios at\u00e9 aos dias atuais, evoluiu muito, ao ponto de muitas dessas enfermidades hoje j\u00e1 n\u00e3o representarem grandes amea\u00e7as, mesmo sabendo-se que elas poder\u00e3o caminhar para o <strong><em>\u201cstatus de doen\u00e7a cr\u00f4nica\u201d<\/em><\/strong>.<\/p>\n<p>Essa evolu\u00e7\u00e3o terap\u00eautica \u00e9 atribu\u00edda, entre ouras coisas, aos modernos conhecimentos sobre a fisiopatologia, neuroqu\u00edmica e gen\u00e9tica das grandes s\u00edndromes psiqui\u00e1tricas, entre essas as depress\u00f5es, a esquizofrenia, os transtornos de ansiedade, as depend\u00eancias qu\u00edmicas, as dem\u00eancias entre outras. \u00c9 tamb\u00e9m atribu\u00edda ao advento de modernas t\u00e9cnicas diagn\u00f3sticas que favorecem o diagn\u00f3stico precoce dessas doen\u00e7as e ao descobrimentos de modernos psicof\u00e1rmacos, mol\u00e9culas capazes de mudarem drasticamente\u00a0 a cl\u00ednica e o curso natural dessas enfermidades. Por \u00faltimo, atribui-se esse crescimento ao surgimento de modernos aparelhos que promovem neuromodula\u00e7\u00e3o do funcionamento do Sistema Nevoso Central, sede material das doen\u00e7as mentais.<\/p>\n<p>Muitas pessoas poderiam tornar-se incapazes e improdutivas do ponto de vista laboral e social, caso n\u00e3o lhes fosse oferecida a possibilidade de um bom tratamento em Psiquiatria. Quando isso ocorre, a vida da pessoa portadora de uma dessas doen\u00e7as pode mudar inteiramente.<\/p>\n<p>Ocorre que, apesar de toda evolu\u00e7\u00e3o at\u00e9 ent\u00e3o empreendida nessa especialidade m\u00e9dica, h\u00e1 ainda fatores que contribuem negativamente quanto ao manejo dessas enfermidades mentais. O principal deles, sem qualquer d\u00favida, \u00e9 preconceito\/estigma que ainda existe em torno dessas doen\u00e7as.<\/p>\n<p>Esses s\u00e3o enormes, desumanos, segregadores e marginalizantes e representam tudo que n\u00e3o presta em desfavor dos enfermos, dos seus familiares e dos que transitam em seu entorno. Hoje, a nossa maior arma de contesta\u00e7\u00e3o s\u00e3o os conhecimentos modernos da Psiquiatria, que nos permitem entender que as doen\u00e7as mentais s\u00e3o doen\u00e7as como outras quaisquer, respeitando, certamente, as particularidades cl\u00ednicas, pessoais e socioculturais que h\u00e1 em cada uma delas.<\/p>\n<p>A enfermidade mental, como as outras, disp\u00f5e de uma <strong><em>fisiopatologia<\/em><\/strong>, isto \u00e9, um mecanismo que explica a forma como a doen\u00e7a ocorre, <strong><em>tem um curso natural<\/em><\/strong>, <strong><em>uma evolu\u00e7\u00e3o<\/em><\/strong>, \u00e9 <strong><em>absolutamente trat\u00e1vel<\/em><\/strong> e muitas delas cur\u00e1veis ou controladas clinicamente, <strong><em>tendo um<\/em><\/strong> <strong><em>progn\u00f3stico<\/em><\/strong> que pode ser favor\u00e1vel ou desfavor\u00e1vel, e s\u00e3o <strong><em>preven\u00edveis e evit\u00e1veis<\/em><\/strong>. Al\u00e9m disso, sofrem tamb\u00e9m influ\u00eancias diretas das condi\u00e7\u00f5es sociais, pol\u00edticas e econ\u00f4micas, como o que ocorre em todas as doen\u00e7as humanas.<\/p>\n<p>A doen\u00e7a mental n\u00e3o tem nada de sobrenatural, de divino, muito menos de diab\u00f3lico. Essas cren\u00e7as e pechas sobre elas s\u00e3o seculares e prov\u00eam de \u00e9poca onde imperava o obscurantismo no pensamento psiqui\u00e1trico, \u00e9pocas, em que n\u00e3o se sabia nada comparativamente ao que se sabe hoje, sobre essas enfermidades. Hoje, a Psiquiatria moderna, se inspira na evolu\u00e7\u00e3o do conhecimento neurocient\u00edfico. O que se discute atualmente \u00e9 a neurobioqu\u00edmica, a gen\u00e9tica, a imunologia e a neurofisiologia das doen\u00e7as mentais \u00e0 luz da neuroci\u00eancia e da farmacologia cl\u00ednica. Hoje, o que se discute, \u00e9 a implanta\u00e7\u00e3o de <strong><em>Deep Brain Stimulation &#8211; DBS<\/em><\/strong> no c\u00e9rebro dos humanos para se controlar muitas doen\u00e7as mentais e neurol\u00f3gicas que anteriormente eram verdadeiros desafios a ci\u00eancia comportamental.<\/p>\n<p>Modernamente, para os diagn\u00f3sticos em Psiquiatria, utilizam-se instrumentos de \u00faltima gera\u00e7\u00e3o como a <strong><em>Tomografia por Emiss\u00e3o de P\u00f3sitrons e a Resson\u00e2ncia Magn\u00e9tica Funcional<\/em><\/strong>. Acabou-se, definitivamente, o <strong><em>\u201cachismo\u201d,<\/em><\/strong> comum no per\u00edodo obscuro e m\u00e1gico da pr\u00e1tica psiqui\u00e1trica, onde a bruxaria predominava ou onde os doentes mentais eram sacrificados por serem considerados possuidores de for\u00e7as sobrenaturais.<\/p>\n<p>A psicofarmacologia atual disp\u00f5e de um volume grande de medicamentos altamente eficazes, que se bem aplicados e em um tempo correto, s\u00e3o capazes de impedir que <strong><em>algu\u00e9m se mate ou mesmo que mate algu\u00e9m<\/em><\/strong>. Pode <strong><em>prevenir o reaparecimento de sintomas de uma doen\u00e7a cr\u00f4nica<\/em><\/strong>, ou ainda <strong><em>evitar que o um paciente leve uma vida sem qualidade ou ter que passar a vida inteira internado em um hospital psiqui\u00e1trico<\/em><\/strong>, devido aos altos e baixos de sua doen\u00e7a, impedindo-os de levarem uma vida feliz e est\u00e1vel.<\/p>\n<p>Outros tratamentos na atualidade usam t\u00e9cnicas sofisticadas como a Estimula\u00e7\u00e3o Magn\u00e9tica Transcraniana \u2013 EMTs, procedimento que atrav\u00e9s de equipamento especializado, gera uma corrente eletromagn\u00e9tica, que por sua vez, estimula o c\u00e9rebro funcionar melhor, representa atualmente um recurso fabuloso no tratamento de depress\u00f5es resistentes (cr\u00f4nicas) e depress\u00f5es refratarias, as quais, n\u00e3o respondem a nenhum tratamento medicamentoso. EMTs \u00e9 uma t\u00e9cnica n\u00e3o invasiva, indolor e altamente eficaz no tratamento dessas condi\u00e7\u00f5es citadas acima, podendo inclusive ser aplicada em outras condi\u00e7\u00f5es cl\u00ednicas.<\/p>\n<p>A aplica\u00e7\u00e3o da modern\u00edssima Eleroconvulsoterapia &#8211; ECT, atrav\u00e9s de aparelhos modernos, altamente eficazes, que monitoram todo o curso e evolu\u00e7\u00e3o do tratamento proposto aos enfermos. Tamb\u00e9m indicado para depress\u00f5es com algo risco de suic\u00eddio, refrat\u00e1rias e resistentes.<\/p>\n<p>Enfim, os tempos mudaram, acabaram-se as bruxas e as bruxarias. A doen\u00e7a mental n\u00e3o \u00e9 mais um bicho de sete cabe\u00e7as que nos assustava e sobre as quais poder\u00edamos fazer muito pouco. Hoje, j\u00e1 sabemos bastante sobre elas e as perspectivas s\u00e3o cada vez melhores para os pr\u00f3ximos anos. \u00c9 o futuro chegando mais pr\u00f3ximos de n\u00f3s, onde muitas outras coisas ainda mais importantes surgir\u00e3o, por\u00e9m, enquanto esse futuro n\u00e3o chega, devemos fazer uma cruzada geral para destruir definitivamente os piores inimigos da doen\u00e7a mental, a ignor\u00e2ncia cient\u00edfica e os preconceitos.<\/p>\n","protected":false},"excerpt":{"rendered":"<p>Avan\u00e7os e Retrocessos em Psiquiatria As doen\u00e7as mentais, inexoravelmente, caminham para uma cronifica\u00e7\u00e3o e essa evolu\u00e7\u00e3o \u00e9 da natureza desses [&hellip;]<\/p>\n","protected":false},"author":3,"featured_media":0,"comment_status":"open","ping_status":"open","sticky":false,"template":"","format":"standard","meta":{"site-sidebar-layout":"default","site-content-layout":"","ast-site-content-layout":"default","site-content-style":"default","site-sidebar-style":"default","ast-global-header-display":"","ast-banner-title-visibility":"","ast-main-header-display":"","ast-hfb-above-header-display":"","ast-hfb-below-header-display":"","ast-hfb-mobile-header-display":"","site-post-title":"","ast-breadcrumbs-content":"","ast-featured-img":"","footer-sml-layout":"","ast-disable-related-posts":"","theme-transparent-header-meta":"","adv-header-id-meta":"","stick-header-meta":"","header-above-stick-meta":"","header-main-stick-meta":"","header-below-stick-meta":"","astra-migrate-meta-layouts":"default","ast-page-background-enabled":"default","ast-page-background-meta":{"desktop":{"background-color":"var(--ast-global-color-5)","background-image":"","background-repeat":"repeat","background-position":"center center","background-size":"auto","background-attachment":"scroll","background-type":"","background-media":"","overlay-type":"","overlay-color":"","overlay-opacity":"","overlay-gradient":""},"tablet":{"background-color":"","background-image":"","background-repeat":"repeat","background-position":"center center","background-size":"auto","background-attachment":"scroll","background-type":"","background-media":"","overlay-type":"","overlay-color":"","overlay-opacity":"","overlay-gradient":""},"mobile":{"background-color":"","background-image":"","background-repeat":"repeat","background-position":"center center","background-size":"auto","background-attachment":"scroll","background-type":"","background-media":"","overlay-type":"","overlay-color":"","overlay-opacity":"","overlay-gradient":""}},"ast-content-background-meta":{"desktop":{"background-color":"var(--ast-global-color-4)","background-image":"","background-repeat":"repeat","background-position":"center center","background-size":"auto","background-attachment":"scroll","background-type":"","background-media":"","overlay-type":"","overlay-color":"","overlay-opacity":"","overlay-gradient":""},"tablet":{"background-color":"var(--ast-global-color-4)","background-image":"","background-repeat":"repeat","background-position":"center center","background-size":"auto","background-attachment":"scroll","background-type":"","background-media":"","overlay-type":"","overlay-color":"","overlay-opacity":"","overlay-gradient":""},"mobile":{"background-color":"var(--ast-global-color-4)","background-image":"","background-repeat":"repeat","background-position":"center center","background-size":"auto","background-attachment":"scroll","background-type":"","background-media":"","overlay-type":"","overlay-color":"","overlay-opacity":"","overlay-gradient":""}},"footnotes":""},"categories":[1],"tags":[],"class_list":["post-905","post","type-post","status-publish","format-standard","hentry","category-sem-categoria"],"yoast_head":"<!-- This site is optimized with the Yoast SEO plugin v26.6 - https:\/\/yoast.com\/wordpress\/plugins\/seo\/ -->\n<title>Avan\u00e7os e Retrocessos em Psiquiatria - Ruy Palhano<\/title>\n<meta name=\"robots\" content=\"index, follow, max-snippet:-1, max-image-preview:large, max-video-preview:-1\" \/>\n<link rel=\"canonical\" href=\"https:\/\/www.blogsoestado.com\/ruypalhano\/2018\/06\/17\/avancos-e-retrocessos-em-psiquiatria\/\" \/>\n<meta property=\"og:locale\" content=\"pt_BR\" \/>\n<meta property=\"og:type\" content=\"article\" \/>\n<meta property=\"og:title\" content=\"Avan\u00e7os e Retrocessos em Psiquiatria - Ruy Palhano\" \/>\n<meta property=\"og:description\" content=\"Avan\u00e7os e Retrocessos em Psiquiatria As doen\u00e7as mentais, inexoravelmente, caminham para uma cronifica\u00e7\u00e3o e essa evolu\u00e7\u00e3o \u00e9 da natureza desses [&hellip;]\" \/>\n<meta property=\"og:url\" content=\"https:\/\/www.blogsoestado.com\/ruypalhano\/2018\/06\/17\/avancos-e-retrocessos-em-psiquiatria\/\" \/>\n<meta property=\"og:site_name\" content=\"Ruy Palhano\" \/>\n<meta property=\"article:published_time\" content=\"2018-06-17T11:45:27+00:00\" \/>\n<meta name=\"author\" content=\"Ruy Palhano\" \/>\n<meta name=\"twitter:card\" content=\"summary_large_image\" \/>\n<meta name=\"twitter:label1\" content=\"Escrito por\" \/>\n\t<meta name=\"twitter:data1\" content=\"Ruy Palhano\" \/>\n\t<meta name=\"twitter:label2\" content=\"Est. tempo de leitura\" \/>\n\t<meta name=\"twitter:data2\" content=\"5 minutos\" \/>\n<script type=\"application\/ld+json\" class=\"yoast-schema-graph\">{\"@context\":\"https:\/\/schema.org\",\"@graph\":[{\"@type\":\"WebPage\",\"@id\":\"https:\/\/www.blogsoestado.com\/ruypalhano\/2018\/06\/17\/avancos-e-retrocessos-em-psiquiatria\/\",\"url\":\"https:\/\/www.blogsoestado.com\/ruypalhano\/2018\/06\/17\/avancos-e-retrocessos-em-psiquiatria\/\",\"name\":\"Avan\u00e7os e Retrocessos em Psiquiatria - Ruy Palhano\",\"isPartOf\":{\"@id\":\"https:\/\/www.blogsoestado.com\/ruypalhano\/#website\"},\"datePublished\":\"2018-06-17T11:45:27+00:00\",\"author\":{\"@id\":\"https:\/\/www.blogsoestado.com\/ruypalhano\/#\/schema\/person\/ef49e08ec3e742dec1682f34674f2c84\"},\"breadcrumb\":{\"@id\":\"https:\/\/www.blogsoestado.com\/ruypalhano\/2018\/06\/17\/avancos-e-retrocessos-em-psiquiatria\/#breadcrumb\"},\"inLanguage\":\"pt-BR\",\"potentialAction\":[{\"@type\":\"ReadAction\",\"target\":[\"https:\/\/www.blogsoestado.com\/ruypalhano\/2018\/06\/17\/avancos-e-retrocessos-em-psiquiatria\/\"]}]},{\"@type\":\"BreadcrumbList\",\"@id\":\"https:\/\/www.blogsoestado.com\/ruypalhano\/2018\/06\/17\/avancos-e-retrocessos-em-psiquiatria\/#breadcrumb\",\"itemListElement\":[{\"@type\":\"ListItem\",\"position\":1,\"name\":\"In\u00edcio\",\"item\":\"https:\/\/www.blogsoestado.com\/ruypalhano\/\"},{\"@type\":\"ListItem\",\"position\":2,\"name\":\"Avan\u00e7os e Retrocessos em Psiquiatria\"}]},{\"@type\":\"WebSite\",\"@id\":\"https:\/\/www.blogsoestado.com\/ruypalhano\/#website\",\"url\":\"https:\/\/www.blogsoestado.com\/ruypalhano\/\",\"name\":\"Ruy Palhano\",\"description\":\"\",\"potentialAction\":[{\"@type\":\"SearchAction\",\"target\":{\"@type\":\"EntryPoint\",\"urlTemplate\":\"https:\/\/www.blogsoestado.com\/ruypalhano\/?s={search_term_string}\"},\"query-input\":{\"@type\":\"PropertyValueSpecification\",\"valueRequired\":true,\"valueName\":\"search_term_string\"}}],\"inLanguage\":\"pt-BR\"},{\"@type\":\"Person\",\"@id\":\"https:\/\/www.blogsoestado.com\/ruypalhano\/#\/schema\/person\/ef49e08ec3e742dec1682f34674f2c84\",\"name\":\"Ruy Palhano\",\"image\":{\"@type\":\"ImageObject\",\"inLanguage\":\"pt-BR\",\"@id\":\"https:\/\/www.blogsoestado.com\/ruypalhano\/#\/schema\/person\/image\/\",\"url\":\"https:\/\/secure.gravatar.com\/avatar\/d08170dc68d65048f069f40789786091e8b070aa02b0d2e514ddd0244c684a5a?s=96&d=mm&r=g\",\"contentUrl\":\"https:\/\/secure.gravatar.com\/avatar\/d08170dc68d65048f069f40789786091e8b070aa02b0d2e514ddd0244c684a5a?s=96&d=mm&r=g\",\"caption\":\"Ruy Palhano\"},\"url\":\"https:\/\/www.blogsoestado.com\/ruypalhano\/author\/ruypalhano\/\"}]}<\/script>\n<!-- \/ Yoast SEO plugin. -->","yoast_head_json":{"title":"Avan\u00e7os e Retrocessos em Psiquiatria - Ruy Palhano","robots":{"index":"index","follow":"follow","max-snippet":"max-snippet:-1","max-image-preview":"max-image-preview:large","max-video-preview":"max-video-preview:-1"},"canonical":"https:\/\/www.blogsoestado.com\/ruypalhano\/2018\/06\/17\/avancos-e-retrocessos-em-psiquiatria\/","og_locale":"pt_BR","og_type":"article","og_title":"Avan\u00e7os e Retrocessos em Psiquiatria - Ruy Palhano","og_description":"Avan\u00e7os e Retrocessos em Psiquiatria As doen\u00e7as mentais, inexoravelmente, caminham para uma cronifica\u00e7\u00e3o e essa evolu\u00e7\u00e3o \u00e9 da natureza desses [&hellip;]","og_url":"https:\/\/www.blogsoestado.com\/ruypalhano\/2018\/06\/17\/avancos-e-retrocessos-em-psiquiatria\/","og_site_name":"Ruy Palhano","article_published_time":"2018-06-17T11:45:27+00:00","author":"Ruy Palhano","twitter_card":"summary_large_image","twitter_misc":{"Escrito por":"Ruy Palhano","Est. tempo de leitura":"5 minutos"},"schema":{"@context":"https:\/\/schema.org","@graph":[{"@type":"WebPage","@id":"https:\/\/www.blogsoestado.com\/ruypalhano\/2018\/06\/17\/avancos-e-retrocessos-em-psiquiatria\/","url":"https:\/\/www.blogsoestado.com\/ruypalhano\/2018\/06\/17\/avancos-e-retrocessos-em-psiquiatria\/","name":"Avan\u00e7os e Retrocessos em Psiquiatria - Ruy Palhano","isPartOf":{"@id":"https:\/\/www.blogsoestado.com\/ruypalhano\/#website"},"datePublished":"2018-06-17T11:45:27+00:00","author":{"@id":"https:\/\/www.blogsoestado.com\/ruypalhano\/#\/schema\/person\/ef49e08ec3e742dec1682f34674f2c84"},"breadcrumb":{"@id":"https:\/\/www.blogsoestado.com\/ruypalhano\/2018\/06\/17\/avancos-e-retrocessos-em-psiquiatria\/#breadcrumb"},"inLanguage":"pt-BR","potentialAction":[{"@type":"ReadAction","target":["https:\/\/www.blogsoestado.com\/ruypalhano\/2018\/06\/17\/avancos-e-retrocessos-em-psiquiatria\/"]}]},{"@type":"BreadcrumbList","@id":"https:\/\/www.blogsoestado.com\/ruypalhano\/2018\/06\/17\/avancos-e-retrocessos-em-psiquiatria\/#breadcrumb","itemListElement":[{"@type":"ListItem","position":1,"name":"In\u00edcio","item":"https:\/\/www.blogsoestado.com\/ruypalhano\/"},{"@type":"ListItem","position":2,"name":"Avan\u00e7os e Retrocessos em Psiquiatria"}]},{"@type":"WebSite","@id":"https:\/\/www.blogsoestado.com\/ruypalhano\/#website","url":"https:\/\/www.blogsoestado.com\/ruypalhano\/","name":"Ruy Palhano","description":"","potentialAction":[{"@type":"SearchAction","target":{"@type":"EntryPoint","urlTemplate":"https:\/\/www.blogsoestado.com\/ruypalhano\/?s={search_term_string}"},"query-input":{"@type":"PropertyValueSpecification","valueRequired":true,"valueName":"search_term_string"}}],"inLanguage":"pt-BR"},{"@type":"Person","@id":"https:\/\/www.blogsoestado.com\/ruypalhano\/#\/schema\/person\/ef49e08ec3e742dec1682f34674f2c84","name":"Ruy Palhano","image":{"@type":"ImageObject","inLanguage":"pt-BR","@id":"https:\/\/www.blogsoestado.com\/ruypalhano\/#\/schema\/person\/image\/","url":"https:\/\/secure.gravatar.com\/avatar\/d08170dc68d65048f069f40789786091e8b070aa02b0d2e514ddd0244c684a5a?s=96&d=mm&r=g","contentUrl":"https:\/\/secure.gravatar.com\/avatar\/d08170dc68d65048f069f40789786091e8b070aa02b0d2e514ddd0244c684a5a?s=96&d=mm&r=g","caption":"Ruy Palhano"},"url":"https:\/\/www.blogsoestado.com\/ruypalhano\/author\/ruypalhano\/"}]}},"jetpack_featured_media_url":"","_links":{"self":[{"href":"https:\/\/www.blogsoestado.com\/ruypalhano\/wp-json\/wp\/v2\/posts\/905","targetHints":{"allow":["GET"]}}],"collection":[{"href":"https:\/\/www.blogsoestado.com\/ruypalhano\/wp-json\/wp\/v2\/posts"}],"about":[{"href":"https:\/\/www.blogsoestado.com\/ruypalhano\/wp-json\/wp\/v2\/types\/post"}],"author":[{"embeddable":true,"href":"https:\/\/www.blogsoestado.com\/ruypalhano\/wp-json\/wp\/v2\/users\/3"}],"replies":[{"embeddable":true,"href":"https:\/\/www.blogsoestado.com\/ruypalhano\/wp-json\/wp\/v2\/comments?post=905"}],"version-history":[{"count":0,"href":"https:\/\/www.blogsoestado.com\/ruypalhano\/wp-json\/wp\/v2\/posts\/905\/revisions"}],"wp:attachment":[{"href":"https:\/\/www.blogsoestado.com\/ruypalhano\/wp-json\/wp\/v2\/media?parent=905"}],"wp:term":[{"taxonomy":"category","embeddable":true,"href":"https:\/\/www.blogsoestado.com\/ruypalhano\/wp-json\/wp\/v2\/categories?post=905"},{"taxonomy":"post_tag","embeddable":true,"href":"https:\/\/www.blogsoestado.com\/ruypalhano\/wp-json\/wp\/v2\/tags?post=905"}],"curies":[{"name":"wp","href":"https:\/\/api.w.org\/{rel}","templated":true}]}}