{"id":914,"date":"2018-07-15T18:41:33","date_gmt":"2018-07-15T21:41:33","guid":{"rendered":"https:\/\/www.blogsoestado.com\/ruypalhano\/?p=914"},"modified":"2018-07-15T18:41:33","modified_gmt":"2018-07-15T21:41:33","slug":"transtorno-sistemico-eleitoral-tse","status":"publish","type":"post","link":"https:\/\/www.blogsoestado.com\/ruypalhano\/2018\/07\/15\/transtorno-sistemico-eleitoral-tse\/","title":{"rendered":"\u00a0\u00a0 Transtorno Sist\u00eamico Eleitoral &#8211; TSE"},"content":{"rendered":"<p>&nbsp;<\/p>\n<p>Pode-se afirmar que as elei\u00e7\u00f5es, que ocorrem periodicamente para escolha dos representantes dos poderes legislativo e executivo, correspondem a um dos mais importantes contributos \u00e0 democracia. Nessas ocasi\u00f5es, escolhemos, entre os candidatos aos respectivos cargos, os que mais nos conv\u00eam.<\/p>\n<p>Quando as elei\u00e7\u00f5es se aproximam, o voto surge nesse cen\u00e1rio com carga total, passando a ser tratado como uma pepita de ouro, o <strong><em>mais importante objeto de desejo, tanto para os candidatos quanto para os partidos pol\u00edticos<\/em><\/strong>. Nas campanhas, os candidatos aproximam-se dos eleitores de forma cautelosa, sorridente, af\u00e1vel e sorrateira, dando-nos a impress\u00e3o de <em>\u201cum tigre que se aproxima de sua presa\u201d<\/em>.<\/p>\n<p>Os candidatos, em per\u00edodos pr\u00e9-eleitorais, partem com toda garra para cima dos eleitores, fazem de tudo para conquist\u00e1-lo. Tratam-no com p\u00e3o-de-l\u00f3, os cumprimentam com defer\u00eancia, os abra\u00e7am, prometem mundos e fundos, atendem aos pedidos, os bajulam, os ouvem como se fossem grandes amigos, d\u00e3o tapinhas nas costas e prosseguem, \u00e1vidos, pronto para devor\u00e1-los.<\/p>\n<p>No curso das elei\u00e7\u00f5es, a guerra prossegue. Partidos e candidatos se articulam em alian\u00e7as pol\u00edticas, por tr\u00e1s da famigerada coliga\u00e7\u00e3o partid\u00e1ria. Chefes, l\u00edderes pol\u00edticos e os cabos eleitorais se articulam para disputarem, milimetricamente, os votos. Partidos e candidatos, em geral, fazem uma esp\u00e9cie de zoneamento territorial, ou curral eleitoral, por regi\u00e3o e por munic\u00edpio, visando a obten\u00e7\u00e3o de um maior n\u00famero de apoiadores.<\/p>\n<p>No corpo a corpo, a disputa \u00e9 acirrada e todos se tornam atentos aos seus concorrentes e se preocupam, predominantemente, com o financiamento da campanha, que foi objeto recente de muitas mudan\u00e7as pelo Supremo Tribunal Federal \u2013 STF, impedindo que empresas privadas financiem campanhas de candidatos a qualquer cargo p\u00fablico. Hoje, o que vigora \u00e9 o financiamento p\u00fablico de campanhas e\/ou doa\u00e7\u00f5es de pessoa f\u00edsica. Isso pode de certa forma impedir a sangria \u00e9tica criminosa que predominou h\u00e1 anos em nosso pa\u00eds, onde os pol\u00edticos e partidos funcionavam mais para grandes empresas do que para a popula\u00e7\u00e3o.<\/p>\n<p>Durante muitos anos isso foi acintoso e gerou muitos problemas \u00e9ticos na pol\u00edtica.\u00a0 Por isso, caminhe-se no rumo de uma proposta de financiamento de campanha mais decente e menos mercantil. Nessas novas propostas, o dinheiro ter\u00e1 sua origem claramente identificada e as empresas est\u00e3o proibidas de apoiar. A \u00e9tica de tudo isso \u00e9 destronar o dinheiro como o vetor mais importante de uma campanha eleitoral, deixando a \u00e9tica e moralidade p\u00fablica serem mais relevantes.<\/p>\n<p>Sobre o plano das ideias e das propostas pol\u00edticas, em geral, quase n\u00e3o se ouve falar. Propostas inteligentes, sensatas de como resolver os graves problemas por que passa a na\u00e7\u00e3o brasileira \u00e9 o que menos se v\u00ea. Programa de governo consistente, eficiente e duradouro e como ou para quem se vai legislar, s\u00e3o raros. Os candidatos entram mudos e saem mudos e surdos em suas campanhas.<\/p>\n<p>Ao se elegerem, em geral, encastelam-se em seus mandatos, sentem-se vitoriosos, somem dos eleitores, distanciam-se dos compromissos de campanha e de suas bases eleitorais e s\u00f3 reaparecem anos depois, com os mesmos trejeitos comportamentais e voltam \u00e0 cena com todo fulgor e encantamento, convencidos de que cumpriram muito bem seus mandatos e fizeram o melhor para seus eleitores.<\/p>\n<p>Em nosso pa\u00eds, essa rela\u00e7\u00e3o TSE\/candidato\/eleitor \u00e9 profundamente amb\u00edgua e contradit\u00f3ria a ponto de predominar um clima de desacredita\u00e7\u00e3o, desrespeito e desconfian\u00e7a geral nos partidos e nos candidatos. \u00c9 uma rela\u00e7\u00e3o ambivalente de infidelidade, trai\u00e7\u00e3o, amor e \u00f3dio, que vigora entre o Tribunal os candidatos e eleitor, camuflada por uma paz harmonia fict\u00edcia.<\/p>\n<p>H\u00e1 um t\u00e1cito <strong><em>faz de contas<\/em><\/strong>, onde um tira proveito do outro. H\u00e1 capta\u00e7\u00e3o il\u00edcita de sufr\u00e1gio, corrup\u00e7\u00e3o, promessas v\u00e3s, mentiras, tapinhas nas costas, atrav\u00e9s de um <strong><em>\u201cconluio maledicente e c\u00ednico\u201d<\/em><\/strong>, pois de fato o que h\u00e1 \u00e9 uma a rela\u00e7\u00e3o dissimulada e trai\u00e7oeira, camuflando o \u00f3dio, o oportunismo e a pouca-vergonha<strong><em>.<\/em><\/strong><\/p>\n<p>Essas contradi\u00e7\u00f5es s\u00e3o ef\u00eameras e sazonais, pois em geral s\u00f3 ocorrem nas elei\u00e7\u00f5es. Semanas ou meses depois, a maioria dos eleitores n\u00e3o sabem nem o nome do candidato em quem votaram. H\u00e1 uma esp\u00e9cie <strong><em>\u201capagamento mn\u00eamico\u201d<\/em><\/strong> revelado pelo sil\u00eancio que ir\u00e1 imperar entre eles doravante. Eleito e eleitor, a partir da\u00ed, n\u00e3o se comunicam. Nem um telefonema ou e-mail, ou um cart\u00e3o de visitas ou mesmo um aperto de m\u00e3o com seu candidato, fugindo um do outro como como o <strong><em>\u201cdiabo foge da cruz\u201d,<\/em><\/strong> isto \u00e9, divorciam-se e voltam a se encontrar sob o mesmo<strong><em> \u201cmodus operandi\u201d<\/em><\/strong> anos depois.<\/p>\n<p>Essas ambiguidades prosseguem por anos a fio. Tem candidato que nunca foi a um determinado munic\u00edpio e sai de l\u00e1 transbordando de votos, outros nunca pisaram em um povoado e se elegem para cargos no executivo ou no legislativo. O eleitor, de um lado, permanece dando seu voto para o mesmo candidato que o esqueceu.\u00a0 O candidato, sabido e esperto, permanece calado, em sil\u00eancio, fazendo de contas que est\u00e1 trabalhando para seu eleitor.<\/p>\n<p>\u00c9 uma rela\u00e7\u00e3o bizarra complicada e disfuncional. \u00c9 t\u00e3o complicado que a maioria das pessoas atualmente s\u00f3 votam por obriga\u00e7\u00e3o ou para n\u00e3o pagarem multas, tal \u00e9 o descr\u00e9dito e desconfian\u00e7a que impera nessa pr\u00e1tica. Se a Organiza\u00e7\u00e3o Mundial da Sa\u00fade &#8211; OMS se dispusesse a dar uma nomenclatura para essa conturba\u00e7\u00e3o ou disfuncionalidade eleitoral e pol\u00edtica, diria que h\u00e1 um dist\u00farbio psicopatol\u00f3gico eleitoral ou, simplesmente, <strong><em>Transtornos Sist\u00eamico Eleitoral<\/em><\/strong> &#8211; <strong>TSE<\/strong>.<\/p>\n<p><strong><em>\u00a0\u00a0\u00a0\u00a0\u00a0\u00a0\u00a0\u00a0\u00a0 \u201cTranstorno\u201d<\/em><\/strong> porque esses comportamentos provocam graves problemas e altera\u00e7\u00f5es e contratempos \u00e0s cidades, ao estado e ao pa\u00eds, com repercuss\u00f5es profundas na vida dos indiv\u00edduos e da sociedade. Apresentam profundos preju\u00edzos nas institui\u00e7\u00f5es p\u00fablicas. Elei\u00e7\u00f5es malsucedidas ou as que elegem candidatos in\u00f3spitos, incompetentes, inconfi\u00e1veis e oportunistas geram, realmente, graves problema.<\/p>\n<p><strong><em>\u00a0\u00a0\u00a0\u00a0\u00a0\u00a0\u00a0\u00a0\u00a0\u00a0 \u00c9 \u201csist\u00eamica\u201d<\/em><\/strong> porque atinge todo sistema de vida, tanto das pessoas individualmente quanto na sociedade. As repercuss\u00f5es s\u00e3o gigantescas, vide a Opera\u00e7\u00e3o Lava-Jato, desmontando quadrilhas, criminosos revestidos de fun\u00e7\u00f5es pol\u00edticas. A maior pr\u00e1tica da corrup\u00e7\u00e3o sem precedentes na hist\u00f3ria de nosso pa\u00eds, praticada por pol\u00edticos eleitos legitimamente e exercendo as mais importantes fun\u00e7\u00f5es de notoriedade p\u00fablica, quase destru\u00edram nosso pa\u00eds.<\/p>\n<p><strong><em>\u00c9 \u201celeitoral\u201d<\/em><\/strong> porque o fen\u00f4meno ocorre no dom\u00ednio das elei\u00e7\u00f5es. A <strong><em>epidemia \u00e9 via eleitoral<\/em><\/strong>. Quando h\u00e1 candidatos corruptos, desonestos, falsos, mentirosos e conchavados, o resultado \u00e9 pior do que uma sepse (infec\u00e7\u00e3o generalizada), pois pode destruir a \u00e9tica e as institui\u00e7\u00f5es de um povo, de um governo e de uma sociedade. N\u00e3o \u00e9 \u00e0 toa que tanto o Tribunal Superior Eleitoral, quanto as redes de comunica\u00e7\u00e3o, fazem campanhas para ensinar a popula\u00e7\u00e3o a votar melhor, a escolher conscientemente seus candidatos e para tentar cessar a sangria \u00e9tica que h\u00e1 na pol\u00edtica brasileira.<\/p>\n","protected":false},"excerpt":{"rendered":"<p>&nbsp; Pode-se afirmar que as elei\u00e7\u00f5es, que ocorrem periodicamente para escolha dos representantes dos poderes legislativo e executivo, correspondem a [&hellip;]<\/p>\n","protected":false},"author":3,"featured_media":0,"comment_status":"open","ping_status":"open","sticky":false,"template":"","format":"standard","meta":{"site-sidebar-layout":"default","site-content-layout":"","ast-site-content-layout":"default","site-content-style":"default","site-sidebar-style":"default","ast-global-header-display":"","ast-banner-title-visibility":"","ast-main-header-display":"","ast-hfb-above-header-display":"","ast-hfb-below-header-display":"","ast-hfb-mobile-header-display":"","site-post-title":"","ast-breadcrumbs-content":"","ast-featured-img":"","footer-sml-layout":"","ast-disable-related-posts":"","theme-transparent-header-meta":"","adv-header-id-meta":"","stick-header-meta":"","header-above-stick-meta":"","header-main-stick-meta":"","header-below-stick-meta":"","astra-migrate-meta-layouts":"default","ast-page-background-enabled":"default","ast-page-background-meta":{"desktop":{"background-color":"var(--ast-global-color-5)","background-image":"","background-repeat":"repeat","background-position":"center center","background-size":"auto","background-attachment":"scroll","background-type":"","background-media":"","overlay-type":"","overlay-color":"","overlay-opacity":"","overlay-gradient":""},"tablet":{"background-color":"","background-image":"","background-repeat":"repeat","background-position":"center center","background-size":"auto","background-attachment":"scroll","background-type":"","background-media":"","overlay-type":"","overlay-color":"","overlay-opacity":"","overlay-gradient":""},"mobile":{"background-color":"","background-image":"","background-repeat":"repeat","background-position":"center center","background-size":"auto","background-attachment":"scroll","background-type":"","background-media":"","overlay-type":"","overlay-color":"","overlay-opacity":"","overlay-gradient":""}},"ast-content-background-meta":{"desktop":{"background-color":"var(--ast-global-color-4)","background-image":"","background-repeat":"repeat","background-position":"center center","background-size":"auto","background-attachment":"scroll","background-type":"","background-media":"","overlay-type":"","overlay-color":"","overlay-opacity":"","overlay-gradient":""},"tablet":{"background-color":"var(--ast-global-color-4)","background-image":"","background-repeat":"repeat","background-position":"center center","background-size":"auto","background-attachment":"scroll","background-type":"","background-media":"","overlay-type":"","overlay-color":"","overlay-opacity":"","overlay-gradient":""},"mobile":{"background-color":"var(--ast-global-color-4)","background-image":"","background-repeat":"repeat","background-position":"center center","background-size":"auto","background-attachment":"scroll","background-type":"","background-media":"","overlay-type":"","overlay-color":"","overlay-opacity":"","overlay-gradient":""}},"footnotes":""},"categories":[3,6],"tags":[],"class_list":["post-914","post","type-post","status-publish","format-standard","hentry","category-comportamento","category-politica-publica"],"yoast_head":"<!-- This site is optimized with the Yoast SEO plugin v26.6 - https:\/\/yoast.com\/wordpress\/plugins\/seo\/ -->\n<title>\u00a0\u00a0 Transtorno Sist\u00eamico Eleitoral - TSE - Ruy Palhano<\/title>\n<meta name=\"robots\" content=\"index, follow, max-snippet:-1, max-image-preview:large, max-video-preview:-1\" \/>\n<link rel=\"canonical\" href=\"https:\/\/www.blogsoestado.com\/ruypalhano\/2018\/07\/15\/transtorno-sistemico-eleitoral-tse\/\" \/>\n<meta property=\"og:locale\" content=\"pt_BR\" \/>\n<meta property=\"og:type\" content=\"article\" \/>\n<meta property=\"og:title\" content=\"\u00a0\u00a0 Transtorno Sist\u00eamico Eleitoral - TSE - Ruy Palhano\" \/>\n<meta property=\"og:description\" content=\"&nbsp; Pode-se afirmar que as elei\u00e7\u00f5es, que ocorrem periodicamente para escolha dos representantes dos poderes legislativo e executivo, correspondem a [&hellip;]\" \/>\n<meta property=\"og:url\" content=\"https:\/\/www.blogsoestado.com\/ruypalhano\/2018\/07\/15\/transtorno-sistemico-eleitoral-tse\/\" \/>\n<meta property=\"og:site_name\" content=\"Ruy Palhano\" \/>\n<meta property=\"article:published_time\" content=\"2018-07-15T21:41:33+00:00\" \/>\n<meta name=\"author\" content=\"Ruy Palhano\" \/>\n<meta name=\"twitter:card\" content=\"summary_large_image\" \/>\n<meta name=\"twitter:label1\" content=\"Escrito por\" \/>\n\t<meta name=\"twitter:data1\" content=\"Ruy Palhano\" \/>\n\t<meta name=\"twitter:label2\" content=\"Est. tempo de leitura\" \/>\n\t<meta name=\"twitter:data2\" content=\"6 minutos\" \/>\n<script type=\"application\/ld+json\" class=\"yoast-schema-graph\">{\"@context\":\"https:\/\/schema.org\",\"@graph\":[{\"@type\":\"WebPage\",\"@id\":\"https:\/\/www.blogsoestado.com\/ruypalhano\/2018\/07\/15\/transtorno-sistemico-eleitoral-tse\/\",\"url\":\"https:\/\/www.blogsoestado.com\/ruypalhano\/2018\/07\/15\/transtorno-sistemico-eleitoral-tse\/\",\"name\":\"\u00a0\u00a0 Transtorno Sist\u00eamico Eleitoral - TSE - Ruy Palhano\",\"isPartOf\":{\"@id\":\"https:\/\/www.blogsoestado.com\/ruypalhano\/#website\"},\"datePublished\":\"2018-07-15T21:41:33+00:00\",\"author\":{\"@id\":\"https:\/\/www.blogsoestado.com\/ruypalhano\/#\/schema\/person\/ef49e08ec3e742dec1682f34674f2c84\"},\"breadcrumb\":{\"@id\":\"https:\/\/www.blogsoestado.com\/ruypalhano\/2018\/07\/15\/transtorno-sistemico-eleitoral-tse\/#breadcrumb\"},\"inLanguage\":\"pt-BR\",\"potentialAction\":[{\"@type\":\"ReadAction\",\"target\":[\"https:\/\/www.blogsoestado.com\/ruypalhano\/2018\/07\/15\/transtorno-sistemico-eleitoral-tse\/\"]}]},{\"@type\":\"BreadcrumbList\",\"@id\":\"https:\/\/www.blogsoestado.com\/ruypalhano\/2018\/07\/15\/transtorno-sistemico-eleitoral-tse\/#breadcrumb\",\"itemListElement\":[{\"@type\":\"ListItem\",\"position\":1,\"name\":\"In\u00edcio\",\"item\":\"https:\/\/www.blogsoestado.com\/ruypalhano\/\"},{\"@type\":\"ListItem\",\"position\":2,\"name\":\"\u00a0\u00a0 Transtorno Sist\u00eamico Eleitoral &#8211; TSE\"}]},{\"@type\":\"WebSite\",\"@id\":\"https:\/\/www.blogsoestado.com\/ruypalhano\/#website\",\"url\":\"https:\/\/www.blogsoestado.com\/ruypalhano\/\",\"name\":\"Ruy Palhano\",\"description\":\"\",\"potentialAction\":[{\"@type\":\"SearchAction\",\"target\":{\"@type\":\"EntryPoint\",\"urlTemplate\":\"https:\/\/www.blogsoestado.com\/ruypalhano\/?s={search_term_string}\"},\"query-input\":{\"@type\":\"PropertyValueSpecification\",\"valueRequired\":true,\"valueName\":\"search_term_string\"}}],\"inLanguage\":\"pt-BR\"},{\"@type\":\"Person\",\"@id\":\"https:\/\/www.blogsoestado.com\/ruypalhano\/#\/schema\/person\/ef49e08ec3e742dec1682f34674f2c84\",\"name\":\"Ruy Palhano\",\"image\":{\"@type\":\"ImageObject\",\"inLanguage\":\"pt-BR\",\"@id\":\"https:\/\/www.blogsoestado.com\/ruypalhano\/#\/schema\/person\/image\/\",\"url\":\"https:\/\/secure.gravatar.com\/avatar\/d08170dc68d65048f069f40789786091e8b070aa02b0d2e514ddd0244c684a5a?s=96&d=mm&r=g\",\"contentUrl\":\"https:\/\/secure.gravatar.com\/avatar\/d08170dc68d65048f069f40789786091e8b070aa02b0d2e514ddd0244c684a5a?s=96&d=mm&r=g\",\"caption\":\"Ruy Palhano\"},\"url\":\"https:\/\/www.blogsoestado.com\/ruypalhano\/author\/ruypalhano\/\"}]}<\/script>\n<!-- \/ Yoast SEO plugin. -->","yoast_head_json":{"title":"\u00a0\u00a0 Transtorno Sist\u00eamico Eleitoral - TSE - Ruy Palhano","robots":{"index":"index","follow":"follow","max-snippet":"max-snippet:-1","max-image-preview":"max-image-preview:large","max-video-preview":"max-video-preview:-1"},"canonical":"https:\/\/www.blogsoestado.com\/ruypalhano\/2018\/07\/15\/transtorno-sistemico-eleitoral-tse\/","og_locale":"pt_BR","og_type":"article","og_title":"\u00a0\u00a0 Transtorno Sist\u00eamico Eleitoral - TSE - Ruy Palhano","og_description":"&nbsp; Pode-se afirmar que as elei\u00e7\u00f5es, que ocorrem periodicamente para escolha dos representantes dos poderes legislativo e executivo, correspondem a [&hellip;]","og_url":"https:\/\/www.blogsoestado.com\/ruypalhano\/2018\/07\/15\/transtorno-sistemico-eleitoral-tse\/","og_site_name":"Ruy Palhano","article_published_time":"2018-07-15T21:41:33+00:00","author":"Ruy Palhano","twitter_card":"summary_large_image","twitter_misc":{"Escrito por":"Ruy Palhano","Est. tempo de leitura":"6 minutos"},"schema":{"@context":"https:\/\/schema.org","@graph":[{"@type":"WebPage","@id":"https:\/\/www.blogsoestado.com\/ruypalhano\/2018\/07\/15\/transtorno-sistemico-eleitoral-tse\/","url":"https:\/\/www.blogsoestado.com\/ruypalhano\/2018\/07\/15\/transtorno-sistemico-eleitoral-tse\/","name":"\u00a0\u00a0 Transtorno Sist\u00eamico Eleitoral - TSE - Ruy Palhano","isPartOf":{"@id":"https:\/\/www.blogsoestado.com\/ruypalhano\/#website"},"datePublished":"2018-07-15T21:41:33+00:00","author":{"@id":"https:\/\/www.blogsoestado.com\/ruypalhano\/#\/schema\/person\/ef49e08ec3e742dec1682f34674f2c84"},"breadcrumb":{"@id":"https:\/\/www.blogsoestado.com\/ruypalhano\/2018\/07\/15\/transtorno-sistemico-eleitoral-tse\/#breadcrumb"},"inLanguage":"pt-BR","potentialAction":[{"@type":"ReadAction","target":["https:\/\/www.blogsoestado.com\/ruypalhano\/2018\/07\/15\/transtorno-sistemico-eleitoral-tse\/"]}]},{"@type":"BreadcrumbList","@id":"https:\/\/www.blogsoestado.com\/ruypalhano\/2018\/07\/15\/transtorno-sistemico-eleitoral-tse\/#breadcrumb","itemListElement":[{"@type":"ListItem","position":1,"name":"In\u00edcio","item":"https:\/\/www.blogsoestado.com\/ruypalhano\/"},{"@type":"ListItem","position":2,"name":"\u00a0\u00a0 Transtorno Sist\u00eamico Eleitoral &#8211; TSE"}]},{"@type":"WebSite","@id":"https:\/\/www.blogsoestado.com\/ruypalhano\/#website","url":"https:\/\/www.blogsoestado.com\/ruypalhano\/","name":"Ruy Palhano","description":"","potentialAction":[{"@type":"SearchAction","target":{"@type":"EntryPoint","urlTemplate":"https:\/\/www.blogsoestado.com\/ruypalhano\/?s={search_term_string}"},"query-input":{"@type":"PropertyValueSpecification","valueRequired":true,"valueName":"search_term_string"}}],"inLanguage":"pt-BR"},{"@type":"Person","@id":"https:\/\/www.blogsoestado.com\/ruypalhano\/#\/schema\/person\/ef49e08ec3e742dec1682f34674f2c84","name":"Ruy Palhano","image":{"@type":"ImageObject","inLanguage":"pt-BR","@id":"https:\/\/www.blogsoestado.com\/ruypalhano\/#\/schema\/person\/image\/","url":"https:\/\/secure.gravatar.com\/avatar\/d08170dc68d65048f069f40789786091e8b070aa02b0d2e514ddd0244c684a5a?s=96&d=mm&r=g","contentUrl":"https:\/\/secure.gravatar.com\/avatar\/d08170dc68d65048f069f40789786091e8b070aa02b0d2e514ddd0244c684a5a?s=96&d=mm&r=g","caption":"Ruy Palhano"},"url":"https:\/\/www.blogsoestado.com\/ruypalhano\/author\/ruypalhano\/"}]}},"jetpack_featured_media_url":"","_links":{"self":[{"href":"https:\/\/www.blogsoestado.com\/ruypalhano\/wp-json\/wp\/v2\/posts\/914","targetHints":{"allow":["GET"]}}],"collection":[{"href":"https:\/\/www.blogsoestado.com\/ruypalhano\/wp-json\/wp\/v2\/posts"}],"about":[{"href":"https:\/\/www.blogsoestado.com\/ruypalhano\/wp-json\/wp\/v2\/types\/post"}],"author":[{"embeddable":true,"href":"https:\/\/www.blogsoestado.com\/ruypalhano\/wp-json\/wp\/v2\/users\/3"}],"replies":[{"embeddable":true,"href":"https:\/\/www.blogsoestado.com\/ruypalhano\/wp-json\/wp\/v2\/comments?post=914"}],"version-history":[{"count":0,"href":"https:\/\/www.blogsoestado.com\/ruypalhano\/wp-json\/wp\/v2\/posts\/914\/revisions"}],"wp:attachment":[{"href":"https:\/\/www.blogsoestado.com\/ruypalhano\/wp-json\/wp\/v2\/media?parent=914"}],"wp:term":[{"taxonomy":"category","embeddable":true,"href":"https:\/\/www.blogsoestado.com\/ruypalhano\/wp-json\/wp\/v2\/categories?post=914"},{"taxonomy":"post_tag","embeddable":true,"href":"https:\/\/www.blogsoestado.com\/ruypalhano\/wp-json\/wp\/v2\/tags?post=914"}],"curies":[{"name":"wp","href":"https:\/\/api.w.org\/{rel}","templated":true}]}}