{"id":918,"date":"2019-02-20T16:03:19","date_gmt":"2019-02-20T19:03:19","guid":{"rendered":"https:\/\/www.blogsoestado.com\/ruypalhano\/?p=918"},"modified":"2019-02-20T16:03:19","modified_gmt":"2019-02-20T19:03:19","slug":"doencas-mentais-e-o-uso-de-maconha","status":"publish","type":"post","link":"https:\/\/www.blogsoestado.com\/ruypalhano\/2019\/02\/20\/doencas-mentais-e-o-uso-de-maconha\/","title":{"rendered":"Doen\u00e7as mentais e o uso de maconha"},"content":{"rendered":"\n<p style=\"text-align:left\">A cada dia reacendem os debates sobre o uso de maconha, no Brasil e no mundo. Motivos para isso \u00e9 o que n\u00e3o faltam. Os debates s\u00e3o t\u00e3o acirrados que podemos dizer que se vive em uma grande encruzilhada, entre os que s\u00e3o favor\u00e1veis ao uso e comercializa\u00e7\u00e3o da maconha e os que s\u00e3o contr\u00e1rios \u00e0 tudo isso. A legaliza\u00e7\u00e3o recente de algumas subst\u00e2ncias da maconha, para finalidades terap\u00eauticas, passou a ser um marco hist\u00f3rico nesse debate. A disponibilidade dessas subst\u00e2ncias, tais como o <strong><em>canabidiol e o Delta-9 tetra hidrocanabinol (Delta- 9 &#8211; THC)<\/em><\/strong>, legitimam esse feito. Para aquecer mais ainda essa situa\u00e7\u00e3o outras atividades industriais que tem como mat\u00e9ria prima a maconha, entram em cena, fazendo imensa press\u00e3o nos estados e pa\u00edses, para promoverem a explora\u00e7\u00e3o comercial dessa planta. <\/p>\n\n\n\n<p>Entre essas atividades industriais, destacamos a farmac\u00eautica, a dos alimentos, a de roupas e cordoarias, a de beleza e cosm\u00e9ticos, a de combust\u00edveis e por \u00faltimo a ind\u00fastria tabaqueira. Todas essas industrias, est\u00e3o \u00e1vidas, saltitantes e muito interessadas na famigerada libera\u00e7\u00e3o da maconha para poderem legalmente explorarem-na em suas atividades comerciais. A maconha passou a ser vista com o os <strong><em>\u201covos de ouro\u201d<\/em><\/strong> dessas ind\u00fastrias.<\/p>\n\n\n\n<p>Por outro lado, h\u00e1 outros interesses, provavelmente das mesmas ind\u00fastrias, as quais v\u00eam fazendo enorme press\u00e3o para que muitos pa\u00edses promovam a<strong><em> legaliza\u00e7\u00e3o de seu uso para<\/em><\/strong> <strong><em>finalidades recreativas<\/em><\/strong>, a pretexto, sobretudo, de possibilitar e assegurar o acesso livre dos usu\u00e1rios a erva, sob o suposto controle do estado.\u00a0 Ambas as situa\u00e7\u00f5es tanto a utiliza\u00e7\u00e3o para fins medicinais e industriais, quando para fins recreativos, definem as duas formas distintas de se utilizarem a maconha, por distintos interesses econ\u00f4micos, empresariais e sociais.<\/p>\n\n\n\n<p>Uma terceira via, dessa discuss\u00e3o, muito importante, s\u00e3o os estudos de pesquisa cl\u00ednica e neurocient\u00edficas, que vem sendo realizado em muitas universidades nacionais e internacionais de notoriedade cient\u00edfica sobre o uso da maconha e o impacto desse uso sobre nossa sa\u00fade mental, especialmente, entre adolescentes. Grande parte desses estudos apontam para o fato do uso de maconha determinar problemas psiqui\u00e1tricos, especialmente se o uso ocorre entre a popula\u00e7\u00e3o de jovens. \u00a0<\/p>\n\n\n\n<p>\u00a0Um estudo recente, conduzido por pesquisadores da McGill University, no Canad\u00e1, publicado pelo JAMA Psychiatry, uma das maiores revistas de psiquiatria do mundo, demonstrou o impacto do uso \u00e0 longo prazo do uso de maconha. O estudo foi realizado com 23 mil adolescentes. Os resultados foram surpreendentes e reveladores: adolescentes usu\u00e1rios de maconha (em compara\u00e7\u00e3o com adolescentes n\u00e3o usu\u00e1rios) tiveram risco de 37% maior de chances de desenvolverem <strong><em>depress\u00e3o na idade adulta<\/em><\/strong>, um risco de 50% de chance de apresentarem maior <strong><em>idea\u00e7\u00e3o suicida na idade adulta<\/em><\/strong> e um rico risco de <strong><em>tentativa de suic\u00eddio triplicado na vida adulta.<\/em><\/strong><\/p>\n\n\n\n<p>Para os autores <strong><em>\u201ca alta preval\u00eancia de adolescentes consumindo cannabis gera um grande n\u00famero de adultos jovens que podem desenvolver depress\u00e3o e comportamento suicida atribu\u00edveis \u00e0 cannabis. Este \u00e9 um importante problema de sa\u00fade p\u00fablica, que deve ser adequadamente abordado pelas pol\u00edticas de sa\u00fade p\u00fablica\u201d.<\/em><\/strong> Enfatizam, ainda que as pol\u00edticas de preven\u00e7\u00e3o devem <strong><em>\u201ceducar os adolescentes a desenvolver habilidades para resistirem \u00e0 press\u00e3o do grupo para usarem drogas\u201d.<\/em><\/strong><\/p>\n\n\n\n<p>Outros estudos, nessa mesma linha, demonstram que adolescentes ao se exporem ao uso de maconha t\u00eam 25% de chance de desenvolverem esquizofrenia que adolescentes n\u00e3o usu\u00e1rios.<\/p>\n\n\n\n<p>A maconha cont\u00e9m em suas folhas e flores uma resina com cerca de 60 componentes denominados <strong><em>canabin\u00f3ides<\/em><\/strong>. Entre esses o principal componente \u00e9 <strong><em>o \u03949-tetrahidrocanabinol (THC). O THC<\/em><\/strong> que chega facilmente ao c\u00e9rebro onde funcionar\u00e1 em locais espec\u00edficos, isto \u00e9, nos receptores pr\u00f3prios do THC. <\/p>\n\n\n\n<p>Usu\u00e1rios cr\u00f4nicos de maconha apresentam <strong><em>d\u00e9ficits cognitivos graves<\/em><\/strong>. <strong><em>Altera\u00e7\u00f5es eletroencefalogr\u00e1ficas, tamb\u00e9m observadas entre usu\u00e1rios cr\u00f4nicos refor\u00e7am a hip\u00f3tese de que a maconha pode produzir neurotoxicidade<\/em><\/strong><em>. <\/em>As altera\u00e7\u00f5es neuropsicol\u00f3gicas mais consistentemente descritas em usu\u00e1rios cr\u00f4nicos de maconha s\u00e3o <strong><em>d\u00e9ficits em tarefas psicomotoras, aten\u00e7\u00e3o e mem\u00f3ria de curto prazo. <\/em><\/strong>A situa\u00e7\u00e3o \u00e9 t\u00e3o importante e significativa que o DSM-5 colocou a maconha entre as subst\u00e2ncias causadoras de depend\u00eancia, fato que n\u00e3o havia at\u00e9 ent\u00e3o ocorrido<strong><em>.<\/em><\/strong><\/p>\n\n\n\n<p>No c\u00e9rebro, as \u00e1reas preferenciais de a\u00e7\u00e3o dos canabin\u00f3ides s\u00e3o: <strong><em>hipocampo, c\u00f3rtex pr\u00e9-frontal, g\u00e2nglios da base e cerebelo<\/em><\/strong>.\u00a0 Todas essas \u00e1reas, alteradas pela a\u00e7\u00e3o da maconha, promover\u00e3o mudan\u00e7as afetivas, emocionais, cognitivas e comportamentais espec\u00edficas. Na intoxica\u00e7\u00e3o aguda por maconha ocorre seda\u00e7\u00e3o, preju\u00edzos cognitivos que envolvem dificuldade de consolida\u00e7\u00e3o de mem\u00f3ria de curto prazo, altera\u00e7\u00e3o na avalia\u00e7\u00e3o do tempo, preju\u00edzo nas fun\u00e7\u00f5es executivas, altera\u00e7\u00f5es da senso percep\u00e7\u00e3o e altera\u00e7\u00f5es na coordena\u00e7\u00e3o. Portanto, a maior parte destes sintomas s\u00e3o devidos \u00e0 a\u00e7\u00e3o do THC nesses receptores cerebrais. <\/p>\n\n\n\n<p>\u00a0Os dados demonstram que os danos psiqui\u00e1tricos e comportamentais constatados pelo uso de maconha s\u00e3o enormes e todos s\u00e3o atribu\u00eddos diretamente a a\u00e7\u00e3o dessas drogas no c\u00e9rebro. Especialmente, se utilizadas em \u00e9pocas muito precoce da vida, tais como na inf\u00e2ncia e na adolesc\u00eancia.<\/p>\n\n\n\n<p>\u00a0Dados do II LENAD\/2012 mostram que na popula\u00e7\u00e3o adulta brasileira, 5,8% declarou j\u00e1 ter usado maconha alguma vez na vida \u2013 ou seja, 7,8 milh\u00f5es de brasileiros adultos j\u00e1 usaram maconha pelo menos uma vez na vida. Entre os adolescentes, esse n\u00famero \u00e9 de 597 mil indiv\u00edduos (4,3%) dentre os mais de 14 milh\u00f5es de adolescentes brasileiros. Analisando o consumo de maconha nos \u00faltimos 12 meses (anteriores a pesquisa), 2,5% dos brasileiros adultos declaram ter usado e 3,4% dos adolescentes \u2013 representando, portanto, mais de 3 milh\u00f5es de adultos e 478 mil adolescentes em todo pa\u00eds. <\/p>\n\n\n\n<p>A partir desses dados, imaginem o impacto disso, nessa popula\u00e7\u00e3o jovem do nosso pais. Fa\u00e7o minhas as palavras dos pesquisadores do JAMA, citado acima: \u201c<strong><em>\u201ceducar os adolescentes a desenvolver habilidades para resistirem \u00e0 press\u00e3o do grupo para usarem drogas\u201d, deve ser nossa meta. Acrescentaria, ainda: s\u00e3o necess\u00e1rias pol\u00edticas p\u00fablicas mais consistentes para ajudar esses milh\u00f5es de jovens a levarem uma vida mais saud\u00e1vel.<\/em><\/strong><\/p>\n","protected":false},"excerpt":{"rendered":"<p>A cada dia reacendem os debates sobre o uso de maconha, no Brasil e no mundo. Motivos para isso \u00e9 [&hellip;]<\/p>\n","protected":false},"author":3,"featured_media":0,"comment_status":"open","ping_status":"open","sticky":false,"template":"","format":"standard","meta":{"site-sidebar-layout":"default","site-content-layout":"","ast-site-content-layout":"default","site-content-style":"default","site-sidebar-style":"default","ast-global-header-display":"","ast-banner-title-visibility":"","ast-main-header-display":"","ast-hfb-above-header-display":"","ast-hfb-below-header-display":"","ast-hfb-mobile-header-display":"","site-post-title":"","ast-breadcrumbs-content":"","ast-featured-img":"","footer-sml-layout":"","ast-disable-related-posts":"","theme-transparent-header-meta":"","adv-header-id-meta":"","stick-header-meta":"","header-above-stick-meta":"","header-main-stick-meta":"","header-below-stick-meta":"","astra-migrate-meta-layouts":"default","ast-page-background-enabled":"default","ast-page-background-meta":{"desktop":{"background-color":"var(--ast-global-color-5)","background-image":"","background-repeat":"repeat","background-position":"center center","background-size":"auto","background-attachment":"scroll","background-type":"","background-media":"","overlay-type":"","overlay-color":"","overlay-opacity":"","overlay-gradient":""},"tablet":{"background-color":"","background-image":"","background-repeat":"repeat","background-position":"center center","background-size":"auto","background-attachment":"scroll","background-type":"","background-media":"","overlay-type":"","overlay-color":"","overlay-opacity":"","overlay-gradient":""},"mobile":{"background-color":"","background-image":"","background-repeat":"repeat","background-position":"center center","background-size":"auto","background-attachment":"scroll","background-type":"","background-media":"","overlay-type":"","overlay-color":"","overlay-opacity":"","overlay-gradient":""}},"ast-content-background-meta":{"desktop":{"background-color":"var(--ast-global-color-4)","background-image":"","background-repeat":"repeat","background-position":"center center","background-size":"auto","background-attachment":"scroll","background-type":"","background-media":"","overlay-type":"","overlay-color":"","overlay-opacity":"","overlay-gradient":""},"tablet":{"background-color":"var(--ast-global-color-4)","background-image":"","background-repeat":"repeat","background-position":"center center","background-size":"auto","background-attachment":"scroll","background-type":"","background-media":"","overlay-type":"","overlay-color":"","overlay-opacity":"","overlay-gradient":""},"mobile":{"background-color":"var(--ast-global-color-4)","background-image":"","background-repeat":"repeat","background-position":"center center","background-size":"auto","background-attachment":"scroll","background-type":"","background-media":"","overlay-type":"","overlay-color":"","overlay-opacity":"","overlay-gradient":""}},"footnotes":""},"categories":[4,7,1],"tags":[],"class_list":["post-918","post","type-post","status-publish","format-standard","hentry","category-dependencia-quimica","category-saude-mental","category-sem-categoria"],"yoast_head":"<!-- This site is optimized with the Yoast SEO plugin v26.6 - https:\/\/yoast.com\/wordpress\/plugins\/seo\/ -->\n<title>Doen\u00e7as mentais e o uso de maconha - Ruy Palhano<\/title>\n<meta name=\"robots\" content=\"index, follow, max-snippet:-1, max-image-preview:large, max-video-preview:-1\" \/>\n<link rel=\"canonical\" href=\"https:\/\/www.blogsoestado.com\/ruypalhano\/2019\/02\/20\/doencas-mentais-e-o-uso-de-maconha\/\" \/>\n<meta property=\"og:locale\" content=\"pt_BR\" \/>\n<meta property=\"og:type\" content=\"article\" \/>\n<meta property=\"og:title\" content=\"Doen\u00e7as mentais e o uso de maconha - Ruy Palhano\" \/>\n<meta property=\"og:description\" content=\"A cada dia reacendem os debates sobre o uso de maconha, no Brasil e no mundo. Motivos para isso \u00e9 [&hellip;]\" \/>\n<meta property=\"og:url\" content=\"https:\/\/www.blogsoestado.com\/ruypalhano\/2019\/02\/20\/doencas-mentais-e-o-uso-de-maconha\/\" \/>\n<meta property=\"og:site_name\" content=\"Ruy Palhano\" \/>\n<meta property=\"article:published_time\" content=\"2019-02-20T19:03:19+00:00\" \/>\n<meta name=\"author\" content=\"Ruy Palhano\" \/>\n<meta name=\"twitter:card\" content=\"summary_large_image\" \/>\n<meta name=\"twitter:label1\" content=\"Escrito por\" \/>\n\t<meta name=\"twitter:data1\" content=\"Ruy Palhano\" \/>\n\t<meta name=\"twitter:label2\" content=\"Est. tempo de leitura\" \/>\n\t<meta name=\"twitter:data2\" content=\"5 minutos\" \/>\n<script type=\"application\/ld+json\" class=\"yoast-schema-graph\">{\"@context\":\"https:\/\/schema.org\",\"@graph\":[{\"@type\":\"WebPage\",\"@id\":\"https:\/\/www.blogsoestado.com\/ruypalhano\/2019\/02\/20\/doencas-mentais-e-o-uso-de-maconha\/\",\"url\":\"https:\/\/www.blogsoestado.com\/ruypalhano\/2019\/02\/20\/doencas-mentais-e-o-uso-de-maconha\/\",\"name\":\"Doen\u00e7as mentais e o uso de maconha - Ruy Palhano\",\"isPartOf\":{\"@id\":\"https:\/\/www.blogsoestado.com\/ruypalhano\/#website\"},\"datePublished\":\"2019-02-20T19:03:19+00:00\",\"author\":{\"@id\":\"https:\/\/www.blogsoestado.com\/ruypalhano\/#\/schema\/person\/ef49e08ec3e742dec1682f34674f2c84\"},\"breadcrumb\":{\"@id\":\"https:\/\/www.blogsoestado.com\/ruypalhano\/2019\/02\/20\/doencas-mentais-e-o-uso-de-maconha\/#breadcrumb\"},\"inLanguage\":\"pt-BR\",\"potentialAction\":[{\"@type\":\"ReadAction\",\"target\":[\"https:\/\/www.blogsoestado.com\/ruypalhano\/2019\/02\/20\/doencas-mentais-e-o-uso-de-maconha\/\"]}]},{\"@type\":\"BreadcrumbList\",\"@id\":\"https:\/\/www.blogsoestado.com\/ruypalhano\/2019\/02\/20\/doencas-mentais-e-o-uso-de-maconha\/#breadcrumb\",\"itemListElement\":[{\"@type\":\"ListItem\",\"position\":1,\"name\":\"In\u00edcio\",\"item\":\"https:\/\/www.blogsoestado.com\/ruypalhano\/\"},{\"@type\":\"ListItem\",\"position\":2,\"name\":\"Doen\u00e7as mentais e o uso de maconha\"}]},{\"@type\":\"WebSite\",\"@id\":\"https:\/\/www.blogsoestado.com\/ruypalhano\/#website\",\"url\":\"https:\/\/www.blogsoestado.com\/ruypalhano\/\",\"name\":\"Ruy Palhano\",\"description\":\"\",\"potentialAction\":[{\"@type\":\"SearchAction\",\"target\":{\"@type\":\"EntryPoint\",\"urlTemplate\":\"https:\/\/www.blogsoestado.com\/ruypalhano\/?s={search_term_string}\"},\"query-input\":{\"@type\":\"PropertyValueSpecification\",\"valueRequired\":true,\"valueName\":\"search_term_string\"}}],\"inLanguage\":\"pt-BR\"},{\"@type\":\"Person\",\"@id\":\"https:\/\/www.blogsoestado.com\/ruypalhano\/#\/schema\/person\/ef49e08ec3e742dec1682f34674f2c84\",\"name\":\"Ruy Palhano\",\"image\":{\"@type\":\"ImageObject\",\"inLanguage\":\"pt-BR\",\"@id\":\"https:\/\/www.blogsoestado.com\/ruypalhano\/#\/schema\/person\/image\/\",\"url\":\"https:\/\/secure.gravatar.com\/avatar\/d08170dc68d65048f069f40789786091e8b070aa02b0d2e514ddd0244c684a5a?s=96&d=mm&r=g\",\"contentUrl\":\"https:\/\/secure.gravatar.com\/avatar\/d08170dc68d65048f069f40789786091e8b070aa02b0d2e514ddd0244c684a5a?s=96&d=mm&r=g\",\"caption\":\"Ruy Palhano\"},\"url\":\"https:\/\/www.blogsoestado.com\/ruypalhano\/author\/ruypalhano\/\"}]}<\/script>\n<!-- \/ Yoast SEO plugin. -->","yoast_head_json":{"title":"Doen\u00e7as mentais e o uso de maconha - Ruy Palhano","robots":{"index":"index","follow":"follow","max-snippet":"max-snippet:-1","max-image-preview":"max-image-preview:large","max-video-preview":"max-video-preview:-1"},"canonical":"https:\/\/www.blogsoestado.com\/ruypalhano\/2019\/02\/20\/doencas-mentais-e-o-uso-de-maconha\/","og_locale":"pt_BR","og_type":"article","og_title":"Doen\u00e7as mentais e o uso de maconha - Ruy Palhano","og_description":"A cada dia reacendem os debates sobre o uso de maconha, no Brasil e no mundo. Motivos para isso \u00e9 [&hellip;]","og_url":"https:\/\/www.blogsoestado.com\/ruypalhano\/2019\/02\/20\/doencas-mentais-e-o-uso-de-maconha\/","og_site_name":"Ruy Palhano","article_published_time":"2019-02-20T19:03:19+00:00","author":"Ruy Palhano","twitter_card":"summary_large_image","twitter_misc":{"Escrito por":"Ruy Palhano","Est. tempo de leitura":"5 minutos"},"schema":{"@context":"https:\/\/schema.org","@graph":[{"@type":"WebPage","@id":"https:\/\/www.blogsoestado.com\/ruypalhano\/2019\/02\/20\/doencas-mentais-e-o-uso-de-maconha\/","url":"https:\/\/www.blogsoestado.com\/ruypalhano\/2019\/02\/20\/doencas-mentais-e-o-uso-de-maconha\/","name":"Doen\u00e7as mentais e o uso de maconha - Ruy Palhano","isPartOf":{"@id":"https:\/\/www.blogsoestado.com\/ruypalhano\/#website"},"datePublished":"2019-02-20T19:03:19+00:00","author":{"@id":"https:\/\/www.blogsoestado.com\/ruypalhano\/#\/schema\/person\/ef49e08ec3e742dec1682f34674f2c84"},"breadcrumb":{"@id":"https:\/\/www.blogsoestado.com\/ruypalhano\/2019\/02\/20\/doencas-mentais-e-o-uso-de-maconha\/#breadcrumb"},"inLanguage":"pt-BR","potentialAction":[{"@type":"ReadAction","target":["https:\/\/www.blogsoestado.com\/ruypalhano\/2019\/02\/20\/doencas-mentais-e-o-uso-de-maconha\/"]}]},{"@type":"BreadcrumbList","@id":"https:\/\/www.blogsoestado.com\/ruypalhano\/2019\/02\/20\/doencas-mentais-e-o-uso-de-maconha\/#breadcrumb","itemListElement":[{"@type":"ListItem","position":1,"name":"In\u00edcio","item":"https:\/\/www.blogsoestado.com\/ruypalhano\/"},{"@type":"ListItem","position":2,"name":"Doen\u00e7as mentais e o uso de maconha"}]},{"@type":"WebSite","@id":"https:\/\/www.blogsoestado.com\/ruypalhano\/#website","url":"https:\/\/www.blogsoestado.com\/ruypalhano\/","name":"Ruy Palhano","description":"","potentialAction":[{"@type":"SearchAction","target":{"@type":"EntryPoint","urlTemplate":"https:\/\/www.blogsoestado.com\/ruypalhano\/?s={search_term_string}"},"query-input":{"@type":"PropertyValueSpecification","valueRequired":true,"valueName":"search_term_string"}}],"inLanguage":"pt-BR"},{"@type":"Person","@id":"https:\/\/www.blogsoestado.com\/ruypalhano\/#\/schema\/person\/ef49e08ec3e742dec1682f34674f2c84","name":"Ruy Palhano","image":{"@type":"ImageObject","inLanguage":"pt-BR","@id":"https:\/\/www.blogsoestado.com\/ruypalhano\/#\/schema\/person\/image\/","url":"https:\/\/secure.gravatar.com\/avatar\/d08170dc68d65048f069f40789786091e8b070aa02b0d2e514ddd0244c684a5a?s=96&d=mm&r=g","contentUrl":"https:\/\/secure.gravatar.com\/avatar\/d08170dc68d65048f069f40789786091e8b070aa02b0d2e514ddd0244c684a5a?s=96&d=mm&r=g","caption":"Ruy Palhano"},"url":"https:\/\/www.blogsoestado.com\/ruypalhano\/author\/ruypalhano\/"}]}},"jetpack_featured_media_url":"","_links":{"self":[{"href":"https:\/\/www.blogsoestado.com\/ruypalhano\/wp-json\/wp\/v2\/posts\/918","targetHints":{"allow":["GET"]}}],"collection":[{"href":"https:\/\/www.blogsoestado.com\/ruypalhano\/wp-json\/wp\/v2\/posts"}],"about":[{"href":"https:\/\/www.blogsoestado.com\/ruypalhano\/wp-json\/wp\/v2\/types\/post"}],"author":[{"embeddable":true,"href":"https:\/\/www.blogsoestado.com\/ruypalhano\/wp-json\/wp\/v2\/users\/3"}],"replies":[{"embeddable":true,"href":"https:\/\/www.blogsoestado.com\/ruypalhano\/wp-json\/wp\/v2\/comments?post=918"}],"version-history":[{"count":0,"href":"https:\/\/www.blogsoestado.com\/ruypalhano\/wp-json\/wp\/v2\/posts\/918\/revisions"}],"wp:attachment":[{"href":"https:\/\/www.blogsoestado.com\/ruypalhano\/wp-json\/wp\/v2\/media?parent=918"}],"wp:term":[{"taxonomy":"category","embeddable":true,"href":"https:\/\/www.blogsoestado.com\/ruypalhano\/wp-json\/wp\/v2\/categories?post=918"},{"taxonomy":"post_tag","embeddable":true,"href":"https:\/\/www.blogsoestado.com\/ruypalhano\/wp-json\/wp\/v2\/tags?post=918"}],"curies":[{"name":"wp","href":"https:\/\/api.w.org\/{rel}","templated":true}]}}