{"id":939,"date":"2019-03-09T14:27:45","date_gmt":"2019-03-09T17:27:45","guid":{"rendered":"https:\/\/www.blogsoestado.com\/ruypalhano\/?p=939"},"modified":"2019-03-09T14:27:45","modified_gmt":"2019-03-09T17:27:45","slug":"939","status":"publish","type":"post","link":"https:\/\/www.blogsoestado.com\/ruypalhano\/2019\/03\/09\/939\/","title":{"rendered":"Depend\u00eancia de celulares"},"content":{"rendered":"\n<p>&nbsp;&nbsp;&nbsp;&nbsp;&nbsp;&nbsp;<\/p>\n\n\n\n<p>&nbsp;&nbsp;&nbsp;&nbsp;&nbsp;&nbsp;&nbsp;&nbsp;&nbsp; Semana passada, anunciaram na grande imprensa, uma pesquisa importante, realizada em todo territ\u00f3rio nacional, envolvendo o uso de telefone celular. E, alguns achados da pesquisa, demonstram uma situa\u00e7\u00e3o muito complicada e preocupante entre as pessoas e o uso desses aparelhos. <\/p>\n\n\n\n<p>&nbsp;&nbsp;&nbsp;&nbsp;&nbsp;&nbsp;&nbsp;&nbsp;&nbsp;&nbsp; Os pesquisadores, descobriram que 15%\ndos brasileiros entrevistados, n\u00e3o conseguem ficar <strong><em>1 minuto sequer<\/em><\/strong> sem o\ntelefone celular; 7% deles, por <strong><em>s\u00f3 por 2 horas<\/em><\/strong>; 11% s\u00f3 conseguem ficar\nsem ele, <strong><em>por 6 horas<\/em><\/strong>, e 8% por apenas <strong><em>1 hora<\/em><\/strong>. Sinais de inquieta\u00e7\u00e3o,\ntaquicardia, falta de ar, apreens\u00e3o e inquieta\u00e7\u00e3o por n\u00e3os disporem dos\naparelhos ou por n\u00e3o terem acesso \u00e0s suas fun\u00e7\u00f5es, podem ser pren\u00fancios de depend\u00eancia.\n27% dos entrevistados afirmaram que o uso do celular <strong><em>atrapalha a hora de dormir<\/em><\/strong>;\n23% afeta a <strong><em>rela\u00e7\u00e3o com outras pessoas<\/em><\/strong> e outros 23% informam que o <strong><em>celular\ntira a ten\u00e7\u00e3o nas tarefas di\u00e1rias<\/em><\/strong>. Esses n\u00fameros s\u00e3o estarrecedores.<\/p>\n\n\n\n<p>&nbsp;&nbsp;&nbsp;&nbsp;&nbsp;&nbsp;&nbsp;&nbsp;&nbsp;&nbsp;&nbsp; Sabe-se que desde a metade dos anos\n1990, o uso de aparelhos eletr\u00f4nicos tem aumentado exponencialmente. Segundo a\nUni\u00e3o Internacional de Telecomunica\u00e7\u00f5es <strong><em>(UIT)<\/em><\/strong>, <strong><em>Ag\u00eancia do Sistema das Na\u00e7\u00f5es\nUnidas<\/em><\/strong>, dedicada a temas relacionados \u00e0s Tecnologias da Informa\u00e7\u00e3o e\nComunica\u00e7\u00e3o, j\u00e1 s\u00e3o mais de 7 bilh\u00f5es de aparelhos celulares em uso no mundo, isso\ncorresponde, a mais ou menos, um aparelho para cada ser humano na face da\nterra.<\/p>\n\n\n\n<p>&nbsp;&nbsp;&nbsp;&nbsp;&nbsp;&nbsp;&nbsp;&nbsp;&nbsp;&nbsp; Com o aperfei\u00e7oamento progressivo desses\naparelhos, chegou-se a era dos aparelhos inteligentes: Tvs, carros e fones inteligentes,\nou smartphones, equipamentos dotados de m\u00faltiplas fun\u00e7\u00f5es:&nbsp; &nbsp;c\u00e2mera\nfotogr\u00e1fica, filmadora de alta resolu\u00e7\u00e3o, ampla acessibilidade a e-mails e\nredes sociais, pesquisas on-line, visualiza\u00e7\u00e3o de filmes e programas de TV,\nm\u00fasicas, realiza\u00e7\u00e3o de transa\u00e7\u00f5es financeiras, estudos e diversas outras\npossibilidades, al\u00e9m, evidentemente, do contato telef\u00f4nico propriamente dito.\nOs smartphones vieram para ficar e sua chegada provocou, grandes transforma\u00e7\u00f5es\nnos meios de comunica\u00e7\u00e3o.<\/p>\n\n\n\n<p>&nbsp;&nbsp;&nbsp;&nbsp;&nbsp;&nbsp;&nbsp;&nbsp; Como j\u00e1 era de se esperar, as pessoas\nforam com sede ao pote, no rumo desses equipamentos, pois afinal de contas,\nn\u00e3os se tratava, t\u00e3o somente, de um telefone e sim de algo que nos dava um <strong><em>\u201cplus\u201d<\/em><\/strong>\na mais, em nosso modo de viver.&nbsp; O\naparelhinho, deixa o mundo inteiro, literalmente, ao nosso alcance, bastando\npara tanto alguns <strong><em>\u201ccliques\u201d<\/em><\/strong> em seus teclados e, em poucos segundo as coisas mudam.\nTem havido tanta evolu\u00e7\u00e3o, que raras s\u00e3o as vezes que se v\u00ea algu\u00e9m sem portar\num celular, ou nas m\u00e3os, nos bolsos, nas bolsas e em todo lugar que se pode\nimaginar.<\/p>\n\n\n\n<p>&nbsp;&nbsp;&nbsp;&nbsp;&nbsp;&nbsp;&nbsp;&nbsp;&nbsp;&nbsp;&nbsp;&nbsp; Com o aperfei\u00e7oamento dos\naparelhos, surgiram novos h\u00e1bitos e novas formas das pessoas se comportarem no\nmundo, ao ponto de muito delas perderem completamente a no\u00e7\u00e3o de adequa\u00e7\u00e3o do\nseu uso. Passaram a us\u00e1-los de forma estranha, disfuncional e desvinculada das\nfinalidades para as quais os mesmos foram inventados. A situa\u00e7\u00e3o foi t\u00e3o\nalarmante que no Reino Unido, a uns anos atr\u00e1s, passou-se a designar esse apego\npatol\u00f3gico aos celulares de <strong><em>nomofobia<\/em><\/strong> (<strong><em>abrevia\u00e7\u00e3o, do ingl\u00eas, para:\nno-mobile-phone phobia<\/em><\/strong>), para descrever o pavor, o mal-estar, o estado\nde apreens\u00e3o e todo uma angustia que urge nessas pessoas quando o telefone\ncelular n\u00e3o estar dispon\u00edvel. Esse termo tem tamb\u00e9m sido muito utilizado para\ndescrever a depend\u00eancia ou uso compulsivo desses aparelhos. <\/p>\n\n\n\n<p>&nbsp;&nbsp;&nbsp;&nbsp;&nbsp;&nbsp;&nbsp;&nbsp;&nbsp;&nbsp;&nbsp;&nbsp; As taxas estimadas de depend\u00eancia\nde celular podem chegar at\u00e9 a 60% entre os usu\u00e1rios. Um estudo brasileiro\nrealizado pela pesquisadora Anna L\u00facia King, da UFRJ, verificou que 34% dos\nentrevistados afirmaram ter alto grau de ansiedade sem o telefone por perto. <\/p>\n\n\n\n<p>&nbsp;&nbsp;&nbsp;&nbsp;&nbsp;&nbsp;&nbsp;&nbsp;&nbsp;&nbsp;&nbsp;&nbsp; Uma outra particularidade, ao meu\nver, ainda mais preocupante \u00e9 a utiliza\u00e7\u00e3o em massa desses aparelhos,\nespecialmente fones e tabletes, por crian\u00e7as e adolescentes, pois isso\nfatalmente ir\u00e1 provocar, desde cedo, comportamentos exagerados e\ndescontrolados, pr\u00f3prios dos usu\u00e1rios disfuncionais. Milh\u00f5es de crian\u00e7as, com\nidades que variam ente dois ou tr\u00eas anos e adolescentes, com acesso livre,\ntotal, irrestrito e sem qualquer controle por parte dos pais e professores. O\npior, \u00e9 que essa pr\u00e1tica \u00e9 incentivada pelos pr\u00f3prios pais, n\u00e3o existindo\nqualquer disciplinamento sobre seu uso e nas escolas sem qualquer controle.<\/p>\n\n\n\n<p>&nbsp;&nbsp;&nbsp;&nbsp;&nbsp;&nbsp;&nbsp;&nbsp;&nbsp;&nbsp;&nbsp;&nbsp; Qual a perspectiva diante dessa\nsitua\u00e7\u00e3o? Uma delas, certamente, \u00e9 o aumento de pessoas, precocemente,\nafetadas, emocional e psiquicamente, pelo uso disfuncional e desses aparelhos.\nA outra consequ\u00eancia direta, \u00e9 o afastamento, lento e progressivo dessas\npessoas da sua realidade. Isto \u00e9, as pessoas v\u00e3o deixando de viver em seu dia a\ndia, suas responsabilidades, seus deveres, seus estudos e outros interesses\npara se fixarem ao telefone.<\/p>\n\n\n\n<p>&nbsp;&nbsp;&nbsp;&nbsp;&nbsp;&nbsp;&nbsp;&nbsp;&nbsp; As pessoas j\u00e1 afetadas pela nomofobia,\nj\u00e1 esbo\u00e7am sinais de perda das habilidades ps\u00edquicas e sociais nos\nrelacionamentos interpessoais, pois passam a ter dificuldades em estabelecer v\u00ednculos\nde amizade plenos e duradouros. Se tornam utilit\u00e1rias, mediocrizadas e sem\nprofundidade em nada que fazem e perdem a capacidade de se comunicarem. &nbsp;<\/p>\n\n\n\n<p>&nbsp;&nbsp;&nbsp;&nbsp;&nbsp;&nbsp;&nbsp;&nbsp; A prioriza\u00e7\u00e3o do uso desses\nequipamentos, em detrimento de outros interesses \u00e9 outro problema grave. As pessoas\ntornam-se fixadas nos celulares e deixam para tr\u00e1s todos os outros interesses, como\nestudos, trabalhos, atividades f\u00edsicas e outras ocupa\u00e7\u00f5es salutares. Passaram a\ndesenvolver <strong><em>toler\u00e2ncia<\/em><\/strong>, que \u00e9 aumentar progressivamente, o tempo de uso desses\naparelhos e a apresentarem <strong><em>abstin\u00eancia <\/em><\/strong>que \u00e9 o fato de passarem\nmal pela falta dos mesmos, esses dois fen\u00f4menos s\u00e3o indicadores importantes para\no diagn\u00f3stico da depend\u00eancia.<\/p>\n\n\n\n<p>&nbsp;&nbsp;&nbsp;&nbsp;&nbsp;&nbsp;&nbsp;&nbsp;&nbsp;&nbsp;&nbsp;&nbsp; Os abusadores de celulares e\noutros equipamentos eletr\u00f4nicos, t\u00eam maior chance de desenvolverem transtornos\npsiqui\u00e1tricos como os da <em>ansiedade, do\nhumor (depress\u00e3o) da impulsividade<\/em>, que outros usu\u00e1rios que n\u00e3o est\u00e3o nessa\nconjuntura. Problemas f\u00edsicos, incluindo <em>fadiga,\npatologia ocular, dores musculares, tendinites, cefaleia, dist\u00farbios do sono e\nsedentarismo, s\u00e3o tamb\u00e9m sintomas relatados pelos dependentes<\/em>. Al\u00e9m disso, esses\nusu\u00e1rios compulsivos apresentam maior propens\u00e3o para acidentes automobil\u00edsticos\nou quedas.<\/p>\n\n\n\n<p>&nbsp;&nbsp;&nbsp;&nbsp;&nbsp;&nbsp;&nbsp;&nbsp;&nbsp; Nessa perspectiva, outros m\u00e9dicos\ncomo os <strong><em>oftalmologistas<\/em><\/strong> tem demonstrado que crian\u00e7as expostas a\nluminosidade cont\u00ednua e excessiva, oriundas dos celulares, tabletes e computadores,\npoder\u00e1 prejudic\u00e1-los, precocemente, com miopias e astigmatismo.&nbsp; Portanto, os pais devem ficar mais atentos na\nrela\u00e7\u00e3o com seus filhos com e os equipamentos eletr\u00f4nicos, pois esses limites\nque tem que estabelecer s\u00e3o eles.<\/p>\n","protected":false},"excerpt":{"rendered":"<p>&nbsp;&nbsp;&nbsp;&nbsp;&nbsp;&nbsp; &nbsp;&nbsp;&nbsp;&nbsp;&nbsp;&nbsp;&nbsp;&nbsp;&nbsp; Semana passada, anunciaram na grande imprensa, uma pesquisa importante, realizada em todo territ\u00f3rio nacional, envolvendo o uso de [&hellip;]<\/p>\n","protected":false},"author":3,"featured_media":0,"comment_status":"open","ping_status":"open","sticky":false,"template":"","format":"standard","meta":{"site-sidebar-layout":"default","site-content-layout":"","ast-site-content-layout":"default","site-content-style":"default","site-sidebar-style":"default","ast-global-header-display":"","ast-banner-title-visibility":"","ast-main-header-display":"","ast-hfb-above-header-display":"","ast-hfb-below-header-display":"","ast-hfb-mobile-header-display":"","site-post-title":"","ast-breadcrumbs-content":"","ast-featured-img":"","footer-sml-layout":"","ast-disable-related-posts":"","theme-transparent-header-meta":"","adv-header-id-meta":"","stick-header-meta":"","header-above-stick-meta":"","header-main-stick-meta":"","header-below-stick-meta":"","astra-migrate-meta-layouts":"default","ast-page-background-enabled":"default","ast-page-background-meta":{"desktop":{"background-color":"var(--ast-global-color-5)","background-image":"","background-repeat":"repeat","background-position":"center center","background-size":"auto","background-attachment":"scroll","background-type":"","background-media":"","overlay-type":"","overlay-color":"","overlay-opacity":"","overlay-gradient":""},"tablet":{"background-color":"","background-image":"","background-repeat":"repeat","background-position":"center center","background-size":"auto","background-attachment":"scroll","background-type":"","background-media":"","overlay-type":"","overlay-color":"","overlay-opacity":"","overlay-gradient":""},"mobile":{"background-color":"","background-image":"","background-repeat":"repeat","background-position":"center center","background-size":"auto","background-attachment":"scroll","background-type":"","background-media":"","overlay-type":"","overlay-color":"","overlay-opacity":"","overlay-gradient":""}},"ast-content-background-meta":{"desktop":{"background-color":"var(--ast-global-color-4)","background-image":"","background-repeat":"repeat","background-position":"center center","background-size":"auto","background-attachment":"scroll","background-type":"","background-media":"","overlay-type":"","overlay-color":"","overlay-opacity":"","overlay-gradient":""},"tablet":{"background-color":"var(--ast-global-color-4)","background-image":"","background-repeat":"repeat","background-position":"center center","background-size":"auto","background-attachment":"scroll","background-type":"","background-media":"","overlay-type":"","overlay-color":"","overlay-opacity":"","overlay-gradient":""},"mobile":{"background-color":"var(--ast-global-color-4)","background-image":"","background-repeat":"repeat","background-position":"center center","background-size":"auto","background-attachment":"scroll","background-type":"","background-media":"","overlay-type":"","overlay-color":"","overlay-opacity":"","overlay-gradient":""}},"footnotes":""},"categories":[3,5,7,1],"tags":[],"class_list":["post-939","post","type-post","status-publish","format-standard","hentry","category-comportamento","category-doenca-mental","category-saude-mental","category-sem-categoria"],"yoast_head":"<!-- This site is optimized with the Yoast SEO plugin v26.6 - https:\/\/yoast.com\/wordpress\/plugins\/seo\/ -->\n<title>Depend\u00eancia de celulares - Ruy Palhano<\/title>\n<meta name=\"robots\" content=\"index, follow, max-snippet:-1, max-image-preview:large, max-video-preview:-1\" \/>\n<link rel=\"canonical\" href=\"https:\/\/www.blogsoestado.com\/ruypalhano\/2019\/03\/09\/939\/\" \/>\n<meta property=\"og:locale\" content=\"pt_BR\" \/>\n<meta property=\"og:type\" content=\"article\" \/>\n<meta property=\"og:title\" content=\"Depend\u00eancia de celulares - Ruy Palhano\" \/>\n<meta property=\"og:description\" content=\"&nbsp;&nbsp;&nbsp;&nbsp;&nbsp;&nbsp; &nbsp;&nbsp;&nbsp;&nbsp;&nbsp;&nbsp;&nbsp;&nbsp;&nbsp; Semana passada, anunciaram na grande imprensa, uma pesquisa importante, realizada em todo territ\u00f3rio nacional, envolvendo o uso de [&hellip;]\" \/>\n<meta property=\"og:url\" content=\"https:\/\/www.blogsoestado.com\/ruypalhano\/2019\/03\/09\/939\/\" \/>\n<meta property=\"og:site_name\" content=\"Ruy Palhano\" \/>\n<meta property=\"article:published_time\" content=\"2019-03-09T17:27:45+00:00\" \/>\n<meta name=\"author\" content=\"Ruy Palhano\" \/>\n<meta name=\"twitter:card\" content=\"summary_large_image\" \/>\n<meta name=\"twitter:label1\" content=\"Escrito por\" \/>\n\t<meta name=\"twitter:data1\" content=\"Ruy Palhano\" \/>\n\t<meta name=\"twitter:label2\" content=\"Est. tempo de leitura\" \/>\n\t<meta name=\"twitter:data2\" content=\"6 minutos\" \/>\n<script type=\"application\/ld+json\" class=\"yoast-schema-graph\">{\"@context\":\"https:\/\/schema.org\",\"@graph\":[{\"@type\":\"WebPage\",\"@id\":\"https:\/\/www.blogsoestado.com\/ruypalhano\/2019\/03\/09\/939\/\",\"url\":\"https:\/\/www.blogsoestado.com\/ruypalhano\/2019\/03\/09\/939\/\",\"name\":\"Depend\u00eancia de celulares - Ruy Palhano\",\"isPartOf\":{\"@id\":\"https:\/\/www.blogsoestado.com\/ruypalhano\/#website\"},\"datePublished\":\"2019-03-09T17:27:45+00:00\",\"author\":{\"@id\":\"https:\/\/www.blogsoestado.com\/ruypalhano\/#\/schema\/person\/ef49e08ec3e742dec1682f34674f2c84\"},\"breadcrumb\":{\"@id\":\"https:\/\/www.blogsoestado.com\/ruypalhano\/2019\/03\/09\/939\/#breadcrumb\"},\"inLanguage\":\"pt-BR\",\"potentialAction\":[{\"@type\":\"ReadAction\",\"target\":[\"https:\/\/www.blogsoestado.com\/ruypalhano\/2019\/03\/09\/939\/\"]}]},{\"@type\":\"BreadcrumbList\",\"@id\":\"https:\/\/www.blogsoestado.com\/ruypalhano\/2019\/03\/09\/939\/#breadcrumb\",\"itemListElement\":[{\"@type\":\"ListItem\",\"position\":1,\"name\":\"In\u00edcio\",\"item\":\"https:\/\/www.blogsoestado.com\/ruypalhano\/\"},{\"@type\":\"ListItem\",\"position\":2,\"name\":\"Depend\u00eancia de celulares\"}]},{\"@type\":\"WebSite\",\"@id\":\"https:\/\/www.blogsoestado.com\/ruypalhano\/#website\",\"url\":\"https:\/\/www.blogsoestado.com\/ruypalhano\/\",\"name\":\"Ruy Palhano\",\"description\":\"\",\"potentialAction\":[{\"@type\":\"SearchAction\",\"target\":{\"@type\":\"EntryPoint\",\"urlTemplate\":\"https:\/\/www.blogsoestado.com\/ruypalhano\/?s={search_term_string}\"},\"query-input\":{\"@type\":\"PropertyValueSpecification\",\"valueRequired\":true,\"valueName\":\"search_term_string\"}}],\"inLanguage\":\"pt-BR\"},{\"@type\":\"Person\",\"@id\":\"https:\/\/www.blogsoestado.com\/ruypalhano\/#\/schema\/person\/ef49e08ec3e742dec1682f34674f2c84\",\"name\":\"Ruy Palhano\",\"image\":{\"@type\":\"ImageObject\",\"inLanguage\":\"pt-BR\",\"@id\":\"https:\/\/www.blogsoestado.com\/ruypalhano\/#\/schema\/person\/image\/\",\"url\":\"https:\/\/secure.gravatar.com\/avatar\/d08170dc68d65048f069f40789786091e8b070aa02b0d2e514ddd0244c684a5a?s=96&d=mm&r=g\",\"contentUrl\":\"https:\/\/secure.gravatar.com\/avatar\/d08170dc68d65048f069f40789786091e8b070aa02b0d2e514ddd0244c684a5a?s=96&d=mm&r=g\",\"caption\":\"Ruy Palhano\"},\"url\":\"https:\/\/www.blogsoestado.com\/ruypalhano\/author\/ruypalhano\/\"}]}<\/script>\n<!-- \/ Yoast SEO plugin. -->","yoast_head_json":{"title":"Depend\u00eancia de celulares - Ruy Palhano","robots":{"index":"index","follow":"follow","max-snippet":"max-snippet:-1","max-image-preview":"max-image-preview:large","max-video-preview":"max-video-preview:-1"},"canonical":"https:\/\/www.blogsoestado.com\/ruypalhano\/2019\/03\/09\/939\/","og_locale":"pt_BR","og_type":"article","og_title":"Depend\u00eancia de celulares - Ruy Palhano","og_description":"&nbsp;&nbsp;&nbsp;&nbsp;&nbsp;&nbsp; &nbsp;&nbsp;&nbsp;&nbsp;&nbsp;&nbsp;&nbsp;&nbsp;&nbsp; Semana passada, anunciaram na grande imprensa, uma pesquisa importante, realizada em todo territ\u00f3rio nacional, envolvendo o uso de [&hellip;]","og_url":"https:\/\/www.blogsoestado.com\/ruypalhano\/2019\/03\/09\/939\/","og_site_name":"Ruy Palhano","article_published_time":"2019-03-09T17:27:45+00:00","author":"Ruy Palhano","twitter_card":"summary_large_image","twitter_misc":{"Escrito por":"Ruy Palhano","Est. tempo de leitura":"6 minutos"},"schema":{"@context":"https:\/\/schema.org","@graph":[{"@type":"WebPage","@id":"https:\/\/www.blogsoestado.com\/ruypalhano\/2019\/03\/09\/939\/","url":"https:\/\/www.blogsoestado.com\/ruypalhano\/2019\/03\/09\/939\/","name":"Depend\u00eancia de celulares - Ruy Palhano","isPartOf":{"@id":"https:\/\/www.blogsoestado.com\/ruypalhano\/#website"},"datePublished":"2019-03-09T17:27:45+00:00","author":{"@id":"https:\/\/www.blogsoestado.com\/ruypalhano\/#\/schema\/person\/ef49e08ec3e742dec1682f34674f2c84"},"breadcrumb":{"@id":"https:\/\/www.blogsoestado.com\/ruypalhano\/2019\/03\/09\/939\/#breadcrumb"},"inLanguage":"pt-BR","potentialAction":[{"@type":"ReadAction","target":["https:\/\/www.blogsoestado.com\/ruypalhano\/2019\/03\/09\/939\/"]}]},{"@type":"BreadcrumbList","@id":"https:\/\/www.blogsoestado.com\/ruypalhano\/2019\/03\/09\/939\/#breadcrumb","itemListElement":[{"@type":"ListItem","position":1,"name":"In\u00edcio","item":"https:\/\/www.blogsoestado.com\/ruypalhano\/"},{"@type":"ListItem","position":2,"name":"Depend\u00eancia de celulares"}]},{"@type":"WebSite","@id":"https:\/\/www.blogsoestado.com\/ruypalhano\/#website","url":"https:\/\/www.blogsoestado.com\/ruypalhano\/","name":"Ruy Palhano","description":"","potentialAction":[{"@type":"SearchAction","target":{"@type":"EntryPoint","urlTemplate":"https:\/\/www.blogsoestado.com\/ruypalhano\/?s={search_term_string}"},"query-input":{"@type":"PropertyValueSpecification","valueRequired":true,"valueName":"search_term_string"}}],"inLanguage":"pt-BR"},{"@type":"Person","@id":"https:\/\/www.blogsoestado.com\/ruypalhano\/#\/schema\/person\/ef49e08ec3e742dec1682f34674f2c84","name":"Ruy Palhano","image":{"@type":"ImageObject","inLanguage":"pt-BR","@id":"https:\/\/www.blogsoestado.com\/ruypalhano\/#\/schema\/person\/image\/","url":"https:\/\/secure.gravatar.com\/avatar\/d08170dc68d65048f069f40789786091e8b070aa02b0d2e514ddd0244c684a5a?s=96&d=mm&r=g","contentUrl":"https:\/\/secure.gravatar.com\/avatar\/d08170dc68d65048f069f40789786091e8b070aa02b0d2e514ddd0244c684a5a?s=96&d=mm&r=g","caption":"Ruy Palhano"},"url":"https:\/\/www.blogsoestado.com\/ruypalhano\/author\/ruypalhano\/"}]}},"jetpack_featured_media_url":"","_links":{"self":[{"href":"https:\/\/www.blogsoestado.com\/ruypalhano\/wp-json\/wp\/v2\/posts\/939","targetHints":{"allow":["GET"]}}],"collection":[{"href":"https:\/\/www.blogsoestado.com\/ruypalhano\/wp-json\/wp\/v2\/posts"}],"about":[{"href":"https:\/\/www.blogsoestado.com\/ruypalhano\/wp-json\/wp\/v2\/types\/post"}],"author":[{"embeddable":true,"href":"https:\/\/www.blogsoestado.com\/ruypalhano\/wp-json\/wp\/v2\/users\/3"}],"replies":[{"embeddable":true,"href":"https:\/\/www.blogsoestado.com\/ruypalhano\/wp-json\/wp\/v2\/comments?post=939"}],"version-history":[{"count":0,"href":"https:\/\/www.blogsoestado.com\/ruypalhano\/wp-json\/wp\/v2\/posts\/939\/revisions"}],"wp:attachment":[{"href":"https:\/\/www.blogsoestado.com\/ruypalhano\/wp-json\/wp\/v2\/media?parent=939"}],"wp:term":[{"taxonomy":"category","embeddable":true,"href":"https:\/\/www.blogsoestado.com\/ruypalhano\/wp-json\/wp\/v2\/categories?post=939"},{"taxonomy":"post_tag","embeddable":true,"href":"https:\/\/www.blogsoestado.com\/ruypalhano\/wp-json\/wp\/v2\/tags?post=939"}],"curies":[{"name":"wp","href":"https:\/\/api.w.org\/{rel}","templated":true}]}}