{"id":98,"date":"2012-06-21T23:39:15","date_gmt":"2012-06-22T02:39:15","guid":{"rendered":"https:\/\/www.blogsoestado.com\/ruypalhano\/?p=98"},"modified":"2012-06-21T23:39:15","modified_gmt":"2012-06-22T02:39:15","slug":"depressao-aspectos-medicos-sociais-e-economicos","status":"publish","type":"post","link":"https:\/\/www.blogsoestado.com\/ruypalhano\/2012\/06\/21\/depressao-aspectos-medicos-sociais-e-economicos\/","title":{"rendered":"Depress\u00e3o: aspectos m\u00e9dicos, sociais e econ\u00f4micos"},"content":{"rendered":"<p style=\"text-align: left\" align=\"center\">Na semana passada alguns jo<a href=\"https:\/\/www.blogsoestado.com\/ruypalhano\/2012\/06\/21\/depressao-aspectos-medicos-sociais-e-economicos\/depressao-2\/\" rel=\"attachment wp-att-99\"><img decoding=\"async\" class=\"alignleft  wp-image-99\" src=\"https:\/\/www.blogsoestado.com\/ruypalhano\/files\/2012\/06\/depressao.jpg\" alt=\"\" width=\"259\" height=\"179\" \/><\/a>rnais destacaram os rumos que a depress\u00e3o seguir\u00e1 nos pr\u00f3ximos anos. Os dados foram surpreendentes, pois de acordo com &#8211; Organiza\u00e7\u00e3o Mundial de Sa\u00fade &#8211; OMS, at\u00e9 2020 a <strong><em>depress\u00e3o ser\u00e1 a principal causa de incapacita\u00e7\u00e3o em todo o mundo<\/em><\/strong>. Muitas pessoas se tornar\u00e3o incapazes e improdutivos do ponto de vista laborativo(absente\u00edsmo) e social, o que acarretar\u00e1 mais preju\u00edzos econ\u00f4micos para o pa\u00eds e mais \u00f4nus para o caixa da previd\u00eancia.<\/p>\n<p style=\"text-align: left\" align=\"center\">H\u00e1 no globo atualmente, mais de 120 milh\u00f5es de pessoas que sofrem de depress\u00e3o e estima-se que s\u00f3 no Brasil, existam acima de 17 milh\u00f5es de pessoas afetadas pela doen\u00e7a. Cerca de 850 mil pessoas morrem, por ano, em decorr\u00eancia da enfermidade, especialmente por suicido, onde a depress\u00e3o corresponde ao principal \u00a0fator de risco para comet\u00ea-lo. A OMS informa tamb\u00e9m que, nos pr\u00f3ximos 20 anos, a depress\u00e3o deve se tornar a doen\u00e7a mais comum do mundo, afetando mais pessoas do que qualquer outro problema de sa\u00fade, incluindo c\u00e2ncer e doen\u00e7as card\u00edacas.<\/p>\n<p>No aspecto s\u00f3cio-econ\u00f4mico, a OMS nos informa que a depress\u00e3o ser\u00e1 a doen\u00e7a que mais acarretar\u00e1 custos econ\u00f4micos e sociais para os governos, devido aos gastos com seu tratamento e por afetar a capacidade produtiva das pessoas afetadas por ela. Na Europa estima-se que a depress\u00e3o gere um custo de 250 euros por habitante e atinge 21 milh\u00f5es de europeus produzindo curtos para a economia em torno de 118 bilh\u00f5es de euros por ano.<\/p>\n<p>Ainda de acordo com o \u00f3rg\u00e3o, os pa\u00edses pobres s\u00e3o os que mais sofrer\u00e3o com o problema, j\u00e1 que s\u00e3o registrados mais casos de depress\u00e3o nestes lugares do que em pa\u00edses desenvolvidos. E, os custos da depress\u00e3o ser\u00e3o sentidos de maneira mais aguda em pa\u00edses em desenvolvimento, j\u00e1 que eles registram mais casos da doen\u00e7a e t\u00eam menos recursos para tratar de transtornos mentais.<\/p>\n<p>Estes dados mostram claramente que embora a ci\u00eancia j\u00e1 tenha desvendado o car\u00e1ter biol\u00f3gico desta doen\u00e7a, o ambiente s\u00f3cio cultual e as condi\u00e7\u00f5es psicossociais exercem um peso enorme na cl\u00ednica, na epidemiologia e na recupera\u00e7\u00e3o destes pacientes.<\/p>\n<p>O fato de vivermos em uma \u00e9poca conflitante, amea\u00e7adora e inst\u00e1vel do ponto de vista pol\u00edtico, econ\u00f4mico e social, acarreta danos irrepar\u00e1veis na estabilidade emocional, psicol\u00f3gica e social das pessoas, afetando diretamente pessoas predispostas a desenvolverem a doen\u00e7a. A descren\u00e7a, as decep\u00e7\u00f5es e a desesperan\u00e7a sentimentos comuns no dias atuais provocam profundas ruptura psicossociais resultando tamb\u00e9m na gera\u00e7\u00e3o de comportamentos depressiog\u00eanicos. Por \u00faltimas mudan\u00e7as r\u00e1pidas e inusitadas em nossas refer\u00eancias sociais, \u00e9ticas, religiosas, e afetivos interferem predominantemente na promo\u00e7\u00e3o de quadros severos de depress\u00e3o.<\/p>\n<p>As perdas tamb\u00e9m foram objeto de estudo da OMS, que estima que em 2030, a depress\u00e3o ser\u00e1 isoladamente a maior causa de perdas (para a popula\u00e7\u00e3o) entre todos os problemas de sa\u00fade, afirmou \u00e0 BBC o m\u00e9dico Shekhar Saxena, do Departamento de Sa\u00fade Mental da OMS.<\/p>\n<p>A condi\u00e7\u00e3o de empobrecimento da popula\u00e7\u00e3o \u00e9 outro agravante que gera \u00edndices elevados de depress\u00e3o. Segundo a OMS os pa\u00edses mais pobres apresentam mais casos de depress\u00e3o do que os pa\u00edses ricos. \u201cAl\u00e9m disso, at\u00e9 mesmo as pessoas pobres que vivem em pa\u00edses ricos t\u00eam maior incid\u00eancia de depress\u00e3o do que as pessoas ricas destes mesmos pa\u00edses\u201d, afirma Saxena. \u201cAs pessoas pobres sofrem mais estresse em seu dia-a-dia do que as pessoas ricas, e n\u00e3o \u00e9 surpreendente que elas tenham mais depress\u00e3o.\u201d<\/p>\n<p>Segundo o m\u00e9dico, o aumento nos casos de depress\u00e3o e os custos econ\u00f4micos e sociais da doen\u00e7a tornam mais urgentes uma mudan\u00e7a de atitude em rela\u00e7\u00e3o ao problema. &#8220;A depress\u00e3o \u00e9 uma doen\u00e7a como qualquer outra doen\u00e7a f\u00edsica, e as pessoas t\u00eam o direito de ser aconselhadas e receber o mesmo cuidado m\u00e9dico que \u00e9 dado no caso de qualquer outra doen\u00e7a.&#8221;<\/p>\n","protected":false},"excerpt":{"rendered":"<p>Na semana passada alguns jornais destacaram os rumos que a depress\u00e3o seguir\u00e1 nos pr\u00f3ximos anos. Os dados foram surpreendentes, pois [&hellip;]<\/p>\n","protected":false},"author":3,"featured_media":0,"comment_status":"open","ping_status":"open","sticky":false,"template":"","format":"standard","meta":{"site-sidebar-layout":"default","site-content-layout":"","ast-site-content-layout":"default","site-content-style":"default","site-sidebar-style":"default","ast-global-header-display":"","ast-banner-title-visibility":"","ast-main-header-display":"","ast-hfb-above-header-display":"","ast-hfb-below-header-display":"","ast-hfb-mobile-header-display":"","site-post-title":"","ast-breadcrumbs-content":"","ast-featured-img":"","footer-sml-layout":"","ast-disable-related-posts":"","theme-transparent-header-meta":"","adv-header-id-meta":"","stick-header-meta":"","header-above-stick-meta":"","header-main-stick-meta":"","header-below-stick-meta":"","astra-migrate-meta-layouts":"default","ast-page-background-enabled":"default","ast-page-background-meta":{"desktop":{"background-color":"var(--ast-global-color-5)","background-image":"","background-repeat":"repeat","background-position":"center center","background-size":"auto","background-attachment":"scroll","background-type":"","background-media":"","overlay-type":"","overlay-color":"","overlay-opacity":"","overlay-gradient":""},"tablet":{"background-color":"","background-image":"","background-repeat":"repeat","background-position":"center center","background-size":"auto","background-attachment":"scroll","background-type":"","background-media":"","overlay-type":"","overlay-color":"","overlay-opacity":"","overlay-gradient":""},"mobile":{"background-color":"","background-image":"","background-repeat":"repeat","background-position":"center center","background-size":"auto","background-attachment":"scroll","background-type":"","background-media":"","overlay-type":"","overlay-color":"","overlay-opacity":"","overlay-gradient":""}},"ast-content-background-meta":{"desktop":{"background-color":"var(--ast-global-color-4)","background-image":"","background-repeat":"repeat","background-position":"center center","background-size":"auto","background-attachment":"scroll","background-type":"","background-media":"","overlay-type":"","overlay-color":"","overlay-opacity":"","overlay-gradient":""},"tablet":{"background-color":"var(--ast-global-color-4)","background-image":"","background-repeat":"repeat","background-position":"center center","background-size":"auto","background-attachment":"scroll","background-type":"","background-media":"","overlay-type":"","overlay-color":"","overlay-opacity":"","overlay-gradient":""},"mobile":{"background-color":"var(--ast-global-color-4)","background-image":"","background-repeat":"repeat","background-position":"center center","background-size":"auto","background-attachment":"scroll","background-type":"","background-media":"","overlay-type":"","overlay-color":"","overlay-opacity":"","overlay-gradient":""}},"footnotes":""},"categories":[7],"tags":[],"class_list":["post-98","post","type-post","status-publish","format-standard","hentry","category-saude-mental"],"yoast_head":"<!-- This site is optimized with the Yoast SEO plugin v26.6 - https:\/\/yoast.com\/wordpress\/plugins\/seo\/ -->\n<title>Depress\u00e3o: aspectos m\u00e9dicos, sociais e econ\u00f4micos - Ruy Palhano<\/title>\n<meta name=\"robots\" content=\"index, follow, max-snippet:-1, max-image-preview:large, max-video-preview:-1\" \/>\n<link rel=\"canonical\" href=\"https:\/\/www.blogsoestado.com\/ruypalhano\/2012\/06\/21\/depressao-aspectos-medicos-sociais-e-economicos\/\" \/>\n<meta property=\"og:locale\" content=\"pt_BR\" \/>\n<meta property=\"og:type\" content=\"article\" \/>\n<meta property=\"og:title\" content=\"Depress\u00e3o: aspectos m\u00e9dicos, sociais e econ\u00f4micos - Ruy Palhano\" \/>\n<meta property=\"og:description\" content=\"Na semana passada alguns jornais destacaram os rumos que a depress\u00e3o seguir\u00e1 nos pr\u00f3ximos anos. Os dados foram surpreendentes, pois [&hellip;]\" \/>\n<meta property=\"og:url\" content=\"https:\/\/www.blogsoestado.com\/ruypalhano\/2012\/06\/21\/depressao-aspectos-medicos-sociais-e-economicos\/\" \/>\n<meta property=\"og:site_name\" content=\"Ruy Palhano\" \/>\n<meta property=\"article:published_time\" content=\"2012-06-22T02:39:15+00:00\" \/>\n<meta property=\"og:image\" content=\"https:\/\/www.blogsoestado.com\/ruypalhano\/files\/2012\/06\/depressao.jpg\" \/>\n<meta name=\"author\" content=\"Ruy Palhano\" \/>\n<meta name=\"twitter:card\" content=\"summary_large_image\" \/>\n<meta name=\"twitter:label1\" content=\"Escrito por\" \/>\n\t<meta name=\"twitter:data1\" content=\"Ruy Palhano\" \/>\n\t<meta name=\"twitter:label2\" content=\"Est. tempo de leitura\" \/>\n\t<meta name=\"twitter:data2\" content=\"4 minutos\" \/>\n<script type=\"application\/ld+json\" class=\"yoast-schema-graph\">{\"@context\":\"https:\/\/schema.org\",\"@graph\":[{\"@type\":\"WebPage\",\"@id\":\"https:\/\/www.blogsoestado.com\/ruypalhano\/2012\/06\/21\/depressao-aspectos-medicos-sociais-e-economicos\/\",\"url\":\"https:\/\/www.blogsoestado.com\/ruypalhano\/2012\/06\/21\/depressao-aspectos-medicos-sociais-e-economicos\/\",\"name\":\"Depress\u00e3o: aspectos m\u00e9dicos, sociais e econ\u00f4micos - Ruy Palhano\",\"isPartOf\":{\"@id\":\"https:\/\/www.blogsoestado.com\/ruypalhano\/#website\"},\"primaryImageOfPage\":{\"@id\":\"https:\/\/www.blogsoestado.com\/ruypalhano\/2012\/06\/21\/depressao-aspectos-medicos-sociais-e-economicos\/#primaryimage\"},\"image\":{\"@id\":\"https:\/\/www.blogsoestado.com\/ruypalhano\/2012\/06\/21\/depressao-aspectos-medicos-sociais-e-economicos\/#primaryimage\"},\"thumbnailUrl\":\"https:\/\/www.blogsoestado.com\/ruypalhano\/files\/2012\/06\/depressao.jpg\",\"datePublished\":\"2012-06-22T02:39:15+00:00\",\"author\":{\"@id\":\"https:\/\/www.blogsoestado.com\/ruypalhano\/#\/schema\/person\/ef49e08ec3e742dec1682f34674f2c84\"},\"breadcrumb\":{\"@id\":\"https:\/\/www.blogsoestado.com\/ruypalhano\/2012\/06\/21\/depressao-aspectos-medicos-sociais-e-economicos\/#breadcrumb\"},\"inLanguage\":\"pt-BR\",\"potentialAction\":[{\"@type\":\"ReadAction\",\"target\":[\"https:\/\/www.blogsoestado.com\/ruypalhano\/2012\/06\/21\/depressao-aspectos-medicos-sociais-e-economicos\/\"]}]},{\"@type\":\"ImageObject\",\"inLanguage\":\"pt-BR\",\"@id\":\"https:\/\/www.blogsoestado.com\/ruypalhano\/2012\/06\/21\/depressao-aspectos-medicos-sociais-e-economicos\/#primaryimage\",\"url\":\"https:\/\/www.blogsoestado.com\/ruypalhano\/files\/2012\/06\/depressao.jpg\",\"contentUrl\":\"https:\/\/www.blogsoestado.com\/ruypalhano\/files\/2012\/06\/depressao.jpg\"},{\"@type\":\"BreadcrumbList\",\"@id\":\"https:\/\/www.blogsoestado.com\/ruypalhano\/2012\/06\/21\/depressao-aspectos-medicos-sociais-e-economicos\/#breadcrumb\",\"itemListElement\":[{\"@type\":\"ListItem\",\"position\":1,\"name\":\"In\u00edcio\",\"item\":\"https:\/\/www.blogsoestado.com\/ruypalhano\/\"},{\"@type\":\"ListItem\",\"position\":2,\"name\":\"Depress\u00e3o: aspectos m\u00e9dicos, sociais e econ\u00f4micos\"}]},{\"@type\":\"WebSite\",\"@id\":\"https:\/\/www.blogsoestado.com\/ruypalhano\/#website\",\"url\":\"https:\/\/www.blogsoestado.com\/ruypalhano\/\",\"name\":\"Ruy Palhano\",\"description\":\"\",\"potentialAction\":[{\"@type\":\"SearchAction\",\"target\":{\"@type\":\"EntryPoint\",\"urlTemplate\":\"https:\/\/www.blogsoestado.com\/ruypalhano\/?s={search_term_string}\"},\"query-input\":{\"@type\":\"PropertyValueSpecification\",\"valueRequired\":true,\"valueName\":\"search_term_string\"}}],\"inLanguage\":\"pt-BR\"},{\"@type\":\"Person\",\"@id\":\"https:\/\/www.blogsoestado.com\/ruypalhano\/#\/schema\/person\/ef49e08ec3e742dec1682f34674f2c84\",\"name\":\"Ruy Palhano\",\"image\":{\"@type\":\"ImageObject\",\"inLanguage\":\"pt-BR\",\"@id\":\"https:\/\/www.blogsoestado.com\/ruypalhano\/#\/schema\/person\/image\/\",\"url\":\"https:\/\/secure.gravatar.com\/avatar\/d08170dc68d65048f069f40789786091e8b070aa02b0d2e514ddd0244c684a5a?s=96&d=mm&r=g\",\"contentUrl\":\"https:\/\/secure.gravatar.com\/avatar\/d08170dc68d65048f069f40789786091e8b070aa02b0d2e514ddd0244c684a5a?s=96&d=mm&r=g\",\"caption\":\"Ruy Palhano\"},\"url\":\"https:\/\/www.blogsoestado.com\/ruypalhano\/author\/ruypalhano\/\"}]}<\/script>\n<!-- \/ Yoast SEO plugin. -->","yoast_head_json":{"title":"Depress\u00e3o: aspectos m\u00e9dicos, sociais e econ\u00f4micos - Ruy Palhano","robots":{"index":"index","follow":"follow","max-snippet":"max-snippet:-1","max-image-preview":"max-image-preview:large","max-video-preview":"max-video-preview:-1"},"canonical":"https:\/\/www.blogsoestado.com\/ruypalhano\/2012\/06\/21\/depressao-aspectos-medicos-sociais-e-economicos\/","og_locale":"pt_BR","og_type":"article","og_title":"Depress\u00e3o: aspectos m\u00e9dicos, sociais e econ\u00f4micos - Ruy Palhano","og_description":"Na semana passada alguns jornais destacaram os rumos que a depress\u00e3o seguir\u00e1 nos pr\u00f3ximos anos. Os dados foram surpreendentes, pois [&hellip;]","og_url":"https:\/\/www.blogsoestado.com\/ruypalhano\/2012\/06\/21\/depressao-aspectos-medicos-sociais-e-economicos\/","og_site_name":"Ruy Palhano","article_published_time":"2012-06-22T02:39:15+00:00","og_image":[{"url":"https:\/\/www.blogsoestado.com\/ruypalhano\/files\/2012\/06\/depressao.jpg","type":"","width":"","height":""}],"author":"Ruy Palhano","twitter_card":"summary_large_image","twitter_misc":{"Escrito por":"Ruy Palhano","Est. tempo de leitura":"4 minutos"},"schema":{"@context":"https:\/\/schema.org","@graph":[{"@type":"WebPage","@id":"https:\/\/www.blogsoestado.com\/ruypalhano\/2012\/06\/21\/depressao-aspectos-medicos-sociais-e-economicos\/","url":"https:\/\/www.blogsoestado.com\/ruypalhano\/2012\/06\/21\/depressao-aspectos-medicos-sociais-e-economicos\/","name":"Depress\u00e3o: aspectos m\u00e9dicos, sociais e econ\u00f4micos - Ruy Palhano","isPartOf":{"@id":"https:\/\/www.blogsoestado.com\/ruypalhano\/#website"},"primaryImageOfPage":{"@id":"https:\/\/www.blogsoestado.com\/ruypalhano\/2012\/06\/21\/depressao-aspectos-medicos-sociais-e-economicos\/#primaryimage"},"image":{"@id":"https:\/\/www.blogsoestado.com\/ruypalhano\/2012\/06\/21\/depressao-aspectos-medicos-sociais-e-economicos\/#primaryimage"},"thumbnailUrl":"https:\/\/www.blogsoestado.com\/ruypalhano\/files\/2012\/06\/depressao.jpg","datePublished":"2012-06-22T02:39:15+00:00","author":{"@id":"https:\/\/www.blogsoestado.com\/ruypalhano\/#\/schema\/person\/ef49e08ec3e742dec1682f34674f2c84"},"breadcrumb":{"@id":"https:\/\/www.blogsoestado.com\/ruypalhano\/2012\/06\/21\/depressao-aspectos-medicos-sociais-e-economicos\/#breadcrumb"},"inLanguage":"pt-BR","potentialAction":[{"@type":"ReadAction","target":["https:\/\/www.blogsoestado.com\/ruypalhano\/2012\/06\/21\/depressao-aspectos-medicos-sociais-e-economicos\/"]}]},{"@type":"ImageObject","inLanguage":"pt-BR","@id":"https:\/\/www.blogsoestado.com\/ruypalhano\/2012\/06\/21\/depressao-aspectos-medicos-sociais-e-economicos\/#primaryimage","url":"https:\/\/www.blogsoestado.com\/ruypalhano\/files\/2012\/06\/depressao.jpg","contentUrl":"https:\/\/www.blogsoestado.com\/ruypalhano\/files\/2012\/06\/depressao.jpg"},{"@type":"BreadcrumbList","@id":"https:\/\/www.blogsoestado.com\/ruypalhano\/2012\/06\/21\/depressao-aspectos-medicos-sociais-e-economicos\/#breadcrumb","itemListElement":[{"@type":"ListItem","position":1,"name":"In\u00edcio","item":"https:\/\/www.blogsoestado.com\/ruypalhano\/"},{"@type":"ListItem","position":2,"name":"Depress\u00e3o: aspectos m\u00e9dicos, sociais e econ\u00f4micos"}]},{"@type":"WebSite","@id":"https:\/\/www.blogsoestado.com\/ruypalhano\/#website","url":"https:\/\/www.blogsoestado.com\/ruypalhano\/","name":"Ruy Palhano","description":"","potentialAction":[{"@type":"SearchAction","target":{"@type":"EntryPoint","urlTemplate":"https:\/\/www.blogsoestado.com\/ruypalhano\/?s={search_term_string}"},"query-input":{"@type":"PropertyValueSpecification","valueRequired":true,"valueName":"search_term_string"}}],"inLanguage":"pt-BR"},{"@type":"Person","@id":"https:\/\/www.blogsoestado.com\/ruypalhano\/#\/schema\/person\/ef49e08ec3e742dec1682f34674f2c84","name":"Ruy Palhano","image":{"@type":"ImageObject","inLanguage":"pt-BR","@id":"https:\/\/www.blogsoestado.com\/ruypalhano\/#\/schema\/person\/image\/","url":"https:\/\/secure.gravatar.com\/avatar\/d08170dc68d65048f069f40789786091e8b070aa02b0d2e514ddd0244c684a5a?s=96&d=mm&r=g","contentUrl":"https:\/\/secure.gravatar.com\/avatar\/d08170dc68d65048f069f40789786091e8b070aa02b0d2e514ddd0244c684a5a?s=96&d=mm&r=g","caption":"Ruy Palhano"},"url":"https:\/\/www.blogsoestado.com\/ruypalhano\/author\/ruypalhano\/"}]}},"jetpack_featured_media_url":"","_links":{"self":[{"href":"https:\/\/www.blogsoestado.com\/ruypalhano\/wp-json\/wp\/v2\/posts\/98","targetHints":{"allow":["GET"]}}],"collection":[{"href":"https:\/\/www.blogsoestado.com\/ruypalhano\/wp-json\/wp\/v2\/posts"}],"about":[{"href":"https:\/\/www.blogsoestado.com\/ruypalhano\/wp-json\/wp\/v2\/types\/post"}],"author":[{"embeddable":true,"href":"https:\/\/www.blogsoestado.com\/ruypalhano\/wp-json\/wp\/v2\/users\/3"}],"replies":[{"embeddable":true,"href":"https:\/\/www.blogsoestado.com\/ruypalhano\/wp-json\/wp\/v2\/comments?post=98"}],"version-history":[{"count":0,"href":"https:\/\/www.blogsoestado.com\/ruypalhano\/wp-json\/wp\/v2\/posts\/98\/revisions"}],"wp:attachment":[{"href":"https:\/\/www.blogsoestado.com\/ruypalhano\/wp-json\/wp\/v2\/media?parent=98"}],"wp:term":[{"taxonomy":"category","embeddable":true,"href":"https:\/\/www.blogsoestado.com\/ruypalhano\/wp-json\/wp\/v2\/categories?post=98"},{"taxonomy":"post_tag","embeddable":true,"href":"https:\/\/www.blogsoestado.com\/ruypalhano\/wp-json\/wp\/v2\/tags?post=98"}],"curies":[{"name":"wp","href":"https:\/\/api.w.org\/{rel}","templated":true}]}}