{"id":122,"date":"2013-12-27T15:48:17","date_gmt":"2013-12-27T15:48:17","guid":{"rendered":"https:\/\/www.blogsoestado.com\/wilsonmarques\/?p=122"},"modified":"2013-12-27T15:48:17","modified_gmt":"2013-12-27T15:48:17","slug":"uma-historia-do-sampaio-correa-em-cordel","status":"publish","type":"post","link":"https:\/\/www.blogsoestado.com\/wilsonmarques\/2013\/12\/27\/uma-historia-do-sampaio-correa-em-cordel\/","title":{"rendered":"Uma hist\u00f3ria do Sampaio Corr\u00eaa em cordel"},"content":{"rendered":"<p><a href=\"https:\/\/www.blogsoestado.com\/wilsonmarques\/wp-content\/uploads\/sites\/9\/2013\/12\/sampa-1.jpg\"><img fetchpriority=\"high\" decoding=\"async\" class=\"alignleft size-medium wp-image-123\" alt=\"sampa\" src=\"https:\/\/www.blogsoestado.com\/wilsonmarques\/wp-content\/uploads\/sites\/9\/2013\/12\/sampa-1-215x300.jpg\" width=\"215\" height=\"300\" \/><\/a><\/p>\n<p>&nbsp;<\/p>\n<p>&nbsp;<\/p>\n<p>&nbsp;<\/p>\n<p>&nbsp;<\/p>\n<p>&nbsp;<\/p>\n<p>&nbsp;<\/p>\n<p>&nbsp;<\/p>\n<p>&nbsp;<\/p>\n<p>&nbsp;<\/p>\n<p>Neste ano de conquistas e justas homenagens ao Sampaio Corr\u00eaa, incluo este cordel (parcialmente publicado no blog), que conta em versos a trajet\u00f3ria da Bol\u00edvia Querida. Que venha um ano de conquistas para o futebol maranhense e muitas alegrias para os nossos milhares de torcedores.<\/p>\n<p>BOL\u00cdVIA QUERIDA: A HIST\u00d3RIA DO SAMPAIO CORR\u00caA EM CORDEL<\/p>\n<p>Nestes versos conto a hist\u00f3ria<br \/>\nDe um time campe\u00e3o,<br \/>\nAlegria da torcida,<br \/>\nOrgulho do Maranh\u00e3o,<br \/>\nSeu nome, Sampaio Corr\u00eaa,<br \/>\nSeu mascote, um tubar\u00e3o.<\/p>\n<p>O time das multid\u00f5es<br \/>\nEm vinte e tr\u00eas foi fundado(1923)<br \/>\nPor um grupo de esportistas<br \/>\nNo bairro do Lira chamado,<br \/>\nCome\u00e7ou humildemente,<br \/>\nMas logo seria afamado.<\/p>\n<p>Na sua primeira fase<br \/>\nCom muita ra\u00e7a e ousadia,<br \/>\nO Tricolor foi fazendo<br \/>\nUma grande freguesia<br \/>\nSurrando sem piedade<br \/>\nClubes da periferia.<\/p>\n<p>Finalmente, certo dia,<br \/>\nChamou p\u2019rum desafiado<br \/>\nO tal Luso Brasileiro,<br \/>\nTime de endinheirado,<br \/>\nNa \u00e9poca o campe\u00e3o<br \/>\nDe futebol no estado.<\/p>\n<p>Enquanto o Luso era<br \/>\nUm time de condi\u00e7\u00e3o,<br \/>\nO Sampaio era um escrete<br \/>\nDe povo pobre, sem ch\u00e3o,<br \/>\nSua torcida era humilde,<br \/>\nS\u00f3 de gente do pov\u00e3o.<\/p>\n<p>Enquanto os atletas Lusos<br \/>\nTinham nomes de estola,<br \/>\nVandick, Guilhon, Negreiros&#8230;<br \/>\nDo Sampaio, a corriola,<br \/>\nTinha Zezico, Mundico,<br \/>\nZ\u00e9 Ratinho e Chico Bola.<\/p>\n<p>Mesmo assim pro time chique<br \/>\nFoi negativo o placar,<br \/>\nO tricolor bateu o Luso,<br \/>\nQue n\u00e3o gostou de apanhar,<br \/>\nE implorando por revanche<br \/>\nJogou outra vez, sem ganhar.<\/p>\n<p>Com isso a fama do Luso<br \/>\nAos poucos se escafedeu,<br \/>\nEnquanto a do Sampaio<br \/>\nRapidamente cresceu,<br \/>\nO Tricolor merecia<br \/>\nConquistar seu apogeu.<\/p>\n<p>S\u00e3o tr\u00eas dezenas de t\u00edtulos<br \/>\nNo Estadual conquistados,<br \/>\nNem precisa ser adivinho,<br \/>\nPra saber, adiantado,<br \/>\nQue a Bol\u00edvia ganhar\u00e1,<br \/>\nMais torneios disputados.<\/p>\n<p>Uma curiosidade<br \/>\nNa hist\u00f3ria do tim\u00e3o:<br \/>\nO seu nome \u00e9 o mesmo<br \/>\nDe um hidroavi\u00e3o<br \/>\nQue um dia fez um pouso<br \/>\nNa ilha do Maranh\u00e3o.<\/p>\n<p>Verde, vermelho e amarelo,<br \/>\nL\u00ea-se na historiografia,<br \/>\nEram as cores que os pilotos<br \/>\nVestiam naquele dia,<br \/>\nPor isso foram escolhidas,<br \/>\nPra estampar a camisaria.<\/p>\n<p>Em 26 veio o primeiro (1926)<br \/>\nTitulo de campe\u00e3o.<br \/>\nEra do Tricolor<br \/>\nNaquela competi\u00e7\u00e3o<br \/>\nChamada \u201cTorneio In\u00edcio\u201d,<br \/>\nA primeira posi\u00e7\u00e3o.<\/p>\n<p>Mas foi s\u00f3 em 33 (1933)<br \/>\nQue o Sampaio, magistral,<br \/>\nConquistou de forma invicta<br \/>\nSeu primeiro estadual,<br \/>\nOito jogos disputados,<br \/>\nS\u00f3 vit\u00f3rias no total.<\/p>\n<p>Aquele era o come\u00e7o<br \/>\nDe uma grande cole\u00e7\u00e3o<br \/>\nDe t\u00edtulos estaduais<br \/>\nQue n\u00e3o tem compara\u00e7\u00e3o,<br \/>\nPor aqui n\u00e3o tem mais time<br \/>\nTantas vezes campe\u00e3o.<\/p>\n<p>Em breve mais versos da Hist\u00f3ria do Sampaio em cordel.<\/p>\n","protected":false},"excerpt":{"rendered":"<p>&nbsp; &nbsp; &nbsp; &nbsp; &nbsp; &nbsp; &nbsp; &nbsp; &nbsp; Neste ano de conquistas e justas homenagens ao Sampaio Corr\u00eaa, incluo [&hellip;]<\/p>\n","protected":false},"author":10,"featured_media":0,"comment_status":"open","ping_status":"open","sticky":false,"template":"","format":"standard","meta":{"site-sidebar-layout":"default","site-content-layout":"","ast-site-content-layout":"default","site-content-style":"default","site-sidebar-style":"default","ast-global-header-display":"","ast-banner-title-visibility":"","ast-main-header-display":"","ast-hfb-above-header-display":"","ast-hfb-below-header-display":"","ast-hfb-mobile-header-display":"","site-post-title":"","ast-breadcrumbs-content":"","ast-featured-img":"","footer-sml-layout":"","ast-disable-related-posts":"","theme-transparent-header-meta":"","adv-header-id-meta":"","stick-header-meta":"","header-above-stick-meta":"","header-main-stick-meta":"","header-below-stick-meta":"","astra-migrate-meta-layouts":"default","ast-page-background-enabled":"default","ast-page-background-meta":{"desktop":{"background-color":"var(--ast-global-color-5)","background-image":"","background-repeat":"repeat","background-position":"center center","background-size":"auto","background-attachment":"scroll","background-type":"","background-media":"","overlay-type":"","overlay-color":"","overlay-opacity":"","overlay-gradient":""},"tablet":{"background-color":"","background-image":"","background-repeat":"repeat","background-position":"center center","background-size":"auto","background-attachment":"scroll","background-type":"","background-media":"","overlay-type":"","overlay-color":"","overlay-opacity":"","overlay-gradient":""},"mobile":{"background-color":"","background-image":"","background-repeat":"repeat","background-position":"center center","background-size":"auto","background-attachment":"scroll","background-type":"","background-media":"","overlay-type":"","overlay-color":"","overlay-opacity":"","overlay-gradient":""}},"ast-content-background-meta":{"desktop":{"background-color":"var(--ast-global-color-4)","background-image":"","background-repeat":"repeat","background-position":"center center","background-size":"auto","background-attachment":"scroll","background-type":"","background-media":"","overlay-type":"","overlay-color":"","overlay-opacity":"","overlay-gradient":""},"tablet":{"background-color":"var(--ast-global-color-4)","background-image":"","background-repeat":"repeat","background-position":"center center","background-size":"auto","background-attachment":"scroll","background-type":"","background-media":"","overlay-type":"","overlay-color":"","overlay-opacity":"","overlay-gradient":""},"mobile":{"background-color":"var(--ast-global-color-4)","background-image":"","background-repeat":"repeat","background-position":"center center","background-size":"auto","background-attachment":"scroll","background-type":"","background-media":"","overlay-type":"","overlay-color":"","overlay-opacity":"","overlay-gradient":""}},"footnotes":""},"categories":[1],"tags":[],"class_list":["post-122","post","type-post","status-publish","format-standard","hentry","category-sem-categoria"],"yoast_head":"<!-- This site is optimized with the Yoast SEO plugin v26.6 - https:\/\/yoast.com\/wordpress\/plugins\/seo\/ -->\n<title>Uma hist\u00f3ria do Sampaio Corr\u00eaa em cordel - Wilson Marques<\/title>\n<meta name=\"robots\" content=\"index, follow, max-snippet:-1, max-image-preview:large, max-video-preview:-1\" \/>\n<link rel=\"canonical\" href=\"https:\/\/www.blogsoestado.com\/wilsonmarques\/2013\/12\/27\/uma-historia-do-sampaio-correa-em-cordel\/\" \/>\n<meta property=\"og:locale\" content=\"pt_BR\" \/>\n<meta property=\"og:type\" content=\"article\" \/>\n<meta property=\"og:title\" content=\"Uma hist\u00f3ria do Sampaio Corr\u00eaa em cordel - Wilson Marques\" \/>\n<meta property=\"og:description\" content=\"&nbsp; &nbsp; &nbsp; &nbsp; &nbsp; &nbsp; &nbsp; &nbsp; &nbsp; Neste ano de conquistas e justas homenagens ao Sampaio Corr\u00eaa, incluo [&hellip;]\" \/>\n<meta property=\"og:url\" content=\"https:\/\/www.blogsoestado.com\/wilsonmarques\/2013\/12\/27\/uma-historia-do-sampaio-correa-em-cordel\/\" \/>\n<meta property=\"og:site_name\" content=\"Wilson Marques\" \/>\n<meta property=\"article:published_time\" content=\"2013-12-27T15:48:17+00:00\" \/>\n<meta property=\"og:image\" content=\"https:\/\/www.blogsoestado.com\/wilsonmarques\/wp-content\/uploads\/sites\/9\/2013\/12\/sampa-1-215x300.jpg\" \/>\n<meta name=\"author\" content=\"Wilson Marques\" \/>\n<meta name=\"twitter:card\" content=\"summary_large_image\" \/>\n<meta name=\"twitter:label1\" content=\"Escrito por\" \/>\n\t<meta name=\"twitter:data1\" content=\"Wilson Marques\" \/>\n\t<meta name=\"twitter:label2\" content=\"Est. tempo de leitura\" \/>\n\t<meta name=\"twitter:data2\" content=\"2 minutos\" \/>\n<script type=\"application\/ld+json\" class=\"yoast-schema-graph\">{\"@context\":\"https:\/\/schema.org\",\"@graph\":[{\"@type\":\"WebPage\",\"@id\":\"https:\/\/www.blogsoestado.com\/wilsonmarques\/2013\/12\/27\/uma-historia-do-sampaio-correa-em-cordel\/\",\"url\":\"https:\/\/www.blogsoestado.com\/wilsonmarques\/2013\/12\/27\/uma-historia-do-sampaio-correa-em-cordel\/\",\"name\":\"Uma hist\u00f3ria do Sampaio Corr\u00eaa em cordel - Wilson Marques\",\"isPartOf\":{\"@id\":\"https:\/\/www.blogsoestado.com\/wilsonmarques\/#website\"},\"primaryImageOfPage\":{\"@id\":\"https:\/\/www.blogsoestado.com\/wilsonmarques\/2013\/12\/27\/uma-historia-do-sampaio-correa-em-cordel\/#primaryimage\"},\"image\":{\"@id\":\"https:\/\/www.blogsoestado.com\/wilsonmarques\/2013\/12\/27\/uma-historia-do-sampaio-correa-em-cordel\/#primaryimage\"},\"thumbnailUrl\":\"https:\/\/www.blogsoestado.com\/wilsonmarques\/wp-content\/uploads\/sites\/9\/2013\/12\/sampa-1-215x300.jpg\",\"datePublished\":\"2013-12-27T15:48:17+00:00\",\"author\":{\"@id\":\"https:\/\/www.blogsoestado.com\/wilsonmarques\/#\/schema\/person\/6ab6321707821a2d204fc6de2a1f85b3\"},\"breadcrumb\":{\"@id\":\"https:\/\/www.blogsoestado.com\/wilsonmarques\/2013\/12\/27\/uma-historia-do-sampaio-correa-em-cordel\/#breadcrumb\"},\"inLanguage\":\"pt-BR\",\"potentialAction\":[{\"@type\":\"ReadAction\",\"target\":[\"https:\/\/www.blogsoestado.com\/wilsonmarques\/2013\/12\/27\/uma-historia-do-sampaio-correa-em-cordel\/\"]}]},{\"@type\":\"ImageObject\",\"inLanguage\":\"pt-BR\",\"@id\":\"https:\/\/www.blogsoestado.com\/wilsonmarques\/2013\/12\/27\/uma-historia-do-sampaio-correa-em-cordel\/#primaryimage\",\"url\":\"https:\/\/www.blogsoestado.com\/wilsonmarques\/wp-content\/uploads\/sites\/9\/2013\/12\/sampa-1.jpg\",\"contentUrl\":\"https:\/\/www.blogsoestado.com\/wilsonmarques\/wp-content\/uploads\/sites\/9\/2013\/12\/sampa-1.jpg\",\"width\":322,\"height\":448},{\"@type\":\"BreadcrumbList\",\"@id\":\"https:\/\/www.blogsoestado.com\/wilsonmarques\/2013\/12\/27\/uma-historia-do-sampaio-correa-em-cordel\/#breadcrumb\",\"itemListElement\":[{\"@type\":\"ListItem\",\"position\":1,\"name\":\"In\u00edcio\",\"item\":\"https:\/\/www.blogsoestado.com\/wilsonmarques\/\"},{\"@type\":\"ListItem\",\"position\":2,\"name\":\"Uma hist\u00f3ria do Sampaio Corr\u00eaa em cordel\"}]},{\"@type\":\"WebSite\",\"@id\":\"https:\/\/www.blogsoestado.com\/wilsonmarques\/#website\",\"url\":\"https:\/\/www.blogsoestado.com\/wilsonmarques\/\",\"name\":\"Wilson Marques\",\"description\":\"\",\"potentialAction\":[{\"@type\":\"SearchAction\",\"target\":{\"@type\":\"EntryPoint\",\"urlTemplate\":\"https:\/\/www.blogsoestado.com\/wilsonmarques\/?s={search_term_string}\"},\"query-input\":{\"@type\":\"PropertyValueSpecification\",\"valueRequired\":true,\"valueName\":\"search_term_string\"}}],\"inLanguage\":\"pt-BR\"},{\"@type\":\"Person\",\"@id\":\"https:\/\/www.blogsoestado.com\/wilsonmarques\/#\/schema\/person\/6ab6321707821a2d204fc6de2a1f85b3\",\"name\":\"Wilson Marques\",\"image\":{\"@type\":\"ImageObject\",\"inLanguage\":\"pt-BR\",\"@id\":\"https:\/\/www.blogsoestado.com\/wilsonmarques\/#\/schema\/person\/image\/\",\"url\":\"https:\/\/secure.gravatar.com\/avatar\/b7cbc00c60180383a011061e4a828d63994b1e9aed3813dfaa754539681f9ba0?s=96&d=mm&r=g\",\"contentUrl\":\"https:\/\/secure.gravatar.com\/avatar\/b7cbc00c60180383a011061e4a828d63994b1e9aed3813dfaa754539681f9ba0?s=96&d=mm&r=g\",\"caption\":\"Wilson Marques\"},\"url\":\"https:\/\/www.blogsoestado.com\/wilsonmarques\/author\/wilsonmarques\/\"}]}<\/script>\n<!-- \/ Yoast SEO plugin. -->","yoast_head_json":{"title":"Uma hist\u00f3ria do Sampaio Corr\u00eaa em cordel - Wilson Marques","robots":{"index":"index","follow":"follow","max-snippet":"max-snippet:-1","max-image-preview":"max-image-preview:large","max-video-preview":"max-video-preview:-1"},"canonical":"https:\/\/www.blogsoestado.com\/wilsonmarques\/2013\/12\/27\/uma-historia-do-sampaio-correa-em-cordel\/","og_locale":"pt_BR","og_type":"article","og_title":"Uma hist\u00f3ria do Sampaio Corr\u00eaa em cordel - Wilson Marques","og_description":"&nbsp; &nbsp; &nbsp; &nbsp; &nbsp; &nbsp; &nbsp; &nbsp; &nbsp; Neste ano de conquistas e justas homenagens ao Sampaio Corr\u00eaa, incluo [&hellip;]","og_url":"https:\/\/www.blogsoestado.com\/wilsonmarques\/2013\/12\/27\/uma-historia-do-sampaio-correa-em-cordel\/","og_site_name":"Wilson Marques","article_published_time":"2013-12-27T15:48:17+00:00","og_image":[{"url":"https:\/\/www.blogsoestado.com\/wilsonmarques\/wp-content\/uploads\/sites\/9\/2013\/12\/sampa-1-215x300.jpg","type":"","width":"","height":""}],"author":"Wilson Marques","twitter_card":"summary_large_image","twitter_misc":{"Escrito por":"Wilson Marques","Est. tempo de leitura":"2 minutos"},"schema":{"@context":"https:\/\/schema.org","@graph":[{"@type":"WebPage","@id":"https:\/\/www.blogsoestado.com\/wilsonmarques\/2013\/12\/27\/uma-historia-do-sampaio-correa-em-cordel\/","url":"https:\/\/www.blogsoestado.com\/wilsonmarques\/2013\/12\/27\/uma-historia-do-sampaio-correa-em-cordel\/","name":"Uma hist\u00f3ria do Sampaio Corr\u00eaa em cordel - Wilson Marques","isPartOf":{"@id":"https:\/\/www.blogsoestado.com\/wilsonmarques\/#website"},"primaryImageOfPage":{"@id":"https:\/\/www.blogsoestado.com\/wilsonmarques\/2013\/12\/27\/uma-historia-do-sampaio-correa-em-cordel\/#primaryimage"},"image":{"@id":"https:\/\/www.blogsoestado.com\/wilsonmarques\/2013\/12\/27\/uma-historia-do-sampaio-correa-em-cordel\/#primaryimage"},"thumbnailUrl":"https:\/\/www.blogsoestado.com\/wilsonmarques\/wp-content\/uploads\/sites\/9\/2013\/12\/sampa-1-215x300.jpg","datePublished":"2013-12-27T15:48:17+00:00","author":{"@id":"https:\/\/www.blogsoestado.com\/wilsonmarques\/#\/schema\/person\/6ab6321707821a2d204fc6de2a1f85b3"},"breadcrumb":{"@id":"https:\/\/www.blogsoestado.com\/wilsonmarques\/2013\/12\/27\/uma-historia-do-sampaio-correa-em-cordel\/#breadcrumb"},"inLanguage":"pt-BR","potentialAction":[{"@type":"ReadAction","target":["https:\/\/www.blogsoestado.com\/wilsonmarques\/2013\/12\/27\/uma-historia-do-sampaio-correa-em-cordel\/"]}]},{"@type":"ImageObject","inLanguage":"pt-BR","@id":"https:\/\/www.blogsoestado.com\/wilsonmarques\/2013\/12\/27\/uma-historia-do-sampaio-correa-em-cordel\/#primaryimage","url":"https:\/\/www.blogsoestado.com\/wilsonmarques\/wp-content\/uploads\/sites\/9\/2013\/12\/sampa-1.jpg","contentUrl":"https:\/\/www.blogsoestado.com\/wilsonmarques\/wp-content\/uploads\/sites\/9\/2013\/12\/sampa-1.jpg","width":322,"height":448},{"@type":"BreadcrumbList","@id":"https:\/\/www.blogsoestado.com\/wilsonmarques\/2013\/12\/27\/uma-historia-do-sampaio-correa-em-cordel\/#breadcrumb","itemListElement":[{"@type":"ListItem","position":1,"name":"In\u00edcio","item":"https:\/\/www.blogsoestado.com\/wilsonmarques\/"},{"@type":"ListItem","position":2,"name":"Uma hist\u00f3ria do Sampaio Corr\u00eaa em cordel"}]},{"@type":"WebSite","@id":"https:\/\/www.blogsoestado.com\/wilsonmarques\/#website","url":"https:\/\/www.blogsoestado.com\/wilsonmarques\/","name":"Wilson Marques","description":"","potentialAction":[{"@type":"SearchAction","target":{"@type":"EntryPoint","urlTemplate":"https:\/\/www.blogsoestado.com\/wilsonmarques\/?s={search_term_string}"},"query-input":{"@type":"PropertyValueSpecification","valueRequired":true,"valueName":"search_term_string"}}],"inLanguage":"pt-BR"},{"@type":"Person","@id":"https:\/\/www.blogsoestado.com\/wilsonmarques\/#\/schema\/person\/6ab6321707821a2d204fc6de2a1f85b3","name":"Wilson Marques","image":{"@type":"ImageObject","inLanguage":"pt-BR","@id":"https:\/\/www.blogsoestado.com\/wilsonmarques\/#\/schema\/person\/image\/","url":"https:\/\/secure.gravatar.com\/avatar\/b7cbc00c60180383a011061e4a828d63994b1e9aed3813dfaa754539681f9ba0?s=96&d=mm&r=g","contentUrl":"https:\/\/secure.gravatar.com\/avatar\/b7cbc00c60180383a011061e4a828d63994b1e9aed3813dfaa754539681f9ba0?s=96&d=mm&r=g","caption":"Wilson Marques"},"url":"https:\/\/www.blogsoestado.com\/wilsonmarques\/author\/wilsonmarques\/"}]}},"jetpack_featured_media_url":"","_links":{"self":[{"href":"https:\/\/www.blogsoestado.com\/wilsonmarques\/wp-json\/wp\/v2\/posts\/122","targetHints":{"allow":["GET"]}}],"collection":[{"href":"https:\/\/www.blogsoestado.com\/wilsonmarques\/wp-json\/wp\/v2\/posts"}],"about":[{"href":"https:\/\/www.blogsoestado.com\/wilsonmarques\/wp-json\/wp\/v2\/types\/post"}],"author":[{"embeddable":true,"href":"https:\/\/www.blogsoestado.com\/wilsonmarques\/wp-json\/wp\/v2\/users\/10"}],"replies":[{"embeddable":true,"href":"https:\/\/www.blogsoestado.com\/wilsonmarques\/wp-json\/wp\/v2\/comments?post=122"}],"version-history":[{"count":0,"href":"https:\/\/www.blogsoestado.com\/wilsonmarques\/wp-json\/wp\/v2\/posts\/122\/revisions"}],"wp:attachment":[{"href":"https:\/\/www.blogsoestado.com\/wilsonmarques\/wp-json\/wp\/v2\/media?parent=122"}],"wp:term":[{"taxonomy":"category","embeddable":true,"href":"https:\/\/www.blogsoestado.com\/wilsonmarques\/wp-json\/wp\/v2\/categories?post=122"},{"taxonomy":"post_tag","embeddable":true,"href":"https:\/\/www.blogsoestado.com\/wilsonmarques\/wp-json\/wp\/v2\/tags?post=122"}],"curies":[{"name":"wp","href":"https:\/\/api.w.org\/{rel}","templated":true}]}}