{"id":178,"date":"2014-01-14T22:03:28","date_gmt":"2014-01-14T22:03:28","guid":{"rendered":"https:\/\/www.blogsoestado.com\/wilsonmarques\/?p=178"},"modified":"2014-01-14T22:03:28","modified_gmt":"2014-01-14T22:03:28","slug":"resultado-de-concurso-literario-da-func-sai-em-breve","status":"publish","type":"post","link":"https:\/\/www.blogsoestado.com\/wilsonmarques\/2014\/01\/14\/resultado-de-concurso-literario-da-func-sai-em-breve\/","title":{"rendered":"Resultado de concurso liter\u00e1rio da FUNC sai em breve"},"content":{"rendered":"<p>A Funda\u00e7\u00e3o Municipal de Cultura (FUNC) da prefeitura de S\u00e3o Lu\u00eds, definiu para os primeiros dois meses de 2014 o an\u00fancio do resultado do 35\u00ba Concurso Liter\u00e1rio Cidade de S\u00e3o Lu\u00eds, o primeiro da gest\u00e3o do novo prefeito, Edvaldo Holanda J\u00fanior. E, vale dizer, certa expectativa entre os participantes justifica-se. Al\u00e9m de ser o \u00fanico concurso liter\u00e1rio da chamada Atenas Brasileira, o concurso passa por um momento de resgate da sua credibilidade, que foi ao n\u00edvel do ch\u00e3o nas suas \u00faltimas edi\u00e7\u00f5es. Recordando: ao deixar o cargo o ent\u00e3o presidente da FUNC, na gest\u00e3o de Tadeu Pal\u00e1cio, deixou em aberto o pagamento dos premiados. Quando Jo\u00e3o Castelo assumiu, o novo presidente da entidade n\u00e3o reconheceu a d\u00edvida, aconselhando os escritores contemplados a procurem a justi\u00e7a. Era isso ou nada e obedientemente foi feito o que o presidente sugeriu. Por\u00e9m os valores s\u00f3 foram mesmo pagos quase cinco anos depois, quando o atual presidente da institui\u00e7\u00e3o, Francisco Gon\u00e7alves, decidiu, numa atitude respeitosa e digna, fazer um acordo com os artistas, que finalmente foram ressarcidos inclusive com danos morais. \u00a0Boa sorte aos participantes em mais esta edi\u00e7\u00e3o do concurso, no qual vejo apenas uma falha: a premia\u00e7\u00e3o apenas para os primeiros colocados em cada categoria (com dez sal\u00e1rios m\u00ednimos e publica\u00e7\u00e3o da obra), ao contr\u00e1rio do que tradicionalmente vinha acontecendo, quando o segundo lugar tamb\u00e9m era agraciado, no caso com cinco sal\u00e1rios m\u00ednimos. <b><\/b><\/p>\n","protected":false},"excerpt":{"rendered":"<p>A Funda\u00e7\u00e3o Municipal de Cultura (FUNC) da prefeitura de S\u00e3o Lu\u00eds, definiu para os primeiros dois meses de 2014 o [&hellip;]<\/p>\n","protected":false},"author":10,"featured_media":0,"comment_status":"open","ping_status":"open","sticky":false,"template":"","format":"standard","meta":{"site-sidebar-layout":"default","site-content-layout":"","ast-site-content-layout":"default","site-content-style":"default","site-sidebar-style":"default","ast-global-header-display":"","ast-banner-title-visibility":"","ast-main-header-display":"","ast-hfb-above-header-display":"","ast-hfb-below-header-display":"","ast-hfb-mobile-header-display":"","site-post-title":"","ast-breadcrumbs-content":"","ast-featured-img":"","footer-sml-layout":"","ast-disable-related-posts":"","theme-transparent-header-meta":"","adv-header-id-meta":"","stick-header-meta":"","header-above-stick-meta":"","header-main-stick-meta":"","header-below-stick-meta":"","astra-migrate-meta-layouts":"default","ast-page-background-enabled":"default","ast-page-background-meta":{"desktop":{"background-color":"var(--ast-global-color-5)","background-image":"","background-repeat":"repeat","background-position":"center center","background-size":"auto","background-attachment":"scroll","background-type":"","background-media":"","overlay-type":"","overlay-color":"","overlay-opacity":"","overlay-gradient":""},"tablet":{"background-color":"","background-image":"","background-repeat":"repeat","background-position":"center center","background-size":"auto","background-attachment":"scroll","background-type":"","background-media":"","overlay-type":"","overlay-color":"","overlay-opacity":"","overlay-gradient":""},"mobile":{"background-color":"","background-image":"","background-repeat":"repeat","background-position":"center center","background-size":"auto","background-attachment":"scroll","background-type":"","background-media":"","overlay-type":"","overlay-color":"","overlay-opacity":"","overlay-gradient":""}},"ast-content-background-meta":{"desktop":{"background-color":"var(--ast-global-color-4)","background-image":"","background-repeat":"repeat","background-position":"center center","background-size":"auto","background-attachment":"scroll","background-type":"","background-media":"","overlay-type":"","overlay-color":"","overlay-opacity":"","overlay-gradient":""},"tablet":{"background-color":"var(--ast-global-color-4)","background-image":"","background-repeat":"repeat","background-position":"center center","background-size":"auto","background-attachment":"scroll","background-type":"","background-media":"","overlay-type":"","overlay-color":"","overlay-opacity":"","overlay-gradient":""},"mobile":{"background-color":"var(--ast-global-color-4)","background-image":"","background-repeat":"repeat","background-position":"center center","background-size":"auto","background-attachment":"scroll","background-type":"","background-media":"","overlay-type":"","overlay-color":"","overlay-opacity":"","overlay-gradient":""}},"footnotes":""},"categories":[1],"tags":[],"class_list":["post-178","post","type-post","status-publish","format-standard","hentry","category-sem-categoria"],"yoast_head":"<!-- This site is optimized with the Yoast SEO plugin v26.6 - https:\/\/yoast.com\/wordpress\/plugins\/seo\/ -->\n<title>Resultado de concurso liter\u00e1rio da FUNC sai em breve - Wilson Marques<\/title>\n<meta name=\"robots\" content=\"index, follow, max-snippet:-1, max-image-preview:large, max-video-preview:-1\" \/>\n<link rel=\"canonical\" href=\"https:\/\/www.blogsoestado.com\/wilsonmarques\/2014\/01\/14\/resultado-de-concurso-literario-da-func-sai-em-breve\/\" \/>\n<meta property=\"og:locale\" content=\"pt_BR\" \/>\n<meta property=\"og:type\" content=\"article\" \/>\n<meta property=\"og:title\" content=\"Resultado de concurso liter\u00e1rio da FUNC sai em breve - Wilson Marques\" \/>\n<meta property=\"og:description\" content=\"A Funda\u00e7\u00e3o Municipal de Cultura (FUNC) da prefeitura de S\u00e3o Lu\u00eds, definiu para os primeiros dois meses de 2014 o [&hellip;]\" \/>\n<meta property=\"og:url\" content=\"https:\/\/www.blogsoestado.com\/wilsonmarques\/2014\/01\/14\/resultado-de-concurso-literario-da-func-sai-em-breve\/\" \/>\n<meta property=\"og:site_name\" content=\"Wilson Marques\" \/>\n<meta property=\"article:published_time\" content=\"2014-01-14T22:03:28+00:00\" \/>\n<meta name=\"author\" content=\"Wilson Marques\" \/>\n<meta name=\"twitter:card\" content=\"summary_large_image\" \/>\n<meta name=\"twitter:label1\" content=\"Escrito por\" \/>\n\t<meta name=\"twitter:data1\" content=\"Wilson Marques\" \/>\n\t<meta name=\"twitter:label2\" content=\"Est. tempo de leitura\" \/>\n\t<meta name=\"twitter:data2\" content=\"1 minuto\" \/>\n<script type=\"application\/ld+json\" class=\"yoast-schema-graph\">{\"@context\":\"https:\/\/schema.org\",\"@graph\":[{\"@type\":\"WebPage\",\"@id\":\"https:\/\/www.blogsoestado.com\/wilsonmarques\/2014\/01\/14\/resultado-de-concurso-literario-da-func-sai-em-breve\/\",\"url\":\"https:\/\/www.blogsoestado.com\/wilsonmarques\/2014\/01\/14\/resultado-de-concurso-literario-da-func-sai-em-breve\/\",\"name\":\"Resultado de concurso liter\u00e1rio da FUNC sai em breve - Wilson Marques\",\"isPartOf\":{\"@id\":\"https:\/\/www.blogsoestado.com\/wilsonmarques\/#website\"},\"datePublished\":\"2014-01-14T22:03:28+00:00\",\"author\":{\"@id\":\"https:\/\/www.blogsoestado.com\/wilsonmarques\/#\/schema\/person\/6ab6321707821a2d204fc6de2a1f85b3\"},\"breadcrumb\":{\"@id\":\"https:\/\/www.blogsoestado.com\/wilsonmarques\/2014\/01\/14\/resultado-de-concurso-literario-da-func-sai-em-breve\/#breadcrumb\"},\"inLanguage\":\"pt-BR\",\"potentialAction\":[{\"@type\":\"ReadAction\",\"target\":[\"https:\/\/www.blogsoestado.com\/wilsonmarques\/2014\/01\/14\/resultado-de-concurso-literario-da-func-sai-em-breve\/\"]}]},{\"@type\":\"BreadcrumbList\",\"@id\":\"https:\/\/www.blogsoestado.com\/wilsonmarques\/2014\/01\/14\/resultado-de-concurso-literario-da-func-sai-em-breve\/#breadcrumb\",\"itemListElement\":[{\"@type\":\"ListItem\",\"position\":1,\"name\":\"In\u00edcio\",\"item\":\"https:\/\/www.blogsoestado.com\/wilsonmarques\/\"},{\"@type\":\"ListItem\",\"position\":2,\"name\":\"Resultado de concurso liter\u00e1rio da FUNC sai em breve\"}]},{\"@type\":\"WebSite\",\"@id\":\"https:\/\/www.blogsoestado.com\/wilsonmarques\/#website\",\"url\":\"https:\/\/www.blogsoestado.com\/wilsonmarques\/\",\"name\":\"Wilson Marques\",\"description\":\"\",\"potentialAction\":[{\"@type\":\"SearchAction\",\"target\":{\"@type\":\"EntryPoint\",\"urlTemplate\":\"https:\/\/www.blogsoestado.com\/wilsonmarques\/?s={search_term_string}\"},\"query-input\":{\"@type\":\"PropertyValueSpecification\",\"valueRequired\":true,\"valueName\":\"search_term_string\"}}],\"inLanguage\":\"pt-BR\"},{\"@type\":\"Person\",\"@id\":\"https:\/\/www.blogsoestado.com\/wilsonmarques\/#\/schema\/person\/6ab6321707821a2d204fc6de2a1f85b3\",\"name\":\"Wilson Marques\",\"image\":{\"@type\":\"ImageObject\",\"inLanguage\":\"pt-BR\",\"@id\":\"https:\/\/www.blogsoestado.com\/wilsonmarques\/#\/schema\/person\/image\/\",\"url\":\"https:\/\/secure.gravatar.com\/avatar\/b7cbc00c60180383a011061e4a828d63994b1e9aed3813dfaa754539681f9ba0?s=96&d=mm&r=g\",\"contentUrl\":\"https:\/\/secure.gravatar.com\/avatar\/b7cbc00c60180383a011061e4a828d63994b1e9aed3813dfaa754539681f9ba0?s=96&d=mm&r=g\",\"caption\":\"Wilson Marques\"},\"url\":\"https:\/\/www.blogsoestado.com\/wilsonmarques\/author\/wilsonmarques\/\"}]}<\/script>\n<!-- \/ Yoast SEO plugin. -->","yoast_head_json":{"title":"Resultado de concurso liter\u00e1rio da FUNC sai em breve - Wilson Marques","robots":{"index":"index","follow":"follow","max-snippet":"max-snippet:-1","max-image-preview":"max-image-preview:large","max-video-preview":"max-video-preview:-1"},"canonical":"https:\/\/www.blogsoestado.com\/wilsonmarques\/2014\/01\/14\/resultado-de-concurso-literario-da-func-sai-em-breve\/","og_locale":"pt_BR","og_type":"article","og_title":"Resultado de concurso liter\u00e1rio da FUNC sai em breve - Wilson Marques","og_description":"A Funda\u00e7\u00e3o Municipal de Cultura (FUNC) da prefeitura de S\u00e3o Lu\u00eds, definiu para os primeiros dois meses de 2014 o [&hellip;]","og_url":"https:\/\/www.blogsoestado.com\/wilsonmarques\/2014\/01\/14\/resultado-de-concurso-literario-da-func-sai-em-breve\/","og_site_name":"Wilson Marques","article_published_time":"2014-01-14T22:03:28+00:00","author":"Wilson Marques","twitter_card":"summary_large_image","twitter_misc":{"Escrito por":"Wilson Marques","Est. tempo de leitura":"1 minuto"},"schema":{"@context":"https:\/\/schema.org","@graph":[{"@type":"WebPage","@id":"https:\/\/www.blogsoestado.com\/wilsonmarques\/2014\/01\/14\/resultado-de-concurso-literario-da-func-sai-em-breve\/","url":"https:\/\/www.blogsoestado.com\/wilsonmarques\/2014\/01\/14\/resultado-de-concurso-literario-da-func-sai-em-breve\/","name":"Resultado de concurso liter\u00e1rio da FUNC sai em breve - Wilson Marques","isPartOf":{"@id":"https:\/\/www.blogsoestado.com\/wilsonmarques\/#website"},"datePublished":"2014-01-14T22:03:28+00:00","author":{"@id":"https:\/\/www.blogsoestado.com\/wilsonmarques\/#\/schema\/person\/6ab6321707821a2d204fc6de2a1f85b3"},"breadcrumb":{"@id":"https:\/\/www.blogsoestado.com\/wilsonmarques\/2014\/01\/14\/resultado-de-concurso-literario-da-func-sai-em-breve\/#breadcrumb"},"inLanguage":"pt-BR","potentialAction":[{"@type":"ReadAction","target":["https:\/\/www.blogsoestado.com\/wilsonmarques\/2014\/01\/14\/resultado-de-concurso-literario-da-func-sai-em-breve\/"]}]},{"@type":"BreadcrumbList","@id":"https:\/\/www.blogsoestado.com\/wilsonmarques\/2014\/01\/14\/resultado-de-concurso-literario-da-func-sai-em-breve\/#breadcrumb","itemListElement":[{"@type":"ListItem","position":1,"name":"In\u00edcio","item":"https:\/\/www.blogsoestado.com\/wilsonmarques\/"},{"@type":"ListItem","position":2,"name":"Resultado de concurso liter\u00e1rio da FUNC sai em breve"}]},{"@type":"WebSite","@id":"https:\/\/www.blogsoestado.com\/wilsonmarques\/#website","url":"https:\/\/www.blogsoestado.com\/wilsonmarques\/","name":"Wilson Marques","description":"","potentialAction":[{"@type":"SearchAction","target":{"@type":"EntryPoint","urlTemplate":"https:\/\/www.blogsoestado.com\/wilsonmarques\/?s={search_term_string}"},"query-input":{"@type":"PropertyValueSpecification","valueRequired":true,"valueName":"search_term_string"}}],"inLanguage":"pt-BR"},{"@type":"Person","@id":"https:\/\/www.blogsoestado.com\/wilsonmarques\/#\/schema\/person\/6ab6321707821a2d204fc6de2a1f85b3","name":"Wilson Marques","image":{"@type":"ImageObject","inLanguage":"pt-BR","@id":"https:\/\/www.blogsoestado.com\/wilsonmarques\/#\/schema\/person\/image\/","url":"https:\/\/secure.gravatar.com\/avatar\/b7cbc00c60180383a011061e4a828d63994b1e9aed3813dfaa754539681f9ba0?s=96&d=mm&r=g","contentUrl":"https:\/\/secure.gravatar.com\/avatar\/b7cbc00c60180383a011061e4a828d63994b1e9aed3813dfaa754539681f9ba0?s=96&d=mm&r=g","caption":"Wilson Marques"},"url":"https:\/\/www.blogsoestado.com\/wilsonmarques\/author\/wilsonmarques\/"}]}},"jetpack_featured_media_url":"","_links":{"self":[{"href":"https:\/\/www.blogsoestado.com\/wilsonmarques\/wp-json\/wp\/v2\/posts\/178","targetHints":{"allow":["GET"]}}],"collection":[{"href":"https:\/\/www.blogsoestado.com\/wilsonmarques\/wp-json\/wp\/v2\/posts"}],"about":[{"href":"https:\/\/www.blogsoestado.com\/wilsonmarques\/wp-json\/wp\/v2\/types\/post"}],"author":[{"embeddable":true,"href":"https:\/\/www.blogsoestado.com\/wilsonmarques\/wp-json\/wp\/v2\/users\/10"}],"replies":[{"embeddable":true,"href":"https:\/\/www.blogsoestado.com\/wilsonmarques\/wp-json\/wp\/v2\/comments?post=178"}],"version-history":[{"count":0,"href":"https:\/\/www.blogsoestado.com\/wilsonmarques\/wp-json\/wp\/v2\/posts\/178\/revisions"}],"wp:attachment":[{"href":"https:\/\/www.blogsoestado.com\/wilsonmarques\/wp-json\/wp\/v2\/media?parent=178"}],"wp:term":[{"taxonomy":"category","embeddable":true,"href":"https:\/\/www.blogsoestado.com\/wilsonmarques\/wp-json\/wp\/v2\/categories?post=178"},{"taxonomy":"post_tag","embeddable":true,"href":"https:\/\/www.blogsoestado.com\/wilsonmarques\/wp-json\/wp\/v2\/tags?post=178"}],"curies":[{"name":"wp","href":"https:\/\/api.w.org\/{rel}","templated":true}]}}