{"id":414,"date":"2015-05-01T20:46:19","date_gmt":"2015-05-01T20:46:19","guid":{"rendered":"https:\/\/www.blogsoestado.com\/wilsonmarques\/?p=414"},"modified":"2015-05-01T20:46:19","modified_gmt":"2015-05-01T20:46:19","slug":"farois-da-educacao-deixam-educacao-e-vao-para-a-cultura","status":"publish","type":"post","link":"https:\/\/www.blogsoestado.com\/wilsonmarques\/2015\/05\/01\/farois-da-educacao-deixam-educacao-e-vao-para-a-cultura\/","title":{"rendered":"Far\u00f3is da Educa\u00e7\u00e3o deixam Educa\u00e7\u00e3o e v\u00e3o para a Cultura"},"content":{"rendered":"<p style=\"text-align: justify; text-indent: 35.4pt; background: white; vertical-align: baseline; margin: 0cm 56.65pt .0001pt 0cm;\"><a href=\"https:\/\/www.blogsoestado.com\/wilsonmarques\/wp-content\/uploads\/sites\/9\/2015\/05\/coroado-022-1.jpg\"><img fetchpriority=\"high\" decoding=\"async\" class=\" size-medium wp-image-415 alignleft\" src=\"https:\/\/www.blogsoestado.com\/wilsonmarques\/wp-content\/uploads\/sites\/9\/2015\/05\/coroado-022-1-300x201.jpg\" alt=\"coroado 022\" width=\"300\" height=\"201\" srcset=\"https:\/\/www.blogsoestado.com\/wilsonmarques\/wp-content\/uploads\/sites\/9\/2015\/05\/coroado-022-1-300x201.jpg 300w, https:\/\/www.blogsoestado.com\/wilsonmarques\/wp-content\/uploads\/sites\/9\/2015\/05\/coroado-022-1.jpg 640w\" sizes=\"(max-width: 300px) 100vw, 300px\" \/><\/a>Os Far\u00f3is da Educa\u00e7\u00e3o dever\u00e3o sair da Secretaria de Educa\u00e7\u00e3o e passar para a responsabilidade da Secretaria de Cultura do Estado. O coment\u00e1rio foi feito ontem durante o evento \u201cDi\u00e1logos e A\u00e7\u00f5es para constru\u00e7\u00e3o de uma S\u00e3o Lu\u00eds mais leitora\u201d, que aconteceu na Biblioteca P\u00fablica Benedito Leite. A determina\u00e7\u00e3o, pelo que foi dito, \u00e9 do governador Fl\u00e1vio Dino, que parece disposto a colocar um ponto final na novela em torno dessas bibliotecas que amargam um longo per\u00edodo de abandono, dando assim uma nova din\u00e2mica a esses equipamentos fundamentais para a difus\u00e3o do livro e incentivo \u00e0 leitura no estado. Um estudo t\u00e9cnico apontando propostas est\u00e1 sendo produzido para ser apresentado em poucos dias ao governador. A id\u00e9ia \u00e9 que os Far\u00f3is, uma vez voltando a funcionar, n\u00e3o permane\u00e7am apenas como bibliotecas escolares, mas passem a atuar como centros de cultura mais amplos. Ser\u00e1 preciso ainda renovar acervos, recuperar estruturas f\u00edsicas, entre outras provid\u00eancias. Como \u00e9 de se imaginar, a Secretaria n\u00e3o espera enfrentar esse desafio de bolsos limpos. Vai precisar de dota\u00e7\u00e3o para tocar o projeto, e, al\u00e9m de dinheiro, solicitar\u00e1 do governador contrata\u00e7\u00e3o de bibliotec\u00e1rios (eis uma boa not\u00edcia para quem tanto incentivo a leitura em nosso estado) para cada uma das mais de cem unidades espalhadas pelo Maranh\u00e3o.<\/p>\n","protected":false},"excerpt":{"rendered":"<p>Os Far\u00f3is da Educa\u00e7\u00e3o dever\u00e3o sair da Secretaria de Educa\u00e7\u00e3o e passar para a responsabilidade da Secretaria de Cultura do [&hellip;]<\/p>\n","protected":false},"author":10,"featured_media":0,"comment_status":"open","ping_status":"open","sticky":false,"template":"","format":"standard","meta":{"site-sidebar-layout":"default","site-content-layout":"","ast-site-content-layout":"default","site-content-style":"default","site-sidebar-style":"default","ast-global-header-display":"","ast-banner-title-visibility":"","ast-main-header-display":"","ast-hfb-above-header-display":"","ast-hfb-below-header-display":"","ast-hfb-mobile-header-display":"","site-post-title":"","ast-breadcrumbs-content":"","ast-featured-img":"","footer-sml-layout":"","ast-disable-related-posts":"","theme-transparent-header-meta":"","adv-header-id-meta":"","stick-header-meta":"","header-above-stick-meta":"","header-main-stick-meta":"","header-below-stick-meta":"","astra-migrate-meta-layouts":"default","ast-page-background-enabled":"default","ast-page-background-meta":{"desktop":{"background-color":"var(--ast-global-color-5)","background-image":"","background-repeat":"repeat","background-position":"center center","background-size":"auto","background-attachment":"scroll","background-type":"","background-media":"","overlay-type":"","overlay-color":"","overlay-opacity":"","overlay-gradient":""},"tablet":{"background-color":"","background-image":"","background-repeat":"repeat","background-position":"center center","background-size":"auto","background-attachment":"scroll","background-type":"","background-media":"","overlay-type":"","overlay-color":"","overlay-opacity":"","overlay-gradient":""},"mobile":{"background-color":"","background-image":"","background-repeat":"repeat","background-position":"center center","background-size":"auto","background-attachment":"scroll","background-type":"","background-media":"","overlay-type":"","overlay-color":"","overlay-opacity":"","overlay-gradient":""}},"ast-content-background-meta":{"desktop":{"background-color":"var(--ast-global-color-4)","background-image":"","background-repeat":"repeat","background-position":"center center","background-size":"auto","background-attachment":"scroll","background-type":"","background-media":"","overlay-type":"","overlay-color":"","overlay-opacity":"","overlay-gradient":""},"tablet":{"background-color":"var(--ast-global-color-4)","background-image":"","background-repeat":"repeat","background-position":"center center","background-size":"auto","background-attachment":"scroll","background-type":"","background-media":"","overlay-type":"","overlay-color":"","overlay-opacity":"","overlay-gradient":""},"mobile":{"background-color":"var(--ast-global-color-4)","background-image":"","background-repeat":"repeat","background-position":"center center","background-size":"auto","background-attachment":"scroll","background-type":"","background-media":"","overlay-type":"","overlay-color":"","overlay-opacity":"","overlay-gradient":""}},"footnotes":""},"categories":[1],"tags":[],"class_list":["post-414","post","type-post","status-publish","format-standard","hentry","category-sem-categoria"],"yoast_head":"<!-- This site is optimized with the Yoast SEO plugin v26.6 - https:\/\/yoast.com\/wordpress\/plugins\/seo\/ -->\n<title>Far\u00f3is da Educa\u00e7\u00e3o deixam Educa\u00e7\u00e3o e v\u00e3o para a Cultura - Wilson Marques<\/title>\n<meta name=\"robots\" content=\"index, follow, max-snippet:-1, max-image-preview:large, max-video-preview:-1\" \/>\n<link rel=\"canonical\" href=\"https:\/\/www.blogsoestado.com\/wilsonmarques\/2015\/05\/01\/farois-da-educacao-deixam-educacao-e-vao-para-a-cultura\/\" \/>\n<meta property=\"og:locale\" content=\"pt_BR\" \/>\n<meta property=\"og:type\" content=\"article\" \/>\n<meta property=\"og:title\" content=\"Far\u00f3is da Educa\u00e7\u00e3o deixam Educa\u00e7\u00e3o e v\u00e3o para a Cultura - Wilson Marques\" \/>\n<meta property=\"og:description\" content=\"Os Far\u00f3is da Educa\u00e7\u00e3o dever\u00e3o sair da Secretaria de Educa\u00e7\u00e3o e passar para a responsabilidade da Secretaria de Cultura do [&hellip;]\" \/>\n<meta property=\"og:url\" content=\"https:\/\/www.blogsoestado.com\/wilsonmarques\/2015\/05\/01\/farois-da-educacao-deixam-educacao-e-vao-para-a-cultura\/\" \/>\n<meta property=\"og:site_name\" content=\"Wilson Marques\" \/>\n<meta property=\"article:published_time\" content=\"2015-05-01T20:46:19+00:00\" \/>\n<meta property=\"og:image\" content=\"https:\/\/www.blogsoestado.com\/wilsonmarques\/wp-content\/uploads\/sites\/9\/2015\/05\/coroado-022-1-300x201.jpg\" \/>\n<meta name=\"author\" content=\"Wilson Marques\" \/>\n<meta name=\"twitter:card\" content=\"summary_large_image\" \/>\n<meta name=\"twitter:label1\" content=\"Escrito por\" \/>\n\t<meta name=\"twitter:data1\" content=\"Wilson Marques\" \/>\n\t<meta name=\"twitter:label2\" content=\"Est. tempo de leitura\" \/>\n\t<meta name=\"twitter:data2\" content=\"1 minuto\" \/>\n<script type=\"application\/ld+json\" class=\"yoast-schema-graph\">{\"@context\":\"https:\/\/schema.org\",\"@graph\":[{\"@type\":\"WebPage\",\"@id\":\"https:\/\/www.blogsoestado.com\/wilsonmarques\/2015\/05\/01\/farois-da-educacao-deixam-educacao-e-vao-para-a-cultura\/\",\"url\":\"https:\/\/www.blogsoestado.com\/wilsonmarques\/2015\/05\/01\/farois-da-educacao-deixam-educacao-e-vao-para-a-cultura\/\",\"name\":\"Far\u00f3is da Educa\u00e7\u00e3o deixam Educa\u00e7\u00e3o e v\u00e3o para a Cultura - Wilson Marques\",\"isPartOf\":{\"@id\":\"https:\/\/www.blogsoestado.com\/wilsonmarques\/#website\"},\"primaryImageOfPage\":{\"@id\":\"https:\/\/www.blogsoestado.com\/wilsonmarques\/2015\/05\/01\/farois-da-educacao-deixam-educacao-e-vao-para-a-cultura\/#primaryimage\"},\"image\":{\"@id\":\"https:\/\/www.blogsoestado.com\/wilsonmarques\/2015\/05\/01\/farois-da-educacao-deixam-educacao-e-vao-para-a-cultura\/#primaryimage\"},\"thumbnailUrl\":\"https:\/\/www.blogsoestado.com\/wilsonmarques\/wp-content\/uploads\/sites\/9\/2015\/05\/coroado-022-1-300x201.jpg\",\"datePublished\":\"2015-05-01T20:46:19+00:00\",\"author\":{\"@id\":\"https:\/\/www.blogsoestado.com\/wilsonmarques\/#\/schema\/person\/6ab6321707821a2d204fc6de2a1f85b3\"},\"breadcrumb\":{\"@id\":\"https:\/\/www.blogsoestado.com\/wilsonmarques\/2015\/05\/01\/farois-da-educacao-deixam-educacao-e-vao-para-a-cultura\/#breadcrumb\"},\"inLanguage\":\"pt-BR\",\"potentialAction\":[{\"@type\":\"ReadAction\",\"target\":[\"https:\/\/www.blogsoestado.com\/wilsonmarques\/2015\/05\/01\/farois-da-educacao-deixam-educacao-e-vao-para-a-cultura\/\"]}]},{\"@type\":\"ImageObject\",\"inLanguage\":\"pt-BR\",\"@id\":\"https:\/\/www.blogsoestado.com\/wilsonmarques\/2015\/05\/01\/farois-da-educacao-deixam-educacao-e-vao-para-a-cultura\/#primaryimage\",\"url\":\"https:\/\/www.blogsoestado.com\/wilsonmarques\/wp-content\/uploads\/sites\/9\/2015\/05\/coroado-022-1.jpg\",\"contentUrl\":\"https:\/\/www.blogsoestado.com\/wilsonmarques\/wp-content\/uploads\/sites\/9\/2015\/05\/coroado-022-1.jpg\",\"width\":640,\"height\":428},{\"@type\":\"BreadcrumbList\",\"@id\":\"https:\/\/www.blogsoestado.com\/wilsonmarques\/2015\/05\/01\/farois-da-educacao-deixam-educacao-e-vao-para-a-cultura\/#breadcrumb\",\"itemListElement\":[{\"@type\":\"ListItem\",\"position\":1,\"name\":\"In\u00edcio\",\"item\":\"https:\/\/www.blogsoestado.com\/wilsonmarques\/\"},{\"@type\":\"ListItem\",\"position\":2,\"name\":\"Far\u00f3is da Educa\u00e7\u00e3o deixam Educa\u00e7\u00e3o e v\u00e3o para a Cultura\"}]},{\"@type\":\"WebSite\",\"@id\":\"https:\/\/www.blogsoestado.com\/wilsonmarques\/#website\",\"url\":\"https:\/\/www.blogsoestado.com\/wilsonmarques\/\",\"name\":\"Wilson Marques\",\"description\":\"\",\"potentialAction\":[{\"@type\":\"SearchAction\",\"target\":{\"@type\":\"EntryPoint\",\"urlTemplate\":\"https:\/\/www.blogsoestado.com\/wilsonmarques\/?s={search_term_string}\"},\"query-input\":{\"@type\":\"PropertyValueSpecification\",\"valueRequired\":true,\"valueName\":\"search_term_string\"}}],\"inLanguage\":\"pt-BR\"},{\"@type\":\"Person\",\"@id\":\"https:\/\/www.blogsoestado.com\/wilsonmarques\/#\/schema\/person\/6ab6321707821a2d204fc6de2a1f85b3\",\"name\":\"Wilson Marques\",\"image\":{\"@type\":\"ImageObject\",\"inLanguage\":\"pt-BR\",\"@id\":\"https:\/\/www.blogsoestado.com\/wilsonmarques\/#\/schema\/person\/image\/\",\"url\":\"https:\/\/secure.gravatar.com\/avatar\/b7cbc00c60180383a011061e4a828d63994b1e9aed3813dfaa754539681f9ba0?s=96&d=mm&r=g\",\"contentUrl\":\"https:\/\/secure.gravatar.com\/avatar\/b7cbc00c60180383a011061e4a828d63994b1e9aed3813dfaa754539681f9ba0?s=96&d=mm&r=g\",\"caption\":\"Wilson Marques\"},\"url\":\"https:\/\/www.blogsoestado.com\/wilsonmarques\/author\/wilsonmarques\/\"}]}<\/script>\n<!-- \/ Yoast SEO plugin. -->","yoast_head_json":{"title":"Far\u00f3is da Educa\u00e7\u00e3o deixam Educa\u00e7\u00e3o e v\u00e3o para a Cultura - Wilson Marques","robots":{"index":"index","follow":"follow","max-snippet":"max-snippet:-1","max-image-preview":"max-image-preview:large","max-video-preview":"max-video-preview:-1"},"canonical":"https:\/\/www.blogsoestado.com\/wilsonmarques\/2015\/05\/01\/farois-da-educacao-deixam-educacao-e-vao-para-a-cultura\/","og_locale":"pt_BR","og_type":"article","og_title":"Far\u00f3is da Educa\u00e7\u00e3o deixam Educa\u00e7\u00e3o e v\u00e3o para a Cultura - Wilson Marques","og_description":"Os Far\u00f3is da Educa\u00e7\u00e3o dever\u00e3o sair da Secretaria de Educa\u00e7\u00e3o e passar para a responsabilidade da Secretaria de Cultura do [&hellip;]","og_url":"https:\/\/www.blogsoestado.com\/wilsonmarques\/2015\/05\/01\/farois-da-educacao-deixam-educacao-e-vao-para-a-cultura\/","og_site_name":"Wilson Marques","article_published_time":"2015-05-01T20:46:19+00:00","og_image":[{"url":"https:\/\/www.blogsoestado.com\/wilsonmarques\/wp-content\/uploads\/sites\/9\/2015\/05\/coroado-022-1-300x201.jpg","type":"","width":"","height":""}],"author":"Wilson Marques","twitter_card":"summary_large_image","twitter_misc":{"Escrito por":"Wilson Marques","Est. tempo de leitura":"1 minuto"},"schema":{"@context":"https:\/\/schema.org","@graph":[{"@type":"WebPage","@id":"https:\/\/www.blogsoestado.com\/wilsonmarques\/2015\/05\/01\/farois-da-educacao-deixam-educacao-e-vao-para-a-cultura\/","url":"https:\/\/www.blogsoestado.com\/wilsonmarques\/2015\/05\/01\/farois-da-educacao-deixam-educacao-e-vao-para-a-cultura\/","name":"Far\u00f3is da Educa\u00e7\u00e3o deixam Educa\u00e7\u00e3o e v\u00e3o para a Cultura - Wilson Marques","isPartOf":{"@id":"https:\/\/www.blogsoestado.com\/wilsonmarques\/#website"},"primaryImageOfPage":{"@id":"https:\/\/www.blogsoestado.com\/wilsonmarques\/2015\/05\/01\/farois-da-educacao-deixam-educacao-e-vao-para-a-cultura\/#primaryimage"},"image":{"@id":"https:\/\/www.blogsoestado.com\/wilsonmarques\/2015\/05\/01\/farois-da-educacao-deixam-educacao-e-vao-para-a-cultura\/#primaryimage"},"thumbnailUrl":"https:\/\/www.blogsoestado.com\/wilsonmarques\/wp-content\/uploads\/sites\/9\/2015\/05\/coroado-022-1-300x201.jpg","datePublished":"2015-05-01T20:46:19+00:00","author":{"@id":"https:\/\/www.blogsoestado.com\/wilsonmarques\/#\/schema\/person\/6ab6321707821a2d204fc6de2a1f85b3"},"breadcrumb":{"@id":"https:\/\/www.blogsoestado.com\/wilsonmarques\/2015\/05\/01\/farois-da-educacao-deixam-educacao-e-vao-para-a-cultura\/#breadcrumb"},"inLanguage":"pt-BR","potentialAction":[{"@type":"ReadAction","target":["https:\/\/www.blogsoestado.com\/wilsonmarques\/2015\/05\/01\/farois-da-educacao-deixam-educacao-e-vao-para-a-cultura\/"]}]},{"@type":"ImageObject","inLanguage":"pt-BR","@id":"https:\/\/www.blogsoestado.com\/wilsonmarques\/2015\/05\/01\/farois-da-educacao-deixam-educacao-e-vao-para-a-cultura\/#primaryimage","url":"https:\/\/www.blogsoestado.com\/wilsonmarques\/wp-content\/uploads\/sites\/9\/2015\/05\/coroado-022-1.jpg","contentUrl":"https:\/\/www.blogsoestado.com\/wilsonmarques\/wp-content\/uploads\/sites\/9\/2015\/05\/coroado-022-1.jpg","width":640,"height":428},{"@type":"BreadcrumbList","@id":"https:\/\/www.blogsoestado.com\/wilsonmarques\/2015\/05\/01\/farois-da-educacao-deixam-educacao-e-vao-para-a-cultura\/#breadcrumb","itemListElement":[{"@type":"ListItem","position":1,"name":"In\u00edcio","item":"https:\/\/www.blogsoestado.com\/wilsonmarques\/"},{"@type":"ListItem","position":2,"name":"Far\u00f3is da Educa\u00e7\u00e3o deixam Educa\u00e7\u00e3o e v\u00e3o para a Cultura"}]},{"@type":"WebSite","@id":"https:\/\/www.blogsoestado.com\/wilsonmarques\/#website","url":"https:\/\/www.blogsoestado.com\/wilsonmarques\/","name":"Wilson Marques","description":"","potentialAction":[{"@type":"SearchAction","target":{"@type":"EntryPoint","urlTemplate":"https:\/\/www.blogsoestado.com\/wilsonmarques\/?s={search_term_string}"},"query-input":{"@type":"PropertyValueSpecification","valueRequired":true,"valueName":"search_term_string"}}],"inLanguage":"pt-BR"},{"@type":"Person","@id":"https:\/\/www.blogsoestado.com\/wilsonmarques\/#\/schema\/person\/6ab6321707821a2d204fc6de2a1f85b3","name":"Wilson Marques","image":{"@type":"ImageObject","inLanguage":"pt-BR","@id":"https:\/\/www.blogsoestado.com\/wilsonmarques\/#\/schema\/person\/image\/","url":"https:\/\/secure.gravatar.com\/avatar\/b7cbc00c60180383a011061e4a828d63994b1e9aed3813dfaa754539681f9ba0?s=96&d=mm&r=g","contentUrl":"https:\/\/secure.gravatar.com\/avatar\/b7cbc00c60180383a011061e4a828d63994b1e9aed3813dfaa754539681f9ba0?s=96&d=mm&r=g","caption":"Wilson Marques"},"url":"https:\/\/www.blogsoestado.com\/wilsonmarques\/author\/wilsonmarques\/"}]}},"jetpack_featured_media_url":"","_links":{"self":[{"href":"https:\/\/www.blogsoestado.com\/wilsonmarques\/wp-json\/wp\/v2\/posts\/414","targetHints":{"allow":["GET"]}}],"collection":[{"href":"https:\/\/www.blogsoestado.com\/wilsonmarques\/wp-json\/wp\/v2\/posts"}],"about":[{"href":"https:\/\/www.blogsoestado.com\/wilsonmarques\/wp-json\/wp\/v2\/types\/post"}],"author":[{"embeddable":true,"href":"https:\/\/www.blogsoestado.com\/wilsonmarques\/wp-json\/wp\/v2\/users\/10"}],"replies":[{"embeddable":true,"href":"https:\/\/www.blogsoestado.com\/wilsonmarques\/wp-json\/wp\/v2\/comments?post=414"}],"version-history":[{"count":0,"href":"https:\/\/www.blogsoestado.com\/wilsonmarques\/wp-json\/wp\/v2\/posts\/414\/revisions"}],"wp:attachment":[{"href":"https:\/\/www.blogsoestado.com\/wilsonmarques\/wp-json\/wp\/v2\/media?parent=414"}],"wp:term":[{"taxonomy":"category","embeddable":true,"href":"https:\/\/www.blogsoestado.com\/wilsonmarques\/wp-json\/wp\/v2\/categories?post=414"},{"taxonomy":"post_tag","embeddable":true,"href":"https:\/\/www.blogsoestado.com\/wilsonmarques\/wp-json\/wp\/v2\/tags?post=414"}],"curies":[{"name":"wp","href":"https:\/\/api.w.org\/{rel}","templated":true}]}}