{"id":434,"date":"2015-05-08T14:29:56","date_gmt":"2015-05-08T14:29:56","guid":{"rendered":"https:\/\/www.blogsoestado.com\/wilsonmarques\/?p=434"},"modified":"2015-05-08T14:29:56","modified_gmt":"2015-05-08T14:29:56","slug":"professora-maria-de-lourdes-lacroix-e-escolhida-patrona-da-felis-2015","status":"publish","type":"post","link":"https:\/\/www.blogsoestado.com\/wilsonmarques\/2015\/05\/08\/professora-maria-de-lourdes-lacroix-e-escolhida-patrona-da-felis-2015\/","title":{"rendered":"Professora Maria de Lourdes Lacroix \u00e9 escolhida patrona da Felis 2015"},"content":{"rendered":"<p style=\"margin: 0cm; margin-bottom: .0001pt; text-align: justify; line-height: 12.9pt; background: white; vertical-align: baseline;\">\n<p style=\"margin: 0cm; margin-bottom: .0001pt; text-align: justify; line-height: 12.9pt; background: white; vertical-align: baseline;\"><span style=\"color: #404040;\"><a href=\"https:\/\/www.blogsoestado.com\/wilsonmarques\/wp-content\/uploads\/sites\/9\/2015\/05\/EGD2835-1.jpg\"><img fetchpriority=\"high\" decoding=\"async\" class=\" size-medium wp-image-435 alignleft\" src=\"https:\/\/www.blogsoestado.com\/wilsonmarques\/wp-content\/uploads\/sites\/9\/2015\/05\/EGD2835-1-300x200.jpg\" alt=\"_EGD2835\" width=\"300\" height=\"200\" srcset=\"https:\/\/www.blogsoestado.com\/wilsonmarques\/wp-content\/uploads\/sites\/9\/2015\/05\/EGD2835-1-300x200.jpg 300w, https:\/\/www.blogsoestado.com\/wilsonmarques\/wp-content\/uploads\/sites\/9\/2015\/05\/EGD2835-1-768x512.jpg 768w, https:\/\/www.blogsoestado.com\/wilsonmarques\/wp-content\/uploads\/sites\/9\/2015\/05\/EGD2835-1.jpg 800w\" sizes=\"(max-width: 300px) 100vw, 300px\" \/><\/a><\/span><\/p>\n<p>A Feira de Livros de S\u00e3o Lu\u00eds deste ano ter\u00e1 como patrona a professora Maria de Lourdes Lauande Lacroix. Ser\u00e3o homenageados ainda a bibliotec\u00e1ria e professora da Ufma Mary Ferreira, o escritor Alberico Carneiro Filho e a poeta popular Raimunda Fraz\u00e3o. Postumamente ser\u00e1 homenageado o historiador M\u00e1rio Meireles.\u00a0O nome da professora Maria de Lourdes popularizou-se a partir da publica\u00e7\u00e3o do seu livro \u201cA funda\u00e7\u00e3o francesa de S\u00e3o Lu\u00eds e seus mitos\u201d, onde questiona a tese de uma S\u00e3o Lu\u00eds fundada por franceses. Segundo ela, a paternidade francesa da capital, onde at\u00e9 ent\u00e3o eles eram tratados como invasores, s\u00f3 surge no final do s\u00e9culo XIX e in\u00edcio do XX, como forma de dar uma identidade nova \u00e0 decadente S\u00e3o Lu\u00eds. Se a pol\u00eamica ainda n\u00e3o cansou, a Feira ser\u00e1 uma \u00f3tima oportunidade para mais uma vez o assunto ser colocado em pauta.<\/p>\n<p>&nbsp;<\/p>\n","protected":false},"excerpt":{"rendered":"<p>A Feira de Livros de S\u00e3o Lu\u00eds deste ano ter\u00e1 como patrona a professora Maria de Lourdes Lauande Lacroix. Ser\u00e3o [&hellip;]<\/p>\n","protected":false},"author":10,"featured_media":0,"comment_status":"open","ping_status":"open","sticky":false,"template":"","format":"standard","meta":{"site-sidebar-layout":"default","site-content-layout":"","ast-site-content-layout":"default","site-content-style":"default","site-sidebar-style":"default","ast-global-header-display":"","ast-banner-title-visibility":"","ast-main-header-display":"","ast-hfb-above-header-display":"","ast-hfb-below-header-display":"","ast-hfb-mobile-header-display":"","site-post-title":"","ast-breadcrumbs-content":"","ast-featured-img":"","footer-sml-layout":"","ast-disable-related-posts":"","theme-transparent-header-meta":"","adv-header-id-meta":"","stick-header-meta":"","header-above-stick-meta":"","header-main-stick-meta":"","header-below-stick-meta":"","astra-migrate-meta-layouts":"default","ast-page-background-enabled":"default","ast-page-background-meta":{"desktop":{"background-color":"var(--ast-global-color-5)","background-image":"","background-repeat":"repeat","background-position":"center center","background-size":"auto","background-attachment":"scroll","background-type":"","background-media":"","overlay-type":"","overlay-color":"","overlay-opacity":"","overlay-gradient":""},"tablet":{"background-color":"","background-image":"","background-repeat":"repeat","background-position":"center center","background-size":"auto","background-attachment":"scroll","background-type":"","background-media":"","overlay-type":"","overlay-color":"","overlay-opacity":"","overlay-gradient":""},"mobile":{"background-color":"","background-image":"","background-repeat":"repeat","background-position":"center center","background-size":"auto","background-attachment":"scroll","background-type":"","background-media":"","overlay-type":"","overlay-color":"","overlay-opacity":"","overlay-gradient":""}},"ast-content-background-meta":{"desktop":{"background-color":"var(--ast-global-color-4)","background-image":"","background-repeat":"repeat","background-position":"center center","background-size":"auto","background-attachment":"scroll","background-type":"","background-media":"","overlay-type":"","overlay-color":"","overlay-opacity":"","overlay-gradient":""},"tablet":{"background-color":"var(--ast-global-color-4)","background-image":"","background-repeat":"repeat","background-position":"center center","background-size":"auto","background-attachment":"scroll","background-type":"","background-media":"","overlay-type":"","overlay-color":"","overlay-opacity":"","overlay-gradient":""},"mobile":{"background-color":"var(--ast-global-color-4)","background-image":"","background-repeat":"repeat","background-position":"center center","background-size":"auto","background-attachment":"scroll","background-type":"","background-media":"","overlay-type":"","overlay-color":"","overlay-opacity":"","overlay-gradient":""}},"footnotes":""},"categories":[1],"tags":[],"class_list":["post-434","post","type-post","status-publish","format-standard","hentry","category-sem-categoria"],"yoast_head":"<!-- This site is optimized with the Yoast SEO plugin v26.6 - https:\/\/yoast.com\/wordpress\/plugins\/seo\/ -->\n<title>Professora Maria de Lourdes Lacroix \u00e9 escolhida patrona da Felis 2015 - Wilson Marques<\/title>\n<meta name=\"robots\" content=\"index, follow, max-snippet:-1, max-image-preview:large, max-video-preview:-1\" \/>\n<link rel=\"canonical\" href=\"https:\/\/www.blogsoestado.com\/wilsonmarques\/2015\/05\/08\/professora-maria-de-lourdes-lacroix-e-escolhida-patrona-da-felis-2015\/\" \/>\n<meta property=\"og:locale\" content=\"pt_BR\" \/>\n<meta property=\"og:type\" content=\"article\" \/>\n<meta property=\"og:title\" content=\"Professora Maria de Lourdes Lacroix \u00e9 escolhida patrona da Felis 2015 - Wilson Marques\" \/>\n<meta property=\"og:description\" content=\"A Feira de Livros de S\u00e3o Lu\u00eds deste ano ter\u00e1 como patrona a professora Maria de Lourdes Lauande Lacroix. Ser\u00e3o [&hellip;]\" \/>\n<meta property=\"og:url\" content=\"https:\/\/www.blogsoestado.com\/wilsonmarques\/2015\/05\/08\/professora-maria-de-lourdes-lacroix-e-escolhida-patrona-da-felis-2015\/\" \/>\n<meta property=\"og:site_name\" content=\"Wilson Marques\" \/>\n<meta property=\"article:published_time\" content=\"2015-05-08T14:29:56+00:00\" \/>\n<meta property=\"og:image\" content=\"https:\/\/www.blogsoestado.com\/wilsonmarques\/wp-content\/uploads\/sites\/9\/2015\/05\/EGD2835-1-300x200.jpg\" \/>\n<meta name=\"author\" content=\"Wilson Marques\" \/>\n<meta name=\"twitter:card\" content=\"summary_large_image\" \/>\n<meta name=\"twitter:label1\" content=\"Escrito por\" \/>\n\t<meta name=\"twitter:data1\" content=\"Wilson Marques\" \/>\n\t<meta name=\"twitter:label2\" content=\"Est. tempo de leitura\" \/>\n\t<meta name=\"twitter:data2\" content=\"1 minuto\" \/>\n<script type=\"application\/ld+json\" class=\"yoast-schema-graph\">{\"@context\":\"https:\/\/schema.org\",\"@graph\":[{\"@type\":\"WebPage\",\"@id\":\"https:\/\/www.blogsoestado.com\/wilsonmarques\/2015\/05\/08\/professora-maria-de-lourdes-lacroix-e-escolhida-patrona-da-felis-2015\/\",\"url\":\"https:\/\/www.blogsoestado.com\/wilsonmarques\/2015\/05\/08\/professora-maria-de-lourdes-lacroix-e-escolhida-patrona-da-felis-2015\/\",\"name\":\"Professora Maria de Lourdes Lacroix \u00e9 escolhida patrona da Felis 2015 - Wilson Marques\",\"isPartOf\":{\"@id\":\"https:\/\/www.blogsoestado.com\/wilsonmarques\/#website\"},\"primaryImageOfPage\":{\"@id\":\"https:\/\/www.blogsoestado.com\/wilsonmarques\/2015\/05\/08\/professora-maria-de-lourdes-lacroix-e-escolhida-patrona-da-felis-2015\/#primaryimage\"},\"image\":{\"@id\":\"https:\/\/www.blogsoestado.com\/wilsonmarques\/2015\/05\/08\/professora-maria-de-lourdes-lacroix-e-escolhida-patrona-da-felis-2015\/#primaryimage\"},\"thumbnailUrl\":\"https:\/\/www.blogsoestado.com\/wilsonmarques\/wp-content\/uploads\/sites\/9\/2015\/05\/EGD2835-1-300x200.jpg\",\"datePublished\":\"2015-05-08T14:29:56+00:00\",\"author\":{\"@id\":\"https:\/\/www.blogsoestado.com\/wilsonmarques\/#\/schema\/person\/6ab6321707821a2d204fc6de2a1f85b3\"},\"breadcrumb\":{\"@id\":\"https:\/\/www.blogsoestado.com\/wilsonmarques\/2015\/05\/08\/professora-maria-de-lourdes-lacroix-e-escolhida-patrona-da-felis-2015\/#breadcrumb\"},\"inLanguage\":\"pt-BR\",\"potentialAction\":[{\"@type\":\"ReadAction\",\"target\":[\"https:\/\/www.blogsoestado.com\/wilsonmarques\/2015\/05\/08\/professora-maria-de-lourdes-lacroix-e-escolhida-patrona-da-felis-2015\/\"]}]},{\"@type\":\"ImageObject\",\"inLanguage\":\"pt-BR\",\"@id\":\"https:\/\/www.blogsoestado.com\/wilsonmarques\/2015\/05\/08\/professora-maria-de-lourdes-lacroix-e-escolhida-patrona-da-felis-2015\/#primaryimage\",\"url\":\"https:\/\/www.blogsoestado.com\/wilsonmarques\/wp-content\/uploads\/sites\/9\/2015\/05\/EGD2835-1.jpg\",\"contentUrl\":\"https:\/\/www.blogsoestado.com\/wilsonmarques\/wp-content\/uploads\/sites\/9\/2015\/05\/EGD2835-1.jpg\",\"width\":800,\"height\":533},{\"@type\":\"BreadcrumbList\",\"@id\":\"https:\/\/www.blogsoestado.com\/wilsonmarques\/2015\/05\/08\/professora-maria-de-lourdes-lacroix-e-escolhida-patrona-da-felis-2015\/#breadcrumb\",\"itemListElement\":[{\"@type\":\"ListItem\",\"position\":1,\"name\":\"In\u00edcio\",\"item\":\"https:\/\/www.blogsoestado.com\/wilsonmarques\/\"},{\"@type\":\"ListItem\",\"position\":2,\"name\":\"Professora Maria de Lourdes Lacroix \u00e9 escolhida patrona da Felis 2015\"}]},{\"@type\":\"WebSite\",\"@id\":\"https:\/\/www.blogsoestado.com\/wilsonmarques\/#website\",\"url\":\"https:\/\/www.blogsoestado.com\/wilsonmarques\/\",\"name\":\"Wilson Marques\",\"description\":\"\",\"potentialAction\":[{\"@type\":\"SearchAction\",\"target\":{\"@type\":\"EntryPoint\",\"urlTemplate\":\"https:\/\/www.blogsoestado.com\/wilsonmarques\/?s={search_term_string}\"},\"query-input\":{\"@type\":\"PropertyValueSpecification\",\"valueRequired\":true,\"valueName\":\"search_term_string\"}}],\"inLanguage\":\"pt-BR\"},{\"@type\":\"Person\",\"@id\":\"https:\/\/www.blogsoestado.com\/wilsonmarques\/#\/schema\/person\/6ab6321707821a2d204fc6de2a1f85b3\",\"name\":\"Wilson Marques\",\"image\":{\"@type\":\"ImageObject\",\"inLanguage\":\"pt-BR\",\"@id\":\"https:\/\/www.blogsoestado.com\/wilsonmarques\/#\/schema\/person\/image\/\",\"url\":\"https:\/\/secure.gravatar.com\/avatar\/b7cbc00c60180383a011061e4a828d63994b1e9aed3813dfaa754539681f9ba0?s=96&d=mm&r=g\",\"contentUrl\":\"https:\/\/secure.gravatar.com\/avatar\/b7cbc00c60180383a011061e4a828d63994b1e9aed3813dfaa754539681f9ba0?s=96&d=mm&r=g\",\"caption\":\"Wilson Marques\"},\"url\":\"https:\/\/www.blogsoestado.com\/wilsonmarques\/author\/wilsonmarques\/\"}]}<\/script>\n<!-- \/ Yoast SEO plugin. -->","yoast_head_json":{"title":"Professora Maria de Lourdes Lacroix \u00e9 escolhida patrona da Felis 2015 - Wilson Marques","robots":{"index":"index","follow":"follow","max-snippet":"max-snippet:-1","max-image-preview":"max-image-preview:large","max-video-preview":"max-video-preview:-1"},"canonical":"https:\/\/www.blogsoestado.com\/wilsonmarques\/2015\/05\/08\/professora-maria-de-lourdes-lacroix-e-escolhida-patrona-da-felis-2015\/","og_locale":"pt_BR","og_type":"article","og_title":"Professora Maria de Lourdes Lacroix \u00e9 escolhida patrona da Felis 2015 - Wilson Marques","og_description":"A Feira de Livros de S\u00e3o Lu\u00eds deste ano ter\u00e1 como patrona a professora Maria de Lourdes Lauande Lacroix. Ser\u00e3o [&hellip;]","og_url":"https:\/\/www.blogsoestado.com\/wilsonmarques\/2015\/05\/08\/professora-maria-de-lourdes-lacroix-e-escolhida-patrona-da-felis-2015\/","og_site_name":"Wilson Marques","article_published_time":"2015-05-08T14:29:56+00:00","og_image":[{"url":"https:\/\/www.blogsoestado.com\/wilsonmarques\/wp-content\/uploads\/sites\/9\/2015\/05\/EGD2835-1-300x200.jpg","type":"","width":"","height":""}],"author":"Wilson Marques","twitter_card":"summary_large_image","twitter_misc":{"Escrito por":"Wilson Marques","Est. tempo de leitura":"1 minuto"},"schema":{"@context":"https:\/\/schema.org","@graph":[{"@type":"WebPage","@id":"https:\/\/www.blogsoestado.com\/wilsonmarques\/2015\/05\/08\/professora-maria-de-lourdes-lacroix-e-escolhida-patrona-da-felis-2015\/","url":"https:\/\/www.blogsoestado.com\/wilsonmarques\/2015\/05\/08\/professora-maria-de-lourdes-lacroix-e-escolhida-patrona-da-felis-2015\/","name":"Professora Maria de Lourdes Lacroix \u00e9 escolhida patrona da Felis 2015 - Wilson Marques","isPartOf":{"@id":"https:\/\/www.blogsoestado.com\/wilsonmarques\/#website"},"primaryImageOfPage":{"@id":"https:\/\/www.blogsoestado.com\/wilsonmarques\/2015\/05\/08\/professora-maria-de-lourdes-lacroix-e-escolhida-patrona-da-felis-2015\/#primaryimage"},"image":{"@id":"https:\/\/www.blogsoestado.com\/wilsonmarques\/2015\/05\/08\/professora-maria-de-lourdes-lacroix-e-escolhida-patrona-da-felis-2015\/#primaryimage"},"thumbnailUrl":"https:\/\/www.blogsoestado.com\/wilsonmarques\/wp-content\/uploads\/sites\/9\/2015\/05\/EGD2835-1-300x200.jpg","datePublished":"2015-05-08T14:29:56+00:00","author":{"@id":"https:\/\/www.blogsoestado.com\/wilsonmarques\/#\/schema\/person\/6ab6321707821a2d204fc6de2a1f85b3"},"breadcrumb":{"@id":"https:\/\/www.blogsoestado.com\/wilsonmarques\/2015\/05\/08\/professora-maria-de-lourdes-lacroix-e-escolhida-patrona-da-felis-2015\/#breadcrumb"},"inLanguage":"pt-BR","potentialAction":[{"@type":"ReadAction","target":["https:\/\/www.blogsoestado.com\/wilsonmarques\/2015\/05\/08\/professora-maria-de-lourdes-lacroix-e-escolhida-patrona-da-felis-2015\/"]}]},{"@type":"ImageObject","inLanguage":"pt-BR","@id":"https:\/\/www.blogsoestado.com\/wilsonmarques\/2015\/05\/08\/professora-maria-de-lourdes-lacroix-e-escolhida-patrona-da-felis-2015\/#primaryimage","url":"https:\/\/www.blogsoestado.com\/wilsonmarques\/wp-content\/uploads\/sites\/9\/2015\/05\/EGD2835-1.jpg","contentUrl":"https:\/\/www.blogsoestado.com\/wilsonmarques\/wp-content\/uploads\/sites\/9\/2015\/05\/EGD2835-1.jpg","width":800,"height":533},{"@type":"BreadcrumbList","@id":"https:\/\/www.blogsoestado.com\/wilsonmarques\/2015\/05\/08\/professora-maria-de-lourdes-lacroix-e-escolhida-patrona-da-felis-2015\/#breadcrumb","itemListElement":[{"@type":"ListItem","position":1,"name":"In\u00edcio","item":"https:\/\/www.blogsoestado.com\/wilsonmarques\/"},{"@type":"ListItem","position":2,"name":"Professora Maria de Lourdes Lacroix \u00e9 escolhida patrona da Felis 2015"}]},{"@type":"WebSite","@id":"https:\/\/www.blogsoestado.com\/wilsonmarques\/#website","url":"https:\/\/www.blogsoestado.com\/wilsonmarques\/","name":"Wilson Marques","description":"","potentialAction":[{"@type":"SearchAction","target":{"@type":"EntryPoint","urlTemplate":"https:\/\/www.blogsoestado.com\/wilsonmarques\/?s={search_term_string}"},"query-input":{"@type":"PropertyValueSpecification","valueRequired":true,"valueName":"search_term_string"}}],"inLanguage":"pt-BR"},{"@type":"Person","@id":"https:\/\/www.blogsoestado.com\/wilsonmarques\/#\/schema\/person\/6ab6321707821a2d204fc6de2a1f85b3","name":"Wilson Marques","image":{"@type":"ImageObject","inLanguage":"pt-BR","@id":"https:\/\/www.blogsoestado.com\/wilsonmarques\/#\/schema\/person\/image\/","url":"https:\/\/secure.gravatar.com\/avatar\/b7cbc00c60180383a011061e4a828d63994b1e9aed3813dfaa754539681f9ba0?s=96&d=mm&r=g","contentUrl":"https:\/\/secure.gravatar.com\/avatar\/b7cbc00c60180383a011061e4a828d63994b1e9aed3813dfaa754539681f9ba0?s=96&d=mm&r=g","caption":"Wilson Marques"},"url":"https:\/\/www.blogsoestado.com\/wilsonmarques\/author\/wilsonmarques\/"}]}},"jetpack_featured_media_url":"","_links":{"self":[{"href":"https:\/\/www.blogsoestado.com\/wilsonmarques\/wp-json\/wp\/v2\/posts\/434","targetHints":{"allow":["GET"]}}],"collection":[{"href":"https:\/\/www.blogsoestado.com\/wilsonmarques\/wp-json\/wp\/v2\/posts"}],"about":[{"href":"https:\/\/www.blogsoestado.com\/wilsonmarques\/wp-json\/wp\/v2\/types\/post"}],"author":[{"embeddable":true,"href":"https:\/\/www.blogsoestado.com\/wilsonmarques\/wp-json\/wp\/v2\/users\/10"}],"replies":[{"embeddable":true,"href":"https:\/\/www.blogsoestado.com\/wilsonmarques\/wp-json\/wp\/v2\/comments?post=434"}],"version-history":[{"count":0,"href":"https:\/\/www.blogsoestado.com\/wilsonmarques\/wp-json\/wp\/v2\/posts\/434\/revisions"}],"wp:attachment":[{"href":"https:\/\/www.blogsoestado.com\/wilsonmarques\/wp-json\/wp\/v2\/media?parent=434"}],"wp:term":[{"taxonomy":"category","embeddable":true,"href":"https:\/\/www.blogsoestado.com\/wilsonmarques\/wp-json\/wp\/v2\/categories?post=434"},{"taxonomy":"post_tag","embeddable":true,"href":"https:\/\/www.blogsoestado.com\/wilsonmarques\/wp-json\/wp\/v2\/tags?post=434"}],"curies":[{"name":"wp","href":"https:\/\/api.w.org\/{rel}","templated":true}]}}