{"id":482,"date":"2015-05-15T01:53:24","date_gmt":"2015-05-15T01:53:24","guid":{"rendered":"https:\/\/www.blogsoestado.com\/wilsonmarques\/?p=482"},"modified":"2015-05-15T01:53:24","modified_gmt":"2015-05-15T01:53:24","slug":"feira-do-livro-de-sao-luis-sera-na-praia-grande","status":"publish","type":"post","link":"https:\/\/www.blogsoestado.com\/wilsonmarques\/2015\/05\/15\/feira-do-livro-de-sao-luis-sera-na-praia-grande\/","title":{"rendered":"Feira do Livro de S\u00e3o Lu\u00eds ser\u00e1 na Praia Grande"},"content":{"rendered":"<figure id=\"attachment_481\" aria-describedby=\"caption-attachment-481\" style=\"width: 800px\" class=\"wp-caption aligncenter\"><a href=\"https:\/\/www.blogsoestado.com\/wilsonmarques\/wp-content\/uploads\/sites\/9\/2015\/05\/foto-praia-grande-edgar1-1.jpg\"><img fetchpriority=\"high\" decoding=\"async\" class=\"wp-image-481 size-full\" src=\"https:\/\/www.blogsoestado.com\/wilsonmarques\/wp-content\/uploads\/sites\/9\/2015\/05\/foto-praia-grande-edgar1-1.jpg\" alt=\"foto praia grande edgar\" width=\"800\" height=\"521\" srcset=\"https:\/\/www.blogsoestado.com\/wilsonmarques\/wp-content\/uploads\/sites\/9\/2015\/05\/foto-praia-grande-edgar1-1.jpg 800w, https:\/\/www.blogsoestado.com\/wilsonmarques\/wp-content\/uploads\/sites\/9\/2015\/05\/foto-praia-grande-edgar1-1-300x195.jpg 300w, https:\/\/www.blogsoestado.com\/wilsonmarques\/wp-content\/uploads\/sites\/9\/2015\/05\/foto-praia-grande-edgar1-1-768x500.jpg 768w\" sizes=\"(max-width: 800px) 100vw, 800px\" \/><\/a><figcaption id=\"caption-attachment-481\" class=\"wp-caption-text\">Rua Portugal, na Praia Grande: cen\u00e1rio inspirador para a Feira do Livro de S\u00e3o Lu\u00eds.<\/figcaption><\/figure>\n<p>&nbsp;<\/p>\n<p>Para quem ainda n\u00e3o sabe, a 9\u00aa Feira do Livro de S\u00e3o Lu\u00eds voltar\u00e1 a acontecer na Praia Grande, no centro hist\u00f3rico da cidade. Com o tema \u201cCidade Livre-Cidade do livro\u201d, o evento ser\u00e1 realizado de 2 a 11 de outubro, com o prop\u00f3sito de valorizar e preservar o patrim\u00f4nio hist\u00f3rico e arquitet\u00f4nico da cidade, e propor um repensar sobre o uso dos nossos espa\u00e7os urbanos.<\/p>\n<p>Voltando-se mais para o acad\u00eamico que o liter\u00e1rio (pelo menos no que diz respeito aos homenageados), o evento ter\u00e1 como patrona a professora Maria de Lourdes Lauande Lacroix. Segue-se a tamb\u00e9m professora e pesquisadora Mary Ferreira; <em>in memoriam<\/em> o histori\u00f3grafo (como ele pr\u00f3prio, humildemente, se definia) M\u00e1rio Meireles; o escritor Alberico Carneiro, respons\u00e1vel pelo Guesa, \u00fanico suplemento liter\u00e1rio em circula\u00e7\u00e3o em S\u00e3o Lu\u00eds, e a poeta popular Raimunda Fraz\u00e3o. O poeta e jornalista Fernando Abreu e o jornalista Eduardo J\u00falio ser\u00e3o os curadores, substituindo o poeta Celso Borges que at\u00e9 ano passado contribuiu para a Felis com sua larga experi\u00eancia no campo liter\u00e1rio.<\/p>\n<p>As maiores expectativas da Feira este ano parecem girar em torno da parceria in\u00e9dita entre estado e munic\u00edpio. E, pelo menos aparentemente, um primeiro e bom sinal j\u00e1 foi notado: a defini\u00e7\u00e3o da Praia Grande como palco da Felis, sem que para isso fosse preciso pol\u00eamicas e confus\u00f5es. Ano passado, por exemplo, a id\u00e9ia \u00e9 que a feira acontecesse na Praia Grande, sendo o evento, de \u00faltima hora, transferido para o Convento das Merc\u00eas porque supostas obras do PAC iriam ser realizadas no local. Resultado, o PAC empacou e o p\u00fablico amargou, no entender de muitos profissionais ligados \u00e0 Felis, a pior feira do livro de S\u00e3o Lu\u00eds de todos os tempos.<\/p>\n<p>&nbsp;<\/p>\n","protected":false},"excerpt":{"rendered":"<p>&nbsp; Para quem ainda n\u00e3o sabe, a 9\u00aa Feira do Livro de S\u00e3o Lu\u00eds voltar\u00e1 a acontecer na Praia Grande, [&hellip;]<\/p>\n","protected":false},"author":10,"featured_media":0,"comment_status":"open","ping_status":"open","sticky":false,"template":"","format":"standard","meta":{"site-sidebar-layout":"default","site-content-layout":"","ast-site-content-layout":"default","site-content-style":"default","site-sidebar-style":"default","ast-global-header-display":"","ast-banner-title-visibility":"","ast-main-header-display":"","ast-hfb-above-header-display":"","ast-hfb-below-header-display":"","ast-hfb-mobile-header-display":"","site-post-title":"","ast-breadcrumbs-content":"","ast-featured-img":"","footer-sml-layout":"","ast-disable-related-posts":"","theme-transparent-header-meta":"","adv-header-id-meta":"","stick-header-meta":"","header-above-stick-meta":"","header-main-stick-meta":"","header-below-stick-meta":"","astra-migrate-meta-layouts":"default","ast-page-background-enabled":"default","ast-page-background-meta":{"desktop":{"background-color":"var(--ast-global-color-5)","background-image":"","background-repeat":"repeat","background-position":"center center","background-size":"auto","background-attachment":"scroll","background-type":"","background-media":"","overlay-type":"","overlay-color":"","overlay-opacity":"","overlay-gradient":""},"tablet":{"background-color":"","background-image":"","background-repeat":"repeat","background-position":"center center","background-size":"auto","background-attachment":"scroll","background-type":"","background-media":"","overlay-type":"","overlay-color":"","overlay-opacity":"","overlay-gradient":""},"mobile":{"background-color":"","background-image":"","background-repeat":"repeat","background-position":"center center","background-size":"auto","background-attachment":"scroll","background-type":"","background-media":"","overlay-type":"","overlay-color":"","overlay-opacity":"","overlay-gradient":""}},"ast-content-background-meta":{"desktop":{"background-color":"var(--ast-global-color-4)","background-image":"","background-repeat":"repeat","background-position":"center center","background-size":"auto","background-attachment":"scroll","background-type":"","background-media":"","overlay-type":"","overlay-color":"","overlay-opacity":"","overlay-gradient":""},"tablet":{"background-color":"var(--ast-global-color-4)","background-image":"","background-repeat":"repeat","background-position":"center center","background-size":"auto","background-attachment":"scroll","background-type":"","background-media":"","overlay-type":"","overlay-color":"","overlay-opacity":"","overlay-gradient":""},"mobile":{"background-color":"var(--ast-global-color-4)","background-image":"","background-repeat":"repeat","background-position":"center center","background-size":"auto","background-attachment":"scroll","background-type":"","background-media":"","overlay-type":"","overlay-color":"","overlay-opacity":"","overlay-gradient":""}},"footnotes":""},"categories":[1],"tags":[],"class_list":["post-482","post","type-post","status-publish","format-standard","hentry","category-sem-categoria"],"yoast_head":"<!-- This site is optimized with the Yoast SEO plugin v26.6 - https:\/\/yoast.com\/wordpress\/plugins\/seo\/ -->\n<title>Feira do Livro de S\u00e3o Lu\u00eds ser\u00e1 na Praia Grande - Wilson Marques<\/title>\n<meta name=\"robots\" content=\"index, follow, max-snippet:-1, max-image-preview:large, max-video-preview:-1\" \/>\n<link rel=\"canonical\" href=\"https:\/\/www.blogsoestado.com\/wilsonmarques\/2015\/05\/15\/feira-do-livro-de-sao-luis-sera-na-praia-grande\/\" \/>\n<meta property=\"og:locale\" content=\"pt_BR\" \/>\n<meta property=\"og:type\" content=\"article\" \/>\n<meta property=\"og:title\" content=\"Feira do Livro de S\u00e3o Lu\u00eds ser\u00e1 na Praia Grande - Wilson Marques\" \/>\n<meta property=\"og:description\" content=\"&nbsp; Para quem ainda n\u00e3o sabe, a 9\u00aa Feira do Livro de S\u00e3o Lu\u00eds voltar\u00e1 a acontecer na Praia Grande, [&hellip;]\" \/>\n<meta property=\"og:url\" content=\"https:\/\/www.blogsoestado.com\/wilsonmarques\/2015\/05\/15\/feira-do-livro-de-sao-luis-sera-na-praia-grande\/\" \/>\n<meta property=\"og:site_name\" content=\"Wilson Marques\" \/>\n<meta property=\"article:published_time\" content=\"2015-05-15T01:53:24+00:00\" \/>\n<meta property=\"og:image\" content=\"https:\/\/www.blogsoestado.com\/wilsonmarques\/wp-content\/uploads\/sites\/9\/2015\/05\/foto-praia-grande-edgar1-1.jpg\" \/>\n<meta name=\"author\" content=\"Wilson Marques\" \/>\n<meta name=\"twitter:card\" content=\"summary_large_image\" \/>\n<meta name=\"twitter:label1\" content=\"Escrito por\" \/>\n\t<meta name=\"twitter:data1\" content=\"Wilson Marques\" \/>\n\t<meta name=\"twitter:label2\" content=\"Est. tempo de leitura\" \/>\n\t<meta name=\"twitter:data2\" content=\"2 minutos\" \/>\n<script type=\"application\/ld+json\" class=\"yoast-schema-graph\">{\"@context\":\"https:\/\/schema.org\",\"@graph\":[{\"@type\":\"WebPage\",\"@id\":\"https:\/\/www.blogsoestado.com\/wilsonmarques\/2015\/05\/15\/feira-do-livro-de-sao-luis-sera-na-praia-grande\/\",\"url\":\"https:\/\/www.blogsoestado.com\/wilsonmarques\/2015\/05\/15\/feira-do-livro-de-sao-luis-sera-na-praia-grande\/\",\"name\":\"Feira do Livro de S\u00e3o Lu\u00eds ser\u00e1 na Praia Grande - Wilson Marques\",\"isPartOf\":{\"@id\":\"https:\/\/www.blogsoestado.com\/wilsonmarques\/#website\"},\"primaryImageOfPage\":{\"@id\":\"https:\/\/www.blogsoestado.com\/wilsonmarques\/2015\/05\/15\/feira-do-livro-de-sao-luis-sera-na-praia-grande\/#primaryimage\"},\"image\":{\"@id\":\"https:\/\/www.blogsoestado.com\/wilsonmarques\/2015\/05\/15\/feira-do-livro-de-sao-luis-sera-na-praia-grande\/#primaryimage\"},\"thumbnailUrl\":\"https:\/\/www.blogsoestado.com\/wilsonmarques\/wp-content\/uploads\/sites\/9\/2015\/05\/foto-praia-grande-edgar1-1.jpg\",\"datePublished\":\"2015-05-15T01:53:24+00:00\",\"author\":{\"@id\":\"https:\/\/www.blogsoestado.com\/wilsonmarques\/#\/schema\/person\/6ab6321707821a2d204fc6de2a1f85b3\"},\"breadcrumb\":{\"@id\":\"https:\/\/www.blogsoestado.com\/wilsonmarques\/2015\/05\/15\/feira-do-livro-de-sao-luis-sera-na-praia-grande\/#breadcrumb\"},\"inLanguage\":\"pt-BR\",\"potentialAction\":[{\"@type\":\"ReadAction\",\"target\":[\"https:\/\/www.blogsoestado.com\/wilsonmarques\/2015\/05\/15\/feira-do-livro-de-sao-luis-sera-na-praia-grande\/\"]}]},{\"@type\":\"ImageObject\",\"inLanguage\":\"pt-BR\",\"@id\":\"https:\/\/www.blogsoestado.com\/wilsonmarques\/2015\/05\/15\/feira-do-livro-de-sao-luis-sera-na-praia-grande\/#primaryimage\",\"url\":\"https:\/\/www.blogsoestado.com\/wilsonmarques\/wp-content\/uploads\/sites\/9\/2015\/05\/foto-praia-grande-edgar1-1.jpg\",\"contentUrl\":\"https:\/\/www.blogsoestado.com\/wilsonmarques\/wp-content\/uploads\/sites\/9\/2015\/05\/foto-praia-grande-edgar1-1.jpg\",\"width\":800,\"height\":521},{\"@type\":\"BreadcrumbList\",\"@id\":\"https:\/\/www.blogsoestado.com\/wilsonmarques\/2015\/05\/15\/feira-do-livro-de-sao-luis-sera-na-praia-grande\/#breadcrumb\",\"itemListElement\":[{\"@type\":\"ListItem\",\"position\":1,\"name\":\"In\u00edcio\",\"item\":\"https:\/\/www.blogsoestado.com\/wilsonmarques\/\"},{\"@type\":\"ListItem\",\"position\":2,\"name\":\"Feira do Livro de S\u00e3o Lu\u00eds ser\u00e1 na Praia Grande\"}]},{\"@type\":\"WebSite\",\"@id\":\"https:\/\/www.blogsoestado.com\/wilsonmarques\/#website\",\"url\":\"https:\/\/www.blogsoestado.com\/wilsonmarques\/\",\"name\":\"Wilson Marques\",\"description\":\"\",\"potentialAction\":[{\"@type\":\"SearchAction\",\"target\":{\"@type\":\"EntryPoint\",\"urlTemplate\":\"https:\/\/www.blogsoestado.com\/wilsonmarques\/?s={search_term_string}\"},\"query-input\":{\"@type\":\"PropertyValueSpecification\",\"valueRequired\":true,\"valueName\":\"search_term_string\"}}],\"inLanguage\":\"pt-BR\"},{\"@type\":\"Person\",\"@id\":\"https:\/\/www.blogsoestado.com\/wilsonmarques\/#\/schema\/person\/6ab6321707821a2d204fc6de2a1f85b3\",\"name\":\"Wilson Marques\",\"image\":{\"@type\":\"ImageObject\",\"inLanguage\":\"pt-BR\",\"@id\":\"https:\/\/www.blogsoestado.com\/wilsonmarques\/#\/schema\/person\/image\/\",\"url\":\"https:\/\/secure.gravatar.com\/avatar\/b7cbc00c60180383a011061e4a828d63994b1e9aed3813dfaa754539681f9ba0?s=96&d=mm&r=g\",\"contentUrl\":\"https:\/\/secure.gravatar.com\/avatar\/b7cbc00c60180383a011061e4a828d63994b1e9aed3813dfaa754539681f9ba0?s=96&d=mm&r=g\",\"caption\":\"Wilson Marques\"},\"url\":\"https:\/\/www.blogsoestado.com\/wilsonmarques\/author\/wilsonmarques\/\"}]}<\/script>\n<!-- \/ Yoast SEO plugin. -->","yoast_head_json":{"title":"Feira do Livro de S\u00e3o Lu\u00eds ser\u00e1 na Praia Grande - Wilson Marques","robots":{"index":"index","follow":"follow","max-snippet":"max-snippet:-1","max-image-preview":"max-image-preview:large","max-video-preview":"max-video-preview:-1"},"canonical":"https:\/\/www.blogsoestado.com\/wilsonmarques\/2015\/05\/15\/feira-do-livro-de-sao-luis-sera-na-praia-grande\/","og_locale":"pt_BR","og_type":"article","og_title":"Feira do Livro de S\u00e3o Lu\u00eds ser\u00e1 na Praia Grande - Wilson Marques","og_description":"&nbsp; Para quem ainda n\u00e3o sabe, a 9\u00aa Feira do Livro de S\u00e3o Lu\u00eds voltar\u00e1 a acontecer na Praia Grande, [&hellip;]","og_url":"https:\/\/www.blogsoestado.com\/wilsonmarques\/2015\/05\/15\/feira-do-livro-de-sao-luis-sera-na-praia-grande\/","og_site_name":"Wilson Marques","article_published_time":"2015-05-15T01:53:24+00:00","og_image":[{"url":"https:\/\/www.blogsoestado.com\/wilsonmarques\/wp-content\/uploads\/sites\/9\/2015\/05\/foto-praia-grande-edgar1-1.jpg","type":"","width":"","height":""}],"author":"Wilson Marques","twitter_card":"summary_large_image","twitter_misc":{"Escrito por":"Wilson Marques","Est. tempo de leitura":"2 minutos"},"schema":{"@context":"https:\/\/schema.org","@graph":[{"@type":"WebPage","@id":"https:\/\/www.blogsoestado.com\/wilsonmarques\/2015\/05\/15\/feira-do-livro-de-sao-luis-sera-na-praia-grande\/","url":"https:\/\/www.blogsoestado.com\/wilsonmarques\/2015\/05\/15\/feira-do-livro-de-sao-luis-sera-na-praia-grande\/","name":"Feira do Livro de S\u00e3o Lu\u00eds ser\u00e1 na Praia Grande - Wilson Marques","isPartOf":{"@id":"https:\/\/www.blogsoestado.com\/wilsonmarques\/#website"},"primaryImageOfPage":{"@id":"https:\/\/www.blogsoestado.com\/wilsonmarques\/2015\/05\/15\/feira-do-livro-de-sao-luis-sera-na-praia-grande\/#primaryimage"},"image":{"@id":"https:\/\/www.blogsoestado.com\/wilsonmarques\/2015\/05\/15\/feira-do-livro-de-sao-luis-sera-na-praia-grande\/#primaryimage"},"thumbnailUrl":"https:\/\/www.blogsoestado.com\/wilsonmarques\/wp-content\/uploads\/sites\/9\/2015\/05\/foto-praia-grande-edgar1-1.jpg","datePublished":"2015-05-15T01:53:24+00:00","author":{"@id":"https:\/\/www.blogsoestado.com\/wilsonmarques\/#\/schema\/person\/6ab6321707821a2d204fc6de2a1f85b3"},"breadcrumb":{"@id":"https:\/\/www.blogsoestado.com\/wilsonmarques\/2015\/05\/15\/feira-do-livro-de-sao-luis-sera-na-praia-grande\/#breadcrumb"},"inLanguage":"pt-BR","potentialAction":[{"@type":"ReadAction","target":["https:\/\/www.blogsoestado.com\/wilsonmarques\/2015\/05\/15\/feira-do-livro-de-sao-luis-sera-na-praia-grande\/"]}]},{"@type":"ImageObject","inLanguage":"pt-BR","@id":"https:\/\/www.blogsoestado.com\/wilsonmarques\/2015\/05\/15\/feira-do-livro-de-sao-luis-sera-na-praia-grande\/#primaryimage","url":"https:\/\/www.blogsoestado.com\/wilsonmarques\/wp-content\/uploads\/sites\/9\/2015\/05\/foto-praia-grande-edgar1-1.jpg","contentUrl":"https:\/\/www.blogsoestado.com\/wilsonmarques\/wp-content\/uploads\/sites\/9\/2015\/05\/foto-praia-grande-edgar1-1.jpg","width":800,"height":521},{"@type":"BreadcrumbList","@id":"https:\/\/www.blogsoestado.com\/wilsonmarques\/2015\/05\/15\/feira-do-livro-de-sao-luis-sera-na-praia-grande\/#breadcrumb","itemListElement":[{"@type":"ListItem","position":1,"name":"In\u00edcio","item":"https:\/\/www.blogsoestado.com\/wilsonmarques\/"},{"@type":"ListItem","position":2,"name":"Feira do Livro de S\u00e3o Lu\u00eds ser\u00e1 na Praia Grande"}]},{"@type":"WebSite","@id":"https:\/\/www.blogsoestado.com\/wilsonmarques\/#website","url":"https:\/\/www.blogsoestado.com\/wilsonmarques\/","name":"Wilson Marques","description":"","potentialAction":[{"@type":"SearchAction","target":{"@type":"EntryPoint","urlTemplate":"https:\/\/www.blogsoestado.com\/wilsonmarques\/?s={search_term_string}"},"query-input":{"@type":"PropertyValueSpecification","valueRequired":true,"valueName":"search_term_string"}}],"inLanguage":"pt-BR"},{"@type":"Person","@id":"https:\/\/www.blogsoestado.com\/wilsonmarques\/#\/schema\/person\/6ab6321707821a2d204fc6de2a1f85b3","name":"Wilson Marques","image":{"@type":"ImageObject","inLanguage":"pt-BR","@id":"https:\/\/www.blogsoestado.com\/wilsonmarques\/#\/schema\/person\/image\/","url":"https:\/\/secure.gravatar.com\/avatar\/b7cbc00c60180383a011061e4a828d63994b1e9aed3813dfaa754539681f9ba0?s=96&d=mm&r=g","contentUrl":"https:\/\/secure.gravatar.com\/avatar\/b7cbc00c60180383a011061e4a828d63994b1e9aed3813dfaa754539681f9ba0?s=96&d=mm&r=g","caption":"Wilson Marques"},"url":"https:\/\/www.blogsoestado.com\/wilsonmarques\/author\/wilsonmarques\/"}]}},"jetpack_featured_media_url":"","_links":{"self":[{"href":"https:\/\/www.blogsoestado.com\/wilsonmarques\/wp-json\/wp\/v2\/posts\/482","targetHints":{"allow":["GET"]}}],"collection":[{"href":"https:\/\/www.blogsoestado.com\/wilsonmarques\/wp-json\/wp\/v2\/posts"}],"about":[{"href":"https:\/\/www.blogsoestado.com\/wilsonmarques\/wp-json\/wp\/v2\/types\/post"}],"author":[{"embeddable":true,"href":"https:\/\/www.blogsoestado.com\/wilsonmarques\/wp-json\/wp\/v2\/users\/10"}],"replies":[{"embeddable":true,"href":"https:\/\/www.blogsoestado.com\/wilsonmarques\/wp-json\/wp\/v2\/comments?post=482"}],"version-history":[{"count":0,"href":"https:\/\/www.blogsoestado.com\/wilsonmarques\/wp-json\/wp\/v2\/posts\/482\/revisions"}],"wp:attachment":[{"href":"https:\/\/www.blogsoestado.com\/wilsonmarques\/wp-json\/wp\/v2\/media?parent=482"}],"wp:term":[{"taxonomy":"category","embeddable":true,"href":"https:\/\/www.blogsoestado.com\/wilsonmarques\/wp-json\/wp\/v2\/categories?post=482"},{"taxonomy":"post_tag","embeddable":true,"href":"https:\/\/www.blogsoestado.com\/wilsonmarques\/wp-json\/wp\/v2\/tags?post=482"}],"curies":[{"name":"wp","href":"https:\/\/api.w.org\/{rel}","templated":true}]}}