{"id":505,"date":"2015-05-23T17:32:26","date_gmt":"2015-05-23T17:32:26","guid":{"rendered":"https:\/\/www.blogsoestado.com\/wilsonmarques\/?p=505"},"modified":"2015-05-23T17:32:26","modified_gmt":"2015-05-23T17:32:26","slug":"505","status":"publish","type":"post","link":"https:\/\/www.blogsoestado.com\/wilsonmarques\/2015\/05\/23\/505\/","title":{"rendered":"Livro resgata em fotos hist\u00f3ria de S\u00e3o Lu\u00eds e seus personagens"},"content":{"rendered":"<p>&nbsp;<\/p>\n<p><a href=\"https:\/\/www.blogsoestado.com\/wilsonmarques\/wp-content\/uploads\/sites\/9\/2015\/05\/guimaraes1-1.jpg\"><img fetchpriority=\"high\" decoding=\"async\" class=\"aligncenter size-full wp-image-510\" src=\"https:\/\/www.blogsoestado.com\/wilsonmarques\/wp-content\/uploads\/sites\/9\/2015\/05\/guimaraes1-1.jpg\" alt=\"guimaraes\" width=\"800\" height=\"480\" srcset=\"https:\/\/www.blogsoestado.com\/wilsonmarques\/wp-content\/uploads\/sites\/9\/2015\/05\/guimaraes1-1.jpg 800w, https:\/\/www.blogsoestado.com\/wilsonmarques\/wp-content\/uploads\/sites\/9\/2015\/05\/guimaraes1-1-300x180.jpg 300w, https:\/\/www.blogsoestado.com\/wilsonmarques\/wp-content\/uploads\/sites\/9\/2015\/05\/guimaraes1-1-768x461.jpg 768w\" sizes=\"(max-width: 800px) 100vw, 800px\" \/><\/a><\/p>\n<p>&nbsp;<\/p>\n<p>O pesquisador Ant\u00f4nio Guimar\u00e3es lan\u00e7a na pr\u00f3xima feira do livro de S\u00e3o Lu\u00eds uma novidade editorial de peso. S\u00e3o dois volumes de seiscentas p\u00e1ginas, cada um com cerca de duas mil fotos acompanhadas de legendas, que levam o t\u00edtulo de \u201cPregoeiros e Casar\u00f5es\u201d. Os livros re\u00fanem imagens de personalidades locais, personagens populares, institui\u00e7\u00f5es e paisagens da S\u00e3o Lu\u00eds num alentado registro iconogr\u00e1fico da capital maranhense em d\u00e9cadas passadas. E traz curiosidades deliciosas, que resgatam momentos no m\u00ednimo curiosos da hist\u00f3ria e de figuras que por motivos diversos se tornaram emblem\u00e1ticas da sociedade local.<\/p>\n<p>O livro traz, por exemplo, imagens da chamada Opera\u00e7\u00e3o Gavi\u00e3o, ocorrida em 1974. Tratou-se, segundo recorda Guimar\u00e3es, de uma a\u00e7\u00e3o militar determinada pelo general Florismar Campelo, a fim de garantir a posse do Nunes Frente ao governo do estado. \u201cA quest\u00e3o \u00e9 que correu em S\u00e3o Lu\u00eds um boato de que Nunes Freire n\u00e3o iria assumir. Ent\u00e3o, sendo Freire amigo do general Campelo, este intercedeu em favor do colega, fazendo chegar \u00e0 ilha quatro avi\u00f5es H\u00e9rcules e mais de dois mil soldados\u201d, conta Guimar\u00e3es.<\/p>\n<p>J\u00e1 o conhecido empres\u00e1rio do ramo hoteleiro, Moacir Neves, \u00e9 visto em seus tempos de oper\u00e1rio quando trabalhava segundo Guimar\u00e3es, como estivador na F\u00e1brica Carioca. Ind\u00fastria de processamento de coco baba\u00e7u, a f\u00e1brica ficava onde hoje funciona o hospital Sarah Kubitschek, tendo funcionado at\u00e9 1972. Mais tarde, Moacir Neves se tornaria cantor e propriet\u00e1rio de hotel. Por\u00e9m o que talvez tenha tornado seu nome mais conhecido, foi sua qualidade de supersticioso de carteirinha, rezando a lenda que o ex-presidente Jos\u00e9 Sarney n\u00e3o dava um passo na vida e na pol\u00edtica sem antes ouvir seus aconselhamentos.<\/p>\n<p>A obra traz registros de cantores, artistas pl\u00e1sticos, grupos de corais, gin\u00e1sios, clubes sociais, como L\u00edtero e Jaguarema. E faz uma justa homenagem \u00e0queles personagens que d\u00e3o \u00e0 cidade uma marca toda pr\u00f3pria. Cito dois: o Homem do Tempo e Pel\u00e9.<\/p>\n<p>O Homem do Tempo, ou Bigode, era vigia da Feira da Praia Grande e ganhou o apelido em fun\u00e7\u00e3o da resposta que tinha na ponta da l\u00edngua para quando lhe perguntavam a hora: N\u00e3o sou o Homem do Tempo, dizia. Pel\u00e9 era um guarda de tr\u00e2nsito carioca, que de acordo com Ant\u00f4nio Guimar\u00e3es radicou-se em S\u00e3o Lu\u00eds. Era guarda de tr\u00e2nsito e sua fama (teria sido patrocinado pela ESSO para viajar pelo Brasil), veio gra\u00e7as \u00e0s performances que fazia quando estava trabalhando.<\/p>\n<p>Segundo Guimar\u00e3es, que coleciona imagens desde os nove anos de idade, sessenta por cento das imagens constantes no livro s\u00e3o do seu arquivo pessoal. O restante foram cedidas por outros colecionadores ou s\u00e3o oriundas de arquivos de fam\u00edlia, gentilmente cedidas para o projeto.<\/p>\n","protected":false},"excerpt":{"rendered":"<p>&nbsp; &nbsp; O pesquisador Ant\u00f4nio Guimar\u00e3es lan\u00e7a na pr\u00f3xima feira do livro de S\u00e3o Lu\u00eds uma novidade editorial de peso. [&hellip;]<\/p>\n","protected":false},"author":10,"featured_media":0,"comment_status":"open","ping_status":"open","sticky":false,"template":"","format":"standard","meta":{"site-sidebar-layout":"default","site-content-layout":"","ast-site-content-layout":"default","site-content-style":"default","site-sidebar-style":"default","ast-global-header-display":"","ast-banner-title-visibility":"","ast-main-header-display":"","ast-hfb-above-header-display":"","ast-hfb-below-header-display":"","ast-hfb-mobile-header-display":"","site-post-title":"","ast-breadcrumbs-content":"","ast-featured-img":"","footer-sml-layout":"","ast-disable-related-posts":"","theme-transparent-header-meta":"","adv-header-id-meta":"","stick-header-meta":"","header-above-stick-meta":"","header-main-stick-meta":"","header-below-stick-meta":"","astra-migrate-meta-layouts":"default","ast-page-background-enabled":"default","ast-page-background-meta":{"desktop":{"background-color":"var(--ast-global-color-5)","background-image":"","background-repeat":"repeat","background-position":"center center","background-size":"auto","background-attachment":"scroll","background-type":"","background-media":"","overlay-type":"","overlay-color":"","overlay-opacity":"","overlay-gradient":""},"tablet":{"background-color":"","background-image":"","background-repeat":"repeat","background-position":"center center","background-size":"auto","background-attachment":"scroll","background-type":"","background-media":"","overlay-type":"","overlay-color":"","overlay-opacity":"","overlay-gradient":""},"mobile":{"background-color":"","background-image":"","background-repeat":"repeat","background-position":"center center","background-size":"auto","background-attachment":"scroll","background-type":"","background-media":"","overlay-type":"","overlay-color":"","overlay-opacity":"","overlay-gradient":""}},"ast-content-background-meta":{"desktop":{"background-color":"var(--ast-global-color-4)","background-image":"","background-repeat":"repeat","background-position":"center center","background-size":"auto","background-attachment":"scroll","background-type":"","background-media":"","overlay-type":"","overlay-color":"","overlay-opacity":"","overlay-gradient":""},"tablet":{"background-color":"var(--ast-global-color-4)","background-image":"","background-repeat":"repeat","background-position":"center center","background-size":"auto","background-attachment":"scroll","background-type":"","background-media":"","overlay-type":"","overlay-color":"","overlay-opacity":"","overlay-gradient":""},"mobile":{"background-color":"var(--ast-global-color-4)","background-image":"","background-repeat":"repeat","background-position":"center center","background-size":"auto","background-attachment":"scroll","background-type":"","background-media":"","overlay-type":"","overlay-color":"","overlay-opacity":"","overlay-gradient":""}},"footnotes":""},"categories":[1],"tags":[],"class_list":["post-505","post","type-post","status-publish","format-standard","hentry","category-sem-categoria"],"yoast_head":"<!-- This site is optimized with the Yoast SEO plugin v26.6 - https:\/\/yoast.com\/wordpress\/plugins\/seo\/ -->\n<title>Livro resgata em fotos hist\u00f3ria de S\u00e3o Lu\u00eds e seus personagens - Wilson Marques<\/title>\n<meta name=\"robots\" content=\"index, follow, max-snippet:-1, max-image-preview:large, max-video-preview:-1\" \/>\n<link rel=\"canonical\" href=\"https:\/\/www.blogsoestado.com\/wilsonmarques\/2015\/05\/23\/505\/\" \/>\n<meta property=\"og:locale\" content=\"pt_BR\" \/>\n<meta property=\"og:type\" content=\"article\" \/>\n<meta property=\"og:title\" content=\"Livro resgata em fotos hist\u00f3ria de S\u00e3o Lu\u00eds e seus personagens - Wilson Marques\" \/>\n<meta property=\"og:description\" content=\"&nbsp; &nbsp; O pesquisador Ant\u00f4nio Guimar\u00e3es lan\u00e7a na pr\u00f3xima feira do livro de S\u00e3o Lu\u00eds uma novidade editorial de peso. [&hellip;]\" \/>\n<meta property=\"og:url\" content=\"https:\/\/www.blogsoestado.com\/wilsonmarques\/2015\/05\/23\/505\/\" \/>\n<meta property=\"og:site_name\" content=\"Wilson Marques\" \/>\n<meta property=\"article:published_time\" content=\"2015-05-23T17:32:26+00:00\" \/>\n<meta property=\"og:image\" content=\"https:\/\/www.blogsoestado.com\/wilsonmarques\/wp-content\/uploads\/sites\/9\/2015\/05\/guimaraes1-1.jpg\" \/>\n<meta name=\"author\" content=\"Wilson Marques\" \/>\n<meta name=\"twitter:card\" content=\"summary_large_image\" \/>\n<meta name=\"twitter:label1\" content=\"Escrito por\" \/>\n\t<meta name=\"twitter:data1\" content=\"Wilson Marques\" \/>\n\t<meta name=\"twitter:label2\" content=\"Est. tempo de leitura\" \/>\n\t<meta name=\"twitter:data2\" content=\"2 minutos\" \/>\n<script type=\"application\/ld+json\" class=\"yoast-schema-graph\">{\"@context\":\"https:\/\/schema.org\",\"@graph\":[{\"@type\":\"WebPage\",\"@id\":\"https:\/\/www.blogsoestado.com\/wilsonmarques\/2015\/05\/23\/505\/\",\"url\":\"https:\/\/www.blogsoestado.com\/wilsonmarques\/2015\/05\/23\/505\/\",\"name\":\"Livro resgata em fotos hist\u00f3ria de S\u00e3o Lu\u00eds e seus personagens - Wilson Marques\",\"isPartOf\":{\"@id\":\"https:\/\/www.blogsoestado.com\/wilsonmarques\/#website\"},\"primaryImageOfPage\":{\"@id\":\"https:\/\/www.blogsoestado.com\/wilsonmarques\/2015\/05\/23\/505\/#primaryimage\"},\"image\":{\"@id\":\"https:\/\/www.blogsoestado.com\/wilsonmarques\/2015\/05\/23\/505\/#primaryimage\"},\"thumbnailUrl\":\"https:\/\/www.blogsoestado.com\/wilsonmarques\/wp-content\/uploads\/sites\/9\/2015\/05\/guimaraes1-1.jpg\",\"datePublished\":\"2015-05-23T17:32:26+00:00\",\"author\":{\"@id\":\"https:\/\/www.blogsoestado.com\/wilsonmarques\/#\/schema\/person\/6ab6321707821a2d204fc6de2a1f85b3\"},\"breadcrumb\":{\"@id\":\"https:\/\/www.blogsoestado.com\/wilsonmarques\/2015\/05\/23\/505\/#breadcrumb\"},\"inLanguage\":\"pt-BR\",\"potentialAction\":[{\"@type\":\"ReadAction\",\"target\":[\"https:\/\/www.blogsoestado.com\/wilsonmarques\/2015\/05\/23\/505\/\"]}]},{\"@type\":\"ImageObject\",\"inLanguage\":\"pt-BR\",\"@id\":\"https:\/\/www.blogsoestado.com\/wilsonmarques\/2015\/05\/23\/505\/#primaryimage\",\"url\":\"https:\/\/www.blogsoestado.com\/wilsonmarques\/wp-content\/uploads\/sites\/9\/2015\/05\/guimaraes1-1.jpg\",\"contentUrl\":\"https:\/\/www.blogsoestado.com\/wilsonmarques\/wp-content\/uploads\/sites\/9\/2015\/05\/guimaraes1-1.jpg\",\"width\":800,\"height\":480},{\"@type\":\"BreadcrumbList\",\"@id\":\"https:\/\/www.blogsoestado.com\/wilsonmarques\/2015\/05\/23\/505\/#breadcrumb\",\"itemListElement\":[{\"@type\":\"ListItem\",\"position\":1,\"name\":\"In\u00edcio\",\"item\":\"https:\/\/www.blogsoestado.com\/wilsonmarques\/\"},{\"@type\":\"ListItem\",\"position\":2,\"name\":\"Livro resgata em fotos hist\u00f3ria de S\u00e3o Lu\u00eds e seus personagens\"}]},{\"@type\":\"WebSite\",\"@id\":\"https:\/\/www.blogsoestado.com\/wilsonmarques\/#website\",\"url\":\"https:\/\/www.blogsoestado.com\/wilsonmarques\/\",\"name\":\"Wilson Marques\",\"description\":\"\",\"potentialAction\":[{\"@type\":\"SearchAction\",\"target\":{\"@type\":\"EntryPoint\",\"urlTemplate\":\"https:\/\/www.blogsoestado.com\/wilsonmarques\/?s={search_term_string}\"},\"query-input\":{\"@type\":\"PropertyValueSpecification\",\"valueRequired\":true,\"valueName\":\"search_term_string\"}}],\"inLanguage\":\"pt-BR\"},{\"@type\":\"Person\",\"@id\":\"https:\/\/www.blogsoestado.com\/wilsonmarques\/#\/schema\/person\/6ab6321707821a2d204fc6de2a1f85b3\",\"name\":\"Wilson Marques\",\"image\":{\"@type\":\"ImageObject\",\"inLanguage\":\"pt-BR\",\"@id\":\"https:\/\/www.blogsoestado.com\/wilsonmarques\/#\/schema\/person\/image\/\",\"url\":\"https:\/\/secure.gravatar.com\/avatar\/b7cbc00c60180383a011061e4a828d63994b1e9aed3813dfaa754539681f9ba0?s=96&d=mm&r=g\",\"contentUrl\":\"https:\/\/secure.gravatar.com\/avatar\/b7cbc00c60180383a011061e4a828d63994b1e9aed3813dfaa754539681f9ba0?s=96&d=mm&r=g\",\"caption\":\"Wilson Marques\"},\"url\":\"https:\/\/www.blogsoestado.com\/wilsonmarques\/author\/wilsonmarques\/\"}]}<\/script>\n<!-- \/ Yoast SEO plugin. -->","yoast_head_json":{"title":"Livro resgata em fotos hist\u00f3ria de S\u00e3o Lu\u00eds e seus personagens - Wilson Marques","robots":{"index":"index","follow":"follow","max-snippet":"max-snippet:-1","max-image-preview":"max-image-preview:large","max-video-preview":"max-video-preview:-1"},"canonical":"https:\/\/www.blogsoestado.com\/wilsonmarques\/2015\/05\/23\/505\/","og_locale":"pt_BR","og_type":"article","og_title":"Livro resgata em fotos hist\u00f3ria de S\u00e3o Lu\u00eds e seus personagens - Wilson Marques","og_description":"&nbsp; &nbsp; O pesquisador Ant\u00f4nio Guimar\u00e3es lan\u00e7a na pr\u00f3xima feira do livro de S\u00e3o Lu\u00eds uma novidade editorial de peso. [&hellip;]","og_url":"https:\/\/www.blogsoestado.com\/wilsonmarques\/2015\/05\/23\/505\/","og_site_name":"Wilson Marques","article_published_time":"2015-05-23T17:32:26+00:00","og_image":[{"url":"https:\/\/www.blogsoestado.com\/wilsonmarques\/wp-content\/uploads\/sites\/9\/2015\/05\/guimaraes1-1.jpg","type":"","width":"","height":""}],"author":"Wilson Marques","twitter_card":"summary_large_image","twitter_misc":{"Escrito por":"Wilson Marques","Est. tempo de leitura":"2 minutos"},"schema":{"@context":"https:\/\/schema.org","@graph":[{"@type":"WebPage","@id":"https:\/\/www.blogsoestado.com\/wilsonmarques\/2015\/05\/23\/505\/","url":"https:\/\/www.blogsoestado.com\/wilsonmarques\/2015\/05\/23\/505\/","name":"Livro resgata em fotos hist\u00f3ria de S\u00e3o Lu\u00eds e seus personagens - Wilson Marques","isPartOf":{"@id":"https:\/\/www.blogsoestado.com\/wilsonmarques\/#website"},"primaryImageOfPage":{"@id":"https:\/\/www.blogsoestado.com\/wilsonmarques\/2015\/05\/23\/505\/#primaryimage"},"image":{"@id":"https:\/\/www.blogsoestado.com\/wilsonmarques\/2015\/05\/23\/505\/#primaryimage"},"thumbnailUrl":"https:\/\/www.blogsoestado.com\/wilsonmarques\/wp-content\/uploads\/sites\/9\/2015\/05\/guimaraes1-1.jpg","datePublished":"2015-05-23T17:32:26+00:00","author":{"@id":"https:\/\/www.blogsoestado.com\/wilsonmarques\/#\/schema\/person\/6ab6321707821a2d204fc6de2a1f85b3"},"breadcrumb":{"@id":"https:\/\/www.blogsoestado.com\/wilsonmarques\/2015\/05\/23\/505\/#breadcrumb"},"inLanguage":"pt-BR","potentialAction":[{"@type":"ReadAction","target":["https:\/\/www.blogsoestado.com\/wilsonmarques\/2015\/05\/23\/505\/"]}]},{"@type":"ImageObject","inLanguage":"pt-BR","@id":"https:\/\/www.blogsoestado.com\/wilsonmarques\/2015\/05\/23\/505\/#primaryimage","url":"https:\/\/www.blogsoestado.com\/wilsonmarques\/wp-content\/uploads\/sites\/9\/2015\/05\/guimaraes1-1.jpg","contentUrl":"https:\/\/www.blogsoestado.com\/wilsonmarques\/wp-content\/uploads\/sites\/9\/2015\/05\/guimaraes1-1.jpg","width":800,"height":480},{"@type":"BreadcrumbList","@id":"https:\/\/www.blogsoestado.com\/wilsonmarques\/2015\/05\/23\/505\/#breadcrumb","itemListElement":[{"@type":"ListItem","position":1,"name":"In\u00edcio","item":"https:\/\/www.blogsoestado.com\/wilsonmarques\/"},{"@type":"ListItem","position":2,"name":"Livro resgata em fotos hist\u00f3ria de S\u00e3o Lu\u00eds e seus personagens"}]},{"@type":"WebSite","@id":"https:\/\/www.blogsoestado.com\/wilsonmarques\/#website","url":"https:\/\/www.blogsoestado.com\/wilsonmarques\/","name":"Wilson Marques","description":"","potentialAction":[{"@type":"SearchAction","target":{"@type":"EntryPoint","urlTemplate":"https:\/\/www.blogsoestado.com\/wilsonmarques\/?s={search_term_string}"},"query-input":{"@type":"PropertyValueSpecification","valueRequired":true,"valueName":"search_term_string"}}],"inLanguage":"pt-BR"},{"@type":"Person","@id":"https:\/\/www.blogsoestado.com\/wilsonmarques\/#\/schema\/person\/6ab6321707821a2d204fc6de2a1f85b3","name":"Wilson Marques","image":{"@type":"ImageObject","inLanguage":"pt-BR","@id":"https:\/\/www.blogsoestado.com\/wilsonmarques\/#\/schema\/person\/image\/","url":"https:\/\/secure.gravatar.com\/avatar\/b7cbc00c60180383a011061e4a828d63994b1e9aed3813dfaa754539681f9ba0?s=96&d=mm&r=g","contentUrl":"https:\/\/secure.gravatar.com\/avatar\/b7cbc00c60180383a011061e4a828d63994b1e9aed3813dfaa754539681f9ba0?s=96&d=mm&r=g","caption":"Wilson Marques"},"url":"https:\/\/www.blogsoestado.com\/wilsonmarques\/author\/wilsonmarques\/"}]}},"jetpack_featured_media_url":"","_links":{"self":[{"href":"https:\/\/www.blogsoestado.com\/wilsonmarques\/wp-json\/wp\/v2\/posts\/505","targetHints":{"allow":["GET"]}}],"collection":[{"href":"https:\/\/www.blogsoestado.com\/wilsonmarques\/wp-json\/wp\/v2\/posts"}],"about":[{"href":"https:\/\/www.blogsoestado.com\/wilsonmarques\/wp-json\/wp\/v2\/types\/post"}],"author":[{"embeddable":true,"href":"https:\/\/www.blogsoestado.com\/wilsonmarques\/wp-json\/wp\/v2\/users\/10"}],"replies":[{"embeddable":true,"href":"https:\/\/www.blogsoestado.com\/wilsonmarques\/wp-json\/wp\/v2\/comments?post=505"}],"version-history":[{"count":0,"href":"https:\/\/www.blogsoestado.com\/wilsonmarques\/wp-json\/wp\/v2\/posts\/505\/revisions"}],"wp:attachment":[{"href":"https:\/\/www.blogsoestado.com\/wilsonmarques\/wp-json\/wp\/v2\/media?parent=505"}],"wp:term":[{"taxonomy":"category","embeddable":true,"href":"https:\/\/www.blogsoestado.com\/wilsonmarques\/wp-json\/wp\/v2\/categories?post=505"},{"taxonomy":"post_tag","embeddable":true,"href":"https:\/\/www.blogsoestado.com\/wilsonmarques\/wp-json\/wp\/v2\/tags?post=505"}],"curies":[{"name":"wp","href":"https:\/\/api.w.org\/{rel}","templated":true}]}}