{"id":539,"date":"2015-08-30T14:58:27","date_gmt":"2015-08-30T14:58:27","guid":{"rendered":"https:\/\/www.blogsoestado.com\/wilsonmarques\/?p=539"},"modified":"2015-08-30T14:58:27","modified_gmt":"2015-08-30T14:58:27","slug":"aluisio-azevedo-o-critico-literario","status":"publish","type":"post","link":"https:\/\/www.blogsoestado.com\/wilsonmarques\/2015\/08\/30\/aluisio-azevedo-o-critico-literario\/","title":{"rendered":"Alu\u00edsio Azevedo: o cr\u00edtico liter\u00e1rio"},"content":{"rendered":"<p><a href=\"https:\/\/www.blogsoestado.com\/wilsonmarques\/wp-content\/uploads\/sites\/9\/2015\/08\/aluisio-1.jpg\"><img fetchpriority=\"high\" decoding=\"async\" class=\"alignleft size-medium wp-image-540\" src=\"https:\/\/www.blogsoestado.com\/wilsonmarques\/wp-content\/uploads\/sites\/9\/2015\/08\/aluisio-1-199x300.jpg\" alt=\"aluisio\" width=\"199\" height=\"300\" srcset=\"https:\/\/www.blogsoestado.com\/wilsonmarques\/wp-content\/uploads\/sites\/9\/2015\/08\/aluisio-1-199x300.jpg 199w, https:\/\/www.blogsoestado.com\/wilsonmarques\/wp-content\/uploads\/sites\/9\/2015\/08\/aluisio-1.jpg 424w\" sizes=\"(max-width: 199px) 100vw, 199px\" \/><\/a>\u201cAlu\u00edsio Azevedo: o cr\u00edtico liter\u00e1rio\u201d \u00e9 o novo livro, lan\u00e7ado pela EDUFMA, do mestre e doutor em Comunica\u00e7\u00e3o e Semi\u00f3tica Jos\u00e9 Ferreira J\u00fanior,. Pelo t\u00edtulo, os leitores do autor de \u201cO mulato\u201d percebem de imediato o car\u00e1ter curioso e instigante da obra: um Alu\u00edsio que p\u00f5e o nariz de fora assumindo o papel n\u00e3o de romancista, mas de cr\u00edtico. Nas palavras do autor e organizador, \u201ca inten\u00e7\u00e3o da obra \u00e9 partilhar tr\u00eas interven\u00e7\u00f5es cr\u00edticas do escritor Alu\u00edsio Azevedo com o p\u00fablico em geral e, em particular, com as pessoas que, por sensibilidade ou afeto, t\u00eam afinidades com a produ\u00e7\u00e3o liter\u00e1ria, acompanhando com inquieta\u00e7\u00e3o intelectual os debates acerca do processo de cria\u00e7\u00e3o de autores cuja consagra\u00e7\u00e3o passa pelo vi\u00e9s cr\u00edtico mas, sobretudo, ancora-se de modo perene no chamado gosto popular\u201d.<\/p>\n<p>O professor Ferreira J\u00fanior lembra ainda que as interven\u00e7\u00f5es cr\u00edticas de Alu\u00edsio Azevedo s\u00e3o de conhecimento dos analistas de sua obra, por\u00e9m poucos ultrapassam esse pequeno grupo de privilegiados que puderam acessar as fontes prim\u00e1rias. De modo que pretende-se, com esse registro, resgatar as interven\u00e7\u00f5es em que o escritor maranhense demonstra com clareza suas id\u00e9ias sobre a sua produ\u00e7\u00e3o liter\u00e1ria e a dos autores com os quais conviveu nos \u00faltimos dec\u00eanios do s\u00e9culo XIX.<\/p>\n","protected":false},"excerpt":{"rendered":"<p>\u201cAlu\u00edsio Azevedo: o cr\u00edtico liter\u00e1rio\u201d \u00e9 o novo livro, lan\u00e7ado pela EDUFMA, do mestre e doutor em Comunica\u00e7\u00e3o e Semi\u00f3tica [&hellip;]<\/p>\n","protected":false},"author":10,"featured_media":0,"comment_status":"open","ping_status":"open","sticky":false,"template":"","format":"standard","meta":{"site-sidebar-layout":"default","site-content-layout":"","ast-site-content-layout":"default","site-content-style":"default","site-sidebar-style":"default","ast-global-header-display":"","ast-banner-title-visibility":"","ast-main-header-display":"","ast-hfb-above-header-display":"","ast-hfb-below-header-display":"","ast-hfb-mobile-header-display":"","site-post-title":"","ast-breadcrumbs-content":"","ast-featured-img":"","footer-sml-layout":"","ast-disable-related-posts":"","theme-transparent-header-meta":"","adv-header-id-meta":"","stick-header-meta":"","header-above-stick-meta":"","header-main-stick-meta":"","header-below-stick-meta":"","astra-migrate-meta-layouts":"default","ast-page-background-enabled":"default","ast-page-background-meta":{"desktop":{"background-color":"var(--ast-global-color-5)","background-image":"","background-repeat":"repeat","background-position":"center center","background-size":"auto","background-attachment":"scroll","background-type":"","background-media":"","overlay-type":"","overlay-color":"","overlay-opacity":"","overlay-gradient":""},"tablet":{"background-color":"","background-image":"","background-repeat":"repeat","background-position":"center center","background-size":"auto","background-attachment":"scroll","background-type":"","background-media":"","overlay-type":"","overlay-color":"","overlay-opacity":"","overlay-gradient":""},"mobile":{"background-color":"","background-image":"","background-repeat":"repeat","background-position":"center center","background-size":"auto","background-attachment":"scroll","background-type":"","background-media":"","overlay-type":"","overlay-color":"","overlay-opacity":"","overlay-gradient":""}},"ast-content-background-meta":{"desktop":{"background-color":"var(--ast-global-color-4)","background-image":"","background-repeat":"repeat","background-position":"center center","background-size":"auto","background-attachment":"scroll","background-type":"","background-media":"","overlay-type":"","overlay-color":"","overlay-opacity":"","overlay-gradient":""},"tablet":{"background-color":"var(--ast-global-color-4)","background-image":"","background-repeat":"repeat","background-position":"center center","background-size":"auto","background-attachment":"scroll","background-type":"","background-media":"","overlay-type":"","overlay-color":"","overlay-opacity":"","overlay-gradient":""},"mobile":{"background-color":"var(--ast-global-color-4)","background-image":"","background-repeat":"repeat","background-position":"center center","background-size":"auto","background-attachment":"scroll","background-type":"","background-media":"","overlay-type":"","overlay-color":"","overlay-opacity":"","overlay-gradient":""}},"footnotes":""},"categories":[1],"tags":[],"class_list":["post-539","post","type-post","status-publish","format-standard","hentry","category-sem-categoria"],"yoast_head":"<!-- This site is optimized with the Yoast SEO plugin v26.6 - https:\/\/yoast.com\/wordpress\/plugins\/seo\/ -->\n<title>Alu\u00edsio Azevedo: o cr\u00edtico liter\u00e1rio - Wilson Marques<\/title>\n<meta name=\"robots\" content=\"index, follow, max-snippet:-1, max-image-preview:large, max-video-preview:-1\" \/>\n<link rel=\"canonical\" href=\"https:\/\/www.blogsoestado.com\/wilsonmarques\/2015\/08\/30\/aluisio-azevedo-o-critico-literario\/\" \/>\n<meta property=\"og:locale\" content=\"pt_BR\" \/>\n<meta property=\"og:type\" content=\"article\" \/>\n<meta property=\"og:title\" content=\"Alu\u00edsio Azevedo: o cr\u00edtico liter\u00e1rio - Wilson Marques\" \/>\n<meta property=\"og:description\" content=\"\u201cAlu\u00edsio Azevedo: o cr\u00edtico liter\u00e1rio\u201d \u00e9 o novo livro, lan\u00e7ado pela EDUFMA, do mestre e doutor em Comunica\u00e7\u00e3o e Semi\u00f3tica [&hellip;]\" \/>\n<meta property=\"og:url\" content=\"https:\/\/www.blogsoestado.com\/wilsonmarques\/2015\/08\/30\/aluisio-azevedo-o-critico-literario\/\" \/>\n<meta property=\"og:site_name\" content=\"Wilson Marques\" \/>\n<meta property=\"article:published_time\" content=\"2015-08-30T14:58:27+00:00\" \/>\n<meta property=\"og:image\" content=\"https:\/\/www.blogsoestado.com\/wilsonmarques\/wp-content\/uploads\/sites\/9\/2015\/08\/aluisio-1-199x300.jpg\" \/>\n<meta name=\"author\" content=\"Wilson Marques\" \/>\n<meta name=\"twitter:card\" content=\"summary_large_image\" \/>\n<meta name=\"twitter:label1\" content=\"Escrito por\" \/>\n\t<meta name=\"twitter:data1\" content=\"Wilson Marques\" \/>\n\t<meta name=\"twitter:label2\" content=\"Est. tempo de leitura\" \/>\n\t<meta name=\"twitter:data2\" content=\"1 minuto\" \/>\n<script type=\"application\/ld+json\" class=\"yoast-schema-graph\">{\"@context\":\"https:\/\/schema.org\",\"@graph\":[{\"@type\":\"WebPage\",\"@id\":\"https:\/\/www.blogsoestado.com\/wilsonmarques\/2015\/08\/30\/aluisio-azevedo-o-critico-literario\/\",\"url\":\"https:\/\/www.blogsoestado.com\/wilsonmarques\/2015\/08\/30\/aluisio-azevedo-o-critico-literario\/\",\"name\":\"Alu\u00edsio Azevedo: o cr\u00edtico liter\u00e1rio - Wilson Marques\",\"isPartOf\":{\"@id\":\"https:\/\/www.blogsoestado.com\/wilsonmarques\/#website\"},\"primaryImageOfPage\":{\"@id\":\"https:\/\/www.blogsoestado.com\/wilsonmarques\/2015\/08\/30\/aluisio-azevedo-o-critico-literario\/#primaryimage\"},\"image\":{\"@id\":\"https:\/\/www.blogsoestado.com\/wilsonmarques\/2015\/08\/30\/aluisio-azevedo-o-critico-literario\/#primaryimage\"},\"thumbnailUrl\":\"https:\/\/www.blogsoestado.com\/wilsonmarques\/wp-content\/uploads\/sites\/9\/2015\/08\/aluisio-1-199x300.jpg\",\"datePublished\":\"2015-08-30T14:58:27+00:00\",\"author\":{\"@id\":\"https:\/\/www.blogsoestado.com\/wilsonmarques\/#\/schema\/person\/6ab6321707821a2d204fc6de2a1f85b3\"},\"breadcrumb\":{\"@id\":\"https:\/\/www.blogsoestado.com\/wilsonmarques\/2015\/08\/30\/aluisio-azevedo-o-critico-literario\/#breadcrumb\"},\"inLanguage\":\"pt-BR\",\"potentialAction\":[{\"@type\":\"ReadAction\",\"target\":[\"https:\/\/www.blogsoestado.com\/wilsonmarques\/2015\/08\/30\/aluisio-azevedo-o-critico-literario\/\"]}]},{\"@type\":\"ImageObject\",\"inLanguage\":\"pt-BR\",\"@id\":\"https:\/\/www.blogsoestado.com\/wilsonmarques\/2015\/08\/30\/aluisio-azevedo-o-critico-literario\/#primaryimage\",\"url\":\"https:\/\/www.blogsoestado.com\/wilsonmarques\/wp-content\/uploads\/sites\/9\/2015\/08\/aluisio-1.jpg\",\"contentUrl\":\"https:\/\/www.blogsoestado.com\/wilsonmarques\/wp-content\/uploads\/sites\/9\/2015\/08\/aluisio-1.jpg\",\"width\":424,\"height\":640},{\"@type\":\"BreadcrumbList\",\"@id\":\"https:\/\/www.blogsoestado.com\/wilsonmarques\/2015\/08\/30\/aluisio-azevedo-o-critico-literario\/#breadcrumb\",\"itemListElement\":[{\"@type\":\"ListItem\",\"position\":1,\"name\":\"In\u00edcio\",\"item\":\"https:\/\/www.blogsoestado.com\/wilsonmarques\/\"},{\"@type\":\"ListItem\",\"position\":2,\"name\":\"Alu\u00edsio Azevedo: o cr\u00edtico liter\u00e1rio\"}]},{\"@type\":\"WebSite\",\"@id\":\"https:\/\/www.blogsoestado.com\/wilsonmarques\/#website\",\"url\":\"https:\/\/www.blogsoestado.com\/wilsonmarques\/\",\"name\":\"Wilson Marques\",\"description\":\"\",\"potentialAction\":[{\"@type\":\"SearchAction\",\"target\":{\"@type\":\"EntryPoint\",\"urlTemplate\":\"https:\/\/www.blogsoestado.com\/wilsonmarques\/?s={search_term_string}\"},\"query-input\":{\"@type\":\"PropertyValueSpecification\",\"valueRequired\":true,\"valueName\":\"search_term_string\"}}],\"inLanguage\":\"pt-BR\"},{\"@type\":\"Person\",\"@id\":\"https:\/\/www.blogsoestado.com\/wilsonmarques\/#\/schema\/person\/6ab6321707821a2d204fc6de2a1f85b3\",\"name\":\"Wilson Marques\",\"image\":{\"@type\":\"ImageObject\",\"inLanguage\":\"pt-BR\",\"@id\":\"https:\/\/www.blogsoestado.com\/wilsonmarques\/#\/schema\/person\/image\/\",\"url\":\"https:\/\/secure.gravatar.com\/avatar\/b7cbc00c60180383a011061e4a828d63994b1e9aed3813dfaa754539681f9ba0?s=96&d=mm&r=g\",\"contentUrl\":\"https:\/\/secure.gravatar.com\/avatar\/b7cbc00c60180383a011061e4a828d63994b1e9aed3813dfaa754539681f9ba0?s=96&d=mm&r=g\",\"caption\":\"Wilson Marques\"},\"url\":\"https:\/\/www.blogsoestado.com\/wilsonmarques\/author\/wilsonmarques\/\"}]}<\/script>\n<!-- \/ Yoast SEO plugin. -->","yoast_head_json":{"title":"Alu\u00edsio Azevedo: o cr\u00edtico liter\u00e1rio - Wilson Marques","robots":{"index":"index","follow":"follow","max-snippet":"max-snippet:-1","max-image-preview":"max-image-preview:large","max-video-preview":"max-video-preview:-1"},"canonical":"https:\/\/www.blogsoestado.com\/wilsonmarques\/2015\/08\/30\/aluisio-azevedo-o-critico-literario\/","og_locale":"pt_BR","og_type":"article","og_title":"Alu\u00edsio Azevedo: o cr\u00edtico liter\u00e1rio - Wilson Marques","og_description":"\u201cAlu\u00edsio Azevedo: o cr\u00edtico liter\u00e1rio\u201d \u00e9 o novo livro, lan\u00e7ado pela EDUFMA, do mestre e doutor em Comunica\u00e7\u00e3o e Semi\u00f3tica [&hellip;]","og_url":"https:\/\/www.blogsoestado.com\/wilsonmarques\/2015\/08\/30\/aluisio-azevedo-o-critico-literario\/","og_site_name":"Wilson Marques","article_published_time":"2015-08-30T14:58:27+00:00","og_image":[{"url":"https:\/\/www.blogsoestado.com\/wilsonmarques\/wp-content\/uploads\/sites\/9\/2015\/08\/aluisio-1-199x300.jpg","type":"","width":"","height":""}],"author":"Wilson Marques","twitter_card":"summary_large_image","twitter_misc":{"Escrito por":"Wilson Marques","Est. tempo de leitura":"1 minuto"},"schema":{"@context":"https:\/\/schema.org","@graph":[{"@type":"WebPage","@id":"https:\/\/www.blogsoestado.com\/wilsonmarques\/2015\/08\/30\/aluisio-azevedo-o-critico-literario\/","url":"https:\/\/www.blogsoestado.com\/wilsonmarques\/2015\/08\/30\/aluisio-azevedo-o-critico-literario\/","name":"Alu\u00edsio Azevedo: o cr\u00edtico liter\u00e1rio - Wilson Marques","isPartOf":{"@id":"https:\/\/www.blogsoestado.com\/wilsonmarques\/#website"},"primaryImageOfPage":{"@id":"https:\/\/www.blogsoestado.com\/wilsonmarques\/2015\/08\/30\/aluisio-azevedo-o-critico-literario\/#primaryimage"},"image":{"@id":"https:\/\/www.blogsoestado.com\/wilsonmarques\/2015\/08\/30\/aluisio-azevedo-o-critico-literario\/#primaryimage"},"thumbnailUrl":"https:\/\/www.blogsoestado.com\/wilsonmarques\/wp-content\/uploads\/sites\/9\/2015\/08\/aluisio-1-199x300.jpg","datePublished":"2015-08-30T14:58:27+00:00","author":{"@id":"https:\/\/www.blogsoestado.com\/wilsonmarques\/#\/schema\/person\/6ab6321707821a2d204fc6de2a1f85b3"},"breadcrumb":{"@id":"https:\/\/www.blogsoestado.com\/wilsonmarques\/2015\/08\/30\/aluisio-azevedo-o-critico-literario\/#breadcrumb"},"inLanguage":"pt-BR","potentialAction":[{"@type":"ReadAction","target":["https:\/\/www.blogsoestado.com\/wilsonmarques\/2015\/08\/30\/aluisio-azevedo-o-critico-literario\/"]}]},{"@type":"ImageObject","inLanguage":"pt-BR","@id":"https:\/\/www.blogsoestado.com\/wilsonmarques\/2015\/08\/30\/aluisio-azevedo-o-critico-literario\/#primaryimage","url":"https:\/\/www.blogsoestado.com\/wilsonmarques\/wp-content\/uploads\/sites\/9\/2015\/08\/aluisio-1.jpg","contentUrl":"https:\/\/www.blogsoestado.com\/wilsonmarques\/wp-content\/uploads\/sites\/9\/2015\/08\/aluisio-1.jpg","width":424,"height":640},{"@type":"BreadcrumbList","@id":"https:\/\/www.blogsoestado.com\/wilsonmarques\/2015\/08\/30\/aluisio-azevedo-o-critico-literario\/#breadcrumb","itemListElement":[{"@type":"ListItem","position":1,"name":"In\u00edcio","item":"https:\/\/www.blogsoestado.com\/wilsonmarques\/"},{"@type":"ListItem","position":2,"name":"Alu\u00edsio Azevedo: o cr\u00edtico liter\u00e1rio"}]},{"@type":"WebSite","@id":"https:\/\/www.blogsoestado.com\/wilsonmarques\/#website","url":"https:\/\/www.blogsoestado.com\/wilsonmarques\/","name":"Wilson Marques","description":"","potentialAction":[{"@type":"SearchAction","target":{"@type":"EntryPoint","urlTemplate":"https:\/\/www.blogsoestado.com\/wilsonmarques\/?s={search_term_string}"},"query-input":{"@type":"PropertyValueSpecification","valueRequired":true,"valueName":"search_term_string"}}],"inLanguage":"pt-BR"},{"@type":"Person","@id":"https:\/\/www.blogsoestado.com\/wilsonmarques\/#\/schema\/person\/6ab6321707821a2d204fc6de2a1f85b3","name":"Wilson Marques","image":{"@type":"ImageObject","inLanguage":"pt-BR","@id":"https:\/\/www.blogsoestado.com\/wilsonmarques\/#\/schema\/person\/image\/","url":"https:\/\/secure.gravatar.com\/avatar\/b7cbc00c60180383a011061e4a828d63994b1e9aed3813dfaa754539681f9ba0?s=96&d=mm&r=g","contentUrl":"https:\/\/secure.gravatar.com\/avatar\/b7cbc00c60180383a011061e4a828d63994b1e9aed3813dfaa754539681f9ba0?s=96&d=mm&r=g","caption":"Wilson Marques"},"url":"https:\/\/www.blogsoestado.com\/wilsonmarques\/author\/wilsonmarques\/"}]}},"jetpack_featured_media_url":"","_links":{"self":[{"href":"https:\/\/www.blogsoestado.com\/wilsonmarques\/wp-json\/wp\/v2\/posts\/539","targetHints":{"allow":["GET"]}}],"collection":[{"href":"https:\/\/www.blogsoestado.com\/wilsonmarques\/wp-json\/wp\/v2\/posts"}],"about":[{"href":"https:\/\/www.blogsoestado.com\/wilsonmarques\/wp-json\/wp\/v2\/types\/post"}],"author":[{"embeddable":true,"href":"https:\/\/www.blogsoestado.com\/wilsonmarques\/wp-json\/wp\/v2\/users\/10"}],"replies":[{"embeddable":true,"href":"https:\/\/www.blogsoestado.com\/wilsonmarques\/wp-json\/wp\/v2\/comments?post=539"}],"version-history":[{"count":0,"href":"https:\/\/www.blogsoestado.com\/wilsonmarques\/wp-json\/wp\/v2\/posts\/539\/revisions"}],"wp:attachment":[{"href":"https:\/\/www.blogsoestado.com\/wilsonmarques\/wp-json\/wp\/v2\/media?parent=539"}],"wp:term":[{"taxonomy":"category","embeddable":true,"href":"https:\/\/www.blogsoestado.com\/wilsonmarques\/wp-json\/wp\/v2\/categories?post=539"},{"taxonomy":"post_tag","embeddable":true,"href":"https:\/\/www.blogsoestado.com\/wilsonmarques\/wp-json\/wp\/v2\/tags?post=539"}],"curies":[{"name":"wp","href":"https:\/\/api.w.org\/{rel}","templated":true}]}}