{"id":59,"date":"2013-11-28T11:21:13","date_gmt":"2013-11-28T11:21:13","guid":{"rendered":"https:\/\/www.blogsoestado.com\/wilsonmarques\/?p=59"},"modified":"2013-11-28T11:21:13","modified_gmt":"2013-11-28T11:21:13","slug":"59","status":"publish","type":"post","link":"https:\/\/www.blogsoestado.com\/wilsonmarques\/2013\/11\/28\/59\/","title":{"rendered":"Poeta Lila Maia lan\u00e7a livro premiado na Galeria Trapiche"},"content":{"rendered":"<p><a href=\"https:\/\/www.blogsoestado.com\/wilsonmarques\/wp-content\/uploads\/sites\/9\/2013\/11\/lila-1.jpg\"><img fetchpriority=\"high\" decoding=\"async\" class=\"size-medium wp-image-60 alignleft\" alt=\"lila\" src=\"https:\/\/www.blogsoestado.com\/wilsonmarques\/wp-content\/uploads\/sites\/9\/2013\/11\/lila-1-200x300.jpg\" width=\"200\" height=\"300\" srcset=\"https:\/\/www.blogsoestado.com\/wilsonmarques\/wp-content\/uploads\/sites\/9\/2013\/11\/lila-1-200x300.jpg 200w, https:\/\/www.blogsoestado.com\/wilsonmarques\/wp-content\/uploads\/sites\/9\/2013\/11\/lila-1.jpg 397w\" sizes=\"(max-width: 200px) 100vw, 200px\" \/><\/a>A poeta maranhense Lila Maia lan\u00e7ar\u00e1 seu livro de poemas \u201cAs Ma\u00e7\u00e3s de Antes\u201d, nesta quinta-feira (28), \u00e0s 19 horas, na Galeria Trapiche Santo \u00c2ngelo, Av. Vitorino Freire, s\/n\u00ba &#8211; Praia Grande. O livro <i>\u201cAs Ma\u00e7\u00e3s de Antes\u201d<\/i> foi vencedor do Pr\u00eamio Paran\u00e1 de Literatura 2012, Pr\u00eamio Helena Kolody de poesia e semifinalista do Portugal Telecom\u00a02013.<\/p>\n<p>Lila Maia \u00e9 maranhense e vive h\u00e1 32 anos no Rio de Janeiro. \u00c9 graduada em Pedagogia e tem dois livros de poesias publicados: \u201c<i>A idade das \u00e1guas<\/i>\u201d e \u201c<i>C\u00e9u Despido<\/i>\u201d. Em 1998, teve tr\u00eas poemas publicados na revista <i>Poesia Sempre<\/i>, da Biblioteca Nacional.\u00a0Participou de oficinas de poesia com Rita Moutinho, Suzana Vargas, Ferreira Gullar e Afonso Henriques Neto.\u00a0\u201cEssas oficinas tinham dura\u00e7\u00e3o longa. Com a Suzana, fiquei mais de tr\u00eas anos. Com o Gullar, tive o privil\u00e9gio de fazer por mais de um ano na Universidade Federal do Rio de Janeiro (UERJ)\u201d, comenta a poeta. Dessa oficina nasceu a antologia \u201c<i>Pr\u00f3ximas palavras<\/i>\u201d, coordenada pelo poeta e publicada pela editora da universidade. Participou ainda de muitos cursos com dura\u00e7\u00e3o menor para entender, aprender mais sobre o fazer po\u00e9tico e conhecer mais poetas, tendo mantido contato com autores como Affonso Romano de Sant\u2019Anna, Ivan Junqueira, Eunice Arruda, Eucana\u00e3 Ferraz, Marco Lucchesi, Antonio C\u00edcero, Antonio Carlos Secchin, entre outros. Tamb\u00e9m fez cursos de conto, cr\u00f4nica, literatura infanto-juvenil e outros. Atualmente, Lila Maia participa de dois grupos que se re\u00fanem quinzenalmente para compartilhar ideias e trabalhos.<\/p>\n<p><b>\u00a0<\/b><\/p>\n<p><b>Sobre o Pr\u00eamio Paran\u00e1, a poeta deu a seguinte entrevista na p\u00e1gina da Biblioteca P\u00fablica do Paran\u00e1 na internet<\/b><\/p>\n<p><b>\u00a0<\/b>Um livro de poesia sobre a paix\u00e3o e o amor. \u00c9 assim que a escritora Lila Maia define As ma\u00e7\u00e3s de antes, obra vencedora do Pr\u00eamio Paran\u00e1 de Literatura 2012. Maranhense radicada no Rio de Janeiro, Lila participou de diversas oficinas liter\u00e1rias enquanto desenvolvia seu pr\u00f3prio estilo e produzia os primeiros escritos. Na entrevista a seguir, a autora \u2014 praticamente desconhecida antes do concurso paranaense \u2014 fala sobre seu percurso liter\u00e1rio antes e depois da premia\u00e7\u00e3o.<\/p>\n<p><b>Qual \u00e9 a hist\u00f3ria por tr\u00e1s de As ma\u00e7\u00e3s de antes? Em que circunst\u00e2ncias o livro foi produzido?<\/b><br \/>\nS\u00e3o poemas feitos h\u00e1 tr\u00eas anos, mas que eu fui trabalhando ao longo do tempo. Quando tomei conhecimento do Pr\u00eamio Paran\u00e1 de Literatura, comecei a fazer uma sele\u00e7\u00e3o para que tivesse uma certa unidade. Minha preocupa\u00e7\u00e3o era selecionar os melhores poemas, os temas que iria abordar. Lia e relia sempre em voz alta, precisava sentir o ritmo, se havia for\u00e7a no verso, nas estrofes, a forma como os coloquei no papel. Cheguei mesmo a espalhar pelo ch\u00e3o do meu quarto as folhas, para achar a melhor ordem. Que poema viria primeiro? Quais viriam depois? Teria subt\u00edtulos (j\u00e1 que o t\u00edtulo havia dado desde o come\u00e7o)? Foi um trabalho \u00e1rduo, solit\u00e1rio, mas gratificante.<\/p>\n<p><b>Fale sobre sua carreira liter\u00e1ria antes do Pr\u00eamio Paran\u00e1 de Literatura.<\/b><br \/>\nParticipei de oficinas de poesia com Rita Moutinho, Suzana Vargas, Ferreira Gullar e Afonso Henriques Neto. Essas oficinas tinham dura\u00e7\u00e3o longa. Com a Suzana, fiquei mais de tr\u00eas anos. Com o Gullar, tive o privil\u00e9gio de fazer por mais de um ano na Universidade Federal do Rio de Janeiro (UERJ). Dessa oficina, nasceu a antologia Pr\u00f3ximas palavras, coordenada pelo poeta e publicada pela editora da universidade. Fiz cursos com dura\u00e7\u00e3o menor para entender, aprender mais sobre o fazer po\u00e9tico, conhecer mais poetas. Aulas de puro aprendizado com Affonso Romano de Sant\u2019Anna, Ivan Junqueira, Eunice Arruda, Eucana\u00e3 Ferraz, Marco Lucchesi, Antonio C\u00edcero, Antonio Carlos Secchin, etc. Tamb\u00e9m fiz cursos de conto, cr\u00f4nica, literatura infantojuvenil e outros. Atualmente, participo de dois grupos que se re\u00fanem quinzenalmente.<\/p>\n<p><b>Onde seus trabalhos foram publicados? Voc\u00ea venceu algum concurso antes? <\/b><br \/>\nParticipei das antologias <i>Amar verbo atemporal<\/i> (Editora Rocco, 2012), Quando tudo acontece de repente (Editora Larousse, 2008) e Sete vozes (Editora da Palavra, 2004). Tenho tr\u00eas poemas publicados na revista <i>Poesia sempre<\/i>, da Biblioteca Nacional. Ganhei alguns concursos de poesia como o II Festival de Poesia do Sesc-Rio, o Concurso de Poesia da Petrobras, o II Concurso de Poesia do Jornal Panorama da Palavra (Pr\u00eamio Marco Lucches), o Concurso do Jornal Poesia Viva (P\u00eamio Ivan Junqueira) e o II Festival de M\u00fasica e Poesia de Belo Horizonte.<\/p>\n<p><b>Como est\u00e1 a repercuss\u00e3o de As ma\u00e7\u00e3s de antes? H\u00e1 plano para uma segunda edi\u00e7\u00e3o?<\/b><br \/>\nA repercuss\u00e3o vem sendo muito boa. Recebi cr\u00edticas positivas do Affonso Romano de Sant\u2019Anna, do Marcelino Freire, da Suzana Vargas. Estou indo \u00e0 luta para fazer a segunda edi\u00e7\u00e3o. Os outros dois ganhadores j\u00e1 conseguiram grandes editoras para a publica\u00e7\u00e3o. Mas a poesia \u00e9 sempre mais dif\u00edcil. E d\u00e1 certa tristeza por ser assim. \u00c9 preciso que os donos de editoras saibam que muitas pessoas gostam de poesia.<\/p>\n<p><b>Al\u00e9m da quantia em dinheiro e da publica\u00e7\u00e3o dos mil primeiros exemplares, o que o Pr\u00eamio Paran\u00e1 de Literatura trouxe para a sua carreira liter\u00e1ria?<\/b><br \/>\nUm reconhecimento melhor do meu trabalho. Da\u00ed a import\u00e2ncia do pr\u00eamio para abrir portas, principalmente para o autor desconhecido.<\/p>\n<p><b>Como foi ser premiada ao lado de um nome j\u00e1 consagrado do cen\u00e1rio liter\u00e1rio, como Jos\u00e9 Roberto Torero? O que isso representa?<\/b><br \/>\nFiquei muito feliz, \u00e9 um escritor premiado. Adorei o livro dele, <i>Papis et circensis<\/i>. S\u00e3o contos com uma ironia requintada, uma leitura extremamente prazerosa. Tamb\u00e9m estou gostando muito vencedor na categoria romance, <i>Sergio Y vai \u00e0 Am\u00e9rica<\/i>, do Alexandre Vidal Porto.<\/p>\n<p><b>Voc\u00ea teria alguma dica ou conselho para dar aos autores que v\u00e3o concorrer ao Pr\u00eamio em 2013?<\/b><br \/>\nSim. Trabalhar e trabalhar os poemas. Ler em voz alta tamb\u00e9m ajuda. Voc\u00ea percebe quando um verso n\u00e3o ficou bom. E ler poesia. Antes de ser poeta, sou leitora.<\/p>\n<p>O <b>Pr\u00eamio Paran\u00e1 de Literatura<\/b> \u00e9 um concurso da Secretaria da Cultura\/Biblioteca P\u00fablica do Paran\u00e1 que seleciona livros in\u00e9ditos em tr\u00eas categorias que homenageiam figuras importantes da literatura paranaense: Romance (pr\u00eamio Manoel Carlos Karam), Contos (pr\u00eamio Newton Sampaio) e Poesia (pr\u00eamio Helena Kolody).<\/p>\n<p>No \u00faltimo concurso o vencedor de cada categoria embolsou R$ 40 mil e teve sua obra publicada pelo selo Biblioteca Paran\u00e1, com tiragem de mil exemplares. Os premiados tamb\u00e9m receberam 100 c\u00f3pias de seus livros. As obras concorrentes s\u00e3o avaliadas por uma comiss\u00e3o julgadora formada por um presidente e nove membros (tr\u00eas em cada categoria).<\/p>\n<p>Na primeira edi\u00e7\u00e3o do Pr\u00eamio Paran\u00e1 de Literatura, em 2012, o j\u00fari elegeu <em>Sergio Yvai \u00e0 Am\u00e9rica,<\/em> de Alexandre Vidal Porto, como melhor romance. <em>Papis et circensis<\/em>, de Jos\u00e9 Roberto Torero, venceu a categoria de contos. E <em>As ma\u00e7\u00e3s de antes<\/em>, de Lila Maia, foi o destaque entre as obras de poesia.<\/p>\n","protected":false},"excerpt":{"rendered":"<p>A poeta maranhense Lila Maia lan\u00e7ar\u00e1 seu livro de poemas \u201cAs Ma\u00e7\u00e3s de Antes\u201d, nesta quinta-feira (28), \u00e0s 19 horas, [&hellip;]<\/p>\n","protected":false},"author":10,"featured_media":0,"comment_status":"open","ping_status":"open","sticky":false,"template":"","format":"standard","meta":{"site-sidebar-layout":"default","site-content-layout":"","ast-site-content-layout":"default","site-content-style":"default","site-sidebar-style":"default","ast-global-header-display":"","ast-banner-title-visibility":"","ast-main-header-display":"","ast-hfb-above-header-display":"","ast-hfb-below-header-display":"","ast-hfb-mobile-header-display":"","site-post-title":"","ast-breadcrumbs-content":"","ast-featured-img":"","footer-sml-layout":"","ast-disable-related-posts":"","theme-transparent-header-meta":"","adv-header-id-meta":"","stick-header-meta":"","header-above-stick-meta":"","header-main-stick-meta":"","header-below-stick-meta":"","astra-migrate-meta-layouts":"default","ast-page-background-enabled":"default","ast-page-background-meta":{"desktop":{"background-color":"var(--ast-global-color-5)","background-image":"","background-repeat":"repeat","background-position":"center center","background-size":"auto","background-attachment":"scroll","background-type":"","background-media":"","overlay-type":"","overlay-color":"","overlay-opacity":"","overlay-gradient":""},"tablet":{"background-color":"","background-image":"","background-repeat":"repeat","background-position":"center center","background-size":"auto","background-attachment":"scroll","background-type":"","background-media":"","overlay-type":"","overlay-color":"","overlay-opacity":"","overlay-gradient":""},"mobile":{"background-color":"","background-image":"","background-repeat":"repeat","background-position":"center center","background-size":"auto","background-attachment":"scroll","background-type":"","background-media":"","overlay-type":"","overlay-color":"","overlay-opacity":"","overlay-gradient":""}},"ast-content-background-meta":{"desktop":{"background-color":"var(--ast-global-color-4)","background-image":"","background-repeat":"repeat","background-position":"center center","background-size":"auto","background-attachment":"scroll","background-type":"","background-media":"","overlay-type":"","overlay-color":"","overlay-opacity":"","overlay-gradient":""},"tablet":{"background-color":"var(--ast-global-color-4)","background-image":"","background-repeat":"repeat","background-position":"center center","background-size":"auto","background-attachment":"scroll","background-type":"","background-media":"","overlay-type":"","overlay-color":"","overlay-opacity":"","overlay-gradient":""},"mobile":{"background-color":"var(--ast-global-color-4)","background-image":"","background-repeat":"repeat","background-position":"center center","background-size":"auto","background-attachment":"scroll","background-type":"","background-media":"","overlay-type":"","overlay-color":"","overlay-opacity":"","overlay-gradient":""}},"footnotes":""},"categories":[1],"tags":[],"class_list":["post-59","post","type-post","status-publish","format-standard","hentry","category-sem-categoria"],"yoast_head":"<!-- This site is optimized with the Yoast SEO plugin v26.6 - https:\/\/yoast.com\/wordpress\/plugins\/seo\/ -->\n<title>Poeta Lila Maia lan\u00e7a livro premiado na Galeria Trapiche - Wilson Marques<\/title>\n<meta name=\"robots\" content=\"index, follow, max-snippet:-1, max-image-preview:large, max-video-preview:-1\" \/>\n<link rel=\"canonical\" href=\"https:\/\/www.blogsoestado.com\/wilsonmarques\/2013\/11\/28\/59\/\" \/>\n<meta property=\"og:locale\" content=\"pt_BR\" \/>\n<meta property=\"og:type\" content=\"article\" \/>\n<meta property=\"og:title\" content=\"Poeta Lila Maia lan\u00e7a livro premiado na Galeria Trapiche - Wilson Marques\" \/>\n<meta property=\"og:description\" content=\"A poeta maranhense Lila Maia lan\u00e7ar\u00e1 seu livro de poemas \u201cAs Ma\u00e7\u00e3s de Antes\u201d, nesta quinta-feira (28), \u00e0s 19 horas, [&hellip;]\" \/>\n<meta property=\"og:url\" content=\"https:\/\/www.blogsoestado.com\/wilsonmarques\/2013\/11\/28\/59\/\" \/>\n<meta property=\"og:site_name\" content=\"Wilson Marques\" \/>\n<meta property=\"article:published_time\" content=\"2013-11-28T11:21:13+00:00\" \/>\n<meta property=\"og:image\" content=\"https:\/\/www.blogsoestado.com\/wilsonmarques\/wp-content\/uploads\/sites\/9\/2013\/11\/lila-1-200x300.jpg\" \/>\n<meta name=\"author\" content=\"Wilson Marques\" \/>\n<meta name=\"twitter:card\" content=\"summary_large_image\" \/>\n<meta name=\"twitter:label1\" content=\"Escrito por\" \/>\n\t<meta name=\"twitter:data1\" content=\"Wilson Marques\" \/>\n\t<meta name=\"twitter:label2\" content=\"Est. tempo de leitura\" \/>\n\t<meta name=\"twitter:data2\" content=\"6 minutos\" \/>\n<script type=\"application\/ld+json\" class=\"yoast-schema-graph\">{\"@context\":\"https:\/\/schema.org\",\"@graph\":[{\"@type\":\"WebPage\",\"@id\":\"https:\/\/www.blogsoestado.com\/wilsonmarques\/2013\/11\/28\/59\/\",\"url\":\"https:\/\/www.blogsoestado.com\/wilsonmarques\/2013\/11\/28\/59\/\",\"name\":\"Poeta Lila Maia lan\u00e7a livro premiado na Galeria Trapiche - Wilson Marques\",\"isPartOf\":{\"@id\":\"https:\/\/www.blogsoestado.com\/wilsonmarques\/#website\"},\"primaryImageOfPage\":{\"@id\":\"https:\/\/www.blogsoestado.com\/wilsonmarques\/2013\/11\/28\/59\/#primaryimage\"},\"image\":{\"@id\":\"https:\/\/www.blogsoestado.com\/wilsonmarques\/2013\/11\/28\/59\/#primaryimage\"},\"thumbnailUrl\":\"https:\/\/www.blogsoestado.com\/wilsonmarques\/wp-content\/uploads\/sites\/9\/2013\/11\/lila-1-200x300.jpg\",\"datePublished\":\"2013-11-28T11:21:13+00:00\",\"author\":{\"@id\":\"https:\/\/www.blogsoestado.com\/wilsonmarques\/#\/schema\/person\/6ab6321707821a2d204fc6de2a1f85b3\"},\"breadcrumb\":{\"@id\":\"https:\/\/www.blogsoestado.com\/wilsonmarques\/2013\/11\/28\/59\/#breadcrumb\"},\"inLanguage\":\"pt-BR\",\"potentialAction\":[{\"@type\":\"ReadAction\",\"target\":[\"https:\/\/www.blogsoestado.com\/wilsonmarques\/2013\/11\/28\/59\/\"]}]},{\"@type\":\"ImageObject\",\"inLanguage\":\"pt-BR\",\"@id\":\"https:\/\/www.blogsoestado.com\/wilsonmarques\/2013\/11\/28\/59\/#primaryimage\",\"url\":\"https:\/\/www.blogsoestado.com\/wilsonmarques\/wp-content\/uploads\/sites\/9\/2013\/11\/lila-1.jpg\",\"contentUrl\":\"https:\/\/www.blogsoestado.com\/wilsonmarques\/wp-content\/uploads\/sites\/9\/2013\/11\/lila-1.jpg\",\"width\":397,\"height\":595},{\"@type\":\"BreadcrumbList\",\"@id\":\"https:\/\/www.blogsoestado.com\/wilsonmarques\/2013\/11\/28\/59\/#breadcrumb\",\"itemListElement\":[{\"@type\":\"ListItem\",\"position\":1,\"name\":\"In\u00edcio\",\"item\":\"https:\/\/www.blogsoestado.com\/wilsonmarques\/\"},{\"@type\":\"ListItem\",\"position\":2,\"name\":\"Poeta Lila Maia lan\u00e7a livro premiado na Galeria Trapiche\"}]},{\"@type\":\"WebSite\",\"@id\":\"https:\/\/www.blogsoestado.com\/wilsonmarques\/#website\",\"url\":\"https:\/\/www.blogsoestado.com\/wilsonmarques\/\",\"name\":\"Wilson Marques\",\"description\":\"\",\"potentialAction\":[{\"@type\":\"SearchAction\",\"target\":{\"@type\":\"EntryPoint\",\"urlTemplate\":\"https:\/\/www.blogsoestado.com\/wilsonmarques\/?s={search_term_string}\"},\"query-input\":{\"@type\":\"PropertyValueSpecification\",\"valueRequired\":true,\"valueName\":\"search_term_string\"}}],\"inLanguage\":\"pt-BR\"},{\"@type\":\"Person\",\"@id\":\"https:\/\/www.blogsoestado.com\/wilsonmarques\/#\/schema\/person\/6ab6321707821a2d204fc6de2a1f85b3\",\"name\":\"Wilson Marques\",\"image\":{\"@type\":\"ImageObject\",\"inLanguage\":\"pt-BR\",\"@id\":\"https:\/\/www.blogsoestado.com\/wilsonmarques\/#\/schema\/person\/image\/\",\"url\":\"https:\/\/secure.gravatar.com\/avatar\/b7cbc00c60180383a011061e4a828d63994b1e9aed3813dfaa754539681f9ba0?s=96&d=mm&r=g\",\"contentUrl\":\"https:\/\/secure.gravatar.com\/avatar\/b7cbc00c60180383a011061e4a828d63994b1e9aed3813dfaa754539681f9ba0?s=96&d=mm&r=g\",\"caption\":\"Wilson Marques\"},\"url\":\"https:\/\/www.blogsoestado.com\/wilsonmarques\/author\/wilsonmarques\/\"}]}<\/script>\n<!-- \/ Yoast SEO plugin. -->","yoast_head_json":{"title":"Poeta Lila Maia lan\u00e7a livro premiado na Galeria Trapiche - Wilson Marques","robots":{"index":"index","follow":"follow","max-snippet":"max-snippet:-1","max-image-preview":"max-image-preview:large","max-video-preview":"max-video-preview:-1"},"canonical":"https:\/\/www.blogsoestado.com\/wilsonmarques\/2013\/11\/28\/59\/","og_locale":"pt_BR","og_type":"article","og_title":"Poeta Lila Maia lan\u00e7a livro premiado na Galeria Trapiche - Wilson Marques","og_description":"A poeta maranhense Lila Maia lan\u00e7ar\u00e1 seu livro de poemas \u201cAs Ma\u00e7\u00e3s de Antes\u201d, nesta quinta-feira (28), \u00e0s 19 horas, [&hellip;]","og_url":"https:\/\/www.blogsoestado.com\/wilsonmarques\/2013\/11\/28\/59\/","og_site_name":"Wilson Marques","article_published_time":"2013-11-28T11:21:13+00:00","og_image":[{"url":"https:\/\/www.blogsoestado.com\/wilsonmarques\/wp-content\/uploads\/sites\/9\/2013\/11\/lila-1-200x300.jpg","type":"","width":"","height":""}],"author":"Wilson Marques","twitter_card":"summary_large_image","twitter_misc":{"Escrito por":"Wilson Marques","Est. tempo de leitura":"6 minutos"},"schema":{"@context":"https:\/\/schema.org","@graph":[{"@type":"WebPage","@id":"https:\/\/www.blogsoestado.com\/wilsonmarques\/2013\/11\/28\/59\/","url":"https:\/\/www.blogsoestado.com\/wilsonmarques\/2013\/11\/28\/59\/","name":"Poeta Lila Maia lan\u00e7a livro premiado na Galeria Trapiche - Wilson Marques","isPartOf":{"@id":"https:\/\/www.blogsoestado.com\/wilsonmarques\/#website"},"primaryImageOfPage":{"@id":"https:\/\/www.blogsoestado.com\/wilsonmarques\/2013\/11\/28\/59\/#primaryimage"},"image":{"@id":"https:\/\/www.blogsoestado.com\/wilsonmarques\/2013\/11\/28\/59\/#primaryimage"},"thumbnailUrl":"https:\/\/www.blogsoestado.com\/wilsonmarques\/wp-content\/uploads\/sites\/9\/2013\/11\/lila-1-200x300.jpg","datePublished":"2013-11-28T11:21:13+00:00","author":{"@id":"https:\/\/www.blogsoestado.com\/wilsonmarques\/#\/schema\/person\/6ab6321707821a2d204fc6de2a1f85b3"},"breadcrumb":{"@id":"https:\/\/www.blogsoestado.com\/wilsonmarques\/2013\/11\/28\/59\/#breadcrumb"},"inLanguage":"pt-BR","potentialAction":[{"@type":"ReadAction","target":["https:\/\/www.blogsoestado.com\/wilsonmarques\/2013\/11\/28\/59\/"]}]},{"@type":"ImageObject","inLanguage":"pt-BR","@id":"https:\/\/www.blogsoestado.com\/wilsonmarques\/2013\/11\/28\/59\/#primaryimage","url":"https:\/\/www.blogsoestado.com\/wilsonmarques\/wp-content\/uploads\/sites\/9\/2013\/11\/lila-1.jpg","contentUrl":"https:\/\/www.blogsoestado.com\/wilsonmarques\/wp-content\/uploads\/sites\/9\/2013\/11\/lila-1.jpg","width":397,"height":595},{"@type":"BreadcrumbList","@id":"https:\/\/www.blogsoestado.com\/wilsonmarques\/2013\/11\/28\/59\/#breadcrumb","itemListElement":[{"@type":"ListItem","position":1,"name":"In\u00edcio","item":"https:\/\/www.blogsoestado.com\/wilsonmarques\/"},{"@type":"ListItem","position":2,"name":"Poeta Lila Maia lan\u00e7a livro premiado na Galeria Trapiche"}]},{"@type":"WebSite","@id":"https:\/\/www.blogsoestado.com\/wilsonmarques\/#website","url":"https:\/\/www.blogsoestado.com\/wilsonmarques\/","name":"Wilson Marques","description":"","potentialAction":[{"@type":"SearchAction","target":{"@type":"EntryPoint","urlTemplate":"https:\/\/www.blogsoestado.com\/wilsonmarques\/?s={search_term_string}"},"query-input":{"@type":"PropertyValueSpecification","valueRequired":true,"valueName":"search_term_string"}}],"inLanguage":"pt-BR"},{"@type":"Person","@id":"https:\/\/www.blogsoestado.com\/wilsonmarques\/#\/schema\/person\/6ab6321707821a2d204fc6de2a1f85b3","name":"Wilson Marques","image":{"@type":"ImageObject","inLanguage":"pt-BR","@id":"https:\/\/www.blogsoestado.com\/wilsonmarques\/#\/schema\/person\/image\/","url":"https:\/\/secure.gravatar.com\/avatar\/b7cbc00c60180383a011061e4a828d63994b1e9aed3813dfaa754539681f9ba0?s=96&d=mm&r=g","contentUrl":"https:\/\/secure.gravatar.com\/avatar\/b7cbc00c60180383a011061e4a828d63994b1e9aed3813dfaa754539681f9ba0?s=96&d=mm&r=g","caption":"Wilson Marques"},"url":"https:\/\/www.blogsoestado.com\/wilsonmarques\/author\/wilsonmarques\/"}]}},"jetpack_featured_media_url":"","_links":{"self":[{"href":"https:\/\/www.blogsoestado.com\/wilsonmarques\/wp-json\/wp\/v2\/posts\/59","targetHints":{"allow":["GET"]}}],"collection":[{"href":"https:\/\/www.blogsoestado.com\/wilsonmarques\/wp-json\/wp\/v2\/posts"}],"about":[{"href":"https:\/\/www.blogsoestado.com\/wilsonmarques\/wp-json\/wp\/v2\/types\/post"}],"author":[{"embeddable":true,"href":"https:\/\/www.blogsoestado.com\/wilsonmarques\/wp-json\/wp\/v2\/users\/10"}],"replies":[{"embeddable":true,"href":"https:\/\/www.blogsoestado.com\/wilsonmarques\/wp-json\/wp\/v2\/comments?post=59"}],"version-history":[{"count":0,"href":"https:\/\/www.blogsoestado.com\/wilsonmarques\/wp-json\/wp\/v2\/posts\/59\/revisions"}],"wp:attachment":[{"href":"https:\/\/www.blogsoestado.com\/wilsonmarques\/wp-json\/wp\/v2\/media?parent=59"}],"wp:term":[{"taxonomy":"category","embeddable":true,"href":"https:\/\/www.blogsoestado.com\/wilsonmarques\/wp-json\/wp\/v2\/categories?post=59"},{"taxonomy":"post_tag","embeddable":true,"href":"https:\/\/www.blogsoestado.com\/wilsonmarques\/wp-json\/wp\/v2\/tags?post=59"}],"curies":[{"name":"wp","href":"https:\/\/api.w.org\/{rel}","templated":true}]}}